{"id":521,"date":"2012-10-24T21:34:05","date_gmt":"2012-10-24T21:34:05","guid":{"rendered":"https:\/\/www.vegaintro-projekti.com\/pilar-stari\/2012\/10\/24\/predstavljanje-zbornika-victor-quia-victima-vukovar-30-11-2012\/"},"modified":"2017-12-07T14:12:14","modified_gmt":"2017-12-07T14:12:14","slug":"predstavljanje-zbornika-victor-quia-victima-vukovar-30-11-2012","status":"publish","type":"post","link":"https:\/\/www.vegaintro-projekti.com\/pilar-stari\/2012\/10\/predstavljanje-zbornika-victor-quia-victima-vukovar-30-11-2012\/","title":{"rendered":"Predstavljanje zbornika VICTOR QUIA VICTIMA, Vukovar, 30. 10. 2012."},"content":{"rendered":"<p><strong>U sklopu 8. dana Matice hrvatske u Vukovarsko-srijemskoj \u017eupaniji u Vukovaru je 30. listopada 2012. predstavljen zbornik VICTOR QUIA VICTIMA \u2013 NADA ZA HRVATSKU. Zbornik je objavljen u izdanju Instituta dru\u0161tvenih znanosti Ivo Pilar, Hrvatske franjeva\u010dke provincija sv. \u0106irila i Metoda i Ogranka Matice hrvatske Vukovar a predstavili su ga mr. sc. Sandra Cviki\u0107, Henrik Ivan Damjanovi\u0107, lic. lit., prof. dr. sc. Antun \u0160undali\u0107 te prof. dr. sc. Dra\u017een \u017divi\u0107 (urednik)<\/strong><\/p>\n<table border=\"0\">\n<tbody>\n<tr>\n<td><a href=\"https:\/\/www.vegaintro-projekti.com\/pilar-stari\/wp-content\/images\/stories\/dokumenti\/podrucni\/vukovar\/vqv_pozivnica.pdf\"><img decoding=\"async\" loading=\"lazy\" alt=\"vqv\" height=\"640\" width=\"463\" src=\"https:\/\/www.vegaintro-projekti.com\/pilar-stari\/wp-content\/images\/stories\/fotografije\/podrucni\/vukovar\/vqv.jpg\" \/><\/a><\/td>\n<td><\/td>\n<\/tr>\n<\/tbody>\n<\/table>\n<p>&#8211; <a href=\"https:\/\/www.vegaintro-projekti.com\/pilar-stari\/wp-content\/images\/stories\/dokumenti\/podrucni\/vukovar\/vqv_pozivnica.pdf\">Pozivnica za predstavljanje zbornika\u00a0VICTOR QUIA VICTIMA \u2013 NADA ZA HRVATSKU<\/a><\/p>\n<p>&gt;&gt;&gt;\u00a0<strong><a href=\"https:\/\/www.vegaintro-projekti.com\/pilar-stari\/2012\/10\/8-dani-matice-hrvatske-u-vukovarsko-srijemskoj-upaniji\/\">8. dani Matice hrvatske u Vukovarsko-srijemskoj \u017eupaniji<\/a><\/strong><br \/>&gt;&gt;&gt; <a href=\"https:\/\/www.vegaintro-projekti.com\/pilar-stari\/2010\/07\/podruni-centar-vukovar-2\/\">PODRU\u010cNI CENTAR VUKOVAR<\/a><\/p>\n","protected":false},"excerpt":{"rendered":"<p>U sklopu 8. dana Matice hrvatske u Vukovarsko-srijemskoj \u017eupaniji u Vukovaru je 30. listopada 2012. predstavljen zbornik VICTOR QUIA VICTIMA \u2013 NADA ZA HRVATSKU. Zbornik je objavljen u izdanju Instituta dru\u0161tvenih znanosti Ivo Pilar, Hrvatske franjeva\u010dke provincija sv. \u0106irila i Metoda i Ogranka Matice hrvatske Vukovar a predstavili su ga mr. sc. Sandra Cviki\u0107, Henrik&hellip; <a class=\"continue\" href=\"https:\/\/www.vegaintro-projekti.com\/pilar-stari\/2012\/10\/predstavljanje-zbornika-victor-quia-victima-vukovar-30-11-2012\/\">Pro\u010ditaj vi\u0161e o<span> Predstavljanje zbornika VICTOR QUIA VICTIMA, Vukovar, 30. 10. 2012.<\/span><\/a><\/p>\n","protected":false},"author":1,"featured_media":0,"comment_status":"open","ping_status":"open","sticky":false,"template":"","format":"standard","meta":{"inline_featured_image":false,"ngg_post_thumbnail":0,"footnotes":""},"categories":[11],"tags":[],"yoast_head":"<!-- This site is optimized with the Yoast SEO plugin v21.2 - https:\/\/yoast.com\/wordpress\/plugins\/seo\/ -->\n<title>Predstavljanje zbornika VICTOR QUIA VICTIMA, Vukovar, 30. 10. 2012. - Institut dru&scaron;tvenih znanosti Ivo Pilar<\/title>\n<meta name=\"robots\" content=\"noindex, follow, max-snippet:-1, max-image-preview:large, max-video-preview:-1\" \/>\n<meta property=\"og:locale\" content=\"hr_HR\" \/>\n<meta property=\"og:type\" content=\"article\" \/>\n<meta property=\"og:title\" content=\"Predstavljanje zbornika VICTOR QUIA VICTIMA, Vukovar, 30. 10. 2012. - Institut dru&scaron;tvenih znanosti Ivo Pilar\" \/>\n<meta property=\"og:description\" content=\"U sklopu 8. dana Matice hrvatske u Vukovarsko-srijemskoj \u017eupaniji u Vukovaru je 30. listopada 2012. predstavljen zbornik VICTOR QUIA VICTIMA \u2013 NADA ZA HRVATSKU. Zbornik je objavljen u izdanju Instituta dru\u0161tvenih znanosti Ivo Pilar, Hrvatske franjeva\u010dke provincija sv. \u0106irila i Metoda i Ogranka Matice hrvatske Vukovar a predstavili su ga mr. sc. Sandra Cviki\u0107, Henrik&hellip; Pro\u010ditaj vi\u0161e o Predstavljanje zbornika VICTOR QUIA VICTIMA, Vukovar, 30. 10. 2012.\" \/>\n<meta property=\"og:url\" content=\"https:\/\/www.vegaintro-projekti.com\/pilar-stari\/2012\/10\/predstavljanje-zbornika-victor-quia-victima-vukovar-30-11-2012\/\" \/>\n<meta property=\"og:site_name\" content=\"Institut dru&scaron;tvenih znanosti Ivo Pilar\" \/>\n<meta property=\"article:published_time\" content=\"2012-10-24T21:34:05+00:00\" \/>\n<meta property=\"article:modified_time\" content=\"2017-12-07T14:12:14+00:00\" \/>\n<meta property=\"og:image\" content=\"https:\/\/www.vegaintro-projekti.com\/pilar-stari\/wp-content\/images\/stories\/fotografije\/podrucni\/vukovar\/vqv.jpg\" \/>\n<meta name=\"author\" content=\"pilar-admin\" \/>\n<meta name=\"twitter:card\" content=\"summary_large_image\" \/>\n<meta name=\"twitter:label1\" content=\"Napisao\/la\" \/>\n\t<meta name=\"twitter:data1\" content=\"pilar-admin\" \/>\n<script type=\"application\/ld+json\" class=\"yoast-schema-graph\">{\"@context\":\"https:\/\/schema.org\",\"@graph\":[{\"@type\":\"WebPage\",\"@id\":\"https:\/\/www.vegaintro-projekti.com\/pilar-stari\/2012\/10\/predstavljanje-zbornika-victor-quia-victima-vukovar-30-11-2012\/\",\"url\":\"https:\/\/www.vegaintro-projekti.com\/pilar-stari\/2012\/10\/predstavljanje-zbornika-victor-quia-victima-vukovar-30-11-2012\/\",\"name\":\"Predstavljanje zbornika VICTOR QUIA VICTIMA, Vukovar, 30. 10. 2012. - Institut dru&scaron;tvenih znanosti Ivo Pilar\",\"isPartOf\":{\"@id\":\"https:\/\/www.vegaintro-projekti.com\/pilar-stari\/#website\"},\"datePublished\":\"2012-10-24T21:34:05+00:00\",\"dateModified\":\"2017-12-07T14:12:14+00:00\",\"author\":{\"@id\":\"https:\/\/www.vegaintro-projekti.com\/pilar-stari\/#\/schema\/person\/c0db50ebd77c4409e19b18044bbf10c1\"},\"breadcrumb\":{\"@id\":\"https:\/\/www.vegaintro-projekti.com\/pilar-stari\/2012\/10\/predstavljanje-zbornika-victor-quia-victima-vukovar-30-11-2012\/#breadcrumb\"},\"inLanguage\":\"hr\",\"potentialAction\":[{\"@type\":\"ReadAction\",\"target\":[\"https:\/\/www.vegaintro-projekti.com\/pilar-stari\/2012\/10\/predstavljanje-zbornika-victor-quia-victima-vukovar-30-11-2012\/\"]}]},{\"@type\":\"BreadcrumbList\",\"@id\":\"https:\/\/www.vegaintro-projekti.com\/pilar-stari\/2012\/10\/predstavljanje-zbornika-victor-quia-victima-vukovar-30-11-2012\/#breadcrumb\",\"itemListElement\":[{\"@type\":\"ListItem\",\"position\":1,\"name\":\"Home\",\"item\":\"https:\/\/www.vegaintro-projekti.com\/pilar-stari\/\"},{\"@type\":\"ListItem\",\"position\":2,\"name\":\"Predstavljanje zbornika VICTOR QUIA VICTIMA, Vukovar, 30. 10. 2012.\"}]},{\"@type\":\"WebSite\",\"@id\":\"https:\/\/www.vegaintro-projekti.com\/pilar-stari\/#website\",\"url\":\"https:\/\/www.vegaintro-projekti.com\/pilar-stari\/\",\"name\":\"Institut dru&scaron;tvenih znanosti Ivo Pilar\",\"description\":\"Pilar\",\"potentialAction\":[{\"@type\":\"SearchAction\",\"target\":{\"@type\":\"EntryPoint\",\"urlTemplate\":\"https:\/\/www.vegaintro-projekti.com\/pilar-stari\/?s={search_term_string}\"},\"query-input\":\"required name=search_term_string\"}],\"inLanguage\":\"hr\"},{\"@type\":\"Person\",\"@id\":\"https:\/\/www.vegaintro-projekti.com\/pilar-stari\/#\/schema\/person\/c0db50ebd77c4409e19b18044bbf10c1\",\"name\":\"pilar-admin\",\"image\":{\"@type\":\"ImageObject\",\"inLanguage\":\"hr\",\"@id\":\"https:\/\/www.vegaintro-projekti.com\/pilar-stari\/#\/schema\/person\/image\/\",\"url\":\"https:\/\/secure.gravatar.com\/avatar\/fac9e03c4db0011b9c1ad8b5e9c74b8c?s=96&d=mm&r=g\",\"contentUrl\":\"https:\/\/secure.gravatar.com\/avatar\/fac9e03c4db0011b9c1ad8b5e9c74b8c?s=96&d=mm&r=g\",\"caption\":\"pilar-admin\"},\"url\":\"https:\/\/www.vegaintro-projekti.com\/pilar-stari\/author\/pilar-admin\/\"}]}<\/script>\n<!-- \/ Yoast SEO plugin. -->","yoast_head_json":{"title":"Predstavljanje zbornika VICTOR QUIA VICTIMA, Vukovar, 30. 10. 2012. - Institut dru&scaron;tvenih znanosti Ivo Pilar","robots":{"index":"noindex","follow":"follow","max-snippet":"max-snippet:-1","max-image-preview":"max-image-preview:large","max-video-preview":"max-video-preview:-1"},"og_locale":"hr_HR","og_type":"article","og_title":"Predstavljanje zbornika VICTOR QUIA VICTIMA, Vukovar, 30. 10. 2012. - Institut dru&scaron;tvenih znanosti Ivo Pilar","og_description":"U sklopu 8. dana Matice hrvatske u Vukovarsko-srijemskoj \u017eupaniji u Vukovaru je 30. listopada 2012. predstavljen zbornik VICTOR QUIA VICTIMA \u2013 NADA ZA HRVATSKU. Zbornik je objavljen u izdanju Instituta dru\u0161tvenih znanosti Ivo Pilar, Hrvatske franjeva\u010dke provincija sv. \u0106irila i Metoda i Ogranka Matice hrvatske Vukovar a predstavili su ga mr. sc. Sandra Cviki\u0107, Henrik&hellip; Pro\u010ditaj vi\u0161e o Predstavljanje zbornika VICTOR QUIA VICTIMA, Vukovar, 30. 10. 2012.","og_url":"https:\/\/www.vegaintro-projekti.com\/pilar-stari\/2012\/10\/predstavljanje-zbornika-victor-quia-victima-vukovar-30-11-2012\/","og_site_name":"Institut dru&scaron;tvenih znanosti Ivo Pilar","article_published_time":"2012-10-24T21:34:05+00:00","article_modified_time":"2017-12-07T14:12:14+00:00","og_image":[{"url":"https:\/\/www.vegaintro-projekti.com\/pilar-stari\/wp-content\/images\/stories\/fotografije\/podrucni\/vukovar\/vqv.jpg"}],"author":"pilar-admin","twitter_card":"summary_large_image","twitter_misc":{"Napisao\/la":"pilar-admin"},"schema":{"@context":"https:\/\/schema.org","@graph":[{"@type":"WebPage","@id":"https:\/\/www.vegaintro-projekti.com\/pilar-stari\/2012\/10\/predstavljanje-zbornika-victor-quia-victima-vukovar-30-11-2012\/","url":"https:\/\/www.vegaintro-projekti.com\/pilar-stari\/2012\/10\/predstavljanje-zbornika-victor-quia-victima-vukovar-30-11-2012\/","name":"Predstavljanje zbornika VICTOR QUIA VICTIMA, Vukovar, 30. 10. 2012. - Institut dru&scaron;tvenih znanosti Ivo Pilar","isPartOf":{"@id":"https:\/\/www.vegaintro-projekti.com\/pilar-stari\/#website"},"datePublished":"2012-10-24T21:34:05+00:00","dateModified":"2017-12-07T14:12:14+00:00","author":{"@id":"https:\/\/www.vegaintro-projekti.com\/pilar-stari\/#\/schema\/person\/c0db50ebd77c4409e19b18044bbf10c1"},"breadcrumb":{"@id":"https:\/\/www.vegaintro-projekti.com\/pilar-stari\/2012\/10\/predstavljanje-zbornika-victor-quia-victima-vukovar-30-11-2012\/#breadcrumb"},"inLanguage":"hr","potentialAction":[{"@type":"ReadAction","target":["https:\/\/www.vegaintro-projekti.com\/pilar-stari\/2012\/10\/predstavljanje-zbornika-victor-quia-victima-vukovar-30-11-2012\/"]}]},{"@type":"BreadcrumbList","@id":"https:\/\/www.vegaintro-projekti.com\/pilar-stari\/2012\/10\/predstavljanje-zbornika-victor-quia-victima-vukovar-30-11-2012\/#breadcrumb","itemListElement":[{"@type":"ListItem","position":1,"name":"Home","item":"https:\/\/www.vegaintro-projekti.com\/pilar-stari\/"},{"@type":"ListItem","position":2,"name":"Predstavljanje zbornika VICTOR QUIA VICTIMA, Vukovar, 30. 10. 2012."}]},{"@type":"WebSite","@id":"https:\/\/www.vegaintro-projekti.com\/pilar-stari\/#website","url":"https:\/\/www.vegaintro-projekti.com\/pilar-stari\/","name":"Institut dru&scaron;tvenih znanosti Ivo Pilar","description":"Pilar","potentialAction":[{"@type":"SearchAction","target":{"@type":"EntryPoint","urlTemplate":"https:\/\/www.vegaintro-projekti.com\/pilar-stari\/?s={search_term_string}"},"query-input":"required name=search_term_string"}],"inLanguage":"hr"},{"@type":"Person","@id":"https:\/\/www.vegaintro-projekti.com\/pilar-stari\/#\/schema\/person\/c0db50ebd77c4409e19b18044bbf10c1","name":"pilar-admin","image":{"@type":"ImageObject","inLanguage":"hr","@id":"https:\/\/www.vegaintro-projekti.com\/pilar-stari\/#\/schema\/person\/image\/","url":"https:\/\/secure.gravatar.com\/avatar\/fac9e03c4db0011b9c1ad8b5e9c74b8c?s=96&d=mm&r=g","contentUrl":"https:\/\/secure.gravatar.com\/avatar\/fac9e03c4db0011b9c1ad8b5e9c74b8c?s=96&d=mm&r=g","caption":"pilar-admin"},"url":"https:\/\/www.vegaintro-projekti.com\/pilar-stari\/author\/pilar-admin\/"}]}},"_links":{"self":[{"href":"https:\/\/www.vegaintro-projekti.com\/pilar-stari\/wp-json\/wp\/v2\/posts\/521"}],"collection":[{"href":"https:\/\/www.vegaintro-projekti.com\/pilar-stari\/wp-json\/wp\/v2\/posts"}],"about":[{"href":"https:\/\/www.vegaintro-projekti.com\/pilar-stari\/wp-json\/wp\/v2\/types\/post"}],"author":[{"embeddable":true,"href":"https:\/\/www.vegaintro-projekti.com\/pilar-stari\/wp-json\/wp\/v2\/users\/1"}],"replies":[{"embeddable":true,"href":"https:\/\/www.vegaintro-projekti.com\/pilar-stari\/wp-json\/wp\/v2\/comments?post=521"}],"version-history":[{"count":3,"href":"https:\/\/www.vegaintro-projekti.com\/pilar-stari\/wp-json\/wp\/v2\/posts\/521\/revisions"}],"predecessor-version":[{"id":6961,"href":"https:\/\/www.vegaintro-projekti.com\/pilar-stari\/wp-json\/wp\/v2\/posts\/521\/revisions\/6961"}],"wp:attachment":[{"href":"https:\/\/www.vegaintro-projekti.com\/pilar-stari\/wp-json\/wp\/v2\/media?parent=521"}],"wp:term":[{"taxonomy":"category","embeddable":true,"href":"https:\/\/www.vegaintro-projekti.com\/pilar-stari\/wp-json\/wp\/v2\/categories?post=521"},{"taxonomy":"post_tag","embeddable":true,"href":"https:\/\/www.vegaintro-projekti.com\/pilar-stari\/wp-json\/wp\/v2\/tags?post=521"}],"curies":[{"name":"wp","href":"https:\/\/api.w.org\/{rel}","templated":true}]}}