{"id":544,"date":"2013-01-24T22:38:56","date_gmt":"2013-01-24T22:38:56","guid":{"rendered":"https:\/\/www.vegaintro-projekti.com\/pilar-stari\/2013\/01\/24\/objavljen-zbornik-gacka-u-srednjem-vijeku\/"},"modified":"2017-12-07T15:56:31","modified_gmt":"2017-12-07T15:56:31","slug":"objavljen-zbornik-gacka-u-srednjem-vijeku","status":"publish","type":"post","link":"https:\/\/www.vegaintro-projekti.com\/pilar-stari\/2013\/01\/objavljen-zbornik-gacka-u-srednjem-vijeku\/","title":{"rendered":"Objavljen zbornik GACKA U SREDNJEM VIJEKU"},"content":{"rendered":"<p><strong><strong>Potkraj 2012. godine u izdanju Instituta Ivo Pilar objavljen je zbornik GACKA U SREDNJEM VIJEKU koji su uredili Hrvoje Gra\u010danin i \u017deljko Holjevac. Knjiga je predstavljena u Oto\u010dcu u sve\u010danoj prigodi proslave Dana grada<\/strong><\/p>\n<p><\/strong><\/p>\n<table border=\"0\">\n<tbody>\n<tr>\n<td><img decoding=\"async\" loading=\"lazy\" src=\"https:\/\/www.vegaintro-projekti.com\/pilar-stari\/wp-content\/images\/stories\/fotografije\/publikacije\/naslovnice\/small\/gacka-naslovnica.jpg\" alt=\"gacka-naslovnica\" width=\"226\" height=\"314\" \/><\/td>\n<td valign=\"bottom\"><em><span style=\"font-size: 14pt;\">Zbornik radova sa znanstvenoga skupa odr\u017eanog u Gackom pu\u010dkom otvorenom u\u010dili\u0161tu u Oto\u010dcu 5.\u20136. o\u017eujka 2010.<\/span><\/em><\/p>\n<p><span style=\"font-size: 8pt;\"><strong>GACKA U SREDNJEM VIJEKU<br \/>Uredili: Hrvoje Gra\u010danin i \u017deljko Holjevac<br \/>Biblioteka ZBORNICI \u2013 Knjiga 42.<br \/>Institut dru\u0161tvenih znanosti Ivo Pilar &#8211; Podru\u010dni centar Gospi\u0107<br \/>Zagreb \u2012 Oto\u010dac, 2012. \u2013 Str. 370.<br \/>ISBN 978-953-6666-96-6<br \/><\/strong><\/span><span style=\"font-size: 8pt;\"><br \/><\/span>&#8211;&nbsp;<a href=\"#sadrzaj\">Sadr\u017eaj<\/a> \/&nbsp;<a href=\"#uvod\">Predgovor<\/a> \/&nbsp;<a href=\"https:\/\/www.vegaintro-projekti.com\/pilar-stari\/2013\/01\/predstavljanje-zbornika-gacka-u-srednjem-vijeku-18-1-2013\/\">Predstavljanje zbornika<\/a><a href=\"https:\/\/www.vegaintro-projekti.com\/pilar-stari\/2012\/10\/predstavljanje-zbornika-victor-quia-victima-vukovar-30-11-2012\/\"><br \/><\/a><\/td>\n<\/tr>\n<\/tbody>\n<\/table>\n<p>&nbsp;<\/p>\n<p>&#8211;&nbsp;<a href=\"https:\/\/www.vegaintro-projekti.com\/pilar-stari\/2013\/01\/predstavljanje-zbornika-gacka-u-srednjem-vijeku-18-1-2013\/\">Predstavljanje zbornika GACKA U SREDNJEM VIJEKU, Oto\u010dac, 18. 1. 2013.<\/a><\/p>\n<p><a name=\"sadrzaj\">&nbsp;<\/a><br \/><span style=\"font-size: 12pt;\">Sadr\u017eaj<\/span><\/p>\n<p>&nbsp;<\/p>\n<p>&#8211; <a href=\"https:\/\/www.vegaintro-projekti.com\/pilar-stari\/wp-content\/images\/stories\/dokumenti\/zbornici\/42\/gacka-omot.pdf\">Omot<\/a> \/ <a href=\"https:\/\/www.vegaintro-projekti.com\/pilar-stari\/wp-content\/images\/stories\/dokumenti\/zbornici\/42\/gacka-impres.pdf\">Impresum<\/a> \/ <a href=\"https:\/\/www.vegaintro-projekti.com\/pilar-stari\/wp-content\/images\/stories\/dokumenti\/zbornici\/42\/gacka_005.pdf\">Sadr\u017eaj<\/a><br \/><a href=\"https:\/\/www.vegaintro-projekti.com\/pilar-stari\/wp-content\/images\/stories\/dokumenti\/zbornici\/42\/gacka_007.pdf\">Predgovor<\/a><br \/>Mile Bogovi\u0107: Od kneza Ga\u010dana do Mikule u Oto\u010dcu<br \/>Vladimir Sokol: Gacka u IX. stolje\u0107u<br \/>Hrvoje Gra\u010danin: Guduskani\/Gudu\u0161\u010dani \u2013 Ga\u010dani: promi\u0161ljanja o etnonimu Ga\u010dani i horonimu Gacka u svjetlu ranosrednjovjekovnih narativa i suvremenih historiografskih tuma\u010denja<br \/>Kre\u0161imir Filipec: Guduscani 9. stolje\u0107a izme\u0111u kneza Borne i kneza Ljudevita<br \/>Tatjana Kolak \u2013 Dalibor \u0160u\u0161nji\u0107: Novi ranosrednjovjekovni nalazi iz Gacke<br \/>Radomir Juri\u0107: Srednjovjekovni hrvatski nakit u Gackoj i Krbavi<br \/>Enver Ljubovi\u0107: Granice, stanovni\u0161tvo i plemeniti rodovi srednjovjekovne Gacke \u017eupe<br \/>Marko Medved: Nastanak i nestanak Oto\u010dke biskupije<br \/>Milko Brkovi\u0107: Diplomati\u010dko-povijesni sadr\u017eaj bule pape Pija II. o osnutku Oto\u010dke biskupije i grada Oto\u010dca (5. III. 1460.)<br \/>Ante Gulin: Oto\u010dka biskupija, Kaptol i biskup Petar Andrijevi\u0107<br \/>Bla\u017eenka Ljubovi\u0107: Frankapansko razdoblje u politi\u010dkim i dru\u0161tveno-gospodarskim odnosima Oto\u010dca i Senja<br \/>Darko \u017dubrini\u0107: Hrvatska glagoljska ba\u0161\u0107ina u dana\u0161njoj Lici s naglaskom na Gacku<br \/>Mladen Ibler: Borgiano Illirico 5-6. Prilog srednjovjekovnoj glagolja\u0161koj ba\u0161tini Gacke<br \/>Vesna Badurina-Stip\u010devi\u0107 \u2013 Milan Mihaljevi\u0107 \u2013 Marinka \u0160imi\u0107: Mjesto Dabarskoga brevijara me\u0111u hrvatskoglagoljskim liturgijskim kodeksima<br \/>Andrea Rado\u0161evi\u0107: Propovijed Vrime est\u044c nam\u044c ot sna vstati iz Koluni\u0107eva zbornika<br \/>Milan Kranj\u010devi\u0107: Regija Gacka od samih po\u010detaka u hrvatskoj povijesti pa sve do suvremenosti<br \/><a href=\"https:\/\/www.vegaintro-projekti.com\/pilar-stari\/wp-content\/images\/stories\/dokumenti\/zbornici\/42\/gacka_367.pdf\">Popis autora<\/a><br \/>&gt;&gt;&gt; Puni tekst knjige<\/p>\n<p>&nbsp;<\/p>\n<p><a name=\"uvod\">&nbsp;<\/a><br \/><span style=\"font-size: 12pt;\">Predgovor<\/span><\/p>\n<div>U o\u017eujku 2010. navr\u0161ilo se 550 godina od osnutka Oto\u010dke biskupije i prvoga progla\u0161enja Oto\u010dca gradom (civitas)temeljem bule koju je papa Pio II. izdao 5. o\u017eujka 1460. na inicijativu kne za Sigismunda Frankapana, tada\u0161njega gospodara Gacke. U svojoj povijesti Oto\u010dac je tri puta progla\u0161avan gradom: prvi put u vrijeme utemeljenja Oto\u010dke biskupije, drugi put u drugoj polovici 18. stolje\u0107a kao privremeni vojni komunitet i tre\u0107i put 1993. u samostalnoj Republici Hrvatskoj. Osnutak biskupije u Oto\u010dcu, koja se poslije 1534. vi\u0161e ne spominje, bio je vrhunac povijesnog i kulturnog razvoja srednjovjekovne Gacke, jedne od triju Porfirogenetovih banskih \u017eupa u gorskoj Hrvatskoj (druge dvije bile su Lika i Krbava). Oto\u010dka biskupija, koja je u svoje vrijeme opstala tek jednu generaciju, prethodila je, zajedno sa starom biskupijom u Krbavi i Modru\u0161u i biskupijom u Senju, dana\u0161njoj Gospi\u0107ko-senjskoj biskupiji, uspostavljenoj 2000. godine.<\/div>\n<div>Imaju\u0107i na umu sve te \u010dinjenice, okupio se u srpnju 2009. u Oto\u010dcu Inicijativni odbor koji je svoja nastojanja posvetio zamisli da se u prigodi navedene povijesne obljetnice pripremi i odr\u017ei znanstveni skup o Gackoj i Oto\u010dcu u srednjem vijeku. Na skup odr\u017ean u o\u017eujku 2010. pozvan je \u0161irok krug povjesni\u010dara-medievista te arheologa i stru\u010dnjaka srodnih znanosti iz humanisti\u010dkog i dru\u0161tvenog podru\u010dja. Odazvali su se znanstvenici iz institucija kao \u0161to su Filozofski fakultet u Zagrebu, zavodi za povijesne znanosti Hrvatske akademije znanosti i umjetnosti u Zagrebu i Zadru, Staroslavenski institut u Zagrebu, Arheolo\u0161ki muzej u Zadru, Teologija u Rijeci, Muzej Like u Gospi\u0107u, Gradski muzej u Senju itd.<\/div>\n<div>Srednjovjekovno razdoblje povijesti Gacke i Oto\u010dca kolorirano je temama koje nisu va\u017ene samo za povijest toga kraja nego i za razumijevanje ukupne hrvatske povijesti srednjega vijeka. Takve su teme primjerice Ga\u010dani i knez Borna, Oto\u010dac na Ba\u0161\u0107anskoj plo\u010di, kr\u010dki knezovi Frankapani, glagoljica u Gackoj itd. Svakako, tu je i Oto\u010dka biskupija, svojevrsna kruna razvoja Gacke prije nego \u0161to je postala dijelom vojni\u010dkoga predzi\u0111a koje je obranilo &#8220;ostatke ostataka&#8221; hrvatskih zemalja od osmanske ugroze, ali je dugoro\u010dno sputalo lokalne razvojne mogu\u0107nosti i poduzetni\u010dke inicijative, posljedice \u010dega \u2013 ne ra\u010dunaju\u0107i sve ono \u0161to se u krajevima izme\u0111u Une i sjevernoga Jadrana doga\u0111alo do novijih vremena \u2013 osje\u0107amo i danas.<\/div>\n<div>Ogledalo svega toga bio je pomalo i skup o Gackoj i Oto\u010dcu u srednjem vijeku. Bio je to prvi znanstveni skupodr\u017ean u Oto\u010dcu poslije 36 godina koliko je pro\u0161lo od 1974., kada je u gradi\u0107u na Gacki odr\u017ean znanstveni skup o arheolo\u0161koj problematici Like, a prilozi sa skupa tiskani su godinu dana poslije. U me\u0111uvremenu su se dogodile mnoge promjene i Domovinski rat, u kojem je Oto\u010dac pretrpio materijalna razaranja i ljudske \u017ertve, uslijed \u010dega su i doma\u0107e energije, usmjerene prema napretku, dugo bile preslabe i bez odgovaraju\u0107e pomo\u0107i izvana nisu m ogle iznova pokrenuti sli\u010dne inicijative, iako je odre\u0111enih zamisli bilo.<\/div>\n<div>Znanstveni skup &#8220;Gacka i Oto\u010dac u srednjem vijeku&#8221; (5.\u20136. o\u017eujka 2010.) zajedni\u010dki su organizirali Podru\u010dni centar Instituta dru\u0161tvenih znanosti Ivo Pilar u Gospi\u0107u, Razred za dru\u0161tvene znanosti Hrvatske akademije znanosti i umjetnosti, Katedra \u010cakavskog sabora pokrajine Gacke i Gacko pu\u010dko otvoreno u\u010dili\u0161te. Pokrovitelj skupa bio je Grad Oto\u010dac. Radovi napisani na podlozi podnesenih priop\u0107enja objedinjeni su u zborniku koji sada, nepune tri godine poslije odr\u017eavanja skupa, izlazi na svjetlo dana.<\/div>\n<div>Uz du\u017enu zahvalu autorima koji su strpljivo \u010dekali na objavljivanje radova i svima koji su u me\u0111uvremenu na bilo koji na\u010din pomogli, zbornik radova Gacka u srednjem vijeku predajemo znanstvenoj zajednici i naj\u0161iroj \u010ditateljskoj javnosti sa skromnom \u017eeljom da njegovo pojavljivanje poslu\u017ei i kao mogu\u0107i novi poticaj dugoro\u010dnijem umre\u017eavanju Oto\u010dca u suvremenu znanstvenu ekumenu i njegovu pouzdanijem prepoznavanju na znanstvenoj karti Hrvatske u europskom i svjetskom kontekstu.<\/div>\n<div>U Zagrebu i Oto\u010dcu, listopada 2012.<\/div>\n<div><em>Urednici<\/em><\/div>\n<p>&gt;&gt;&gt;&nbsp;<a href=\"https:\/\/www.vegaintro-projekti.com\/pilar-stari\/2013\/01\/predstavljanje-zbornika-gacka-u-srednjem-vijeku-18-1-2013\/\">Predstavljanje zbornika GACKA U SREDNJEM VIJEKU, Oto\u010dac, 18. 1. 2013.<\/a><\/p>\n<p>&nbsp;<\/p>\n<p>&gt;&gt;&gt;&nbsp;<a href=\"https:\/\/www.vegaintro-projekti.com\/pilar-stari\/2010\/07\/podruni-centar-gospi-2\/\">PODRU\u010cNI CENTAR GOSPI\u0106<\/a><\/p>\n<div>&nbsp;<\/div>\n","protected":false},"excerpt":{"rendered":"<p>Potkraj 2012. godine u izdanju Instituta Ivo Pilar objavljen je zbornik GACKA U SREDNJEM VIJEKU koji su uredili Hrvoje Gra\u010danin i \u017deljko Holjevac. Knjiga je predstavljena u Oto\u010dcu u sve\u010danoj prigodi proslave Dana grada Zbornik radova sa znanstvenoga skupa odr\u017eanog u Gackom pu\u010dkom otvorenom u\u010dili\u0161tu u Oto\u010dcu 5.\u20136. o\u017eujka 2010. GACKA U SREDNJEM VIJEKUUredili: Hrvoje&hellip; <a class=\"continue\" href=\"https:\/\/www.vegaintro-projekti.com\/pilar-stari\/2013\/01\/objavljen-zbornik-gacka-u-srednjem-vijeku\/\">Pro\u010ditaj vi\u0161e o<span> Objavljen zbornik GACKA U SREDNJEM VIJEKU<\/span><\/a><\/p>\n","protected":false},"author":1,"featured_media":0,"comment_status":"open","ping_status":"open","sticky":false,"template":"","format":"standard","meta":{"inline_featured_image":false,"ngg_post_thumbnail":0,"footnotes":""},"categories":[21],"tags":[],"yoast_head":"<!-- This site is optimized with the Yoast SEO plugin v21.2 - https:\/\/yoast.com\/wordpress\/plugins\/seo\/ -->\n<title>Objavljen zbornik GACKA U SREDNJEM VIJEKU - Institut dru&scaron;tvenih znanosti Ivo Pilar<\/title>\n<meta name=\"robots\" content=\"noindex, follow, max-snippet:-1, max-image-preview:large, max-video-preview:-1\" \/>\n<meta property=\"og:locale\" content=\"hr_HR\" \/>\n<meta property=\"og:type\" content=\"article\" \/>\n<meta property=\"og:title\" content=\"Objavljen zbornik GACKA U SREDNJEM VIJEKU - Institut dru&scaron;tvenih znanosti Ivo Pilar\" \/>\n<meta property=\"og:description\" content=\"Potkraj 2012. godine u izdanju Instituta Ivo Pilar objavljen je zbornik GACKA U SREDNJEM VIJEKU koji su uredili Hrvoje Gra\u010danin i \u017deljko Holjevac. Knjiga je predstavljena u Oto\u010dcu u sve\u010danoj prigodi proslave Dana grada Zbornik radova sa znanstvenoga skupa odr\u017eanog u Gackom pu\u010dkom otvorenom u\u010dili\u0161tu u Oto\u010dcu 5.\u20136. o\u017eujka 2010. GACKA U SREDNJEM VIJEKUUredili: Hrvoje&hellip; Pro\u010ditaj vi\u0161e o Objavljen zbornik GACKA U SREDNJEM VIJEKU\" \/>\n<meta property=\"og:url\" content=\"https:\/\/www.vegaintro-projekti.com\/pilar-stari\/2013\/01\/objavljen-zbornik-gacka-u-srednjem-vijeku\/\" \/>\n<meta property=\"og:site_name\" content=\"Institut dru&scaron;tvenih znanosti Ivo Pilar\" \/>\n<meta property=\"article:published_time\" content=\"2013-01-24T22:38:56+00:00\" \/>\n<meta property=\"article:modified_time\" content=\"2017-12-07T15:56:31+00:00\" \/>\n<meta property=\"og:image\" content=\"https:\/\/www.vegaintro-projekti.com\/pilar-stari\/wp-content\/images\/stories\/fotografije\/publikacije\/naslovnice\/small\/gacka-naslovnica.jpg\" \/>\n<meta name=\"author\" content=\"pilar-admin\" \/>\n<meta name=\"twitter:card\" content=\"summary_large_image\" \/>\n<meta name=\"twitter:label1\" content=\"Napisao\/la\" \/>\n\t<meta name=\"twitter:data1\" content=\"pilar-admin\" \/>\n\t<meta name=\"twitter:label2\" content=\"Procijenjeno vrijeme \u010ditanja\" \/>\n\t<meta name=\"twitter:data2\" content=\"5 minuta\" \/>\n<script type=\"application\/ld+json\" class=\"yoast-schema-graph\">{\"@context\":\"https:\/\/schema.org\",\"@graph\":[{\"@type\":\"WebPage\",\"@id\":\"https:\/\/www.vegaintro-projekti.com\/pilar-stari\/2013\/01\/objavljen-zbornik-gacka-u-srednjem-vijeku\/\",\"url\":\"https:\/\/www.vegaintro-projekti.com\/pilar-stari\/2013\/01\/objavljen-zbornik-gacka-u-srednjem-vijeku\/\",\"name\":\"Objavljen zbornik GACKA U SREDNJEM VIJEKU - Institut dru&scaron;tvenih znanosti Ivo Pilar\",\"isPartOf\":{\"@id\":\"https:\/\/www.vegaintro-projekti.com\/pilar-stari\/#website\"},\"datePublished\":\"2013-01-24T22:38:56+00:00\",\"dateModified\":\"2017-12-07T15:56:31+00:00\",\"author\":{\"@id\":\"https:\/\/www.vegaintro-projekti.com\/pilar-stari\/#\/schema\/person\/c0db50ebd77c4409e19b18044bbf10c1\"},\"breadcrumb\":{\"@id\":\"https:\/\/www.vegaintro-projekti.com\/pilar-stari\/2013\/01\/objavljen-zbornik-gacka-u-srednjem-vijeku\/#breadcrumb\"},\"inLanguage\":\"hr\",\"potentialAction\":[{\"@type\":\"ReadAction\",\"target\":[\"https:\/\/www.vegaintro-projekti.com\/pilar-stari\/2013\/01\/objavljen-zbornik-gacka-u-srednjem-vijeku\/\"]}]},{\"@type\":\"BreadcrumbList\",\"@id\":\"https:\/\/www.vegaintro-projekti.com\/pilar-stari\/2013\/01\/objavljen-zbornik-gacka-u-srednjem-vijeku\/#breadcrumb\",\"itemListElement\":[{\"@type\":\"ListItem\",\"position\":1,\"name\":\"Home\",\"item\":\"https:\/\/www.vegaintro-projekti.com\/pilar-stari\/\"},{\"@type\":\"ListItem\",\"position\":2,\"name\":\"Objavljen zbornik GACKA U SREDNJEM VIJEKU\"}]},{\"@type\":\"WebSite\",\"@id\":\"https:\/\/www.vegaintro-projekti.com\/pilar-stari\/#website\",\"url\":\"https:\/\/www.vegaintro-projekti.com\/pilar-stari\/\",\"name\":\"Institut dru&scaron;tvenih znanosti Ivo Pilar\",\"description\":\"Pilar\",\"potentialAction\":[{\"@type\":\"SearchAction\",\"target\":{\"@type\":\"EntryPoint\",\"urlTemplate\":\"https:\/\/www.vegaintro-projekti.com\/pilar-stari\/?s={search_term_string}\"},\"query-input\":\"required name=search_term_string\"}],\"inLanguage\":\"hr\"},{\"@type\":\"Person\",\"@id\":\"https:\/\/www.vegaintro-projekti.com\/pilar-stari\/#\/schema\/person\/c0db50ebd77c4409e19b18044bbf10c1\",\"name\":\"pilar-admin\",\"image\":{\"@type\":\"ImageObject\",\"inLanguage\":\"hr\",\"@id\":\"https:\/\/www.vegaintro-projekti.com\/pilar-stari\/#\/schema\/person\/image\/\",\"url\":\"https:\/\/secure.gravatar.com\/avatar\/fac9e03c4db0011b9c1ad8b5e9c74b8c?s=96&d=mm&r=g\",\"contentUrl\":\"https:\/\/secure.gravatar.com\/avatar\/fac9e03c4db0011b9c1ad8b5e9c74b8c?s=96&d=mm&r=g\",\"caption\":\"pilar-admin\"},\"url\":\"https:\/\/www.vegaintro-projekti.com\/pilar-stari\/author\/pilar-admin\/\"}]}<\/script>\n<!-- \/ Yoast SEO plugin. -->","yoast_head_json":{"title":"Objavljen zbornik GACKA U SREDNJEM VIJEKU - Institut dru&scaron;tvenih znanosti Ivo Pilar","robots":{"index":"noindex","follow":"follow","max-snippet":"max-snippet:-1","max-image-preview":"max-image-preview:large","max-video-preview":"max-video-preview:-1"},"og_locale":"hr_HR","og_type":"article","og_title":"Objavljen zbornik GACKA U SREDNJEM VIJEKU - Institut dru&scaron;tvenih znanosti Ivo Pilar","og_description":"Potkraj 2012. godine u izdanju Instituta Ivo Pilar objavljen je zbornik GACKA U SREDNJEM VIJEKU koji su uredili Hrvoje Gra\u010danin i \u017deljko Holjevac. Knjiga je predstavljena u Oto\u010dcu u sve\u010danoj prigodi proslave Dana grada Zbornik radova sa znanstvenoga skupa odr\u017eanog u Gackom pu\u010dkom otvorenom u\u010dili\u0161tu u Oto\u010dcu 5.\u20136. o\u017eujka 2010. GACKA U SREDNJEM VIJEKUUredili: Hrvoje&hellip; Pro\u010ditaj vi\u0161e o Objavljen zbornik GACKA U SREDNJEM VIJEKU","og_url":"https:\/\/www.vegaintro-projekti.com\/pilar-stari\/2013\/01\/objavljen-zbornik-gacka-u-srednjem-vijeku\/","og_site_name":"Institut dru&scaron;tvenih znanosti Ivo Pilar","article_published_time":"2013-01-24T22:38:56+00:00","article_modified_time":"2017-12-07T15:56:31+00:00","og_image":[{"url":"https:\/\/www.vegaintro-projekti.com\/pilar-stari\/wp-content\/images\/stories\/fotografije\/publikacije\/naslovnice\/small\/gacka-naslovnica.jpg"}],"author":"pilar-admin","twitter_card":"summary_large_image","twitter_misc":{"Napisao\/la":"pilar-admin","Procijenjeno vrijeme \u010ditanja":"5 minuta"},"schema":{"@context":"https:\/\/schema.org","@graph":[{"@type":"WebPage","@id":"https:\/\/www.vegaintro-projekti.com\/pilar-stari\/2013\/01\/objavljen-zbornik-gacka-u-srednjem-vijeku\/","url":"https:\/\/www.vegaintro-projekti.com\/pilar-stari\/2013\/01\/objavljen-zbornik-gacka-u-srednjem-vijeku\/","name":"Objavljen zbornik GACKA U SREDNJEM VIJEKU - Institut dru&scaron;tvenih znanosti Ivo Pilar","isPartOf":{"@id":"https:\/\/www.vegaintro-projekti.com\/pilar-stari\/#website"},"datePublished":"2013-01-24T22:38:56+00:00","dateModified":"2017-12-07T15:56:31+00:00","author":{"@id":"https:\/\/www.vegaintro-projekti.com\/pilar-stari\/#\/schema\/person\/c0db50ebd77c4409e19b18044bbf10c1"},"breadcrumb":{"@id":"https:\/\/www.vegaintro-projekti.com\/pilar-stari\/2013\/01\/objavljen-zbornik-gacka-u-srednjem-vijeku\/#breadcrumb"},"inLanguage":"hr","potentialAction":[{"@type":"ReadAction","target":["https:\/\/www.vegaintro-projekti.com\/pilar-stari\/2013\/01\/objavljen-zbornik-gacka-u-srednjem-vijeku\/"]}]},{"@type":"BreadcrumbList","@id":"https:\/\/www.vegaintro-projekti.com\/pilar-stari\/2013\/01\/objavljen-zbornik-gacka-u-srednjem-vijeku\/#breadcrumb","itemListElement":[{"@type":"ListItem","position":1,"name":"Home","item":"https:\/\/www.vegaintro-projekti.com\/pilar-stari\/"},{"@type":"ListItem","position":2,"name":"Objavljen zbornik GACKA U SREDNJEM VIJEKU"}]},{"@type":"WebSite","@id":"https:\/\/www.vegaintro-projekti.com\/pilar-stari\/#website","url":"https:\/\/www.vegaintro-projekti.com\/pilar-stari\/","name":"Institut dru&scaron;tvenih znanosti Ivo Pilar","description":"Pilar","potentialAction":[{"@type":"SearchAction","target":{"@type":"EntryPoint","urlTemplate":"https:\/\/www.vegaintro-projekti.com\/pilar-stari\/?s={search_term_string}"},"query-input":"required name=search_term_string"}],"inLanguage":"hr"},{"@type":"Person","@id":"https:\/\/www.vegaintro-projekti.com\/pilar-stari\/#\/schema\/person\/c0db50ebd77c4409e19b18044bbf10c1","name":"pilar-admin","image":{"@type":"ImageObject","inLanguage":"hr","@id":"https:\/\/www.vegaintro-projekti.com\/pilar-stari\/#\/schema\/person\/image\/","url":"https:\/\/secure.gravatar.com\/avatar\/fac9e03c4db0011b9c1ad8b5e9c74b8c?s=96&d=mm&r=g","contentUrl":"https:\/\/secure.gravatar.com\/avatar\/fac9e03c4db0011b9c1ad8b5e9c74b8c?s=96&d=mm&r=g","caption":"pilar-admin"},"url":"https:\/\/www.vegaintro-projekti.com\/pilar-stari\/author\/pilar-admin\/"}]}},"_links":{"self":[{"href":"https:\/\/www.vegaintro-projekti.com\/pilar-stari\/wp-json\/wp\/v2\/posts\/544"}],"collection":[{"href":"https:\/\/www.vegaintro-projekti.com\/pilar-stari\/wp-json\/wp\/v2\/posts"}],"about":[{"href":"https:\/\/www.vegaintro-projekti.com\/pilar-stari\/wp-json\/wp\/v2\/types\/post"}],"author":[{"embeddable":true,"href":"https:\/\/www.vegaintro-projekti.com\/pilar-stari\/wp-json\/wp\/v2\/users\/1"}],"replies":[{"embeddable":true,"href":"https:\/\/www.vegaintro-projekti.com\/pilar-stari\/wp-json\/wp\/v2\/comments?post=544"}],"version-history":[{"count":5,"href":"https:\/\/www.vegaintro-projekti.com\/pilar-stari\/wp-json\/wp\/v2\/posts\/544\/revisions"}],"predecessor-version":[{"id":7045,"href":"https:\/\/www.vegaintro-projekti.com\/pilar-stari\/wp-json\/wp\/v2\/posts\/544\/revisions\/7045"}],"wp:attachment":[{"href":"https:\/\/www.vegaintro-projekti.com\/pilar-stari\/wp-json\/wp\/v2\/media?parent=544"}],"wp:term":[{"taxonomy":"category","embeddable":true,"href":"https:\/\/www.vegaintro-projekti.com\/pilar-stari\/wp-json\/wp\/v2\/categories?post=544"},{"taxonomy":"post_tag","embeddable":true,"href":"https:\/\/www.vegaintro-projekti.com\/pilar-stari\/wp-json\/wp\/v2\/tags?post=544"}],"curies":[{"name":"wp","href":"https:\/\/api.w.org\/{rel}","templated":true}]}}