{"id":547,"date":"2013-02-13T21:40:34","date_gmt":"2013-02-13T21:40:34","guid":{"rendered":"https:\/\/www.vegaintro-projekti.com\/pilar-stari\/2013\/02\/13\/dr-sc-josip-burui-naa-kola-ima-krivi-cilj\/"},"modified":"2017-12-04T10:25:10","modified_gmt":"2017-12-04T10:25:10","slug":"dr-sc-josip-burui-naa-kola-ima-krivi-cilj","status":"publish","type":"post","link":"https:\/\/www.vegaintro-projekti.com\/pilar-stari\/2013\/02\/dr-sc-josip-burui-naa-kola-ima-krivi-cilj\/","title":{"rendered":"Dr. sc. Josip Buru\u0161i\u0107: NA\u0160A \u0160KOLA IMA KRIVI CILJ&#8230;"},"content":{"rendered":"<p><strong>Jutarnji list u broju od 9. velja\u010de 2013. objavio je razgovor s vi\u0161im znanstvenim suradnikom Instituta Ivo Pilar dr. sc. Josipom Buru\u0161i\u0107em pod naslovom &#8220;Na\u0161a \u0161kola ima krivi cilj, djecu je nemogu\u0107e nau\u010diti svemu!&#8221; Razgovor je objavljen u rubrici Dru\u0161tvo na 12. i 13. stranici iz pera Karmele Dev\u010di\u0107. Ispod naslova istaknuto je: &#8220;Zadnjih 40 godina mi ne znamo kakvu bi ulogu obrazovni sustav trebao imati u izgradnji dru\u0161tva. Kod nas je obrazovanje &#8211; \u010disti tro\u0161ak!&#8221;<\/strong><br \/><a href=\"https:\/\/www.vegaintro-projekti.com\/pilar-stari\/wp-content\/images\/stories\/dokumenti\/tisak\/burusic_jl_9veljace2013.pdf\"><img decoding=\"async\" loading=\"lazy\" height=\"474\" width=\"318\" src=\"https:\/\/www.vegaintro-projekti.com\/pilar-stari\/wp-content\/images\/stories\/fotografije\/tisak\/burusic1.jpg\" alt=\"burusic1\" style=\"font-size: medium;\" \/><\/a><a href=\"https:\/\/www.vegaintro-projekti.com\/pilar-stari\/wp-content\/images\/stories\/dokumenti\/tisak\/burusic_jl_9veljace2013.pdf\"><img decoding=\"async\" loading=\"lazy\" height=\"474\" width=\"318\" src=\"https:\/\/www.vegaintro-projekti.com\/pilar-stari\/wp-content\/images\/stories\/fotografije\/tisak\/burusic2.jpg\" alt=\"burusic2\" style=\"font-size: medium;\" \/><\/a><br \/>&#8211; <a href=\"https:\/\/www.vegaintro-projekti.com\/pilar-stari\/wp-content\/images\/stories\/dokumenti\/tisak\/burusic_jl_9veljace2013.pdf\">Dr. Josip Buru\u0161i\u0107: Na\u0161a \u0161kola ima krivi cilj, djecu je nemogu\u0107e nau\u010diti svemu! &#8211; Jutarnji list, 9. velja\u010de 2013., str. 12-13.<\/a><\/p>\n<p>&gt;&gt;&gt;\u00a0<a href=\"https:\/\/www.vegaintro-projekti.com\/pilar-stari\/2010\/06\/centar-za-istraivanje-znanja-obrazovanja-i-ljudskog-kapitala\/\">CENTAR ZA ISTRA\u017dIVANJE ZNANJA, OBRAZOVANJA I LJUDSKOG KAPITALA<\/a><\/p>\n","protected":false},"excerpt":{"rendered":"<p>Jutarnji list u broju od 9. velja\u010de 2013. objavio je razgovor s vi\u0161im znanstvenim suradnikom Instituta Ivo Pilar dr. sc. Josipom Buru\u0161i\u0107em pod naslovom &#8220;Na\u0161a \u0161kola ima krivi cilj, djecu je nemogu\u0107e nau\u010diti svemu!&#8221; Razgovor je objavljen u rubrici Dru\u0161tvo na 12. i 13. stranici iz pera Karmele Dev\u010di\u0107. Ispod naslova istaknuto je: &#8220;Zadnjih 40&hellip; <a class=\"continue\" href=\"https:\/\/www.vegaintro-projekti.com\/pilar-stari\/2013\/02\/dr-sc-josip-burui-naa-kola-ima-krivi-cilj\/\">Pro\u010ditaj vi\u0161e o<span> Dr. sc. Josip Buru\u0161i\u0107: NA\u0160A \u0160KOLA IMA KRIVI CILJ&#8230;<\/span><\/a><\/p>\n","protected":false},"author":1,"featured_media":0,"comment_status":"open","ping_status":"open","sticky":false,"template":"","format":"standard","meta":{"inline_featured_image":false,"ngg_post_thumbnail":0,"footnotes":""},"categories":[12],"tags":[],"yoast_head":"<!-- This site is optimized with the Yoast SEO plugin v21.2 - https:\/\/yoast.com\/wordpress\/plugins\/seo\/ -->\n<title>Dr. sc. Josip Buru\u0161i\u0107: NA\u0160A \u0160KOLA IMA KRIVI CILJ... - Institut dru&scaron;tvenih znanosti Ivo Pilar<\/title>\n<meta name=\"robots\" content=\"noindex, follow, max-snippet:-1, max-image-preview:large, max-video-preview:-1\" \/>\n<meta property=\"og:locale\" content=\"hr_HR\" \/>\n<meta property=\"og:type\" content=\"article\" \/>\n<meta property=\"og:title\" content=\"Dr. sc. Josip Buru\u0161i\u0107: NA\u0160A \u0160KOLA IMA KRIVI CILJ... - Institut dru&scaron;tvenih znanosti Ivo Pilar\" \/>\n<meta property=\"og:description\" content=\"Jutarnji list u broju od 9. velja\u010de 2013. objavio je razgovor s vi\u0161im znanstvenim suradnikom Instituta Ivo Pilar dr. sc. Josipom Buru\u0161i\u0107em pod naslovom &#8220;Na\u0161a \u0161kola ima krivi cilj, djecu je nemogu\u0107e nau\u010diti svemu!&#8221; Razgovor je objavljen u rubrici Dru\u0161tvo na 12. i 13. stranici iz pera Karmele Dev\u010di\u0107. Ispod naslova istaknuto je: &#8220;Zadnjih 40&hellip; Pro\u010ditaj vi\u0161e o Dr. sc. Josip Buru\u0161i\u0107: NA\u0160A \u0160KOLA IMA KRIVI CILJ&#8230;\" \/>\n<meta property=\"og:url\" content=\"https:\/\/www.vegaintro-projekti.com\/pilar-stari\/2013\/02\/dr-sc-josip-burui-naa-kola-ima-krivi-cilj\/\" \/>\n<meta property=\"og:site_name\" content=\"Institut dru&scaron;tvenih znanosti Ivo Pilar\" \/>\n<meta property=\"article:published_time\" content=\"2013-02-13T21:40:34+00:00\" \/>\n<meta property=\"article:modified_time\" content=\"2017-12-04T10:25:10+00:00\" \/>\n<meta property=\"og:image\" content=\"https:\/\/www.vegaintro-projekti.com\/pilar-stari\/wp-content\/images\/stories\/fotografije\/tisak\/burusic1.jpg\" \/>\n<meta name=\"author\" content=\"pilar-admin\" \/>\n<meta name=\"twitter:card\" content=\"summary_large_image\" \/>\n<meta name=\"twitter:label1\" content=\"Napisao\/la\" \/>\n\t<meta name=\"twitter:data1\" content=\"pilar-admin\" \/>\n\t<meta name=\"twitter:label2\" content=\"Procijenjeno vrijeme \u010ditanja\" \/>\n\t<meta name=\"twitter:data2\" content=\"1 minuta\" \/>\n<script type=\"application\/ld+json\" class=\"yoast-schema-graph\">{\"@context\":\"https:\/\/schema.org\",\"@graph\":[{\"@type\":\"WebPage\",\"@id\":\"https:\/\/www.vegaintro-projekti.com\/pilar-stari\/2013\/02\/dr-sc-josip-burui-naa-kola-ima-krivi-cilj\/\",\"url\":\"https:\/\/www.vegaintro-projekti.com\/pilar-stari\/2013\/02\/dr-sc-josip-burui-naa-kola-ima-krivi-cilj\/\",\"name\":\"Dr. sc. Josip Buru\u0161i\u0107: NA\u0160A \u0160KOLA IMA KRIVI CILJ... - Institut dru&scaron;tvenih znanosti Ivo Pilar\",\"isPartOf\":{\"@id\":\"https:\/\/www.vegaintro-projekti.com\/pilar-stari\/#website\"},\"datePublished\":\"2013-02-13T21:40:34+00:00\",\"dateModified\":\"2017-12-04T10:25:10+00:00\",\"author\":{\"@id\":\"https:\/\/www.vegaintro-projekti.com\/pilar-stari\/#\/schema\/person\/c0db50ebd77c4409e19b18044bbf10c1\"},\"breadcrumb\":{\"@id\":\"https:\/\/www.vegaintro-projekti.com\/pilar-stari\/2013\/02\/dr-sc-josip-burui-naa-kola-ima-krivi-cilj\/#breadcrumb\"},\"inLanguage\":\"hr\",\"potentialAction\":[{\"@type\":\"ReadAction\",\"target\":[\"https:\/\/www.vegaintro-projekti.com\/pilar-stari\/2013\/02\/dr-sc-josip-burui-naa-kola-ima-krivi-cilj\/\"]}]},{\"@type\":\"BreadcrumbList\",\"@id\":\"https:\/\/www.vegaintro-projekti.com\/pilar-stari\/2013\/02\/dr-sc-josip-burui-naa-kola-ima-krivi-cilj\/#breadcrumb\",\"itemListElement\":[{\"@type\":\"ListItem\",\"position\":1,\"name\":\"Home\",\"item\":\"https:\/\/www.vegaintro-projekti.com\/pilar-stari\/\"},{\"@type\":\"ListItem\",\"position\":2,\"name\":\"Dr. sc. Josip Buru\u0161i\u0107: NA\u0160A \u0160KOLA IMA KRIVI CILJ&#8230;\"}]},{\"@type\":\"WebSite\",\"@id\":\"https:\/\/www.vegaintro-projekti.com\/pilar-stari\/#website\",\"url\":\"https:\/\/www.vegaintro-projekti.com\/pilar-stari\/\",\"name\":\"Institut dru&scaron;tvenih znanosti Ivo Pilar\",\"description\":\"Pilar\",\"potentialAction\":[{\"@type\":\"SearchAction\",\"target\":{\"@type\":\"EntryPoint\",\"urlTemplate\":\"https:\/\/www.vegaintro-projekti.com\/pilar-stari\/?s={search_term_string}\"},\"query-input\":\"required name=search_term_string\"}],\"inLanguage\":\"hr\"},{\"@type\":\"Person\",\"@id\":\"https:\/\/www.vegaintro-projekti.com\/pilar-stari\/#\/schema\/person\/c0db50ebd77c4409e19b18044bbf10c1\",\"name\":\"pilar-admin\",\"image\":{\"@type\":\"ImageObject\",\"inLanguage\":\"hr\",\"@id\":\"https:\/\/www.vegaintro-projekti.com\/pilar-stari\/#\/schema\/person\/image\/\",\"url\":\"https:\/\/secure.gravatar.com\/avatar\/fac9e03c4db0011b9c1ad8b5e9c74b8c?s=96&d=mm&r=g\",\"contentUrl\":\"https:\/\/secure.gravatar.com\/avatar\/fac9e03c4db0011b9c1ad8b5e9c74b8c?s=96&d=mm&r=g\",\"caption\":\"pilar-admin\"},\"url\":\"https:\/\/www.vegaintro-projekti.com\/pilar-stari\/author\/pilar-admin\/\"}]}<\/script>\n<!-- \/ Yoast SEO plugin. -->","yoast_head_json":{"title":"Dr. sc. Josip Buru\u0161i\u0107: NA\u0160A \u0160KOLA IMA KRIVI CILJ... - Institut dru&scaron;tvenih znanosti Ivo Pilar","robots":{"index":"noindex","follow":"follow","max-snippet":"max-snippet:-1","max-image-preview":"max-image-preview:large","max-video-preview":"max-video-preview:-1"},"og_locale":"hr_HR","og_type":"article","og_title":"Dr. sc. Josip Buru\u0161i\u0107: NA\u0160A \u0160KOLA IMA KRIVI CILJ... - Institut dru&scaron;tvenih znanosti Ivo Pilar","og_description":"Jutarnji list u broju od 9. velja\u010de 2013. objavio je razgovor s vi\u0161im znanstvenim suradnikom Instituta Ivo Pilar dr. sc. Josipom Buru\u0161i\u0107em pod naslovom &#8220;Na\u0161a \u0161kola ima krivi cilj, djecu je nemogu\u0107e nau\u010diti svemu!&#8221; Razgovor je objavljen u rubrici Dru\u0161tvo na 12. i 13. stranici iz pera Karmele Dev\u010di\u0107. Ispod naslova istaknuto je: &#8220;Zadnjih 40&hellip; Pro\u010ditaj vi\u0161e o Dr. sc. Josip Buru\u0161i\u0107: NA\u0160A \u0160KOLA IMA KRIVI CILJ&#8230;","og_url":"https:\/\/www.vegaintro-projekti.com\/pilar-stari\/2013\/02\/dr-sc-josip-burui-naa-kola-ima-krivi-cilj\/","og_site_name":"Institut dru&scaron;tvenih znanosti Ivo Pilar","article_published_time":"2013-02-13T21:40:34+00:00","article_modified_time":"2017-12-04T10:25:10+00:00","og_image":[{"url":"https:\/\/www.vegaintro-projekti.com\/pilar-stari\/wp-content\/images\/stories\/fotografije\/tisak\/burusic1.jpg"}],"author":"pilar-admin","twitter_card":"summary_large_image","twitter_misc":{"Napisao\/la":"pilar-admin","Procijenjeno vrijeme \u010ditanja":"1 minuta"},"schema":{"@context":"https:\/\/schema.org","@graph":[{"@type":"WebPage","@id":"https:\/\/www.vegaintro-projekti.com\/pilar-stari\/2013\/02\/dr-sc-josip-burui-naa-kola-ima-krivi-cilj\/","url":"https:\/\/www.vegaintro-projekti.com\/pilar-stari\/2013\/02\/dr-sc-josip-burui-naa-kola-ima-krivi-cilj\/","name":"Dr. sc. Josip Buru\u0161i\u0107: NA\u0160A \u0160KOLA IMA KRIVI CILJ... - Institut dru&scaron;tvenih znanosti Ivo Pilar","isPartOf":{"@id":"https:\/\/www.vegaintro-projekti.com\/pilar-stari\/#website"},"datePublished":"2013-02-13T21:40:34+00:00","dateModified":"2017-12-04T10:25:10+00:00","author":{"@id":"https:\/\/www.vegaintro-projekti.com\/pilar-stari\/#\/schema\/person\/c0db50ebd77c4409e19b18044bbf10c1"},"breadcrumb":{"@id":"https:\/\/www.vegaintro-projekti.com\/pilar-stari\/2013\/02\/dr-sc-josip-burui-naa-kola-ima-krivi-cilj\/#breadcrumb"},"inLanguage":"hr","potentialAction":[{"@type":"ReadAction","target":["https:\/\/www.vegaintro-projekti.com\/pilar-stari\/2013\/02\/dr-sc-josip-burui-naa-kola-ima-krivi-cilj\/"]}]},{"@type":"BreadcrumbList","@id":"https:\/\/www.vegaintro-projekti.com\/pilar-stari\/2013\/02\/dr-sc-josip-burui-naa-kola-ima-krivi-cilj\/#breadcrumb","itemListElement":[{"@type":"ListItem","position":1,"name":"Home","item":"https:\/\/www.vegaintro-projekti.com\/pilar-stari\/"},{"@type":"ListItem","position":2,"name":"Dr. sc. Josip Buru\u0161i\u0107: NA\u0160A \u0160KOLA IMA KRIVI CILJ&#8230;"}]},{"@type":"WebSite","@id":"https:\/\/www.vegaintro-projekti.com\/pilar-stari\/#website","url":"https:\/\/www.vegaintro-projekti.com\/pilar-stari\/","name":"Institut dru&scaron;tvenih znanosti Ivo Pilar","description":"Pilar","potentialAction":[{"@type":"SearchAction","target":{"@type":"EntryPoint","urlTemplate":"https:\/\/www.vegaintro-projekti.com\/pilar-stari\/?s={search_term_string}"},"query-input":"required name=search_term_string"}],"inLanguage":"hr"},{"@type":"Person","@id":"https:\/\/www.vegaintro-projekti.com\/pilar-stari\/#\/schema\/person\/c0db50ebd77c4409e19b18044bbf10c1","name":"pilar-admin","image":{"@type":"ImageObject","inLanguage":"hr","@id":"https:\/\/www.vegaintro-projekti.com\/pilar-stari\/#\/schema\/person\/image\/","url":"https:\/\/secure.gravatar.com\/avatar\/fac9e03c4db0011b9c1ad8b5e9c74b8c?s=96&d=mm&r=g","contentUrl":"https:\/\/secure.gravatar.com\/avatar\/fac9e03c4db0011b9c1ad8b5e9c74b8c?s=96&d=mm&r=g","caption":"pilar-admin"},"url":"https:\/\/www.vegaintro-projekti.com\/pilar-stari\/author\/pilar-admin\/"}]}},"_links":{"self":[{"href":"https:\/\/www.vegaintro-projekti.com\/pilar-stari\/wp-json\/wp\/v2\/posts\/547"}],"collection":[{"href":"https:\/\/www.vegaintro-projekti.com\/pilar-stari\/wp-json\/wp\/v2\/posts"}],"about":[{"href":"https:\/\/www.vegaintro-projekti.com\/pilar-stari\/wp-json\/wp\/v2\/types\/post"}],"author":[{"embeddable":true,"href":"https:\/\/www.vegaintro-projekti.com\/pilar-stari\/wp-json\/wp\/v2\/users\/1"}],"replies":[{"embeddable":true,"href":"https:\/\/www.vegaintro-projekti.com\/pilar-stari\/wp-json\/wp\/v2\/comments?post=547"}],"version-history":[{"count":2,"href":"https:\/\/www.vegaintro-projekti.com\/pilar-stari\/wp-json\/wp\/v2\/posts\/547\/revisions"}],"predecessor-version":[{"id":4901,"href":"https:\/\/www.vegaintro-projekti.com\/pilar-stari\/wp-json\/wp\/v2\/posts\/547\/revisions\/4901"}],"wp:attachment":[{"href":"https:\/\/www.vegaintro-projekti.com\/pilar-stari\/wp-json\/wp\/v2\/media?parent=547"}],"wp:term":[{"taxonomy":"category","embeddable":true,"href":"https:\/\/www.vegaintro-projekti.com\/pilar-stari\/wp-json\/wp\/v2\/categories?post=547"},{"taxonomy":"post_tag","embeddable":true,"href":"https:\/\/www.vegaintro-projekti.com\/pilar-stari\/wp-json\/wp\/v2\/tags?post=547"}],"curies":[{"name":"wp","href":"https:\/\/api.w.org\/{rel}","templated":true}]}}