{"id":561,"date":"2013-04-25T11:32:38","date_gmt":"2013-04-25T11:32:38","guid":{"rendered":"https:\/\/www.vegaintro-projekti.com\/pilar-stari\/2013\/04\/25\/predstavljanje-rezultata-istraivanja-sociokulturni-identitet-cetinske-krajine\/"},"modified":"2017-12-08T09:27:05","modified_gmt":"2017-12-08T09:27:05","slug":"predstavljanje-rezultata-istraivanja-sociokulturni-identitet-cetinske-krajine","status":"publish","type":"post","link":"https:\/\/www.vegaintro-projekti.com\/pilar-stari\/2013\/04\/predstavljanje-rezultata-istraivanja-sociokulturni-identitet-cetinske-krajine\/","title":{"rendered":"Predstavljanje istra\u017eivanja SOCIOKULTURNI IDENTITET CETINSKE KRAJINE"},"content":{"rendered":"<p><strong>Institut dru\u0161tvenih znanosti Ivo Pilar proveo je regionalno istra\u017eivanje u op\u0107oj populaciji pod nazivom <em>Istra\u017eivanje socio-kulturnih odrednica identiteta u perspektivi stvaranja novih mogu\u0107nosti iskori\u0161tavanja prirodnih, kulturnih i ljudskih resursa Cetinske krajine<\/em>. Predstavljanje rezultata istra\u017eivanja odr\u017eano je u Sinju&nbsp;u Alkarskim dvorima 29. travnja 2013. &#8211; Fotogalerija<\/p>\n<p><\/strong><\/p>\n<table border=\"0\">\n<tbody>\n<tr>\n<td><img decoding=\"async\" loading=\"lazy\" src=\"https:\/\/www.vegaintro-projekti.com\/pilar-stari\/wp-content\/images\/stories\/fotografije\/razno\/predstavljanja\/kl_093_s.jpg\" alt=\"kl_093_s\" width=\"210\" height=\"157\" \/><\/td>\n<td><img decoding=\"async\" loading=\"lazy\" src=\"https:\/\/www.vegaintro-projekti.com\/pilar-stari\/wp-content\/images\/stories\/fotografije\/razno\/predstavljanja\/kl_099_s.jpg\" alt=\"kl_099_s\" width=\"210\" height=\"157\" \/><\/td>\n<td><img decoding=\"async\" loading=\"lazy\" src=\"https:\/\/www.vegaintro-projekti.com\/pilar-stari\/wp-content\/images\/stories\/fotografije\/razno\/predstavljanja\/kl_120_s.jpg\" alt=\"kl_120_s\" width=\"210\" height=\"157\" \/><\/td>\n<\/tr>\n<\/tbody>\n<\/table>\n<p><span style=\"font-size: 8pt;\"><strong>S predstavljanja istra\u017eivanja Sociokulturni identitet Cetinske krajine u Alkarskim dvorima u Sinju 29. travnja 2013.<\/strong><\/span><\/p>\n<p><span style=\"font-size: 12pt;\"><br \/><span style=\"font-size: 12pt;\">O istra\u017eivanju<\/span><\/span><\/p>\n<p>Naru\u010ditelji istra\u017eivanja&nbsp;<em>Sociokulturni identitet Cetinske krajine i razvojne perspektive<\/em> su gradovi Sinj, Trilj i Vrlika te op\u0107ine Dicmo, Hrvace i Otok.<br \/>Ispitivanje je provedeno na uzorku 1000 stanovnika u razdoblju od 15. studenoga do 30. prosinca 2012. godine, a fokus grupe i intervjui organizirani su tijekom mjeseca sije\u010dnja (Zagreb, Split, Sinj) i velja\u010de (dijaspora) 2013. godine.&nbsp;<br \/>Cilj istra\u017eivanja jest ispitati percepciju stanovnika Cetinske krajine o nekim klju\u010dnim pitanjima vezanim za do\u017eivljaje sebe i svoje sredine te&nbsp; predo\u010diti njihovu razvojnu viziju.<br \/>Istra\u017eivanje je podijeljeno na 5 tematskih blokova: 1. Svakodnevni \u017eivot u Cetinskoj krajini, 2. Sociokulturni identitet, 3. Religioznost i njezin prinos lokalnom identitetu, 4. Potencijali Cetinske krajine i njihovo iskori\u0161tavanje i 5. Razvoj i razvojne perspektive.&nbsp;<\/p>\n<p><\/p>\n<table border=\"0\">\n<tbody>\n<tr>\n<td><a href=\"https:\/\/www.vegaintro-projekti.com\/pilar-stari\/wp-content\/images\/stories\/dokumenti\/elaborati\/ckrajina_pilar_izvjesce_sadrzaj.pdf\"><img decoding=\"async\" loading=\"lazy\" src=\"https:\/\/www.vegaintro-projekti.com\/pilar-stari\/wp-content\/images\/stories\/fotografije\/publikacije\/elaborati\/elaborat_cetinska_naslovnica.jpg\" alt=\"elaborat_cetinska_naslovnica\" width=\"222\" height=\"314\" \/><\/a><\/td>\n<td valign=\"bottom\"><strong>Naslovna stranica i sadr\u017eaj elaborata<\/strong> <a href=\"https:\/\/www.vegaintro-projekti.com\/pilar-stari\/wp-content\/images\/stories\/dokumenti\/elaborati\/ckrajina_pilar_izvjesce_sadrzaj.pdf\">Istra\u017eivanje socio-kulturnih odrednica identiteta u perspektivi stvaranja novih mogu\u0107nosti iskori\u0161tavanja prirodnih, kulturnih i ljudskih resursa Cetinske krajine<\/a><\/p>\n<\/td>\n<\/tr>\n<\/tbody>\n<\/table>\n<p>&#8211;&nbsp;<a href=\"https:\/\/www.vegaintro-projekti.com\/pilar-stari\/wp-content\/images\/stories\/dokumenti\/elaborati\/pozivnica_mi_cetinjani.pdf\">Pozivnica za predstavljanje rezultata istra\u017eivanja SOCIOKULTURNI IDENTITET CETINSKE KRAJINE, 29. travnja 2013.<\/a><\/p>\n<p><a href=\"https:\/\/www.vegaintro-projekti.com\/pilar-stari\/wp-content\/images\/stories\/dokumenti\/elaborati\/pozivnica_mi_cetinjani.pdf\"><img decoding=\"async\" loading=\"lazy\" src=\"https:\/\/www.vegaintro-projekti.com\/pilar-stari\/wp-content\/images\/stories\/fotografije\/publikacije\/elaborati\/pozivnica_cetinska.jpg\" alt=\"pozivnica_cetinska\" width=\"453\" height=\"640\" \/><\/a><\/p>\n","protected":false},"excerpt":{"rendered":"<p>Institut dru\u0161tvenih znanosti Ivo Pilar proveo je regionalno istra\u017eivanje u op\u0107oj populaciji pod nazivom Istra\u017eivanje socio-kulturnih odrednica identiteta u perspektivi stvaranja novih mogu\u0107nosti iskori\u0161tavanja prirodnih, kulturnih i ljudskih resursa Cetinske krajine. Predstavljanje rezultata istra\u017eivanja odr\u017eano je u Sinju&nbsp;u Alkarskim dvorima 29. travnja 2013. &#8211; Fotogalerija S predstavljanja istra\u017eivanja Sociokulturni identitet Cetinske krajine u Alkarskim dvorima&hellip; <a class=\"continue\" href=\"https:\/\/www.vegaintro-projekti.com\/pilar-stari\/2013\/04\/predstavljanje-rezultata-istraivanja-sociokulturni-identitet-cetinske-krajine\/\">Pro\u010ditaj vi\u0161e o<span> Predstavljanje istra\u017eivanja SOCIOKULTURNI IDENTITET CETINSKE KRAJINE<\/span><\/a><\/p>\n","protected":false},"author":1,"featured_media":0,"comment_status":"open","ping_status":"open","sticky":false,"template":"","format":"standard","meta":{"inline_featured_image":false,"ngg_post_thumbnail":0,"footnotes":""},"categories":[11],"tags":[],"yoast_head":"<!-- This site is optimized with the Yoast SEO plugin v21.2 - https:\/\/yoast.com\/wordpress\/plugins\/seo\/ -->\n<title>Predstavljanje istra\u017eivanja SOCIOKULTURNI IDENTITET CETINSKE KRAJINE - Institut dru&scaron;tvenih znanosti Ivo Pilar<\/title>\n<meta name=\"robots\" content=\"noindex, follow, max-snippet:-1, max-image-preview:large, max-video-preview:-1\" \/>\n<meta property=\"og:locale\" content=\"hr_HR\" \/>\n<meta property=\"og:type\" content=\"article\" \/>\n<meta property=\"og:title\" content=\"Predstavljanje istra\u017eivanja SOCIOKULTURNI IDENTITET CETINSKE KRAJINE - Institut dru&scaron;tvenih znanosti Ivo Pilar\" \/>\n<meta property=\"og:description\" content=\"Institut dru\u0161tvenih znanosti Ivo Pilar proveo je regionalno istra\u017eivanje u op\u0107oj populaciji pod nazivom Istra\u017eivanje socio-kulturnih odrednica identiteta u perspektivi stvaranja novih mogu\u0107nosti iskori\u0161tavanja prirodnih, kulturnih i ljudskih resursa Cetinske krajine. Predstavljanje rezultata istra\u017eivanja odr\u017eano je u Sinju&nbsp;u Alkarskim dvorima 29. travnja 2013. &#8211; Fotogalerija S predstavljanja istra\u017eivanja Sociokulturni identitet Cetinske krajine u Alkarskim dvorima&hellip; Pro\u010ditaj vi\u0161e o Predstavljanje istra\u017eivanja SOCIOKULTURNI IDENTITET CETINSKE KRAJINE\" \/>\n<meta property=\"og:url\" content=\"https:\/\/www.vegaintro-projekti.com\/pilar-stari\/2013\/04\/predstavljanje-rezultata-istraivanja-sociokulturni-identitet-cetinske-krajine\/\" \/>\n<meta property=\"og:site_name\" content=\"Institut dru&scaron;tvenih znanosti Ivo Pilar\" \/>\n<meta property=\"article:published_time\" content=\"2013-04-25T11:32:38+00:00\" \/>\n<meta property=\"article:modified_time\" content=\"2017-12-08T09:27:05+00:00\" \/>\n<meta property=\"og:image\" content=\"https:\/\/www.vegaintro-projekti.com\/pilar-stari\/wp-content\/images\/stories\/fotografije\/razno\/predstavljanja\/kl_093_s.jpg\" \/>\n<meta name=\"author\" content=\"pilar-admin\" \/>\n<meta name=\"twitter:card\" content=\"summary_large_image\" \/>\n<meta name=\"twitter:label1\" content=\"Napisao\/la\" \/>\n\t<meta name=\"twitter:data1\" content=\"pilar-admin\" \/>\n\t<meta name=\"twitter:label2\" content=\"Procijenjeno vrijeme \u010ditanja\" \/>\n\t<meta name=\"twitter:data2\" content=\"1 minuta\" \/>\n<script type=\"application\/ld+json\" class=\"yoast-schema-graph\">{\"@context\":\"https:\/\/schema.org\",\"@graph\":[{\"@type\":\"WebPage\",\"@id\":\"https:\/\/www.vegaintro-projekti.com\/pilar-stari\/2013\/04\/predstavljanje-rezultata-istraivanja-sociokulturni-identitet-cetinske-krajine\/\",\"url\":\"https:\/\/www.vegaintro-projekti.com\/pilar-stari\/2013\/04\/predstavljanje-rezultata-istraivanja-sociokulturni-identitet-cetinske-krajine\/\",\"name\":\"Predstavljanje istra\u017eivanja SOCIOKULTURNI IDENTITET CETINSKE KRAJINE - Institut dru&scaron;tvenih znanosti Ivo Pilar\",\"isPartOf\":{\"@id\":\"https:\/\/www.vegaintro-projekti.com\/pilar-stari\/#website\"},\"datePublished\":\"2013-04-25T11:32:38+00:00\",\"dateModified\":\"2017-12-08T09:27:05+00:00\",\"author\":{\"@id\":\"https:\/\/www.vegaintro-projekti.com\/pilar-stari\/#\/schema\/person\/c0db50ebd77c4409e19b18044bbf10c1\"},\"breadcrumb\":{\"@id\":\"https:\/\/www.vegaintro-projekti.com\/pilar-stari\/2013\/04\/predstavljanje-rezultata-istraivanja-sociokulturni-identitet-cetinske-krajine\/#breadcrumb\"},\"inLanguage\":\"hr\",\"potentialAction\":[{\"@type\":\"ReadAction\",\"target\":[\"https:\/\/www.vegaintro-projekti.com\/pilar-stari\/2013\/04\/predstavljanje-rezultata-istraivanja-sociokulturni-identitet-cetinske-krajine\/\"]}]},{\"@type\":\"BreadcrumbList\",\"@id\":\"https:\/\/www.vegaintro-projekti.com\/pilar-stari\/2013\/04\/predstavljanje-rezultata-istraivanja-sociokulturni-identitet-cetinske-krajine\/#breadcrumb\",\"itemListElement\":[{\"@type\":\"ListItem\",\"position\":1,\"name\":\"Home\",\"item\":\"https:\/\/www.vegaintro-projekti.com\/pilar-stari\/\"},{\"@type\":\"ListItem\",\"position\":2,\"name\":\"Predstavljanje istra\u017eivanja SOCIOKULTURNI IDENTITET CETINSKE KRAJINE\"}]},{\"@type\":\"WebSite\",\"@id\":\"https:\/\/www.vegaintro-projekti.com\/pilar-stari\/#website\",\"url\":\"https:\/\/www.vegaintro-projekti.com\/pilar-stari\/\",\"name\":\"Institut dru&scaron;tvenih znanosti Ivo Pilar\",\"description\":\"Pilar\",\"potentialAction\":[{\"@type\":\"SearchAction\",\"target\":{\"@type\":\"EntryPoint\",\"urlTemplate\":\"https:\/\/www.vegaintro-projekti.com\/pilar-stari\/?s={search_term_string}\"},\"query-input\":\"required name=search_term_string\"}],\"inLanguage\":\"hr\"},{\"@type\":\"Person\",\"@id\":\"https:\/\/www.vegaintro-projekti.com\/pilar-stari\/#\/schema\/person\/c0db50ebd77c4409e19b18044bbf10c1\",\"name\":\"pilar-admin\",\"image\":{\"@type\":\"ImageObject\",\"inLanguage\":\"hr\",\"@id\":\"https:\/\/www.vegaintro-projekti.com\/pilar-stari\/#\/schema\/person\/image\/\",\"url\":\"https:\/\/secure.gravatar.com\/avatar\/fac9e03c4db0011b9c1ad8b5e9c74b8c?s=96&d=mm&r=g\",\"contentUrl\":\"https:\/\/secure.gravatar.com\/avatar\/fac9e03c4db0011b9c1ad8b5e9c74b8c?s=96&d=mm&r=g\",\"caption\":\"pilar-admin\"},\"url\":\"https:\/\/www.vegaintro-projekti.com\/pilar-stari\/author\/pilar-admin\/\"}]}<\/script>\n<!-- \/ Yoast SEO plugin. -->","yoast_head_json":{"title":"Predstavljanje istra\u017eivanja SOCIOKULTURNI IDENTITET CETINSKE KRAJINE - Institut dru&scaron;tvenih znanosti Ivo Pilar","robots":{"index":"noindex","follow":"follow","max-snippet":"max-snippet:-1","max-image-preview":"max-image-preview:large","max-video-preview":"max-video-preview:-1"},"og_locale":"hr_HR","og_type":"article","og_title":"Predstavljanje istra\u017eivanja SOCIOKULTURNI IDENTITET CETINSKE KRAJINE - Institut dru&scaron;tvenih znanosti Ivo Pilar","og_description":"Institut dru\u0161tvenih znanosti Ivo Pilar proveo je regionalno istra\u017eivanje u op\u0107oj populaciji pod nazivom Istra\u017eivanje socio-kulturnih odrednica identiteta u perspektivi stvaranja novih mogu\u0107nosti iskori\u0161tavanja prirodnih, kulturnih i ljudskih resursa Cetinske krajine. Predstavljanje rezultata istra\u017eivanja odr\u017eano je u Sinju&nbsp;u Alkarskim dvorima 29. travnja 2013. &#8211; Fotogalerija S predstavljanja istra\u017eivanja Sociokulturni identitet Cetinske krajine u Alkarskim dvorima&hellip; Pro\u010ditaj vi\u0161e o Predstavljanje istra\u017eivanja SOCIOKULTURNI IDENTITET CETINSKE KRAJINE","og_url":"https:\/\/www.vegaintro-projekti.com\/pilar-stari\/2013\/04\/predstavljanje-rezultata-istraivanja-sociokulturni-identitet-cetinske-krajine\/","og_site_name":"Institut dru&scaron;tvenih znanosti Ivo Pilar","article_published_time":"2013-04-25T11:32:38+00:00","article_modified_time":"2017-12-08T09:27:05+00:00","og_image":[{"url":"https:\/\/www.vegaintro-projekti.com\/pilar-stari\/wp-content\/images\/stories\/fotografije\/razno\/predstavljanja\/kl_093_s.jpg"}],"author":"pilar-admin","twitter_card":"summary_large_image","twitter_misc":{"Napisao\/la":"pilar-admin","Procijenjeno vrijeme \u010ditanja":"1 minuta"},"schema":{"@context":"https:\/\/schema.org","@graph":[{"@type":"WebPage","@id":"https:\/\/www.vegaintro-projekti.com\/pilar-stari\/2013\/04\/predstavljanje-rezultata-istraivanja-sociokulturni-identitet-cetinske-krajine\/","url":"https:\/\/www.vegaintro-projekti.com\/pilar-stari\/2013\/04\/predstavljanje-rezultata-istraivanja-sociokulturni-identitet-cetinske-krajine\/","name":"Predstavljanje istra\u017eivanja SOCIOKULTURNI IDENTITET CETINSKE KRAJINE - Institut dru&scaron;tvenih znanosti Ivo Pilar","isPartOf":{"@id":"https:\/\/www.vegaintro-projekti.com\/pilar-stari\/#website"},"datePublished":"2013-04-25T11:32:38+00:00","dateModified":"2017-12-08T09:27:05+00:00","author":{"@id":"https:\/\/www.vegaintro-projekti.com\/pilar-stari\/#\/schema\/person\/c0db50ebd77c4409e19b18044bbf10c1"},"breadcrumb":{"@id":"https:\/\/www.vegaintro-projekti.com\/pilar-stari\/2013\/04\/predstavljanje-rezultata-istraivanja-sociokulturni-identitet-cetinske-krajine\/#breadcrumb"},"inLanguage":"hr","potentialAction":[{"@type":"ReadAction","target":["https:\/\/www.vegaintro-projekti.com\/pilar-stari\/2013\/04\/predstavljanje-rezultata-istraivanja-sociokulturni-identitet-cetinske-krajine\/"]}]},{"@type":"BreadcrumbList","@id":"https:\/\/www.vegaintro-projekti.com\/pilar-stari\/2013\/04\/predstavljanje-rezultata-istraivanja-sociokulturni-identitet-cetinske-krajine\/#breadcrumb","itemListElement":[{"@type":"ListItem","position":1,"name":"Home","item":"https:\/\/www.vegaintro-projekti.com\/pilar-stari\/"},{"@type":"ListItem","position":2,"name":"Predstavljanje istra\u017eivanja SOCIOKULTURNI IDENTITET CETINSKE KRAJINE"}]},{"@type":"WebSite","@id":"https:\/\/www.vegaintro-projekti.com\/pilar-stari\/#website","url":"https:\/\/www.vegaintro-projekti.com\/pilar-stari\/","name":"Institut dru&scaron;tvenih znanosti Ivo Pilar","description":"Pilar","potentialAction":[{"@type":"SearchAction","target":{"@type":"EntryPoint","urlTemplate":"https:\/\/www.vegaintro-projekti.com\/pilar-stari\/?s={search_term_string}"},"query-input":"required name=search_term_string"}],"inLanguage":"hr"},{"@type":"Person","@id":"https:\/\/www.vegaintro-projekti.com\/pilar-stari\/#\/schema\/person\/c0db50ebd77c4409e19b18044bbf10c1","name":"pilar-admin","image":{"@type":"ImageObject","inLanguage":"hr","@id":"https:\/\/www.vegaintro-projekti.com\/pilar-stari\/#\/schema\/person\/image\/","url":"https:\/\/secure.gravatar.com\/avatar\/fac9e03c4db0011b9c1ad8b5e9c74b8c?s=96&d=mm&r=g","contentUrl":"https:\/\/secure.gravatar.com\/avatar\/fac9e03c4db0011b9c1ad8b5e9c74b8c?s=96&d=mm&r=g","caption":"pilar-admin"},"url":"https:\/\/www.vegaintro-projekti.com\/pilar-stari\/author\/pilar-admin\/"}]}},"_links":{"self":[{"href":"https:\/\/www.vegaintro-projekti.com\/pilar-stari\/wp-json\/wp\/v2\/posts\/561"}],"collection":[{"href":"https:\/\/www.vegaintro-projekti.com\/pilar-stari\/wp-json\/wp\/v2\/posts"}],"about":[{"href":"https:\/\/www.vegaintro-projekti.com\/pilar-stari\/wp-json\/wp\/v2\/types\/post"}],"author":[{"embeddable":true,"href":"https:\/\/www.vegaintro-projekti.com\/pilar-stari\/wp-json\/wp\/v2\/users\/1"}],"replies":[{"embeddable":true,"href":"https:\/\/www.vegaintro-projekti.com\/pilar-stari\/wp-json\/wp\/v2\/comments?post=561"}],"version-history":[{"count":4,"href":"https:\/\/www.vegaintro-projekti.com\/pilar-stari\/wp-json\/wp\/v2\/posts\/561\/revisions"}],"predecessor-version":[{"id":7463,"href":"https:\/\/www.vegaintro-projekti.com\/pilar-stari\/wp-json\/wp\/v2\/posts\/561\/revisions\/7463"}],"wp:attachment":[{"href":"https:\/\/www.vegaintro-projekti.com\/pilar-stari\/wp-json\/wp\/v2\/media?parent=561"}],"wp:term":[{"taxonomy":"category","embeddable":true,"href":"https:\/\/www.vegaintro-projekti.com\/pilar-stari\/wp-json\/wp\/v2\/categories?post=561"},{"taxonomy":"post_tag","embeddable":true,"href":"https:\/\/www.vegaintro-projekti.com\/pilar-stari\/wp-json\/wp\/v2\/tags?post=561"}],"curies":[{"name":"wp","href":"https:\/\/api.w.org\/{rel}","templated":true}]}}