{"id":578,"date":"2013-09-12T10:19:42","date_gmt":"2013-09-12T10:19:42","guid":{"rendered":"https:\/\/www.vegaintro-projekti.com\/pilar-stari\/2013\/09\/12\/objavljena-monografija-gospic-grad-ljudi-identitet\/"},"modified":"2017-12-08T08:24:43","modified_gmt":"2017-12-08T08:24:43","slug":"objavljena-monografija-gospic-grad-ljudi-identitet","status":"publish","type":"post","link":"https:\/\/www.vegaintro-projekti.com\/pilar-stari\/2013\/09\/objavljena-monografija-gospic-grad-ljudi-identitet\/","title":{"rendered":"Objavljena monografija GOSPI\u0106 &#8211; GRAD, LJUDI, IDENTITET"},"content":{"rendered":"<p><strong><br \/>U Biblioteci Posebna izdanja Instituta dru\u0161tvenih znanosti Ivo Pilar srpnja 2013. objavljena je znanstvena monografija GOSPI\u0106 &#8211; GRAD, LJUDI, IDENTITET koju je uredio dr. sc. \u017deljko Holjevac, voditelj Podru\u010dnog centra Gospi\u0107 Instituta Ivo Pilar<br \/><\/strong><\/p>\n<table border=\"0\">\n<tbody>\n<tr>\n<td><img decoding=\"async\" loading=\"lazy\" src=\"https:\/\/www.vegaintro-projekti.com\/pilar-stari\/wp-content\/images\/stories\/fotografije\/publikacije\/posebna_izdanja\/GS_naslovnica.jpg\" alt=\"GS naslovnica\" width=\"220\" height=\"314\" \/><\/td>\n<td valign=\"bottom\">\n<p><span style=\"font-size: 12pt;\">Iako \u017eupanijsko i biskupijsko sredi\u0161te, Gospi\u0107 nije dosad imao znanstveno utemeljenu monografiju koja bi na suvremen na\u010din govorila o njegovu identitetu u pro\u0161losti i sada\u0161njosti&#8230; Poslije zbornika <em>Identitet Like: korijeni i razvitak<\/em> u dvije knjige, monografija <em>Gospi\u0107. Grad, ljudi, identitet<\/em> druga je temeljna publikacija nastala radom Centra i njegovih djelatnika. Monografija donosi presjek razli\u010ditih tema o Gospi\u0107u na temelju dosada\u0161njih istra\u017eiva\u010dkih rezultata, ali i brojnih novih znanstvenih spoznaja. &#8211; Iz Predgovora<\/span><\/p>\n<p><span style=\"font-size: 8pt;\"><strong>GOSPI\u0106 \u2013 GRAD, LJUDI, IDENTITET<\/strong><\/span><br \/><span style=\"font-size: 8pt;\"><strong>Urednik: \u017deljko Holjevac<\/strong><\/span><br \/><span style=\"font-size: 8pt;\"><strong>Biblioteka Posebna izdanja<\/strong><\/span><br \/><span style=\"font-size: 8pt;\"><strong>Institut dru\u0161tvenih znanosti Ivo Pilar &#8211; Podru\u010dni centar Gospi\u0107<\/strong><\/span><br \/><span style=\"font-size: 8pt;\"><strong>Zagreb \u2013 Gospi\u0107, 2013. \u2013 Str. 700.<\/strong><\/span><br \/><span style=\"font-size: 8pt;\"><strong>ISBN 978-953-6666- 97-3<\/strong><\/span><\/p>\n<p>&#8211; <a href=\"https:\/\/www.vegaintro-projekti.com\/pilar-stari\/wp-content\/images\/stories\/dokumenti\/posebna_izdanja\/gospic\/Gospic_omot.pdf\">Omot<\/a> \/ <a href=\"https:\/\/www.vegaintro-projekti.com\/pilar-stari\/wp-content\/images\/stories\/dokumenti\/posebna_izdanja\/gospic\/Impresum1.pdf\">Impresum<\/a> \/ <a href=\"#sadrzaj\">Sadr\u017eaj<\/a> \/ <a href=\"#predgovor\">Predgovor<\/a>&nbsp;\/ <a href=\"https:\/\/www.vegaintro-projekti.com\/pilar-stari\/wp-content\/images\/stories\/dokumenti\/posebna_izdanja\/gospic\/autori.pdf\">Popis autora<\/a><\/p>\n<\/td>\n<\/tr>\n<\/tbody>\n<\/table>\n<p><a name=\"sadrzaj\">&nbsp;<\/a><br \/><span style=\"font-size: 12pt;\">Sadr\u017eaj<\/span><\/p>\n<p>&#8211; <a href=\"https:\/\/www.vegaintro-projekti.com\/pilar-stari\/wp-content\/images\/stories\/dokumenti\/posebna_izdanja\/gospic\/Gospic_omot.pdf\">Omot<\/a> \/ <a href=\"https:\/\/www.vegaintro-projekti.com\/pilar-stari\/wp-content\/images\/stories\/dokumenti\/posebna_izdanja\/gospic\/Impresum1.pdf\">Impresum<\/a> \/ <a href=\"https:\/\/www.vegaintro-projekti.com\/pilar-stari\/wp-content\/images\/stories\/dokumenti\/posebna_izdanja\/gospic\/Sadrzaj.pdf\">Sadr\u017eaj<\/a><br \/><a href=\"https:\/\/www.vegaintro-projekti.com\/pilar-stari\/wp-content\/images\/stories\/dokumenti\/posebna_izdanja\/gospic\/Predgovor.pdf\">Predgovor<\/a><br \/><strong>GEOGRAFSKO-DEMOGRAFSKE ZNA\u010cAJKE<\/strong><br \/>Dane Pejnovi\u0107: Gospi\u0107: geografski polo\u017eaj, razvoj i suvremene zna\u010dajke grada<br \/>Nenad Pokos \u2013 Ivo Turk: Demografska obilje\u017eja naselja Gospi\u0107 i Grada Gospi\u0107a<br \/><strong>POVIJESNI RAZVOJ<\/strong><br \/>Tatjana Kolak: Gospi\u0107 u svjetlu arheolo\u0161kih nalaza<br \/>Hrvoje Kekez: Li\u010dka \u017eupanija i Kasezi u srednjem vijeku<br \/>Marko \u0160ari\u0107: Osmanski korijeni Gospi\u0107a<br \/>Ivan Brli\u0107: Sto\u017eerno mjesto Li\u010dke pukovnije<br \/>\u017deljko Holjevac: Gospi\u0107 kao sredi\u0161te Li\u010dko-krbavske \u017eupanije<br \/>Ivica \u0160ute: Gospi\u0107 izme\u0111u dva svjetska rata<br \/>Davor Kova\u010di\u0107: Drugi svjetski rat na podru\u010dju Gospi\u0107a<br \/>Branko Dubravica: Gospi\u0107 u socijalisti\u010dkom razdoblju<br \/>Davor Marijan: Gospi\u0107 u Domovinskom ratu<br \/><strong>BA\u0160TINA<\/strong><br \/>Jelka Vince Pallua: Pala magla kraj Gospi\u0107a grada:odabrane teme iz tradicijske kulture Gospi\u0107a i gospi\u0107koga kraja<br \/>Ratko Vu\u010deti\u0107 \u2013 Martina Ivanu\u0161 \u2013 Marko \u0160piki\u0107: Graditeljsko naslije\u0111e grada Gospi\u0107a<br \/>Ana Tomljenovi\u0107: Gospi\u0107ko novinstvo (1886.\u20132009.)<br \/>Ana Tomljenovi\u0107: Gospi\u0107anin Lovre Paveli\u0107 i njegova obitelj me\u0111u najutjecajnijim <br \/>gra\u0111anima svoga vremena (kraj 19. i prva polovica 20. stolje\u0107a)<br \/>Vesna Bun\u010di\u0107 \u2013 Silvije \u0160ojat: Muzej Like Gospi\u0107<br \/>Ana Lemi\u0107: Matica hrvatska u Gospi\u0107u<br \/>Ana Lemi\u0107: Planinarstvo<br \/><strong>CRKVA I \u0160KOLSTVO<\/strong><br \/>Mile Bogovi\u0107: Crkva u pro\u0161losti i sada\u0161njosti Gospi\u0107a<br \/>Vesna Grahovac-Pra\u017ei\u0107: Obrazovanje u Gospi\u0107u nekad i sad<br \/><strong>JEZIK I KNJI\u017dEVNOST<\/strong><br \/>Ante Be\u017een: Govor Gospi\u0107a i okolice<br \/>Ante Be\u017een: Mali rje\u010dnik gospi\u0107koga govora<br \/>Ante Be\u017een: Gospi\u0107u hrvatskom pjesni\u0161tvu<br \/><strong>GOSPI\u0106 DANAS<\/strong><br \/>Sanja Vrci\u0107-Mataija \u2013 Vesna Grahovac-Pra\u017ei\u0107: Imena gospi\u0107kih naselja<br \/>Ivan Marke\u0161i\u0107: Gospi\u0107ka groblja<br \/><strong>ODR\u017dIVI RAZVOJ I OKOLI\u0160<\/strong><br \/>Maja \u0160tambuk \u2013 Marica Marinovi\u0107 Golubi\u0107 \u2013 Anita Bu\u0161ljeta Tonkovi\u0107: Grad Gospi\u0107: 10 godina napretka (1997.\u2013 2007.)<br \/>Zdenko Zeman \u2013 Marija Geiger Zeman: Okoli\u0161ne dimenzije lokalne kulture: kako se u Gospi\u0107u promi\u010de odr\u017eivost?<br \/>Anita Bu\u0161ljeta Tonkovi\u0107: &#8220;Jesen u Lici&#8221;: tradicijom prema odr\u017eivosti<br \/><strong>SUVREMENI IDENTITET I RAZVOJNI POTENCIJALI<\/strong><br \/>Vlado \u0160aki\u0107 \u2013 Renata Franc \u2013 Anka Mi\u0161eti\u0107 \u2013 Geran Marko Mileti\u0107 \u2013 Stanko Rihtar \u2013 Ines Su\u010di\u0107 \u2013 Ivana Vrselja: Identitet gra\u0111ana Gospi\u0107a<br \/>Sa\u0161a Poljanec Bori\u0107: Razvojni potencijali<br \/><a href=\"https:\/\/www.vegaintro-projekti.com\/pilar-stari\/wp-content\/images\/stories\/dokumenti\/posebna_izdanja\/gospic\/sazetak.pdf\">SA\u017dETAK<\/a><br \/><a href=\"https:\/\/www.vegaintro-projekti.com\/pilar-stari\/wp-content\/images\/stories\/dokumenti\/posebna_izdanja\/gospic\/summary.pdf\">SUMMARY<\/a><br \/><a href=\"https:\/\/www.vegaintro-projekti.com\/pilar-stari\/wp-content\/images\/stories\/dokumenti\/posebna_izdanja\/gospic\/autori.pdf\">POPIS AUTORA<\/a><br \/><a href=\"https:\/\/www.vegaintro-projekti.com\/pilar-stari\/wp-content\/images\/stories\/dokumenti\/posebna_izdanja\/gospic\/kazalo.pdf\">KAZALO IMENA<\/a><\/p>\n<p><a name=\"predgovor\">&nbsp;<\/a><br \/><span style=\"font-size: 12pt;\">Predgovor<\/span><\/p>\n<p>Geografski smje\u0161ten u Srednjoj Lici, na zapadnom rubu Li\u010dkog polja, Gospi\u0107 je vode\u0107e politi\u010dko, gospodarsko i kulturno sredi\u0161te gorskog dijela Republike Hrvatske izme\u0111u Une i sjevernoga Jadrana. Grad je va\u017eno prometno i tranzitno \u010dvori\u0161te magistralnih i lokalnih cesta te postaja na \u017eeljezni\u010dkoj pruzi Zagreb \u2013 Split i izlaz na autocesti koja povezuje hrvatski sjever i jug. Sredi\u0161te je Li\u010dko-senjske \u017eupanije i Gospi\u0107ko-senjske biskupije. U sredi\u0161tu grada isti\u010de se rimokatoli\u010dka katedralna crkva Navje\u0161tenja Bla\u017eene Djevice Marije. Muzej Like, Veleu\u010dili\u0161te &#8220;Nikola Tesla&#8221;, Pu\u010dko otvoreno u\u010dili\u0161te &#8220;Dr. Ante Star\u010devi\u0107&#8221; i druge ustanove zna\u010dajne su u \u017eivotu i kulturi grada. Gospi\u0107 je mali grad: jezgra bez naselja u okolici ima manje od deset tisu\u0107a stanovnika, a doma\u0107i ljudi govore \u0161tokavskim narje\u010djem.<\/p>\n<p>Arheolo\u0161ki nalazi pokazuju da je gospi\u0107ki kraj bio nastanjen jo\u0161 u staroj povijesti. Poslije doseljenja Hrvata oblikovala se ondje Li\u010dka \u017eupa(nija), a pokraj utoka Nov\u010dice u Liku razvilo se srednjovjekovno naselje Kasezi. Korijeni dana\u0161njeg naselja se\u017eu u rani novi vijek, kada se Gospi\u0107 prvi put spominje pod tim imenom kao dio osmanske nahije Novi (danas Li\u010dki Novi). Ne\u0161to vi\u0161e od pola stolje\u0107a nakon oslobo\u0111enja Like od osmanske vladavine Gospi\u0107 je postao sto\u017eernim mjestom Li\u010dke pukovnije, a poslije povratka Vojne krajine pod bansku vlast nekoliko je desetlje\u0107a upravno sredi\u0161te Li\u010dko-krbavske \u017eupanije. Izme\u0111u dva svjetska rata grad se sporo razvijao na rubu modernizacijskih procesa na hrvatskom prostoru, a za njegov napredak osobito se zauzimao poduzetni na\u010delnik Josip (Josan) Kolakovi\u0107.&nbsp; Drugi svjetski rat na njegovu podru\u010dju prouzro\u010dio je brojne ljudske \u017ertve i velike materijalne \u0161tete, a ne\u0161to malo industrijskih pogona u socijalisti\u010dkom razdoblju imalo je uglavnom ekstenzivno obilje\u017eje. Gospi\u0107 je znatno stradao i u Domovinskom ratu, posebice skromni proizvodni pogoni, a broj stanovnika je prepolovljen. Razli\u010dite pote\u0161ko\u0107e, dijelom naslije\u0111ene i dijelom stvorene, dolaze i danas do izra\u017eaja, iako grad raspola\u017ee prirodnim dobrima, graditeljskom ba\u0161tinom, obrazovnim ustanovama u rasponu od osnovne \u0161kole do u\u010diteljskog studija i tradicijskom kulturom te ima razmjerno povoljne mogu\u0107nosti i potencijale za odr\u017eivi razvoj i napredak u budu\u0107nosti.<\/p>\n<p>Iako \u017eupanijsko i biskupijsko sredi\u0161te, Gospi\u0107 nije dosad imao znanstveno utemeljenu monografiju koja bi na suvremen na\u010din govorila o njegovu identitetu u pro\u0161losti i sada\u0161njosti. Institut dru\u0161tvenih znanosti Ivo Pilar iz Zagreba, koji je prije nekoliko godina otvorio svoj Podru\u010dni centar u Gospi\u0107u, nastoji ovim izdanjem ispraviti taj nedostatak. Poslije zbornika <em>Identitet Like: korijeni i razvitak<\/em> u dvije knjige, monografija <em>Gospi\u0107. Grad, ljudi, identitet<\/em> druga je temeljna publikacija nastala radom Centra i njegovih djelatnika. Monografija donosi presjek razli\u010ditih tema o Gospi\u0107u na temelju dosada\u0161njih istra\u017eiva\u010dkih rezultata, ali i brojnih novih znanstvenih spoznaja. Iako ne obuhva\u0107a sve \u0161to se o Gospi\u0107u danas zna, ona mo\u017ee poslu\u017eiti kao solidan temelj i putokaz za daljnja traganja i budu\u0107a postignu\u0107a. Uz du\u017enu zahvalu autorima, koji su strpljivo \u010dekali objavljivanje te svima koji su u me\u0111uvremenu na bilo koji na\u010din pomogli, neka ova monografija \u0161to otvorenije iza\u0111e u susret o\u010dekivanjima i potrebama znanstvene zajednice i zainteresirane \u010ditateljske javnosti.<\/p>\n<p>U Zagrebu i Gospi\u0107u, listopada 2012.<\/p>\n<p>Urednik<\/p>\n<p>&gt;&gt;&gt; <a href=\"https:\/\/www.vegaintro-projekti.com\/pilar-stari\/2008\/11\/podruni-centar-gospi\/\">PODRU\u010cNI CENTAR GOSPI\u0106<\/a><\/p>\n<p><\/p>\n","protected":false},"excerpt":{"rendered":"<p>U Biblioteci Posebna izdanja Instituta dru\u0161tvenih znanosti Ivo Pilar srpnja 2013. objavljena je znanstvena monografija GOSPI\u0106 &#8211; GRAD, LJUDI, IDENTITET koju je uredio dr. sc. \u017deljko Holjevac, voditelj Podru\u010dnog centra Gospi\u0107 Instituta Ivo Pilar Iako \u017eupanijsko i biskupijsko sredi\u0161te, Gospi\u0107 nije dosad imao znanstveno utemeljenu monografiju koja bi na suvremen na\u010din govorila o njegovu identitetu&hellip; <a class=\"continue\" href=\"https:\/\/www.vegaintro-projekti.com\/pilar-stari\/2013\/09\/objavljena-monografija-gospic-grad-ljudi-identitet\/\">Pro\u010ditaj vi\u0161e o<span> Objavljena monografija GOSPI\u0106 &#8211; GRAD, LJUDI, IDENTITET<\/span><\/a><\/p>\n","protected":false},"author":1,"featured_media":0,"comment_status":"open","ping_status":"open","sticky":false,"template":"","format":"standard","meta":{"inline_featured_image":false,"ngg_post_thumbnail":0,"footnotes":""},"categories":[21],"tags":[],"yoast_head":"<!-- This site is optimized with the Yoast SEO plugin v21.2 - https:\/\/yoast.com\/wordpress\/plugins\/seo\/ -->\n<title>Objavljena monografija GOSPI\u0106 - GRAD, LJUDI, IDENTITET - Institut dru&scaron;tvenih znanosti Ivo Pilar<\/title>\n<meta name=\"robots\" content=\"noindex, follow, max-snippet:-1, max-image-preview:large, max-video-preview:-1\" \/>\n<meta property=\"og:locale\" content=\"hr_HR\" \/>\n<meta property=\"og:type\" content=\"article\" \/>\n<meta property=\"og:title\" content=\"Objavljena monografija GOSPI\u0106 - GRAD, LJUDI, IDENTITET - Institut dru&scaron;tvenih znanosti Ivo Pilar\" \/>\n<meta property=\"og:description\" content=\"U Biblioteci Posebna izdanja Instituta dru\u0161tvenih znanosti Ivo Pilar srpnja 2013. objavljena je znanstvena monografija GOSPI\u0106 &#8211; GRAD, LJUDI, IDENTITET koju je uredio dr. sc. \u017deljko Holjevac, voditelj Podru\u010dnog centra Gospi\u0107 Instituta Ivo Pilar Iako \u017eupanijsko i biskupijsko sredi\u0161te, Gospi\u0107 nije dosad imao znanstveno utemeljenu monografiju koja bi na suvremen na\u010din govorila o njegovu identitetu&hellip; Pro\u010ditaj vi\u0161e o Objavljena monografija GOSPI\u0106 &#8211; GRAD, LJUDI, IDENTITET\" \/>\n<meta property=\"og:url\" content=\"https:\/\/www.vegaintro-projekti.com\/pilar-stari\/2013\/09\/objavljena-monografija-gospic-grad-ljudi-identitet\/\" \/>\n<meta property=\"og:site_name\" content=\"Institut dru&scaron;tvenih znanosti Ivo Pilar\" \/>\n<meta property=\"article:published_time\" content=\"2013-09-12T10:19:42+00:00\" \/>\n<meta property=\"article:modified_time\" content=\"2017-12-08T08:24:43+00:00\" \/>\n<meta property=\"og:image\" content=\"https:\/\/www.vegaintro-projekti.com\/pilar-stari\/wp-content\/images\/stories\/fotografije\/publikacije\/posebna_izdanja\/GS_naslovnica.jpg\" \/>\n<meta name=\"author\" content=\"pilar-admin\" \/>\n<meta name=\"twitter:card\" content=\"summary_large_image\" \/>\n<meta name=\"twitter:label1\" content=\"Napisao\/la\" \/>\n\t<meta name=\"twitter:data1\" content=\"pilar-admin\" \/>\n\t<meta name=\"twitter:label2\" content=\"Procijenjeno vrijeme \u010ditanja\" \/>\n\t<meta name=\"twitter:data2\" content=\"5 minuta\" \/>\n<script type=\"application\/ld+json\" class=\"yoast-schema-graph\">{\"@context\":\"https:\/\/schema.org\",\"@graph\":[{\"@type\":\"WebPage\",\"@id\":\"https:\/\/www.vegaintro-projekti.com\/pilar-stari\/2013\/09\/objavljena-monografija-gospic-grad-ljudi-identitet\/\",\"url\":\"https:\/\/www.vegaintro-projekti.com\/pilar-stari\/2013\/09\/objavljena-monografija-gospic-grad-ljudi-identitet\/\",\"name\":\"Objavljena monografija GOSPI\u0106 - GRAD, LJUDI, IDENTITET - Institut dru&scaron;tvenih znanosti Ivo Pilar\",\"isPartOf\":{\"@id\":\"https:\/\/www.vegaintro-projekti.com\/pilar-stari\/#website\"},\"datePublished\":\"2013-09-12T10:19:42+00:00\",\"dateModified\":\"2017-12-08T08:24:43+00:00\",\"author\":{\"@id\":\"https:\/\/www.vegaintro-projekti.com\/pilar-stari\/#\/schema\/person\/c0db50ebd77c4409e19b18044bbf10c1\"},\"breadcrumb\":{\"@id\":\"https:\/\/www.vegaintro-projekti.com\/pilar-stari\/2013\/09\/objavljena-monografija-gospic-grad-ljudi-identitet\/#breadcrumb\"},\"inLanguage\":\"hr\",\"potentialAction\":[{\"@type\":\"ReadAction\",\"target\":[\"https:\/\/www.vegaintro-projekti.com\/pilar-stari\/2013\/09\/objavljena-monografija-gospic-grad-ljudi-identitet\/\"]}]},{\"@type\":\"BreadcrumbList\",\"@id\":\"https:\/\/www.vegaintro-projekti.com\/pilar-stari\/2013\/09\/objavljena-monografija-gospic-grad-ljudi-identitet\/#breadcrumb\",\"itemListElement\":[{\"@type\":\"ListItem\",\"position\":1,\"name\":\"Home\",\"item\":\"https:\/\/www.vegaintro-projekti.com\/pilar-stari\/\"},{\"@type\":\"ListItem\",\"position\":2,\"name\":\"Objavljena monografija GOSPI\u0106 &#8211; GRAD, LJUDI, IDENTITET\"}]},{\"@type\":\"WebSite\",\"@id\":\"https:\/\/www.vegaintro-projekti.com\/pilar-stari\/#website\",\"url\":\"https:\/\/www.vegaintro-projekti.com\/pilar-stari\/\",\"name\":\"Institut dru&scaron;tvenih znanosti Ivo Pilar\",\"description\":\"Pilar\",\"potentialAction\":[{\"@type\":\"SearchAction\",\"target\":{\"@type\":\"EntryPoint\",\"urlTemplate\":\"https:\/\/www.vegaintro-projekti.com\/pilar-stari\/?s={search_term_string}\"},\"query-input\":\"required name=search_term_string\"}],\"inLanguage\":\"hr\"},{\"@type\":\"Person\",\"@id\":\"https:\/\/www.vegaintro-projekti.com\/pilar-stari\/#\/schema\/person\/c0db50ebd77c4409e19b18044bbf10c1\",\"name\":\"pilar-admin\",\"image\":{\"@type\":\"ImageObject\",\"inLanguage\":\"hr\",\"@id\":\"https:\/\/www.vegaintro-projekti.com\/pilar-stari\/#\/schema\/person\/image\/\",\"url\":\"https:\/\/secure.gravatar.com\/avatar\/fac9e03c4db0011b9c1ad8b5e9c74b8c?s=96&d=mm&r=g\",\"contentUrl\":\"https:\/\/secure.gravatar.com\/avatar\/fac9e03c4db0011b9c1ad8b5e9c74b8c?s=96&d=mm&r=g\",\"caption\":\"pilar-admin\"},\"url\":\"https:\/\/www.vegaintro-projekti.com\/pilar-stari\/author\/pilar-admin\/\"}]}<\/script>\n<!-- \/ Yoast SEO plugin. -->","yoast_head_json":{"title":"Objavljena monografija GOSPI\u0106 - GRAD, LJUDI, IDENTITET - Institut dru&scaron;tvenih znanosti Ivo Pilar","robots":{"index":"noindex","follow":"follow","max-snippet":"max-snippet:-1","max-image-preview":"max-image-preview:large","max-video-preview":"max-video-preview:-1"},"og_locale":"hr_HR","og_type":"article","og_title":"Objavljena monografija GOSPI\u0106 - GRAD, LJUDI, IDENTITET - Institut dru&scaron;tvenih znanosti Ivo Pilar","og_description":"U Biblioteci Posebna izdanja Instituta dru\u0161tvenih znanosti Ivo Pilar srpnja 2013. objavljena je znanstvena monografija GOSPI\u0106 &#8211; GRAD, LJUDI, IDENTITET koju je uredio dr. sc. \u017deljko Holjevac, voditelj Podru\u010dnog centra Gospi\u0107 Instituta Ivo Pilar Iako \u017eupanijsko i biskupijsko sredi\u0161te, Gospi\u0107 nije dosad imao znanstveno utemeljenu monografiju koja bi na suvremen na\u010din govorila o njegovu identitetu&hellip; Pro\u010ditaj vi\u0161e o Objavljena monografija GOSPI\u0106 &#8211; GRAD, LJUDI, IDENTITET","og_url":"https:\/\/www.vegaintro-projekti.com\/pilar-stari\/2013\/09\/objavljena-monografija-gospic-grad-ljudi-identitet\/","og_site_name":"Institut dru&scaron;tvenih znanosti Ivo Pilar","article_published_time":"2013-09-12T10:19:42+00:00","article_modified_time":"2017-12-08T08:24:43+00:00","og_image":[{"url":"https:\/\/www.vegaintro-projekti.com\/pilar-stari\/wp-content\/images\/stories\/fotografije\/publikacije\/posebna_izdanja\/GS_naslovnica.jpg"}],"author":"pilar-admin","twitter_card":"summary_large_image","twitter_misc":{"Napisao\/la":"pilar-admin","Procijenjeno vrijeme \u010ditanja":"5 minuta"},"schema":{"@context":"https:\/\/schema.org","@graph":[{"@type":"WebPage","@id":"https:\/\/www.vegaintro-projekti.com\/pilar-stari\/2013\/09\/objavljena-monografija-gospic-grad-ljudi-identitet\/","url":"https:\/\/www.vegaintro-projekti.com\/pilar-stari\/2013\/09\/objavljena-monografija-gospic-grad-ljudi-identitet\/","name":"Objavljena monografija GOSPI\u0106 - GRAD, LJUDI, IDENTITET - Institut dru&scaron;tvenih znanosti Ivo Pilar","isPartOf":{"@id":"https:\/\/www.vegaintro-projekti.com\/pilar-stari\/#website"},"datePublished":"2013-09-12T10:19:42+00:00","dateModified":"2017-12-08T08:24:43+00:00","author":{"@id":"https:\/\/www.vegaintro-projekti.com\/pilar-stari\/#\/schema\/person\/c0db50ebd77c4409e19b18044bbf10c1"},"breadcrumb":{"@id":"https:\/\/www.vegaintro-projekti.com\/pilar-stari\/2013\/09\/objavljena-monografija-gospic-grad-ljudi-identitet\/#breadcrumb"},"inLanguage":"hr","potentialAction":[{"@type":"ReadAction","target":["https:\/\/www.vegaintro-projekti.com\/pilar-stari\/2013\/09\/objavljena-monografija-gospic-grad-ljudi-identitet\/"]}]},{"@type":"BreadcrumbList","@id":"https:\/\/www.vegaintro-projekti.com\/pilar-stari\/2013\/09\/objavljena-monografija-gospic-grad-ljudi-identitet\/#breadcrumb","itemListElement":[{"@type":"ListItem","position":1,"name":"Home","item":"https:\/\/www.vegaintro-projekti.com\/pilar-stari\/"},{"@type":"ListItem","position":2,"name":"Objavljena monografija GOSPI\u0106 &#8211; GRAD, LJUDI, IDENTITET"}]},{"@type":"WebSite","@id":"https:\/\/www.vegaintro-projekti.com\/pilar-stari\/#website","url":"https:\/\/www.vegaintro-projekti.com\/pilar-stari\/","name":"Institut dru&scaron;tvenih znanosti Ivo Pilar","description":"Pilar","potentialAction":[{"@type":"SearchAction","target":{"@type":"EntryPoint","urlTemplate":"https:\/\/www.vegaintro-projekti.com\/pilar-stari\/?s={search_term_string}"},"query-input":"required name=search_term_string"}],"inLanguage":"hr"},{"@type":"Person","@id":"https:\/\/www.vegaintro-projekti.com\/pilar-stari\/#\/schema\/person\/c0db50ebd77c4409e19b18044bbf10c1","name":"pilar-admin","image":{"@type":"ImageObject","inLanguage":"hr","@id":"https:\/\/www.vegaintro-projekti.com\/pilar-stari\/#\/schema\/person\/image\/","url":"https:\/\/secure.gravatar.com\/avatar\/fac9e03c4db0011b9c1ad8b5e9c74b8c?s=96&d=mm&r=g","contentUrl":"https:\/\/secure.gravatar.com\/avatar\/fac9e03c4db0011b9c1ad8b5e9c74b8c?s=96&d=mm&r=g","caption":"pilar-admin"},"url":"https:\/\/www.vegaintro-projekti.com\/pilar-stari\/author\/pilar-admin\/"}]}},"_links":{"self":[{"href":"https:\/\/www.vegaintro-projekti.com\/pilar-stari\/wp-json\/wp\/v2\/posts\/578"}],"collection":[{"href":"https:\/\/www.vegaintro-projekti.com\/pilar-stari\/wp-json\/wp\/v2\/posts"}],"about":[{"href":"https:\/\/www.vegaintro-projekti.com\/pilar-stari\/wp-json\/wp\/v2\/types\/post"}],"author":[{"embeddable":true,"href":"https:\/\/www.vegaintro-projekti.com\/pilar-stari\/wp-json\/wp\/v2\/users\/1"}],"replies":[{"embeddable":true,"href":"https:\/\/www.vegaintro-projekti.com\/pilar-stari\/wp-json\/wp\/v2\/comments?post=578"}],"version-history":[{"count":3,"href":"https:\/\/www.vegaintro-projekti.com\/pilar-stari\/wp-json\/wp\/v2\/posts\/578\/revisions"}],"predecessor-version":[{"id":7300,"href":"https:\/\/www.vegaintro-projekti.com\/pilar-stari\/wp-json\/wp\/v2\/posts\/578\/revisions\/7300"}],"wp:attachment":[{"href":"https:\/\/www.vegaintro-projekti.com\/pilar-stari\/wp-json\/wp\/v2\/media?parent=578"}],"wp:term":[{"taxonomy":"category","embeddable":true,"href":"https:\/\/www.vegaintro-projekti.com\/pilar-stari\/wp-json\/wp\/v2\/categories?post=578"},{"taxonomy":"post_tag","embeddable":true,"href":"https:\/\/www.vegaintro-projekti.com\/pilar-stari\/wp-json\/wp\/v2\/tags?post=578"}],"curies":[{"name":"wp","href":"https:\/\/api.w.org\/{rel}","templated":true}]}}