{"id":603,"date":"2013-12-10T21:45:19","date_gmt":"2013-12-10T21:45:19","guid":{"rendered":"https:\/\/www.vegaintro-projekti.com\/pilar-stari\/2013\/12\/10\/vukovar-dr-sc-drazen-zivic-upalio-2-adventsku-svijecu\/"},"modified":"2017-12-08T10:08:16","modified_gmt":"2017-12-08T10:08:16","slug":"vukovar-dr-sc-drazen-zivic-upalio-2-adventsku-svijecu","status":"publish","type":"post","link":"https:\/\/www.vegaintro-projekti.com\/pilar-stari\/2013\/12\/vukovar-dr-sc-drazen-zivic-upalio-2-adventsku-svijecu\/","title":{"rendered":"VUKOVAR: Dr. sc. Dra\u017een \u017divi\u0107 upalio 2. adventsku svije\u0107u"},"content":{"rendered":"<p><strong>U sklopu XVI. vukovarskih adventskih sve\u010danosti u organizaciji Gradskog muzeja Vukovar i Javne ustanove u kulturi Hrvatski dom Vukovar, dr. sc. Dra\u017een \u017divi\u0107 8. prosinca 2013. upalio je 2. adventsku svije\u0107u koja tradicionalno pripada kulturnim djelatnicima<\/strong><\/p>\n<table border=\"0\">\n<tbody>\n<tr>\n<td><img decoding=\"async\" loading=\"lazy\" src=\"https:\/\/www.vegaintro-projekti.com\/pilar-stari\/wp-content\/images\/stories\/fotografije\/podrucni\/vukovar\/advent_2013\/advent_2s.jpg\" alt=\"advent 2s\" width=\"212\" height=\"134\" \/><\/td>\n<td><img decoding=\"async\" loading=\"lazy\" src=\"https:\/\/www.vegaintro-projekti.com\/pilar-stari\/wp-content\/images\/stories\/fotografije\/podrucni\/vukovar\/advent_2013\/advent_3s.jpg\" alt=\"advent 3s\" width=\"212\" height=\"134\" \/><\/td>\n<td><img decoding=\"async\" loading=\"lazy\" src=\"https:\/\/www.vegaintro-projekti.com\/pilar-stari\/wp-content\/images\/stories\/fotografije\/podrucni\/vukovar\/advent_2013\/advent_4s.jpg\" alt=\"advent 4s\" width=\"212\" height=\"134\" \/><\/td>\n<\/tr>\n<\/tbody>\n<\/table>\n<p><img decoding=\"async\" loading=\"lazy\" src=\"https:\/\/www.vegaintro-projekti.com\/pilar-stari\/wp-content\/images\/stories\/fotografije\/podrucni\/vukovar\/advent_2013\/advent_1s.jpg\" alt=\"advent 1s\" width=\"649\" height=\"410\" \/><\/p>\n<p><span style=\"font-size: 8pt;\"><strong>Paljenje 2. advenske svije\u0107e posve\u0107ene djelatnicima u kuturi i svima koji pridonose prezentaciji i ukazivanju na vrijednosti kulturne ba\u0161tine ili suvremenog kulturnog trenutka<\/strong><\/span><\/p>\n<p>U sklopu XVI. vukovarskih adventskih sve\u010danosti u organizaciji Gradskog muzeja Vukovar i Javne ustanove u kulturi Hrvatski dom Vukovar, a uz potporu Ministarstva kulture RH, Vukovarsko-srijemske \u017eupanije i Grada Vukovara Hrvatski komorni orkestar s dirigentom Josipom Nalisom i sopranisticom Anom Lice dana 8. prosinca 2013. godine odr\u017eao je tradicionalni koncert u Vukovaru s programom: Simfonija u C-duru Karla Dittera von Dittersdorfa i Kantata spirituale Domenica Scarlattija.<\/p>\n<p>Nakon koncerta 2. adventsku svije\u0107u koja tradicionalno pripada Kulturnjacima u obnovi Vukovara upalio je dr.sc. Dra\u017een \u017divi\u0107 ravnatelj Instituta dru\u0161tvenih znanosti Ivo Pilar \u2013 Podru\u010dni centar Vukovar i predsjednik Ogranka Matice hrvatske Vukovar.<\/p>\n<p>&nbsp;<\/p>\n<p><span style=\"font-size: 12pt;\">Iz medija<\/span><\/p>\n<p>&#8211; <strong>Vukovar.hr:<\/strong>&nbsp;<a href=\"http:\/\/www.vukovar.hr\/vijesti\/sve-vijesti\/advent-u-vukovaru\/6934-gradski-muzej-vukovar-koncert-hrvatskog-komornog-orkestra-i-paljenje-2-adventske-svijece\">Gradski muzej Vukovar \u2013 koncert Hrvatskog komornog orkestra i paljenje 2. adventske svije\u0107e, 9. prosinca 2013.<br \/><\/a>&#8211; <strong>Glas Slavonije:<\/strong>&nbsp;<a href=\"http:\/\/www.glas-slavonije.hr\/219302\/5\/Hrvatski-komorni-orkestar-vec-12-godinu-nastupa-u-Vukovaru\">Hrvatski komorni orkestar ve\u0107 12. godinu nastupa u Vukovaru, 9. prosinca 2013.<\/a><\/p>\n<p><em>Ve\u0107 12 godina Hrvatski komorni orkestar gostuje u Vukovaru, to nas posebno \u010dini sretnima \u2013 rekla je ravnateljica vukovarskog Gradskog muzeja Ru\u017ea Mari\u0107 i dodala kako se, u sklopu XVI. Vukovarskih adventskih sve\u010danosti, koncert vezuje uz paljenje druge svije\u0107e na adventskom vijencu u perivoju Eltzova dvorca, a koja je posve\u0107ena djelatnicima u kulturi i svima onima koji su u vukovarskom podneblju pridonijeli razli\u010ditim segmentima prezentacije i ukazivanja na vrijednosti kulturne ba\u0161tine ili suvremenog kulturnog trenutka<\/em><\/p>\n<p>&gt;&gt;&gt; <a href=\"https:\/\/www.vegaintro-projekti.com\/pilar-stari\/2008\/10\/podruni-centar-vukovar\/\">PODRU\u010cNI CENTAR VUKOVAR<\/a><\/p>\n<p>&nbsp;<\/p>\n","protected":false},"excerpt":{"rendered":"<p>U sklopu XVI. vukovarskih adventskih sve\u010danosti u organizaciji Gradskog muzeja Vukovar i Javne ustanove u kulturi Hrvatski dom Vukovar, dr. sc. Dra\u017een \u017divi\u0107 8. prosinca 2013. upalio je 2. adventsku svije\u0107u koja tradicionalno pripada kulturnim djelatnicima Paljenje 2. advenske svije\u0107e posve\u0107ene djelatnicima u kuturi i svima koji pridonose prezentaciji i ukazivanju na vrijednosti kulturne ba\u0161tine&hellip; <a class=\"continue\" href=\"https:\/\/www.vegaintro-projekti.com\/pilar-stari\/2013\/12\/vukovar-dr-sc-drazen-zivic-upalio-2-adventsku-svijecu\/\">Pro\u010ditaj vi\u0161e o<span> VUKOVAR: Dr. sc. Dra\u017een \u017divi\u0107 upalio 2. adventsku svije\u0107u<\/span><\/a><\/p>\n","protected":false},"author":1,"featured_media":0,"comment_status":"open","ping_status":"open","sticky":false,"template":"","format":"standard","meta":{"inline_featured_image":false,"ngg_post_thumbnail":0,"footnotes":""},"categories":[12],"tags":[],"yoast_head":"<!-- This site is optimized with the Yoast SEO plugin v21.2 - https:\/\/yoast.com\/wordpress\/plugins\/seo\/ -->\n<title>VUKOVAR: Dr. sc. Dra\u017een \u017divi\u0107 upalio 2. adventsku svije\u0107u - Institut dru&scaron;tvenih znanosti Ivo Pilar<\/title>\n<meta name=\"robots\" content=\"noindex, follow, max-snippet:-1, max-image-preview:large, max-video-preview:-1\" \/>\n<meta property=\"og:locale\" content=\"hr_HR\" \/>\n<meta property=\"og:type\" content=\"article\" \/>\n<meta property=\"og:title\" content=\"VUKOVAR: Dr. sc. Dra\u017een \u017divi\u0107 upalio 2. adventsku svije\u0107u - Institut dru&scaron;tvenih znanosti Ivo Pilar\" \/>\n<meta property=\"og:description\" content=\"U sklopu XVI. vukovarskih adventskih sve\u010danosti u organizaciji Gradskog muzeja Vukovar i Javne ustanove u kulturi Hrvatski dom Vukovar, dr. sc. Dra\u017een \u017divi\u0107 8. prosinca 2013. upalio je 2. adventsku svije\u0107u koja tradicionalno pripada kulturnim djelatnicima Paljenje 2. advenske svije\u0107e posve\u0107ene djelatnicima u kuturi i svima koji pridonose prezentaciji i ukazivanju na vrijednosti kulturne ba\u0161tine&hellip; Pro\u010ditaj vi\u0161e o VUKOVAR: Dr. sc. Dra\u017een \u017divi\u0107 upalio 2. adventsku svije\u0107u\" \/>\n<meta property=\"og:url\" content=\"https:\/\/www.vegaintro-projekti.com\/pilar-stari\/2013\/12\/vukovar-dr-sc-drazen-zivic-upalio-2-adventsku-svijecu\/\" \/>\n<meta property=\"og:site_name\" content=\"Institut dru&scaron;tvenih znanosti Ivo Pilar\" \/>\n<meta property=\"article:published_time\" content=\"2013-12-10T21:45:19+00:00\" \/>\n<meta property=\"article:modified_time\" content=\"2017-12-08T10:08:16+00:00\" \/>\n<meta property=\"og:image\" content=\"https:\/\/www.vegaintro-projekti.com\/pilar-stari\/wp-content\/images\/stories\/fotografije\/podrucni\/vukovar\/advent_2013\/advent_2s.jpg\" \/>\n<meta name=\"author\" content=\"pilar-admin\" \/>\n<meta name=\"twitter:card\" content=\"summary_large_image\" \/>\n<meta name=\"twitter:label1\" content=\"Napisao\/la\" \/>\n\t<meta name=\"twitter:data1\" content=\"pilar-admin\" \/>\n\t<meta name=\"twitter:label2\" content=\"Procijenjeno vrijeme \u010ditanja\" \/>\n\t<meta name=\"twitter:data2\" content=\"1 minuta\" \/>\n<script type=\"application\/ld+json\" class=\"yoast-schema-graph\">{\"@context\":\"https:\/\/schema.org\",\"@graph\":[{\"@type\":\"WebPage\",\"@id\":\"https:\/\/www.vegaintro-projekti.com\/pilar-stari\/2013\/12\/vukovar-dr-sc-drazen-zivic-upalio-2-adventsku-svijecu\/\",\"url\":\"https:\/\/www.vegaintro-projekti.com\/pilar-stari\/2013\/12\/vukovar-dr-sc-drazen-zivic-upalio-2-adventsku-svijecu\/\",\"name\":\"VUKOVAR: Dr. sc. Dra\u017een \u017divi\u0107 upalio 2. adventsku svije\u0107u - Institut dru&scaron;tvenih znanosti Ivo Pilar\",\"isPartOf\":{\"@id\":\"https:\/\/www.vegaintro-projekti.com\/pilar-stari\/#website\"},\"datePublished\":\"2013-12-10T21:45:19+00:00\",\"dateModified\":\"2017-12-08T10:08:16+00:00\",\"author\":{\"@id\":\"https:\/\/www.vegaintro-projekti.com\/pilar-stari\/#\/schema\/person\/c0db50ebd77c4409e19b18044bbf10c1\"},\"breadcrumb\":{\"@id\":\"https:\/\/www.vegaintro-projekti.com\/pilar-stari\/2013\/12\/vukovar-dr-sc-drazen-zivic-upalio-2-adventsku-svijecu\/#breadcrumb\"},\"inLanguage\":\"hr\",\"potentialAction\":[{\"@type\":\"ReadAction\",\"target\":[\"https:\/\/www.vegaintro-projekti.com\/pilar-stari\/2013\/12\/vukovar-dr-sc-drazen-zivic-upalio-2-adventsku-svijecu\/\"]}]},{\"@type\":\"BreadcrumbList\",\"@id\":\"https:\/\/www.vegaintro-projekti.com\/pilar-stari\/2013\/12\/vukovar-dr-sc-drazen-zivic-upalio-2-adventsku-svijecu\/#breadcrumb\",\"itemListElement\":[{\"@type\":\"ListItem\",\"position\":1,\"name\":\"Home\",\"item\":\"https:\/\/www.vegaintro-projekti.com\/pilar-stari\/\"},{\"@type\":\"ListItem\",\"position\":2,\"name\":\"VUKOVAR: Dr. sc. Dra\u017een \u017divi\u0107 upalio 2. adventsku svije\u0107u\"}]},{\"@type\":\"WebSite\",\"@id\":\"https:\/\/www.vegaintro-projekti.com\/pilar-stari\/#website\",\"url\":\"https:\/\/www.vegaintro-projekti.com\/pilar-stari\/\",\"name\":\"Institut dru&scaron;tvenih znanosti Ivo Pilar\",\"description\":\"Pilar\",\"potentialAction\":[{\"@type\":\"SearchAction\",\"target\":{\"@type\":\"EntryPoint\",\"urlTemplate\":\"https:\/\/www.vegaintro-projekti.com\/pilar-stari\/?s={search_term_string}\"},\"query-input\":\"required name=search_term_string\"}],\"inLanguage\":\"hr\"},{\"@type\":\"Person\",\"@id\":\"https:\/\/www.vegaintro-projekti.com\/pilar-stari\/#\/schema\/person\/c0db50ebd77c4409e19b18044bbf10c1\",\"name\":\"pilar-admin\",\"image\":{\"@type\":\"ImageObject\",\"inLanguage\":\"hr\",\"@id\":\"https:\/\/www.vegaintro-projekti.com\/pilar-stari\/#\/schema\/person\/image\/\",\"url\":\"https:\/\/secure.gravatar.com\/avatar\/fac9e03c4db0011b9c1ad8b5e9c74b8c?s=96&d=mm&r=g\",\"contentUrl\":\"https:\/\/secure.gravatar.com\/avatar\/fac9e03c4db0011b9c1ad8b5e9c74b8c?s=96&d=mm&r=g\",\"caption\":\"pilar-admin\"},\"url\":\"https:\/\/www.vegaintro-projekti.com\/pilar-stari\/author\/pilar-admin\/\"}]}<\/script>\n<!-- \/ Yoast SEO plugin. -->","yoast_head_json":{"title":"VUKOVAR: Dr. sc. Dra\u017een \u017divi\u0107 upalio 2. adventsku svije\u0107u - Institut dru&scaron;tvenih znanosti Ivo Pilar","robots":{"index":"noindex","follow":"follow","max-snippet":"max-snippet:-1","max-image-preview":"max-image-preview:large","max-video-preview":"max-video-preview:-1"},"og_locale":"hr_HR","og_type":"article","og_title":"VUKOVAR: Dr. sc. Dra\u017een \u017divi\u0107 upalio 2. adventsku svije\u0107u - Institut dru&scaron;tvenih znanosti Ivo Pilar","og_description":"U sklopu XVI. vukovarskih adventskih sve\u010danosti u organizaciji Gradskog muzeja Vukovar i Javne ustanove u kulturi Hrvatski dom Vukovar, dr. sc. Dra\u017een \u017divi\u0107 8. prosinca 2013. upalio je 2. adventsku svije\u0107u koja tradicionalno pripada kulturnim djelatnicima Paljenje 2. advenske svije\u0107e posve\u0107ene djelatnicima u kuturi i svima koji pridonose prezentaciji i ukazivanju na vrijednosti kulturne ba\u0161tine&hellip; Pro\u010ditaj vi\u0161e o VUKOVAR: Dr. sc. Dra\u017een \u017divi\u0107 upalio 2. adventsku svije\u0107u","og_url":"https:\/\/www.vegaintro-projekti.com\/pilar-stari\/2013\/12\/vukovar-dr-sc-drazen-zivic-upalio-2-adventsku-svijecu\/","og_site_name":"Institut dru&scaron;tvenih znanosti Ivo Pilar","article_published_time":"2013-12-10T21:45:19+00:00","article_modified_time":"2017-12-08T10:08:16+00:00","og_image":[{"url":"https:\/\/www.vegaintro-projekti.com\/pilar-stari\/wp-content\/images\/stories\/fotografije\/podrucni\/vukovar\/advent_2013\/advent_2s.jpg"}],"author":"pilar-admin","twitter_card":"summary_large_image","twitter_misc":{"Napisao\/la":"pilar-admin","Procijenjeno vrijeme \u010ditanja":"1 minuta"},"schema":{"@context":"https:\/\/schema.org","@graph":[{"@type":"WebPage","@id":"https:\/\/www.vegaintro-projekti.com\/pilar-stari\/2013\/12\/vukovar-dr-sc-drazen-zivic-upalio-2-adventsku-svijecu\/","url":"https:\/\/www.vegaintro-projekti.com\/pilar-stari\/2013\/12\/vukovar-dr-sc-drazen-zivic-upalio-2-adventsku-svijecu\/","name":"VUKOVAR: Dr. sc. Dra\u017een \u017divi\u0107 upalio 2. adventsku svije\u0107u - Institut dru&scaron;tvenih znanosti Ivo Pilar","isPartOf":{"@id":"https:\/\/www.vegaintro-projekti.com\/pilar-stari\/#website"},"datePublished":"2013-12-10T21:45:19+00:00","dateModified":"2017-12-08T10:08:16+00:00","author":{"@id":"https:\/\/www.vegaintro-projekti.com\/pilar-stari\/#\/schema\/person\/c0db50ebd77c4409e19b18044bbf10c1"},"breadcrumb":{"@id":"https:\/\/www.vegaintro-projekti.com\/pilar-stari\/2013\/12\/vukovar-dr-sc-drazen-zivic-upalio-2-adventsku-svijecu\/#breadcrumb"},"inLanguage":"hr","potentialAction":[{"@type":"ReadAction","target":["https:\/\/www.vegaintro-projekti.com\/pilar-stari\/2013\/12\/vukovar-dr-sc-drazen-zivic-upalio-2-adventsku-svijecu\/"]}]},{"@type":"BreadcrumbList","@id":"https:\/\/www.vegaintro-projekti.com\/pilar-stari\/2013\/12\/vukovar-dr-sc-drazen-zivic-upalio-2-adventsku-svijecu\/#breadcrumb","itemListElement":[{"@type":"ListItem","position":1,"name":"Home","item":"https:\/\/www.vegaintro-projekti.com\/pilar-stari\/"},{"@type":"ListItem","position":2,"name":"VUKOVAR: Dr. sc. Dra\u017een \u017divi\u0107 upalio 2. adventsku svije\u0107u"}]},{"@type":"WebSite","@id":"https:\/\/www.vegaintro-projekti.com\/pilar-stari\/#website","url":"https:\/\/www.vegaintro-projekti.com\/pilar-stari\/","name":"Institut dru&scaron;tvenih znanosti Ivo Pilar","description":"Pilar","potentialAction":[{"@type":"SearchAction","target":{"@type":"EntryPoint","urlTemplate":"https:\/\/www.vegaintro-projekti.com\/pilar-stari\/?s={search_term_string}"},"query-input":"required name=search_term_string"}],"inLanguage":"hr"},{"@type":"Person","@id":"https:\/\/www.vegaintro-projekti.com\/pilar-stari\/#\/schema\/person\/c0db50ebd77c4409e19b18044bbf10c1","name":"pilar-admin","image":{"@type":"ImageObject","inLanguage":"hr","@id":"https:\/\/www.vegaintro-projekti.com\/pilar-stari\/#\/schema\/person\/image\/","url":"https:\/\/secure.gravatar.com\/avatar\/fac9e03c4db0011b9c1ad8b5e9c74b8c?s=96&d=mm&r=g","contentUrl":"https:\/\/secure.gravatar.com\/avatar\/fac9e03c4db0011b9c1ad8b5e9c74b8c?s=96&d=mm&r=g","caption":"pilar-admin"},"url":"https:\/\/www.vegaintro-projekti.com\/pilar-stari\/author\/pilar-admin\/"}]}},"_links":{"self":[{"href":"https:\/\/www.vegaintro-projekti.com\/pilar-stari\/wp-json\/wp\/v2\/posts\/603"}],"collection":[{"href":"https:\/\/www.vegaintro-projekti.com\/pilar-stari\/wp-json\/wp\/v2\/posts"}],"about":[{"href":"https:\/\/www.vegaintro-projekti.com\/pilar-stari\/wp-json\/wp\/v2\/types\/post"}],"author":[{"embeddable":true,"href":"https:\/\/www.vegaintro-projekti.com\/pilar-stari\/wp-json\/wp\/v2\/users\/1"}],"replies":[{"embeddable":true,"href":"https:\/\/www.vegaintro-projekti.com\/pilar-stari\/wp-json\/wp\/v2\/comments?post=603"}],"version-history":[{"count":6,"href":"https:\/\/www.vegaintro-projekti.com\/pilar-stari\/wp-json\/wp\/v2\/posts\/603\/revisions"}],"predecessor-version":[{"id":7504,"href":"https:\/\/www.vegaintro-projekti.com\/pilar-stari\/wp-json\/wp\/v2\/posts\/603\/revisions\/7504"}],"wp:attachment":[{"href":"https:\/\/www.vegaintro-projekti.com\/pilar-stari\/wp-json\/wp\/v2\/media?parent=603"}],"wp:term":[{"taxonomy":"category","embeddable":true,"href":"https:\/\/www.vegaintro-projekti.com\/pilar-stari\/wp-json\/wp\/v2\/categories?post=603"},{"taxonomy":"post_tag","embeddable":true,"href":"https:\/\/www.vegaintro-projekti.com\/pilar-stari\/wp-json\/wp\/v2\/tags?post=603"}],"curies":[{"name":"wp","href":"https:\/\/api.w.org\/{rel}","templated":true}]}}