{"id":605,"date":"2013-12-18T11:28:43","date_gmt":"2013-12-18T11:28:43","guid":{"rendered":"https:\/\/www.vegaintro-projekti.com\/pilar-stari\/2013\/12\/18\/dan-instituta-pilar-2013-obiljezen-u-gospicu\/"},"modified":"2017-12-08T10:08:17","modified_gmt":"2017-12-08T10:08:17","slug":"dan-instituta-pilar-2013-obiljezen-u-gospicu","status":"publish","type":"post","link":"https:\/\/www.vegaintro-projekti.com\/pilar-stari\/2013\/12\/dan-instituta-pilar-2013-obiljezen-u-gospicu\/","title":{"rendered":"Dan Instituta Pilar 2013. obilje\u017een u Gospi\u0107u"},"content":{"rendered":"<p><strong>Obilje\u017eavanje Dana Instituta u Gospi\u0107u bio je dobrodo\u0161ao poticaj za daljnji rad Podru\u010dnoga centra i njegovih zaposlenika, a ujedno mo\u017ee poslu\u017eiti i kao preporuka za budu\u0107e proslave Dana Instituta izvan sredi\u0161njice<\/strong><\/p>\n<table border=\"0\">\n<tbody>\n<tr>\n<td><img decoding=\"async\" loading=\"lazy\" src=\"https:\/\/www.vegaintro-projekti.com\/pilar-stari\/wp-content\/images\/stories\/fotografije\/razno\/Dan_2013\/Dan2013_1s.jpg\" alt=\"Dan2013 1s\" width=\"212\" height=\"142\" \/><\/td>\n<td><img decoding=\"async\" loading=\"lazy\" src=\"https:\/\/www.vegaintro-projekti.com\/pilar-stari\/wp-content\/images\/stories\/fotografije\/razno\/Dan_2013\/Dan2013_2s.jpg\" alt=\"Dan2013 2s\" width=\"212\" height=\"142\" \/><\/td>\n<td><img decoding=\"async\" loading=\"lazy\" src=\"https:\/\/www.vegaintro-projekti.com\/pilar-stari\/wp-content\/images\/stories\/fotografije\/razno\/Dan_2013\/Dan2013_3s.jpg\" alt=\"Dan2013 3s\" width=\"212\" height=\"142\" \/><\/td>\n<\/tr>\n<\/tbody>\n<\/table>\n<table border=\"0\">\n<tbody>\n<tr>\n<td><img decoding=\"async\" loading=\"lazy\" src=\"https:\/\/www.vegaintro-projekti.com\/pilar-stari\/wp-content\/images\/stories\/fotografije\/razno\/Dan_2013\/Dan2013_4s.jpg\" alt=\"Dan2013 4s\" width=\"644\" height=\"324\" \/><\/td>\n<\/tr>\n<\/tbody>\n<\/table>\n<p>&nbsp;<\/p>\n<p><span style=\"font-size: 8pt;\"><strong>Zaposlenici Instituta Ivo Pilar ispred sjedi\u0161ta Podru\u010dnog centra Gospi\u0107 u povodu Dana Instituta 2013.<\/strong><\/span><\/p>\n<p>Dan Instituta Ivo Pilar 26. studenog 2013. bila je izvanredna prilika za slu\u017ebeni posjet i proslavu tog sve\u010danog trenutka prvi put u Gospi\u0107u. Djelatnici Instituta pod vodstvom ravnatelja prof. dr. sc. Vlade \u0160aki\u0107a u prijepodnevnim su satima stigli u Podru\u010dni centar Gospi\u0107 \u010dije se prostorije, prema ugovoru s Gradom Gospi\u0107em, nalaze na sredi\u0161njem gradskom trgu. Do\u010dekali su ih voditelj PC-a Gospi\u0107 prof. dr. sc. \u017deljko Holjevac i troje znanstvenih novaka, Anita Bu\u0161ljeta-Tonkovi\u0107, Nikola \u0160imuni\u0107 i dr. sc. Ivan Brli\u0107. Nakon upoznavanja sa znanstvenom djelatno\u0161\u0107u Centra i prilikama u kojima djeluje, slijedio je kratak domjenak. U nastavku programa djelatnici Instituta pro\u0161etali su se Gospi\u0107em i upoznali se s osnovnim \u010dinjenicama o pro\u0161losti i kulturi sredi\u0161ta Li\u010dko-senjske \u017eupanije i Gospi\u0107ko-senjske biskupije. Drugi dio programa realiziran je u obli\u017enjem mjestu Smiljanu u kojemu se nalazi Memorijalni muzej Nikole Tesle. Nakon upoznavanja sa \u017eivotom i uspjesima \u010dovjeka koji je osvijetlio svijet, do\u0161lo je vrijeme da se neformalno dru\u017eenje nastavi u obli\u017enjem restoranu &#8220;Zlatna potkova&#8221;. U nazo\u010dnosti biskupa Gospi\u0107ko-senjske biskupije mons. dr. sc. Mile Bogovi\u0107a kao po\u010dasnog gosta djelatnici Instituta mogli su u\u017eivati u li\u010dkim gastronomskim delicijama. Uz iskrene zahvale voditelja \u017deljka Holjevca, s velikom \u017eeljom za ponovnim susretom i jo\u0161 bogatijim do\u017eivljajem li\u010dkih prirodnih i kulturnih atrakcija, djelatnici Instituta zaputili su se u ve\u010dernjim satima u Zagreb. Obilje\u017eavanje Dana Instituta u Gospi\u0107u bilo je dobrodo\u0161ao poticaj za daljnji rad Podru\u010dnoga centra i njegovih zaposlenika, a ujedno mo\u017ee poslu\u017eiti kao preporuka za budu\u0107e proslave Dana Instituta izvan sredi\u0161njice.<\/p>\n<p><em>Dr. sc. Ivan Brli\u0107<\/em><br \/><em>Dr. sc. \u017deljko Holjevac<\/em><\/p>\n<p>&gt;&gt;&gt; <a href=\"https:\/\/www.vegaintro-projekti.com\/pilar-stari\/2008\/11\/podruni-centar-gospi\/\">PODRU\u010cNI CENTAR GOSPI\u0106<\/a><\/p>\n","protected":false},"excerpt":{"rendered":"<p>Obilje\u017eavanje Dana Instituta u Gospi\u0107u bio je dobrodo\u0161ao poticaj za daljnji rad Podru\u010dnoga centra i njegovih zaposlenika, a ujedno mo\u017ee poslu\u017eiti i kao preporuka za budu\u0107e proslave Dana Instituta izvan sredi\u0161njice &nbsp; Zaposlenici Instituta Ivo Pilar ispred sjedi\u0161ta Podru\u010dnog centra Gospi\u0107 u povodu Dana Instituta 2013. Dan Instituta Ivo Pilar 26. studenog 2013. bila je&hellip; <a class=\"continue\" href=\"https:\/\/www.vegaintro-projekti.com\/pilar-stari\/2013\/12\/dan-instituta-pilar-2013-obiljezen-u-gospicu\/\">Pro\u010ditaj vi\u0161e o<span> Dan Instituta Pilar 2013. obilje\u017een u Gospi\u0107u<\/span><\/a><\/p>\n","protected":false},"author":1,"featured_media":0,"comment_status":"open","ping_status":"open","sticky":false,"template":"","format":"standard","meta":{"inline_featured_image":false,"ngg_post_thumbnail":0,"footnotes":""},"categories":[9],"tags":[],"yoast_head":"<!-- This site is optimized with the Yoast SEO plugin v21.2 - https:\/\/yoast.com\/wordpress\/plugins\/seo\/ -->\n<title>Dan Instituta Pilar 2013. obilje\u017een u Gospi\u0107u - Institut dru&scaron;tvenih znanosti Ivo Pilar<\/title>\n<meta name=\"robots\" content=\"noindex, follow, max-snippet:-1, max-image-preview:large, max-video-preview:-1\" \/>\n<meta property=\"og:locale\" content=\"hr_HR\" \/>\n<meta property=\"og:type\" content=\"article\" \/>\n<meta property=\"og:title\" content=\"Dan Instituta Pilar 2013. obilje\u017een u Gospi\u0107u - Institut dru&scaron;tvenih znanosti Ivo Pilar\" \/>\n<meta property=\"og:description\" content=\"Obilje\u017eavanje Dana Instituta u Gospi\u0107u bio je dobrodo\u0161ao poticaj za daljnji rad Podru\u010dnoga centra i njegovih zaposlenika, a ujedno mo\u017ee poslu\u017eiti i kao preporuka za budu\u0107e proslave Dana Instituta izvan sredi\u0161njice &nbsp; Zaposlenici Instituta Ivo Pilar ispred sjedi\u0161ta Podru\u010dnog centra Gospi\u0107 u povodu Dana Instituta 2013. Dan Instituta Ivo Pilar 26. studenog 2013. bila je&hellip; Pro\u010ditaj vi\u0161e o Dan Instituta Pilar 2013. obilje\u017een u Gospi\u0107u\" \/>\n<meta property=\"og:url\" content=\"https:\/\/www.vegaintro-projekti.com\/pilar-stari\/2013\/12\/dan-instituta-pilar-2013-obiljezen-u-gospicu\/\" \/>\n<meta property=\"og:site_name\" content=\"Institut dru&scaron;tvenih znanosti Ivo Pilar\" \/>\n<meta property=\"article:published_time\" content=\"2013-12-18T11:28:43+00:00\" \/>\n<meta property=\"article:modified_time\" content=\"2017-12-08T10:08:17+00:00\" \/>\n<meta property=\"og:image\" content=\"https:\/\/www.vegaintro-projekti.com\/pilar-stari\/wp-content\/images\/stories\/fotografije\/razno\/Dan_2013\/Dan2013_1s.jpg\" \/>\n<meta name=\"author\" content=\"pilar-admin\" \/>\n<meta name=\"twitter:card\" content=\"summary_large_image\" \/>\n<meta name=\"twitter:label1\" content=\"Napisao\/la\" \/>\n\t<meta name=\"twitter:data1\" content=\"pilar-admin\" \/>\n\t<meta name=\"twitter:label2\" content=\"Procijenjeno vrijeme \u010ditanja\" \/>\n\t<meta name=\"twitter:data2\" content=\"2 minute\" \/>\n<script type=\"application\/ld+json\" class=\"yoast-schema-graph\">{\"@context\":\"https:\/\/schema.org\",\"@graph\":[{\"@type\":\"WebPage\",\"@id\":\"https:\/\/www.vegaintro-projekti.com\/pilar-stari\/2013\/12\/dan-instituta-pilar-2013-obiljezen-u-gospicu\/\",\"url\":\"https:\/\/www.vegaintro-projekti.com\/pilar-stari\/2013\/12\/dan-instituta-pilar-2013-obiljezen-u-gospicu\/\",\"name\":\"Dan Instituta Pilar 2013. obilje\u017een u Gospi\u0107u - Institut dru&scaron;tvenih znanosti Ivo Pilar\",\"isPartOf\":{\"@id\":\"https:\/\/www.vegaintro-projekti.com\/pilar-stari\/#website\"},\"datePublished\":\"2013-12-18T11:28:43+00:00\",\"dateModified\":\"2017-12-08T10:08:17+00:00\",\"author\":{\"@id\":\"https:\/\/www.vegaintro-projekti.com\/pilar-stari\/#\/schema\/person\/c0db50ebd77c4409e19b18044bbf10c1\"},\"breadcrumb\":{\"@id\":\"https:\/\/www.vegaintro-projekti.com\/pilar-stari\/2013\/12\/dan-instituta-pilar-2013-obiljezen-u-gospicu\/#breadcrumb\"},\"inLanguage\":\"hr\",\"potentialAction\":[{\"@type\":\"ReadAction\",\"target\":[\"https:\/\/www.vegaintro-projekti.com\/pilar-stari\/2013\/12\/dan-instituta-pilar-2013-obiljezen-u-gospicu\/\"]}]},{\"@type\":\"BreadcrumbList\",\"@id\":\"https:\/\/www.vegaintro-projekti.com\/pilar-stari\/2013\/12\/dan-instituta-pilar-2013-obiljezen-u-gospicu\/#breadcrumb\",\"itemListElement\":[{\"@type\":\"ListItem\",\"position\":1,\"name\":\"Home\",\"item\":\"https:\/\/www.vegaintro-projekti.com\/pilar-stari\/\"},{\"@type\":\"ListItem\",\"position\":2,\"name\":\"Dan Instituta Pilar 2013. obilje\u017een u Gospi\u0107u\"}]},{\"@type\":\"WebSite\",\"@id\":\"https:\/\/www.vegaintro-projekti.com\/pilar-stari\/#website\",\"url\":\"https:\/\/www.vegaintro-projekti.com\/pilar-stari\/\",\"name\":\"Institut dru&scaron;tvenih znanosti Ivo Pilar\",\"description\":\"Pilar\",\"potentialAction\":[{\"@type\":\"SearchAction\",\"target\":{\"@type\":\"EntryPoint\",\"urlTemplate\":\"https:\/\/www.vegaintro-projekti.com\/pilar-stari\/?s={search_term_string}\"},\"query-input\":\"required name=search_term_string\"}],\"inLanguage\":\"hr\"},{\"@type\":\"Person\",\"@id\":\"https:\/\/www.vegaintro-projekti.com\/pilar-stari\/#\/schema\/person\/c0db50ebd77c4409e19b18044bbf10c1\",\"name\":\"pilar-admin\",\"image\":{\"@type\":\"ImageObject\",\"inLanguage\":\"hr\",\"@id\":\"https:\/\/www.vegaintro-projekti.com\/pilar-stari\/#\/schema\/person\/image\/\",\"url\":\"https:\/\/secure.gravatar.com\/avatar\/fac9e03c4db0011b9c1ad8b5e9c74b8c?s=96&d=mm&r=g\",\"contentUrl\":\"https:\/\/secure.gravatar.com\/avatar\/fac9e03c4db0011b9c1ad8b5e9c74b8c?s=96&d=mm&r=g\",\"caption\":\"pilar-admin\"},\"url\":\"https:\/\/www.vegaintro-projekti.com\/pilar-stari\/author\/pilar-admin\/\"}]}<\/script>\n<!-- \/ Yoast SEO plugin. -->","yoast_head_json":{"title":"Dan Instituta Pilar 2013. obilje\u017een u Gospi\u0107u - Institut dru&scaron;tvenih znanosti Ivo Pilar","robots":{"index":"noindex","follow":"follow","max-snippet":"max-snippet:-1","max-image-preview":"max-image-preview:large","max-video-preview":"max-video-preview:-1"},"og_locale":"hr_HR","og_type":"article","og_title":"Dan Instituta Pilar 2013. obilje\u017een u Gospi\u0107u - Institut dru&scaron;tvenih znanosti Ivo Pilar","og_description":"Obilje\u017eavanje Dana Instituta u Gospi\u0107u bio je dobrodo\u0161ao poticaj za daljnji rad Podru\u010dnoga centra i njegovih zaposlenika, a ujedno mo\u017ee poslu\u017eiti i kao preporuka za budu\u0107e proslave Dana Instituta izvan sredi\u0161njice &nbsp; Zaposlenici Instituta Ivo Pilar ispred sjedi\u0161ta Podru\u010dnog centra Gospi\u0107 u povodu Dana Instituta 2013. Dan Instituta Ivo Pilar 26. studenog 2013. bila je&hellip; Pro\u010ditaj vi\u0161e o Dan Instituta Pilar 2013. obilje\u017een u Gospi\u0107u","og_url":"https:\/\/www.vegaintro-projekti.com\/pilar-stari\/2013\/12\/dan-instituta-pilar-2013-obiljezen-u-gospicu\/","og_site_name":"Institut dru&scaron;tvenih znanosti Ivo Pilar","article_published_time":"2013-12-18T11:28:43+00:00","article_modified_time":"2017-12-08T10:08:17+00:00","og_image":[{"url":"https:\/\/www.vegaintro-projekti.com\/pilar-stari\/wp-content\/images\/stories\/fotografije\/razno\/Dan_2013\/Dan2013_1s.jpg"}],"author":"pilar-admin","twitter_card":"summary_large_image","twitter_misc":{"Napisao\/la":"pilar-admin","Procijenjeno vrijeme \u010ditanja":"2 minute"},"schema":{"@context":"https:\/\/schema.org","@graph":[{"@type":"WebPage","@id":"https:\/\/www.vegaintro-projekti.com\/pilar-stari\/2013\/12\/dan-instituta-pilar-2013-obiljezen-u-gospicu\/","url":"https:\/\/www.vegaintro-projekti.com\/pilar-stari\/2013\/12\/dan-instituta-pilar-2013-obiljezen-u-gospicu\/","name":"Dan Instituta Pilar 2013. obilje\u017een u Gospi\u0107u - Institut dru&scaron;tvenih znanosti Ivo Pilar","isPartOf":{"@id":"https:\/\/www.vegaintro-projekti.com\/pilar-stari\/#website"},"datePublished":"2013-12-18T11:28:43+00:00","dateModified":"2017-12-08T10:08:17+00:00","author":{"@id":"https:\/\/www.vegaintro-projekti.com\/pilar-stari\/#\/schema\/person\/c0db50ebd77c4409e19b18044bbf10c1"},"breadcrumb":{"@id":"https:\/\/www.vegaintro-projekti.com\/pilar-stari\/2013\/12\/dan-instituta-pilar-2013-obiljezen-u-gospicu\/#breadcrumb"},"inLanguage":"hr","potentialAction":[{"@type":"ReadAction","target":["https:\/\/www.vegaintro-projekti.com\/pilar-stari\/2013\/12\/dan-instituta-pilar-2013-obiljezen-u-gospicu\/"]}]},{"@type":"BreadcrumbList","@id":"https:\/\/www.vegaintro-projekti.com\/pilar-stari\/2013\/12\/dan-instituta-pilar-2013-obiljezen-u-gospicu\/#breadcrumb","itemListElement":[{"@type":"ListItem","position":1,"name":"Home","item":"https:\/\/www.vegaintro-projekti.com\/pilar-stari\/"},{"@type":"ListItem","position":2,"name":"Dan Instituta Pilar 2013. obilje\u017een u Gospi\u0107u"}]},{"@type":"WebSite","@id":"https:\/\/www.vegaintro-projekti.com\/pilar-stari\/#website","url":"https:\/\/www.vegaintro-projekti.com\/pilar-stari\/","name":"Institut dru&scaron;tvenih znanosti Ivo Pilar","description":"Pilar","potentialAction":[{"@type":"SearchAction","target":{"@type":"EntryPoint","urlTemplate":"https:\/\/www.vegaintro-projekti.com\/pilar-stari\/?s={search_term_string}"},"query-input":"required name=search_term_string"}],"inLanguage":"hr"},{"@type":"Person","@id":"https:\/\/www.vegaintro-projekti.com\/pilar-stari\/#\/schema\/person\/c0db50ebd77c4409e19b18044bbf10c1","name":"pilar-admin","image":{"@type":"ImageObject","inLanguage":"hr","@id":"https:\/\/www.vegaintro-projekti.com\/pilar-stari\/#\/schema\/person\/image\/","url":"https:\/\/secure.gravatar.com\/avatar\/fac9e03c4db0011b9c1ad8b5e9c74b8c?s=96&d=mm&r=g","contentUrl":"https:\/\/secure.gravatar.com\/avatar\/fac9e03c4db0011b9c1ad8b5e9c74b8c?s=96&d=mm&r=g","caption":"pilar-admin"},"url":"https:\/\/www.vegaintro-projekti.com\/pilar-stari\/author\/pilar-admin\/"}]}},"_links":{"self":[{"href":"https:\/\/www.vegaintro-projekti.com\/pilar-stari\/wp-json\/wp\/v2\/posts\/605"}],"collection":[{"href":"https:\/\/www.vegaintro-projekti.com\/pilar-stari\/wp-json\/wp\/v2\/posts"}],"about":[{"href":"https:\/\/www.vegaintro-projekti.com\/pilar-stari\/wp-json\/wp\/v2\/types\/post"}],"author":[{"embeddable":true,"href":"https:\/\/www.vegaintro-projekti.com\/pilar-stari\/wp-json\/wp\/v2\/users\/1"}],"replies":[{"embeddable":true,"href":"https:\/\/www.vegaintro-projekti.com\/pilar-stari\/wp-json\/wp\/v2\/comments?post=605"}],"version-history":[{"count":6,"href":"https:\/\/www.vegaintro-projekti.com\/pilar-stari\/wp-json\/wp\/v2\/posts\/605\/revisions"}],"predecessor-version":[{"id":7508,"href":"https:\/\/www.vegaintro-projekti.com\/pilar-stari\/wp-json\/wp\/v2\/posts\/605\/revisions\/7508"}],"wp:attachment":[{"href":"https:\/\/www.vegaintro-projekti.com\/pilar-stari\/wp-json\/wp\/v2\/media?parent=605"}],"wp:term":[{"taxonomy":"category","embeddable":true,"href":"https:\/\/www.vegaintro-projekti.com\/pilar-stari\/wp-json\/wp\/v2\/categories?post=605"},{"taxonomy":"post_tag","embeddable":true,"href":"https:\/\/www.vegaintro-projekti.com\/pilar-stari\/wp-json\/wp\/v2\/tags?post=605"}],"curies":[{"name":"wp","href":"https:\/\/api.w.org\/{rel}","templated":true}]}}