{"id":612,"date":"2014-01-12T21:51:05","date_gmt":"2014-01-12T21:51:05","guid":{"rendered":"https:\/\/www.vegaintro-projekti.com\/pilar-stari\/2014\/01\/12\/objavljen-14-broj-casopisa-pilar\/"},"modified":"2017-12-08T10:16:13","modified_gmt":"2017-12-08T10:16:13","slug":"objavljen-14-broj-casopisa-pilar","status":"publish","type":"post","link":"https:\/\/www.vegaintro-projekti.com\/pilar-stari\/2014\/01\/objavljen-14-broj-casopisa-pilar\/","title":{"rendered":"Objavljen 14. broj \u010dasopisa PILAR"},"content":{"rendered":"<p><strong>Iz tiska je iza\u0161ao 14. broj \u010casopisa za dru\u0161tvene i humanisti\u010dke studije PILAR. Uz rasprave Ante \u0160kegre, Marka Rimca, Suzane Martinovi\u0107 i Mislava Gabelice broj u Prilozima donosi, uz bilje\u0161ku I. Marke\u0161i\u0107a, \u010dlanak Ive Pilara &#8220;O Svetom Savi i njegovu znamenovanju&#8221;, a Gradivo donosi &#8220;Pabirke iz korespondencije Ive Pilara i Fritza Byloffa (1926.\u20141933.)&#8221;. U Dodatku broja objavljeni su Memoari Stjepan Srkulja uz skicu za njegov \u017eivotopis iz pera S. Matkovi\u0107a<\/strong><\/p>\n<table border=\"0\">\n<tbody>\n<tr>\n<td><img decoding=\"async\" loading=\"lazy\" src=\"https:\/\/www.vegaintro-projekti.com\/pilar-stari\/wp-content\/images\/stories\/fotografije\/casopis-pilar\/P_14_nasl.jpg\" alt=\"P 14 nasl\" width=\"217\" height=\"314\" \/><\/td>\n<td valign=\"bottom\"><span style=\"font-size: 8pt;\"><strong>PILAR &#8211; \u010casopis za dru\u0161tvene i humanisti\u010dke studije<br \/>Godi\u0161te VII. (2012.), broj 2 (14)<br \/>Glavni urednik: Zlatko MATIJEVI\u0106<br \/>Zamjenik glavnog urednika: Zlatko HASANBEGOVI\u0106&nbsp;<br \/>Tajnica uredni\u0161tva: Ivana \u017dEBEC \u0160ILJ<br \/>&#8211;&nbsp;<a href=\"https:\/\/www.vegaintro-projekti.com\/pilar-stari\/2008\/10\/asopis-pilar\/\">O \u010dasopisu<\/a><br \/>&#8211;&nbsp;<a href=\"https:\/\/www.vegaintro-projekti.com\/pilar-stari\/2008\/11\/asopis-pregled-sadraja\/\">Svi brojevi \u010casopisa Pilar<\/a><br \/>&#8211;&nbsp;<a href=\"#sadrzaj\">Sadr\u017eaj br. 14\/2012.<\/a><\/strong><\/span><\/td>\n<\/tr>\n<\/tbody>\n<\/table>\n<p>&nbsp;<\/p>\n<p><span style=\"font-size: 12pt;\"><a name=\"sadrzaj\">&nbsp;<\/a><br \/>Sadr\u017eaj br. 14\/2012.<\/span><\/p>\n<p><a href=\"https:\/\/www.vegaintro-projekti.com\/pilar-stari\/wp-content\/images\/stories\/fotografije\/casopis-pilar\/P_14_naslovnica.jpg\">Naslovnica<\/a> \/ <a href=\"https:\/\/www.vegaintro-projekti.com\/pilar-stari\/wp-content\/images\/stories\/dokumenti\/casopis_pilar\/br_14\/Pilar_14_1.pdf\">Impresum<\/a> \/ <a href=\"https:\/\/www.vegaintro-projekti.com\/pilar-stari\/wp-content\/images\/stories\/dokumenti\/casopis_pilar\/br_14\/Pilar_14_3.pdf\">Sadr\u017eaj<\/a><\/p>\n<p><strong>RASPRAVE<\/strong><\/p>\n<p>Ante \u0160KEGRO \u2014 Marko RIMAC \u2014 Suzana MARTINOVI\u0106: <a href=\"https:\/\/www.vegaintro-projekti.com\/pilar-stari\/wp-content\/images\/stories\/dokumenti\/casopis_pilar\/br_14\/Pilar_14_5.pdf\">Diplomatski spor zbog jednoga katoli\u010dkog kr\u0161tenja u Splitu 1745. godine<\/a><br \/>Mislav GABELICA: <a href=\"https:\/\/www.vegaintro-projekti.com\/pilar-stari\/wp-content\/images\/stories\/dokumenti\/casopis_pilar\/br_14\/Pilar_14_18.pdf\">Katoli\u010dki sve\u0107enici u banskoj Hrvatskoj na izbornim listama frankova\u010dkih prava\u0161a&nbsp;(1895.\u20141914.)<\/a><\/p>\n<p><strong>PRILOZI<\/strong><\/p>\n<p><a href=\"https:\/\/www.vegaintro-projekti.com\/pilar-stari\/wp-content\/images\/stories\/dokumenti\/casopis_pilar\/br_14\/Pilar_14_36.pdf\">\u010cime je sv. Sava &#8220;op\u010darao&#8221; Ivu Pilara<\/a> (I. Marke\u0161i\u0107)<br \/>Ivo PILAR, <a href=\"https:\/\/www.vegaintro-projekti.com\/pilar-stari\/wp-content\/images\/stories\/dokumenti\/casopis_pilar\/br_14\/Pilar_14_39.pdf\">O Svetom Savi i njegovu znamenovanju<\/a><\/p>\n<p><strong>GRADIVO<\/strong><\/p>\n<p><a href=\"https:\/\/www.vegaintro-projekti.com\/pilar-stari\/wp-content\/images\/stories\/dokumenti\/casopis_pilar\/br_14\/Pilar_14_46.pdf\">Pabirci iz korespondencije Ive Pilara i Fritza Byloffa (1926.\u20141933.)<\/a><\/p>\n<p><strong>OSVRT S POVODOM<\/strong><\/p>\n<p>Zlatko KUDELI\u0106: <a href=\"https:\/\/www.vegaintro-projekti.com\/pilar-stari\/wp-content\/images\/stories\/dokumenti\/casopis_pilar\/br_14\/Pilar_14_52.pdf\">Intelektualci na marginama visoke politike<\/a><br \/>Jure KRI\u0160TO: <a href=\"https:\/\/www.vegaintro-projekti.com\/pilar-stari\/wp-content\/images\/stories\/dokumenti\/casopis_pilar\/br_14\/Pilar_14_58.pdf\">Od nesnala\u017eenja do pravilnoga izbora \u2014 Politi\u010dko prilago\u0111avanje (nekih) franjevaca Bosne Srebrene u komunizmu i nakon njegova sloma<\/a><\/p>\n<p><strong>OCJENE I PRIKAZI<\/strong><\/p>\n<p><a href=\"https:\/\/www.vegaintro-projekti.com\/pilar-stari\/wp-content\/images\/stories\/dokumenti\/casopis_pilar\/br_14\/Pilar_14_67.pdf\">Dr. Franjo Tu\u0111man u okviru hrvatske historiografije, Zagreb, 2011.<\/a> (I. \u017debec \u0160ilj)<br \/><a href=\"https:\/\/www.vegaintro-projekti.com\/pilar-stari\/wp-content\/images\/stories\/dokumenti\/casopis_pilar\/br_14\/Pilar_14_69.pdf\">Ivica Zvonar, Mons. dr. Fran Barac (1872.\u20141940.). \u017divot i djelo, Zagreb, 2011.<\/a> (M. Matijevi\u0107)<br \/><a href=\"https:\/\/www.vegaintro-projekti.com\/pilar-stari\/wp-content\/images\/stories\/dokumenti\/casopis_pilar\/br_14\/Pilar_14_70.pdf\">Hrvoje Petri\u0107, Pograni\u010dna dru\u0161tva i okoli\u0161. Vara\u017edinski generalat i Kri\u017eeva\u010dka \u017eupanija u 17. stolje\u0107u, Samobor \u2014 Zagreb, 2012.<\/a> (I. Zvonar)<\/p>\n<p><strong>KRONIKA<\/strong><\/p>\n<p><a href=\"https:\/\/www.vegaintro-projekti.com\/pilar-stari\/wp-content\/images\/stories\/dokumenti\/casopis_pilar\/br_14\/Pilar_14_72.pdf\">Ivo Pilar u Zmajskoj kuli<\/a> (z. m.)<\/p>\n<p><strong>IN MEMORIAM<\/strong><\/p>\n<p><a href=\"https:\/\/www.vegaintro-projekti.com\/pilar-stari\/wp-content\/images\/stories\/dokumenti\/casopis_pilar\/br_14\/Pilar_14_75.pdf\">Rene Lovren\u010di\u0107 (1928.\u20142012.)<\/a><br \/><a href=\"https:\/\/www.vegaintro-projekti.com\/pilar-stari\/wp-content\/images\/stories\/dokumenti\/casopis_pilar\/br_14\/Pilar_14_77.pdf\">Mirjana Gross (1922.\u20142012.)<\/a><\/p>\n<p><strong>DODATAK<\/strong><\/p>\n<p>Stjepan SRKULJ: <a href=\"https:\/\/www.vegaintro-projekti.com\/pilar-stari\/wp-content\/images\/stories\/dokumenti\/casopis_pilar\/br_14\/Pilar_14_82.pdf\">Memoari<\/a><br \/><a href=\"https:\/\/www.vegaintro-projekti.com\/pilar-stari\/wp-content\/images\/stories\/dokumenti\/casopis_pilar\/br_14\/Pilar_14_125.pdf\">Skica za \u017eivotopis Stjepana Srkulja<\/a> (S. Matkovi\u0107)<\/p>\n<p>&gt;&gt;&gt; <a href=\"https:\/\/www.vegaintro-projekti.com\/pilar-stari\/wp-content\/images\/stories\/dokumenti\/casopis_pilar\/br_14\/Pilar_14_sve.pdf\">Puni tekst \u010dasopisa PILAR, br. 14\/2012.<\/a><\/p>\n<p>&nbsp;<\/p>\n","protected":false},"excerpt":{"rendered":"<p>Iz tiska je iza\u0161ao 14. broj \u010casopisa za dru\u0161tvene i humanisti\u010dke studije PILAR. Uz rasprave Ante \u0160kegre, Marka Rimca, Suzane Martinovi\u0107 i Mislava Gabelice broj u Prilozima donosi, uz bilje\u0161ku I. Marke\u0161i\u0107a, \u010dlanak Ive Pilara &#8220;O Svetom Savi i njegovu znamenovanju&#8221;, a Gradivo donosi &#8220;Pabirke iz korespondencije Ive Pilara i Fritza Byloffa (1926.\u20141933.)&#8221;. U Dodatku&hellip; <a class=\"continue\" href=\"https:\/\/www.vegaintro-projekti.com\/pilar-stari\/2014\/01\/objavljen-14-broj-casopisa-pilar\/\">Pro\u010ditaj vi\u0161e o<span> Objavljen 14. broj \u010dasopisa PILAR<\/span><\/a><\/p>\n","protected":false},"author":1,"featured_media":0,"comment_status":"open","ping_status":"open","sticky":false,"template":"","format":"standard","meta":{"inline_featured_image":false,"ngg_post_thumbnail":0,"footnotes":""},"categories":[9],"tags":[],"yoast_head":"<!-- This site is optimized with the Yoast SEO plugin v21.2 - https:\/\/yoast.com\/wordpress\/plugins\/seo\/ -->\n<title>Objavljen 14. broj \u010dasopisa PILAR - Institut dru&scaron;tvenih znanosti Ivo Pilar<\/title>\n<meta name=\"robots\" content=\"noindex, follow, max-snippet:-1, max-image-preview:large, max-video-preview:-1\" \/>\n<meta property=\"og:locale\" content=\"hr_HR\" \/>\n<meta property=\"og:type\" content=\"article\" \/>\n<meta property=\"og:title\" content=\"Objavljen 14. broj \u010dasopisa PILAR - Institut dru&scaron;tvenih znanosti Ivo Pilar\" \/>\n<meta property=\"og:description\" content=\"Iz tiska je iza\u0161ao 14. broj \u010casopisa za dru\u0161tvene i humanisti\u010dke studije PILAR. Uz rasprave Ante \u0160kegre, Marka Rimca, Suzane Martinovi\u0107 i Mislava Gabelice broj u Prilozima donosi, uz bilje\u0161ku I. Marke\u0161i\u0107a, \u010dlanak Ive Pilara &#8220;O Svetom Savi i njegovu znamenovanju&#8221;, a Gradivo donosi &#8220;Pabirke iz korespondencije Ive Pilara i Fritza Byloffa (1926.\u20141933.)&#8221;. U Dodatku&hellip; Pro\u010ditaj vi\u0161e o Objavljen 14. broj \u010dasopisa PILAR\" \/>\n<meta property=\"og:url\" content=\"https:\/\/www.vegaintro-projekti.com\/pilar-stari\/2014\/01\/objavljen-14-broj-casopisa-pilar\/\" \/>\n<meta property=\"og:site_name\" content=\"Institut dru&scaron;tvenih znanosti Ivo Pilar\" \/>\n<meta property=\"article:published_time\" content=\"2014-01-12T21:51:05+00:00\" \/>\n<meta property=\"article:modified_time\" content=\"2017-12-08T10:16:13+00:00\" \/>\n<meta property=\"og:image\" content=\"https:\/\/www.vegaintro-projekti.com\/pilar-stari\/wp-content\/images\/stories\/fotografije\/casopis-pilar\/P_14_nasl.jpg\" \/>\n<meta name=\"author\" content=\"pilar-admin\" \/>\n<meta name=\"twitter:card\" content=\"summary_large_image\" \/>\n<meta name=\"twitter:label1\" content=\"Napisao\/la\" \/>\n\t<meta name=\"twitter:data1\" content=\"pilar-admin\" \/>\n\t<meta name=\"twitter:label2\" content=\"Procijenjeno vrijeme \u010ditanja\" \/>\n\t<meta name=\"twitter:data2\" content=\"2 minute\" \/>\n<script type=\"application\/ld+json\" class=\"yoast-schema-graph\">{\"@context\":\"https:\/\/schema.org\",\"@graph\":[{\"@type\":\"WebPage\",\"@id\":\"https:\/\/www.vegaintro-projekti.com\/pilar-stari\/2014\/01\/objavljen-14-broj-casopisa-pilar\/\",\"url\":\"https:\/\/www.vegaintro-projekti.com\/pilar-stari\/2014\/01\/objavljen-14-broj-casopisa-pilar\/\",\"name\":\"Objavljen 14. broj \u010dasopisa PILAR - Institut dru&scaron;tvenih znanosti Ivo Pilar\",\"isPartOf\":{\"@id\":\"https:\/\/www.vegaintro-projekti.com\/pilar-stari\/#website\"},\"datePublished\":\"2014-01-12T21:51:05+00:00\",\"dateModified\":\"2017-12-08T10:16:13+00:00\",\"author\":{\"@id\":\"https:\/\/www.vegaintro-projekti.com\/pilar-stari\/#\/schema\/person\/c0db50ebd77c4409e19b18044bbf10c1\"},\"breadcrumb\":{\"@id\":\"https:\/\/www.vegaintro-projekti.com\/pilar-stari\/2014\/01\/objavljen-14-broj-casopisa-pilar\/#breadcrumb\"},\"inLanguage\":\"hr\",\"potentialAction\":[{\"@type\":\"ReadAction\",\"target\":[\"https:\/\/www.vegaintro-projekti.com\/pilar-stari\/2014\/01\/objavljen-14-broj-casopisa-pilar\/\"]}]},{\"@type\":\"BreadcrumbList\",\"@id\":\"https:\/\/www.vegaintro-projekti.com\/pilar-stari\/2014\/01\/objavljen-14-broj-casopisa-pilar\/#breadcrumb\",\"itemListElement\":[{\"@type\":\"ListItem\",\"position\":1,\"name\":\"Home\",\"item\":\"https:\/\/www.vegaintro-projekti.com\/pilar-stari\/\"},{\"@type\":\"ListItem\",\"position\":2,\"name\":\"Objavljen 14. broj \u010dasopisa PILAR\"}]},{\"@type\":\"WebSite\",\"@id\":\"https:\/\/www.vegaintro-projekti.com\/pilar-stari\/#website\",\"url\":\"https:\/\/www.vegaintro-projekti.com\/pilar-stari\/\",\"name\":\"Institut dru&scaron;tvenih znanosti Ivo Pilar\",\"description\":\"Pilar\",\"potentialAction\":[{\"@type\":\"SearchAction\",\"target\":{\"@type\":\"EntryPoint\",\"urlTemplate\":\"https:\/\/www.vegaintro-projekti.com\/pilar-stari\/?s={search_term_string}\"},\"query-input\":\"required name=search_term_string\"}],\"inLanguage\":\"hr\"},{\"@type\":\"Person\",\"@id\":\"https:\/\/www.vegaintro-projekti.com\/pilar-stari\/#\/schema\/person\/c0db50ebd77c4409e19b18044bbf10c1\",\"name\":\"pilar-admin\",\"image\":{\"@type\":\"ImageObject\",\"inLanguage\":\"hr\",\"@id\":\"https:\/\/www.vegaintro-projekti.com\/pilar-stari\/#\/schema\/person\/image\/\",\"url\":\"https:\/\/secure.gravatar.com\/avatar\/fac9e03c4db0011b9c1ad8b5e9c74b8c?s=96&d=mm&r=g\",\"contentUrl\":\"https:\/\/secure.gravatar.com\/avatar\/fac9e03c4db0011b9c1ad8b5e9c74b8c?s=96&d=mm&r=g\",\"caption\":\"pilar-admin\"},\"url\":\"https:\/\/www.vegaintro-projekti.com\/pilar-stari\/author\/pilar-admin\/\"}]}<\/script>\n<!-- \/ Yoast SEO plugin. -->","yoast_head_json":{"title":"Objavljen 14. broj \u010dasopisa PILAR - Institut dru&scaron;tvenih znanosti Ivo Pilar","robots":{"index":"noindex","follow":"follow","max-snippet":"max-snippet:-1","max-image-preview":"max-image-preview:large","max-video-preview":"max-video-preview:-1"},"og_locale":"hr_HR","og_type":"article","og_title":"Objavljen 14. broj \u010dasopisa PILAR - Institut dru&scaron;tvenih znanosti Ivo Pilar","og_description":"Iz tiska je iza\u0161ao 14. broj \u010casopisa za dru\u0161tvene i humanisti\u010dke studije PILAR. Uz rasprave Ante \u0160kegre, Marka Rimca, Suzane Martinovi\u0107 i Mislava Gabelice broj u Prilozima donosi, uz bilje\u0161ku I. Marke\u0161i\u0107a, \u010dlanak Ive Pilara &#8220;O Svetom Savi i njegovu znamenovanju&#8221;, a Gradivo donosi &#8220;Pabirke iz korespondencije Ive Pilara i Fritza Byloffa (1926.\u20141933.)&#8221;. U Dodatku&hellip; Pro\u010ditaj vi\u0161e o Objavljen 14. broj \u010dasopisa PILAR","og_url":"https:\/\/www.vegaintro-projekti.com\/pilar-stari\/2014\/01\/objavljen-14-broj-casopisa-pilar\/","og_site_name":"Institut dru&scaron;tvenih znanosti Ivo Pilar","article_published_time":"2014-01-12T21:51:05+00:00","article_modified_time":"2017-12-08T10:16:13+00:00","og_image":[{"url":"https:\/\/www.vegaintro-projekti.com\/pilar-stari\/wp-content\/images\/stories\/fotografije\/casopis-pilar\/P_14_nasl.jpg"}],"author":"pilar-admin","twitter_card":"summary_large_image","twitter_misc":{"Napisao\/la":"pilar-admin","Procijenjeno vrijeme \u010ditanja":"2 minute"},"schema":{"@context":"https:\/\/schema.org","@graph":[{"@type":"WebPage","@id":"https:\/\/www.vegaintro-projekti.com\/pilar-stari\/2014\/01\/objavljen-14-broj-casopisa-pilar\/","url":"https:\/\/www.vegaintro-projekti.com\/pilar-stari\/2014\/01\/objavljen-14-broj-casopisa-pilar\/","name":"Objavljen 14. broj \u010dasopisa PILAR - Institut dru&scaron;tvenih znanosti Ivo Pilar","isPartOf":{"@id":"https:\/\/www.vegaintro-projekti.com\/pilar-stari\/#website"},"datePublished":"2014-01-12T21:51:05+00:00","dateModified":"2017-12-08T10:16:13+00:00","author":{"@id":"https:\/\/www.vegaintro-projekti.com\/pilar-stari\/#\/schema\/person\/c0db50ebd77c4409e19b18044bbf10c1"},"breadcrumb":{"@id":"https:\/\/www.vegaintro-projekti.com\/pilar-stari\/2014\/01\/objavljen-14-broj-casopisa-pilar\/#breadcrumb"},"inLanguage":"hr","potentialAction":[{"@type":"ReadAction","target":["https:\/\/www.vegaintro-projekti.com\/pilar-stari\/2014\/01\/objavljen-14-broj-casopisa-pilar\/"]}]},{"@type":"BreadcrumbList","@id":"https:\/\/www.vegaintro-projekti.com\/pilar-stari\/2014\/01\/objavljen-14-broj-casopisa-pilar\/#breadcrumb","itemListElement":[{"@type":"ListItem","position":1,"name":"Home","item":"https:\/\/www.vegaintro-projekti.com\/pilar-stari\/"},{"@type":"ListItem","position":2,"name":"Objavljen 14. broj \u010dasopisa PILAR"}]},{"@type":"WebSite","@id":"https:\/\/www.vegaintro-projekti.com\/pilar-stari\/#website","url":"https:\/\/www.vegaintro-projekti.com\/pilar-stari\/","name":"Institut dru&scaron;tvenih znanosti Ivo Pilar","description":"Pilar","potentialAction":[{"@type":"SearchAction","target":{"@type":"EntryPoint","urlTemplate":"https:\/\/www.vegaintro-projekti.com\/pilar-stari\/?s={search_term_string}"},"query-input":"required name=search_term_string"}],"inLanguage":"hr"},{"@type":"Person","@id":"https:\/\/www.vegaintro-projekti.com\/pilar-stari\/#\/schema\/person\/c0db50ebd77c4409e19b18044bbf10c1","name":"pilar-admin","image":{"@type":"ImageObject","inLanguage":"hr","@id":"https:\/\/www.vegaintro-projekti.com\/pilar-stari\/#\/schema\/person\/image\/","url":"https:\/\/secure.gravatar.com\/avatar\/fac9e03c4db0011b9c1ad8b5e9c74b8c?s=96&d=mm&r=g","contentUrl":"https:\/\/secure.gravatar.com\/avatar\/fac9e03c4db0011b9c1ad8b5e9c74b8c?s=96&d=mm&r=g","caption":"pilar-admin"},"url":"https:\/\/www.vegaintro-projekti.com\/pilar-stari\/author\/pilar-admin\/"}]}},"_links":{"self":[{"href":"https:\/\/www.vegaintro-projekti.com\/pilar-stari\/wp-json\/wp\/v2\/posts\/612"}],"collection":[{"href":"https:\/\/www.vegaintro-projekti.com\/pilar-stari\/wp-json\/wp\/v2\/posts"}],"about":[{"href":"https:\/\/www.vegaintro-projekti.com\/pilar-stari\/wp-json\/wp\/v2\/types\/post"}],"author":[{"embeddable":true,"href":"https:\/\/www.vegaintro-projekti.com\/pilar-stari\/wp-json\/wp\/v2\/users\/1"}],"replies":[{"embeddable":true,"href":"https:\/\/www.vegaintro-projekti.com\/pilar-stari\/wp-json\/wp\/v2\/comments?post=612"}],"version-history":[{"count":5,"href":"https:\/\/www.vegaintro-projekti.com\/pilar-stari\/wp-json\/wp\/v2\/posts\/612\/revisions"}],"predecessor-version":[{"id":7588,"href":"https:\/\/www.vegaintro-projekti.com\/pilar-stari\/wp-json\/wp\/v2\/posts\/612\/revisions\/7588"}],"wp:attachment":[{"href":"https:\/\/www.vegaintro-projekti.com\/pilar-stari\/wp-json\/wp\/v2\/media?parent=612"}],"wp:term":[{"taxonomy":"category","embeddable":true,"href":"https:\/\/www.vegaintro-projekti.com\/pilar-stari\/wp-json\/wp\/v2\/categories?post=612"},{"taxonomy":"post_tag","embeddable":true,"href":"https:\/\/www.vegaintro-projekti.com\/pilar-stari\/wp-json\/wp\/v2\/tags?post=612"}],"curies":[{"name":"wp","href":"https:\/\/api.w.org\/{rel}","templated":true}]}}