{"id":621,"date":"2014-02-22T20:19:43","date_gmt":"2014-02-22T20:19:43","guid":{"rendered":"https:\/\/www.vegaintro-projekti.com\/pilar-stari\/2014\/02\/22\/institut-ivo-pilar-u-fp7-projektu-mjerenje-dobrobiti-mladih-myweb\/"},"modified":"2019-07-28T17:37:30","modified_gmt":"2019-07-28T17:37:30","slug":"institut-ivo-pilar-u-fp7-projektu-mjerenje-dobrobiti-mladih-myweb","status":"publish","type":"post","link":"https:\/\/www.vegaintro-projekti.com\/pilar-stari\/2014\/02\/institut-ivo-pilar-u-fp7-projektu-mjerenje-dobrobiti-mladih-myweb\/","title":{"rendered":"Institut Ivo Pilar u FP7 projektu Mjerenje dobrobiti mladih &#8211; MYWEB"},"content":{"rendered":"<p><strong>Projekt Mjerenje dobrobiti mladih \u2013 <em>Measuring Youth Well-Being,<\/em> MYWEB &#8211; predstavlja studiju izvedivosti provedbe Europskoga longitudinalnog istra\u017eivanja djece i mladih (<em>European Longitudinal Study for Children and Young People,<\/em> ELSCYP) koje bi omogu\u0107ilo zahva\u0107anje cjelokupnog procesa odrastanja, po mogu\u0107nosti od ro\u0111enja do kraja djetetova \u0161kolovanja \u2013 uklju\u010duju\u0107i aspekte vezane uz tranzicije povezane sa zaposlenjem i roditeljstvom<\/strong><\/p>\n<p><img decoding=\"async\" loading=\"lazy\" class=\"alignnone size-medium wp-image-13361\" src=\"https:\/\/www.vegaintro-projekti.com\/pilar-stari\/wp-content\/uploads\/2019\/07\/Myweb-300x300.jpg\" alt=\"\" width=\"300\" height=\"300\" srcset=\"https:\/\/www.vegaintro-projekti.com\/pilar-stari\/wp-content\/uploads\/2019\/07\/Myweb-300x300.jpg 300w, https:\/\/www.vegaintro-projekti.com\/pilar-stari\/wp-content\/uploads\/2019\/07\/Myweb-150x150.jpg 150w, https:\/\/www.vegaintro-projekti.com\/pilar-stari\/wp-content\/uploads\/2019\/07\/Myweb.jpg 400w\" sizes=\"(max-width: 300px) 100vw, 300px\" \/><\/p>\n<p><strong>&#8211; Web stranica projekta MYWEB:<\/strong>&nbsp;<span style=\"color: #222222; font-family: 'Times New Roman', serif; font-size: 16px; text-decoration: underline;\"><span lang=\"EN-US\" style=\"font-family: Calibri, sans-serif; color: #18376a;\"><a style=\"color: #1155cc;\" href=\"http:\/\/www.fp7-myweb.eu\/\" target=\"_blank\" rel=\"noopener noreferrer\">www.fp7-myweb.eu<\/a><\/span><\/span><\/p>\n<p>Projekt MYWEB financiran je u okviru Sedmog okvirnog programa za istra\u017eivanje i tehnolo\u0161ki razvoj Europske komisije (FP7), u sklopu teme Prema Europskom longitudinalnom anketnom istra\u017eivanju djece i mladih (<em>Towards a European longitudinal childhood and youth survey<\/em>) \u2013 kroz poziv u okviru dru\u0161tveno-ekonomskih i humanisti\u010dkih tema 2013. godine. Projekt po\u010dinje u o\u017eujku 2014. godine i traje 30 mjeseci. Koordinacijska je ustanova MYWEB-a Sveu\u010dili\u0161te Manchester Metropolitan (<a href=\"http:\/\/www.mmuperu.co.uk\/projects\/measuring-youth-wellbeing-myweb\">Manchester Metropolitan University, UK<\/a>), a glavni koordinator prof. dr. sc. Gary Pollock. U projekt je uklju\u010deno 13 institucija iz 11 europskih zemalja. Pet institucija, me\u0111u njima i Institut Ivo Pilar, ima ulogu izvr\u0161nog partnera. Institut vodi 7. radni paket (WP7 Pilot-anketna istra\u017eivanja).&nbsp;<\/p>\n<p><span style=\"font-size: 12pt;\">O istra\u017eivanju<\/span><\/p>\n<p>Malo je komparativnih europskih istra\u017eivanja o najboljim javnim politikama i pristupima djelotvornog promicanja dobrobiti djece i mladih iako je vrlo va\u017eno da zdravi emocionalni, fizi\u010dki i psiholo\u0161ki \u017eivotni stilovi po\u010dnu od najranije dobi. Budu\u0107i da su takva istra\u017eivanja o skrbi, obrazovanju, slobodnom vremenu te dobrobiti djece i mladih povezana sa zna\u010dajnim metodolo\u0161kim izazovima, u projektu MYWEB \u0107e se istra\u017eiti izvedivost provedbe longitudinalnog anketnog istra\u017eivanja djece i mladih.<\/p>\n<p>Klju\u010dne su sastavnice projekta MYWEB:<\/p>\n<p>&#8211; pregled suvremenih i relevantnih javnih politika<br \/>\n&#8211; pregled metoda prikupljanja podataka,<br \/>\n&#8211; osmi\u0161ljavanje mogu\u0107nosti za Europsko longitudinalno istra\u017eivanje djece i mladih (ELSCYP) i<br \/>\n&#8211; vrednovanje tih mogu\u0107nosti u pogledu tehni\u010dke, politi\u010dke i financijske izvedivosti.<\/p>\n<p>U okviru Projekta u \u0161est zemalja \u0107e se provesti sveobuhvatno pilot-anketno istra\u017eivanje, a prikupljeni empirijski podaci o iskustvima s terena koristit \u0107e se kao izravni empirijski dokazi o izvedivosti ELSCYP-a.<\/p>\n<p>Kroz Projekt \u0107e se uva\u017eiti i interesi razli\u010ditih dionika, uklju\u010duju\u0107i odgovorne za javne politike na europskoj razini, razini zemalja \u010dlanica te na regionalnoj razini, kako bi ishodi Projekta uzeli u obzir naj\u0161iri raspon stru\u010dnjaka odgovornih za javne politike. U njega \u0107e osim toga biti uklju\u010dena djeca i mladi kako bi pridonijeli operacionalizaciji koncepta dobrobiti te razumijevanju najboljih na\u010dina provedbe ELSCYP-a.<\/p>\n<p>Glavni rezultat ili ishod projekta bit \u0107e identifikacija najprimjernijeg na\u010dina provedbe ELSCYP-a. Va\u017eni ishodi projekta bit \u0107e i rezultati pilot-istra\u017eivanja radi utvr\u0111ivanja izvedivosti najprimjernije opcije.<\/p>\n<p><span style=\"font-size: 12pt;\">Partneri projekta<\/span><\/p>\n<p>Partneri u projektu MYWEB:<\/p>\n<p>1. Manchester Metropolitan University, Manchester, United Kingdom<br \/>\n2. Universit\u00e4t Bremen, Germany<br \/>\n3. Universitat Pompeu Fabra, Barcelona, Spain<br \/>\n4. Institute of Social Sciences Ivo Pilar, Zagreb, Croatia<br \/>\n5. Debreceni Egyetem, Debrecen, Hungary<br \/>\n6. Daugavpils Universitate, Daugavpils, Latvia<br \/>\n7. Panteion University of Social and Political Sciences, Athens, Greece<br \/>\n8. Tallinn University, Tallinn, Estonia<br \/>\n9. University of SS Cyril and Methodius Centre for Research and Studies in Sociology, Trnava, Slovakia<br \/>\n10. Centro Investiga\u00e7\u00e3o e Estudos de Sociologia, Lisbon, Portugal<br \/>\n11. Caucasus Research Resource Centre, Tbilisi, Georgia<br \/>\n12. The Institute for Social and Economic Research at the University of Essex, Essex, United Kingdom<br \/>\n13. The University of Cambridge; Cambridge, United Kingdom.<\/p>\n<p><span style=\"font-size: 12pt;\">Informacije o projektu<\/span><\/p>\n<p>Na Va\u0161a pitanja rado \u0107e odgovoriti i voditeljica hrvatskog istra\u017eiva\u010dkog tima projekta MYWEB te voditeljica 7. radnog paketa prof. dr. sc. Renata Franc, Institut dru\u0161tvenih znanosti Ivo Pilar, Zagreb, <a href=\"mailto:Renata.Franc@vegaintro-projekti.com\/pilar-stari\">Renata.Franc@vegaintro-projekti.com\/pilar-stari<\/a>&nbsp;<\/p>\n<p><strong>\u2212 Web stranice projekta:<\/strong> <a href=\"http:\/\/fp7-myweb.eu\">http:\/\/fp7-myweb.eu<\/a> <strong>|<\/strong> <a href=\"http:\/\/fp7-myweb.eu\/hrvatska.html\">http:\/\/fp7-myweb.eu\/hrvatska.html<\/a><br \/>\n<strong>\u2212 <\/strong><a href=\"https:\/\/www.vegaintro-projekti.com\/pilar-stari\/2016\/07\/rezultati-myweb-projekta-predstavljeni-europskoj-komisiji\/\">Rezultati MYWEB projekta predstavljeni Europskoj komisiji, 27. 6. 2016.<\/a><br \/>\n<strong>\u2212 <\/strong><a href=\"https:\/\/www.vegaintro-projekti.com\/pilar-stari\/2016\/08\/zavrsna-konferencija-myweb-projekta-barcelona-21-7-2016\/\">Zavr\u0161na konferencija MYWEB projekta; Barcelona, 21. 7. 2016.<\/a><br \/>\n<strong style=\"font-size: inherit;\">\u2212 <\/strong><a style=\"font-size: inherit;\" href=\"https:\/\/www.vegaintro-projekti.com\/pilar-stari\/2016\/08\/dr-sc-renata-franc-na-esof-simpoziju-dobrobit-djece\/\">Dr. sc. Renata Franc na ESOF simpoziju DOBROBIT DJECE&#8230;, 27. 7. 2016.<\/a><\/p>\n","protected":false},"excerpt":{"rendered":"<p>Projekt Mjerenje dobrobiti mladih \u2013 Measuring Youth Well-Being, MYWEB &#8211; predstavlja studiju izvedivosti provedbe Europskoga longitudinalnog istra\u017eivanja djece i mladih (European Longitudinal Study for Children and Young People, ELSCYP) koje bi omogu\u0107ilo zahva\u0107anje cjelokupnog procesa odrastanja, po mogu\u0107nosti od ro\u0111enja do kraja djetetova \u0161kolovanja \u2013 uklju\u010duju\u0107i aspekte vezane uz tranzicije povezane sa zaposlenjem i roditeljstvom&hellip; <a class=\"continue\" href=\"https:\/\/www.vegaintro-projekti.com\/pilar-stari\/2014\/02\/institut-ivo-pilar-u-fp7-projektu-mjerenje-dobrobiti-mladih-myweb\/\">Pro\u010ditaj vi\u0161e o<span> Institut Ivo Pilar u FP7 projektu Mjerenje dobrobiti mladih &#8211; MYWEB<\/span><\/a><\/p>\n","protected":false},"author":1,"featured_media":0,"comment_status":"open","ping_status":"open","sticky":false,"template":"","format":"standard","meta":{"inline_featured_image":false,"ngg_post_thumbnail":0,"footnotes":""},"categories":[29],"tags":[],"yoast_head":"<!-- This site is optimized with the Yoast SEO plugin v21.2 - https:\/\/yoast.com\/wordpress\/plugins\/seo\/ -->\n<title>Institut Ivo Pilar u FP7 projektu Mjerenje dobrobiti mladih - MYWEB - Institut dru&scaron;tvenih znanosti Ivo Pilar<\/title>\n<meta name=\"robots\" content=\"noindex, follow, max-snippet:-1, max-image-preview:large, max-video-preview:-1\" \/>\n<meta property=\"og:locale\" content=\"hr_HR\" \/>\n<meta property=\"og:type\" content=\"article\" \/>\n<meta property=\"og:title\" content=\"Institut Ivo Pilar u FP7 projektu Mjerenje dobrobiti mladih - MYWEB - Institut dru&scaron;tvenih znanosti Ivo Pilar\" \/>\n<meta property=\"og:description\" content=\"Projekt Mjerenje dobrobiti mladih \u2013 Measuring Youth Well-Being, MYWEB &#8211; predstavlja studiju izvedivosti provedbe Europskoga longitudinalnog istra\u017eivanja djece i mladih (European Longitudinal Study for Children and Young People, ELSCYP) koje bi omogu\u0107ilo zahva\u0107anje cjelokupnog procesa odrastanja, po mogu\u0107nosti od ro\u0111enja do kraja djetetova \u0161kolovanja \u2013 uklju\u010duju\u0107i aspekte vezane uz tranzicije povezane sa zaposlenjem i roditeljstvom&hellip; Pro\u010ditaj vi\u0161e o Institut Ivo Pilar u FP7 projektu Mjerenje dobrobiti mladih &#8211; MYWEB\" \/>\n<meta property=\"og:url\" content=\"https:\/\/www.vegaintro-projekti.com\/pilar-stari\/2014\/02\/institut-ivo-pilar-u-fp7-projektu-mjerenje-dobrobiti-mladih-myweb\/\" \/>\n<meta property=\"og:site_name\" content=\"Institut dru&scaron;tvenih znanosti Ivo Pilar\" \/>\n<meta property=\"article:published_time\" content=\"2014-02-22T20:19:43+00:00\" \/>\n<meta property=\"article:modified_time\" content=\"2019-07-28T17:37:30+00:00\" \/>\n<meta property=\"og:image\" content=\"https:\/\/www.vegaintro-projekti.com\/pilar-stari\/wp-content\/uploads\/2019\/07\/Myweb-300x300.jpg\" \/>\n<meta name=\"author\" content=\"pilar-admin\" \/>\n<meta name=\"twitter:card\" content=\"summary_large_image\" \/>\n<meta name=\"twitter:label1\" content=\"Napisao\/la\" \/>\n\t<meta name=\"twitter:data1\" content=\"pilar-admin\" \/>\n\t<meta name=\"twitter:label2\" content=\"Procijenjeno vrijeme \u010ditanja\" \/>\n\t<meta name=\"twitter:data2\" content=\"3 minute\" \/>\n<script type=\"application\/ld+json\" class=\"yoast-schema-graph\">{\"@context\":\"https:\/\/schema.org\",\"@graph\":[{\"@type\":\"WebPage\",\"@id\":\"https:\/\/www.vegaintro-projekti.com\/pilar-stari\/2014\/02\/institut-ivo-pilar-u-fp7-projektu-mjerenje-dobrobiti-mladih-myweb\/\",\"url\":\"https:\/\/www.vegaintro-projekti.com\/pilar-stari\/2014\/02\/institut-ivo-pilar-u-fp7-projektu-mjerenje-dobrobiti-mladih-myweb\/\",\"name\":\"Institut Ivo Pilar u FP7 projektu Mjerenje dobrobiti mladih - MYWEB - Institut dru&scaron;tvenih znanosti Ivo Pilar\",\"isPartOf\":{\"@id\":\"https:\/\/www.vegaintro-projekti.com\/pilar-stari\/#website\"},\"datePublished\":\"2014-02-22T20:19:43+00:00\",\"dateModified\":\"2019-07-28T17:37:30+00:00\",\"author\":{\"@id\":\"https:\/\/www.vegaintro-projekti.com\/pilar-stari\/#\/schema\/person\/c0db50ebd77c4409e19b18044bbf10c1\"},\"breadcrumb\":{\"@id\":\"https:\/\/www.vegaintro-projekti.com\/pilar-stari\/2014\/02\/institut-ivo-pilar-u-fp7-projektu-mjerenje-dobrobiti-mladih-myweb\/#breadcrumb\"},\"inLanguage\":\"hr\",\"potentialAction\":[{\"@type\":\"ReadAction\",\"target\":[\"https:\/\/www.vegaintro-projekti.com\/pilar-stari\/2014\/02\/institut-ivo-pilar-u-fp7-projektu-mjerenje-dobrobiti-mladih-myweb\/\"]}]},{\"@type\":\"BreadcrumbList\",\"@id\":\"https:\/\/www.vegaintro-projekti.com\/pilar-stari\/2014\/02\/institut-ivo-pilar-u-fp7-projektu-mjerenje-dobrobiti-mladih-myweb\/#breadcrumb\",\"itemListElement\":[{\"@type\":\"ListItem\",\"position\":1,\"name\":\"Home\",\"item\":\"https:\/\/www.vegaintro-projekti.com\/pilar-stari\/\"},{\"@type\":\"ListItem\",\"position\":2,\"name\":\"Institut Ivo Pilar u FP7 projektu Mjerenje dobrobiti mladih &#8211; MYWEB\"}]},{\"@type\":\"WebSite\",\"@id\":\"https:\/\/www.vegaintro-projekti.com\/pilar-stari\/#website\",\"url\":\"https:\/\/www.vegaintro-projekti.com\/pilar-stari\/\",\"name\":\"Institut dru&scaron;tvenih znanosti Ivo Pilar\",\"description\":\"Pilar\",\"potentialAction\":[{\"@type\":\"SearchAction\",\"target\":{\"@type\":\"EntryPoint\",\"urlTemplate\":\"https:\/\/www.vegaintro-projekti.com\/pilar-stari\/?s={search_term_string}\"},\"query-input\":\"required name=search_term_string\"}],\"inLanguage\":\"hr\"},{\"@type\":\"Person\",\"@id\":\"https:\/\/www.vegaintro-projekti.com\/pilar-stari\/#\/schema\/person\/c0db50ebd77c4409e19b18044bbf10c1\",\"name\":\"pilar-admin\",\"image\":{\"@type\":\"ImageObject\",\"inLanguage\":\"hr\",\"@id\":\"https:\/\/www.vegaintro-projekti.com\/pilar-stari\/#\/schema\/person\/image\/\",\"url\":\"https:\/\/secure.gravatar.com\/avatar\/fac9e03c4db0011b9c1ad8b5e9c74b8c?s=96&d=mm&r=g\",\"contentUrl\":\"https:\/\/secure.gravatar.com\/avatar\/fac9e03c4db0011b9c1ad8b5e9c74b8c?s=96&d=mm&r=g\",\"caption\":\"pilar-admin\"},\"url\":\"https:\/\/www.vegaintro-projekti.com\/pilar-stari\/author\/pilar-admin\/\"}]}<\/script>\n<!-- \/ Yoast SEO plugin. -->","yoast_head_json":{"title":"Institut Ivo Pilar u FP7 projektu Mjerenje dobrobiti mladih - MYWEB - Institut dru&scaron;tvenih znanosti Ivo Pilar","robots":{"index":"noindex","follow":"follow","max-snippet":"max-snippet:-1","max-image-preview":"max-image-preview:large","max-video-preview":"max-video-preview:-1"},"og_locale":"hr_HR","og_type":"article","og_title":"Institut Ivo Pilar u FP7 projektu Mjerenje dobrobiti mladih - MYWEB - Institut dru&scaron;tvenih znanosti Ivo Pilar","og_description":"Projekt Mjerenje dobrobiti mladih \u2013 Measuring Youth Well-Being, MYWEB &#8211; predstavlja studiju izvedivosti provedbe Europskoga longitudinalnog istra\u017eivanja djece i mladih (European Longitudinal Study for Children and Young People, ELSCYP) koje bi omogu\u0107ilo zahva\u0107anje cjelokupnog procesa odrastanja, po mogu\u0107nosti od ro\u0111enja do kraja djetetova \u0161kolovanja \u2013 uklju\u010duju\u0107i aspekte vezane uz tranzicije povezane sa zaposlenjem i roditeljstvom&hellip; Pro\u010ditaj vi\u0161e o Institut Ivo Pilar u FP7 projektu Mjerenje dobrobiti mladih &#8211; MYWEB","og_url":"https:\/\/www.vegaintro-projekti.com\/pilar-stari\/2014\/02\/institut-ivo-pilar-u-fp7-projektu-mjerenje-dobrobiti-mladih-myweb\/","og_site_name":"Institut dru&scaron;tvenih znanosti Ivo Pilar","article_published_time":"2014-02-22T20:19:43+00:00","article_modified_time":"2019-07-28T17:37:30+00:00","og_image":[{"url":"https:\/\/www.vegaintro-projekti.com\/pilar-stari\/wp-content\/uploads\/2019\/07\/Myweb-300x300.jpg"}],"author":"pilar-admin","twitter_card":"summary_large_image","twitter_misc":{"Napisao\/la":"pilar-admin","Procijenjeno vrijeme \u010ditanja":"3 minute"},"schema":{"@context":"https:\/\/schema.org","@graph":[{"@type":"WebPage","@id":"https:\/\/www.vegaintro-projekti.com\/pilar-stari\/2014\/02\/institut-ivo-pilar-u-fp7-projektu-mjerenje-dobrobiti-mladih-myweb\/","url":"https:\/\/www.vegaintro-projekti.com\/pilar-stari\/2014\/02\/institut-ivo-pilar-u-fp7-projektu-mjerenje-dobrobiti-mladih-myweb\/","name":"Institut Ivo Pilar u FP7 projektu Mjerenje dobrobiti mladih - MYWEB - Institut dru&scaron;tvenih znanosti Ivo Pilar","isPartOf":{"@id":"https:\/\/www.vegaintro-projekti.com\/pilar-stari\/#website"},"datePublished":"2014-02-22T20:19:43+00:00","dateModified":"2019-07-28T17:37:30+00:00","author":{"@id":"https:\/\/www.vegaintro-projekti.com\/pilar-stari\/#\/schema\/person\/c0db50ebd77c4409e19b18044bbf10c1"},"breadcrumb":{"@id":"https:\/\/www.vegaintro-projekti.com\/pilar-stari\/2014\/02\/institut-ivo-pilar-u-fp7-projektu-mjerenje-dobrobiti-mladih-myweb\/#breadcrumb"},"inLanguage":"hr","potentialAction":[{"@type":"ReadAction","target":["https:\/\/www.vegaintro-projekti.com\/pilar-stari\/2014\/02\/institut-ivo-pilar-u-fp7-projektu-mjerenje-dobrobiti-mladih-myweb\/"]}]},{"@type":"BreadcrumbList","@id":"https:\/\/www.vegaintro-projekti.com\/pilar-stari\/2014\/02\/institut-ivo-pilar-u-fp7-projektu-mjerenje-dobrobiti-mladih-myweb\/#breadcrumb","itemListElement":[{"@type":"ListItem","position":1,"name":"Home","item":"https:\/\/www.vegaintro-projekti.com\/pilar-stari\/"},{"@type":"ListItem","position":2,"name":"Institut Ivo Pilar u FP7 projektu Mjerenje dobrobiti mladih &#8211; MYWEB"}]},{"@type":"WebSite","@id":"https:\/\/www.vegaintro-projekti.com\/pilar-stari\/#website","url":"https:\/\/www.vegaintro-projekti.com\/pilar-stari\/","name":"Institut dru&scaron;tvenih znanosti Ivo Pilar","description":"Pilar","potentialAction":[{"@type":"SearchAction","target":{"@type":"EntryPoint","urlTemplate":"https:\/\/www.vegaintro-projekti.com\/pilar-stari\/?s={search_term_string}"},"query-input":"required name=search_term_string"}],"inLanguage":"hr"},{"@type":"Person","@id":"https:\/\/www.vegaintro-projekti.com\/pilar-stari\/#\/schema\/person\/c0db50ebd77c4409e19b18044bbf10c1","name":"pilar-admin","image":{"@type":"ImageObject","inLanguage":"hr","@id":"https:\/\/www.vegaintro-projekti.com\/pilar-stari\/#\/schema\/person\/image\/","url":"https:\/\/secure.gravatar.com\/avatar\/fac9e03c4db0011b9c1ad8b5e9c74b8c?s=96&d=mm&r=g","contentUrl":"https:\/\/secure.gravatar.com\/avatar\/fac9e03c4db0011b9c1ad8b5e9c74b8c?s=96&d=mm&r=g","caption":"pilar-admin"},"url":"https:\/\/www.vegaintro-projekti.com\/pilar-stari\/author\/pilar-admin\/"}]}},"_links":{"self":[{"href":"https:\/\/www.vegaintro-projekti.com\/pilar-stari\/wp-json\/wp\/v2\/posts\/621"}],"collection":[{"href":"https:\/\/www.vegaintro-projekti.com\/pilar-stari\/wp-json\/wp\/v2\/posts"}],"about":[{"href":"https:\/\/www.vegaintro-projekti.com\/pilar-stari\/wp-json\/wp\/v2\/types\/post"}],"author":[{"embeddable":true,"href":"https:\/\/www.vegaintro-projekti.com\/pilar-stari\/wp-json\/wp\/v2\/users\/1"}],"replies":[{"embeddable":true,"href":"https:\/\/www.vegaintro-projekti.com\/pilar-stari\/wp-json\/wp\/v2\/comments?post=621"}],"version-history":[{"count":8,"href":"https:\/\/www.vegaintro-projekti.com\/pilar-stari\/wp-json\/wp\/v2\/posts\/621\/revisions"}],"predecessor-version":[{"id":13365,"href":"https:\/\/www.vegaintro-projekti.com\/pilar-stari\/wp-json\/wp\/v2\/posts\/621\/revisions\/13365"}],"wp:attachment":[{"href":"https:\/\/www.vegaintro-projekti.com\/pilar-stari\/wp-json\/wp\/v2\/media?parent=621"}],"wp:term":[{"taxonomy":"category","embeddable":true,"href":"https:\/\/www.vegaintro-projekti.com\/pilar-stari\/wp-json\/wp\/v2\/categories?post=621"},{"taxonomy":"post_tag","embeddable":true,"href":"https:\/\/www.vegaintro-projekti.com\/pilar-stari\/wp-json\/wp\/v2\/tags?post=621"}],"curies":[{"name":"wp","href":"https:\/\/api.w.org\/{rel}","templated":true}]}}