{"id":624,"date":"2014-02-23T21:59:04","date_gmt":"2014-02-23T21:59:04","guid":{"rendered":"https:\/\/www.vegaintro-projekti.com\/pilar-stari\/2014\/02\/23\/ivo-pilar-svjetski-rat-i-hrvati-pokus-orijentacije\/"},"modified":"2025-09-16T09:00:48","modified_gmt":"2025-09-16T09:00:48","slug":"ivo-pilar-svjetski-rat-i-hrvati-pokus-orijentacije","status":"publish","type":"post","link":"https:\/\/www.vegaintro-projekti.com\/pilar-stari\/2014\/02\/ivo-pilar-svjetski-rat-i-hrvati-pokus-orijentacije\/","title":{"rendered":"Ivo Pilar: SVJETSKI RAT I HRVATI. Pokus orijentacije hrvatskoga naroda\u00a0jo\u0161 prije svr\u0161etka rata"},"content":{"rendered":"<p><strong>Knjiga Ive Pilara SVJETSKI RAT I HRVATI. <em>Pokus orijentacije hrvatskoga naroda&nbsp;jo\u0161 prije svr\u0161etka rata<\/em> prva je knjiga u novopokrenutoj biblioteci Instituta Ivo Pilar pod nazivom &#8220;Biblioteka Pilar&#8221;. Knjiga izlazi sto godina nakon po\u010detka Prvoga svjetskog rata, razdoblja u kojemu je Pilar u razli\u010ditim okolnostima i na razli\u010ditim mjestima objavljivao svoja najva\u017enija djela. Uz objavljivanje novih izdanja Pilarovih tekstova u Biblioteci \u0107e se prezentirati i znanstveni radovi suvremenih autora koji istra\u017euju dru\u0161tveno-humanisti\u010dke teme iz hrvatske kulturne, politi\u010dke i dru\u0161tvene povijesti<\/strong><\/p>\n<p><img decoding=\"async\" loading=\"lazy\" class=\"alignleft\" src=\"https:\/\/www.vegaintro-projekti.com\/pilar-stari\/wp-content\/images\/stories\/fotografije\/biblioteka_pilar\/SRH_1s.jpg\" alt=\"SRH 1s\" width=\"220\" height=\"314\"><span style=\"font-size: 10pt;\">Uredni\u0161tvo \u010dasopisa Pilar poku\u0161alo je rekonstruirati tekst <em>Svjetski rat i Hrvati<\/em> usporedbom prvoga i drugoga ratnog izdanja\u2026 Ovo izdanje bro\u0161ure prire\u0111eno je za tisak na temelju&nbsp;originalnog Pilarova rukopisa koji se nalazio u posjedu obitelji Jan\u010dikovi\u0107, autorovih nasljednika. Danas se rukopis \u010duva u Nacionalnoj i sveu\u010dili\u0161noj knji\u017enici u Zagrebu<\/span><\/p>\n<p><strong><span style=\"font-size: 8pt;\">Ivo Pilar<\/span><\/strong><br \/>\n<span style=\"font-size: 8pt;\"><strong>SVJETSKI RAT I HRVATI. Pokus orijentacije hrvatskoga naroda jo\u0161 prije svr\u0161etka rata<\/strong><\/span><br \/>\n<span style=\"font-size: 8pt;\"><strong>Biblioteka Pilar \u2013 Knjiga prva<\/strong><\/span><br \/>\n<span style=\"font-size: 8pt;\"><strong>Institut dru\u0161tvenih znanosti &#8220;Ivo Pilar&#8221; i Dru\u017eba &#8220;Bra\u0107a Hrvatskog Zmaja&#8221;<\/strong><\/span><br \/>\n<span style=\"font-size: 8pt;\"><strong>Zagreb, 2014. \u2013 Str. 154.<\/strong><\/span><br \/>\n<span style=\"font-size: 8pt;\"><strong>ISBN 978-953-7964-05-4<\/strong><\/span><\/p>\n<p><span style=\"font-size: 10pt;\">&#8211; <a href=\"#sadrzaj\">Sadr\u017eaj<\/a> |&nbsp;<a href=\"#izdanja\">Rukopis i prva izdanja<\/a> |&nbsp;<a href=\"#bio\">\u017divotopis, bibliografija i literatura<\/a><\/span>&nbsp;<\/p>\n<p><span style=\"font-size: 12pt;\">Sadr\u017eaj<\/span><\/p>\n<p>&#8211; <a href=\"https:\/\/www.vegaintro-projekti.com\/pilar-stari\/wp-content\/images\/stories\/dokumenti\/biblioteka_pilar\/SRH_1.pdf\">Korice<\/a> |&nbsp;<a href=\"https:\/\/www.vegaintro-projekti.com\/pilar-stari\/wp-content\/images\/stories\/dokumenti\/biblioteka_pilar\/SRH_2.pdf\">Impresum<\/a> |&nbsp;<a href=\"https:\/\/www.vegaintro-projekti.com\/pilar-stari\/wp-content\/images\/stories\/dokumenti\/biblioteka_pilar\/SRH_5.pdf\">Sadr\u017eaj<\/a><br \/>\n<a href=\"https:\/\/www.vegaintro-projekti.com\/pilar-stari\/wp-content\/images\/stories\/dokumenti\/biblioteka_pilar\/SRH_6.pdf\">Dr. Ivo Pilar u \u010dasni\u010dkoj odori austrougarske vojske<\/a><br \/>\n<a href=\"https:\/\/www.vegaintro-projekti.com\/pilar-stari\/wp-content\/images\/stories\/dokumenti\/biblioteka_pilar\/SRH_8.pdf\">Predgovor<\/a><br \/>\nI. Uzroci rata<br \/>\nII. Uspjeh rata<br \/>\nIII. Posljedice rata<br \/>\nIV. Rat i Hrvati<br \/>\nV. Uzroci stanja u Hrvatskoj prije rata<br \/>\nVI. Iskori\u0161\u0107enje rata<br \/>\n<a href=\"https:\/\/www.vegaintro-projekti.com\/pilar-stari\/wp-content\/images\/stories\/dokumenti\/biblioteka_pilar\/SRH_142.pdf\">Ivo Pilar na udaru austrougarske ratne cenzure<\/a><br \/>\n<a href=\"https:\/\/www.vegaintro-projekti.com\/pilar-stari\/wp-content\/images\/stories\/dokumenti\/biblioteka_pilar\/SRH_148.pdf\">Dr. Ivo Pilar \u2014 oris \u017eivota i djela<\/a><br \/>\n<a href=\"https:\/\/www.vegaintro-projekti.com\/pilar-stari\/wp-content\/images\/stories\/dokumenti\/biblioteka_pilar\/SRH_150.pdf\">Imensko kazalo<\/a><br \/>\n<a href=\"https:\/\/www.vegaintro-projekti.com\/pilar-stari\/wp-content\/images\/stories\/dokumenti\/biblioteka_pilar\/SRH_154.pdf\">Biblioteka Pilar<\/a><\/p>\n<p><a name=\"izdanja\"><\/a>&nbsp;<br \/>\n<span style=\"font-size: 12pt;\">Originalni rukopis, prvo i drugo izdanje bro\u0161ure<\/span><\/p>\n<table border=\"0\">\n<tbody>\n<tr>\n<td><img decoding=\"async\" loading=\"lazy\" src=\"https:\/\/www.vegaintro-projekti.com\/pilar-stari\/wp-content\/images\/stories\/fotografije\/biblioteka_pilar\/SRH_orig.jpg\" alt=\"SRH orig\" width=\"212\" height=\"318\"><\/td>\n<td><img decoding=\"async\" loading=\"lazy\" src=\"https:\/\/www.vegaintro-projekti.com\/pilar-stari\/wp-content\/images\/stories\/fotografije\/biblioteka_pilar\/SRH_1izd.jpg\" alt=\"SRH 1izd\" width=\"211\" height=\"318\"><\/td>\n<td><img decoding=\"async\" loading=\"lazy\" src=\"https:\/\/www.vegaintro-projekti.com\/pilar-stari\/wp-content\/images\/stories\/fotografije\/biblioteka_pilar\/SRH_2izd.jpg\" alt=\"SRH 2izd\" width=\"210\" height=\"318\"><\/td>\n<\/tr>\n<tr>\n<td style=\"text-align: center;\"><strong>Originalni rukopis<\/strong><\/td>\n<td style=\"text-align: center;\"><strong>1. izdanje iz 1915.<\/strong><\/td>\n<td style=\"text-align: center;\"><strong>2. izdanje iz 1917.<\/strong><\/td>\n<\/tr>\n<\/tbody>\n<\/table>\n<p>&#8211; <a href=\"https:\/\/www.vegaintro-projekti.com\/pilar-stari\/wp-content\/images\/stories\/dokumenti\/biblioteka_pilar\/SRH_142.pdf\">O rukopisu i prvim izdanjima: Pogovor &#8220;Ivo Pilar na udaru austrougarske ratne cenzure&#8221;<\/a><\/p>\n<p><img decoding=\"async\" loading=\"lazy\" class=\"alignleft\" src=\"https:\/\/www.vegaintro-projekti.com\/pilar-stari\/wp-content\/images\/stories\/fotografije\/biblioteka_pilar\/SRH_6s.jpg\" alt=\"SRH 6s\" width=\"272\" height=\"909\"><\/p>\n<p>&nbsp;<\/p>\n<p>&nbsp;<\/p>\n<p>&nbsp;<\/p>\n<p>&nbsp;<\/p>\n<p>&nbsp;<\/p>\n<p>&nbsp;<\/p>\n<p>&nbsp;<\/p>\n<p>&nbsp;<\/p>\n<p>&nbsp;<\/p>\n<p>&nbsp;<\/p>\n<p><span style=\"font-size: 12pt;\">Pilar je bio neumjereno napadan i plijenjen, a isto tako neusporedivo hvaljen i kriomice \u010ditan. \u010cesto se o njegovu djelu i o njemu govorilo i pisalo napamet, \u0161irila bijela i crna legenda. Vrijeme je da se kriti\u010dki izdaju njegova djela i relevantni dijelovi ostav\u0161tine. Pilar to zaslu\u017euje kao jedan od na\u0161ih najboljih politi\u010dkih pisaca.<\/span><\/p>\n<p style=\"text-align: right;\"><em><span style=\"font-size: 12pt;\">dr. sc. Trpimir Macan<\/span><\/em><\/p>\n<p style=\"text-align: left;\"><span style=\"font-size: 12pt;\">U na\u0161oj doista bogatoj povijesno-politi\u010dkoj publicistici ne znam da smo ikada imali bistrijeg \u010dovjeka i&nbsp;lucidnije pero me\u0111u onima, koji politiku nisu stvarali nego su je tuma\u010dili i komentirali.<\/span><\/p>\n<p style=\"text-align: right;\"><em><span style=\"font-size: 12pt;\">akademik Dubravko Jel\u010di\u0107<\/span><\/em><\/p>\n<p><strong><span style=\"font-size: 8pt;\">Dr. Ivo Pilar u \u010dasni\u010dkoj odori austrougarske vojske<\/span><\/strong><\/p>\n<p><a name=\"bio\"><\/a>&nbsp;<br \/>\n<span style=\"font-size: 12pt;\">\u017divotopis dr. Ive Pilara, bibliografija i literatura<\/span><\/p>\n<p>&#8211; <a href=\"https:\/\/www.vegaintro-projekti.com\/pilar-stari\/2008\/11\/ivotopis-dr-ive-pilara\/\">\u017divotopis dr. Ive Pilara<\/a><br \/>\n&#8211; <a href=\"https:\/\/www.vegaintro-projekti.com\/pilar-stari\/2008\/11\/bibliografija-radova-i-neobjavljena-graa\/\">Bibliografija radova i neobjavljena gra\u0111a<\/a><br \/>\n&#8211; <a href=\"https:\/\/www.vegaintro-projekti.com\/pilar-stari\/2008\/11\/literatura-o-ivi-pilaru\/\">Literatura o Ivi Pilaru<\/a><\/p>\n<blockquote><p><a href=\"https:\/\/www.vegaintro-projekti.com\/pilar-stari\/2008\/11\/godinjak-pilar\/\">GODI\u0160NJAK PILAR &#8211; Prinosi za prou\u010davanje \u017eivota i djela dra Ive Pilara<\/a><\/p>\n<p><a href=\"https:\/\/www.vegaintro-projekti.com\/pilar-stari\/2008\/10\/asopis-pilar\/\">PILAR &#8211; \u010dasopis za dru\u0161tvene i humanisti\u010dke studije<\/a><\/p><\/blockquote>\n","protected":false},"excerpt":{"rendered":"<p>Knjiga Ive Pilara SVJETSKI RAT I HRVATI. Pokus orijentacije hrvatskoga naroda&nbsp;jo\u0161 prije svr\u0161etka rata prva je knjiga u novopokrenutoj biblioteci Instituta Ivo Pilar pod nazivom &#8220;Biblioteka Pilar&#8221;. Knjiga izlazi sto godina nakon po\u010detka Prvoga svjetskog rata, razdoblja u kojemu je Pilar u razli\u010ditim okolnostima i na razli\u010ditim mjestima objavljivao svoja najva\u017enija djela. Uz objavljivanje novih&hellip; <a class=\"continue\" href=\"https:\/\/www.vegaintro-projekti.com\/pilar-stari\/2014\/02\/ivo-pilar-svjetski-rat-i-hrvati-pokus-orijentacije\/\">Pro\u010ditaj vi\u0161e o<span> Ivo Pilar: SVJETSKI RAT I HRVATI. Pokus orijentacije hrvatskoga naroda\u00a0jo\u0161 prije svr\u0161etka rata<\/span><\/a><\/p>\n","protected":false},"author":1,"featured_media":0,"comment_status":"closed","ping_status":"closed","sticky":false,"template":"","format":"standard","meta":{"inline_featured_image":false,"ngg_post_thumbnail":0,"footnotes":""},"categories":[21],"tags":[],"yoast_head":"<!-- This site is optimized with the Yoast SEO plugin v21.2 - https:\/\/yoast.com\/wordpress\/plugins\/seo\/ -->\n<title>Ivo Pilar: SVJETSKI RAT I HRVATI. Pokus orijentacije hrvatskoga naroda\u00a0jo\u0161 prije svr\u0161etka rata - Institut dru&scaron;tvenih znanosti Ivo Pilar<\/title>\n<meta name=\"robots\" content=\"noindex, follow, max-snippet:-1, max-image-preview:large, max-video-preview:-1\" \/>\n<meta property=\"og:locale\" content=\"hr_HR\" \/>\n<meta property=\"og:type\" content=\"article\" \/>\n<meta property=\"og:title\" content=\"Ivo Pilar: SVJETSKI RAT I HRVATI. Pokus orijentacije hrvatskoga naroda\u00a0jo\u0161 prije svr\u0161etka rata - Institut dru&scaron;tvenih znanosti Ivo Pilar\" \/>\n<meta property=\"og:description\" content=\"Knjiga Ive Pilara SVJETSKI RAT I HRVATI. Pokus orijentacije hrvatskoga naroda&nbsp;jo\u0161 prije svr\u0161etka rata prva je knjiga u novopokrenutoj biblioteci Instituta Ivo Pilar pod nazivom &#8220;Biblioteka Pilar&#8221;. Knjiga izlazi sto godina nakon po\u010detka Prvoga svjetskog rata, razdoblja u kojemu je Pilar u razli\u010ditim okolnostima i na razli\u010ditim mjestima objavljivao svoja najva\u017enija djela. Uz objavljivanje novih&hellip; Pro\u010ditaj vi\u0161e o Ivo Pilar: SVJETSKI RAT I HRVATI. Pokus orijentacije hrvatskoga naroda\u00a0jo\u0161 prije svr\u0161etka rata\" \/>\n<meta property=\"og:url\" content=\"https:\/\/www.vegaintro-projekti.com\/pilar-stari\/2014\/02\/ivo-pilar-svjetski-rat-i-hrvati-pokus-orijentacije\/\" \/>\n<meta property=\"og:site_name\" content=\"Institut dru&scaron;tvenih znanosti Ivo Pilar\" \/>\n<meta property=\"article:published_time\" content=\"2014-02-23T21:59:04+00:00\" \/>\n<meta property=\"article:modified_time\" content=\"2025-09-16T09:00:48+00:00\" \/>\n<meta property=\"og:image\" content=\"https:\/\/www.vegaintro-projekti.com\/pilar-stari\/wp-content\/images\/stories\/fotografije\/biblioteka_pilar\/SRH_1s.jpg\" \/>\n<meta name=\"author\" content=\"pilar-admin\" \/>\n<meta name=\"twitter:card\" content=\"summary_large_image\" \/>\n<meta name=\"twitter:label1\" content=\"Napisao\/la\" \/>\n\t<meta name=\"twitter:data1\" content=\"pilar-admin\" \/>\n\t<meta name=\"twitter:label2\" content=\"Procijenjeno vrijeme \u010ditanja\" \/>\n\t<meta name=\"twitter:data2\" content=\"4 minute\" \/>\n<script type=\"application\/ld+json\" class=\"yoast-schema-graph\">{\"@context\":\"https:\/\/schema.org\",\"@graph\":[{\"@type\":\"WebPage\",\"@id\":\"https:\/\/www.vegaintro-projekti.com\/pilar-stari\/2014\/02\/ivo-pilar-svjetski-rat-i-hrvati-pokus-orijentacije\/\",\"url\":\"https:\/\/www.vegaintro-projekti.com\/pilar-stari\/2014\/02\/ivo-pilar-svjetski-rat-i-hrvati-pokus-orijentacije\/\",\"name\":\"Ivo Pilar: SVJETSKI RAT I HRVATI. Pokus orijentacije hrvatskoga naroda\u00a0jo\u0161 prije svr\u0161etka rata - Institut dru&scaron;tvenih znanosti Ivo Pilar\",\"isPartOf\":{\"@id\":\"https:\/\/www.vegaintro-projekti.com\/pilar-stari\/#website\"},\"datePublished\":\"2014-02-23T21:59:04+00:00\",\"dateModified\":\"2025-09-16T09:00:48+00:00\",\"author\":{\"@id\":\"https:\/\/www.vegaintro-projekti.com\/pilar-stari\/#\/schema\/person\/c0db50ebd77c4409e19b18044bbf10c1\"},\"breadcrumb\":{\"@id\":\"https:\/\/www.vegaintro-projekti.com\/pilar-stari\/2014\/02\/ivo-pilar-svjetski-rat-i-hrvati-pokus-orijentacije\/#breadcrumb\"},\"inLanguage\":\"hr\",\"potentialAction\":[{\"@type\":\"ReadAction\",\"target\":[\"https:\/\/www.vegaintro-projekti.com\/pilar-stari\/2014\/02\/ivo-pilar-svjetski-rat-i-hrvati-pokus-orijentacije\/\"]}]},{\"@type\":\"BreadcrumbList\",\"@id\":\"https:\/\/www.vegaintro-projekti.com\/pilar-stari\/2014\/02\/ivo-pilar-svjetski-rat-i-hrvati-pokus-orijentacije\/#breadcrumb\",\"itemListElement\":[{\"@type\":\"ListItem\",\"position\":1,\"name\":\"Home\",\"item\":\"https:\/\/www.vegaintro-projekti.com\/pilar-stari\/\"},{\"@type\":\"ListItem\",\"position\":2,\"name\":\"Ivo Pilar: SVJETSKI RAT I HRVATI. Pokus orijentacije hrvatskoga naroda\u00a0jo\u0161 prije svr\u0161etka rata\"}]},{\"@type\":\"WebSite\",\"@id\":\"https:\/\/www.vegaintro-projekti.com\/pilar-stari\/#website\",\"url\":\"https:\/\/www.vegaintro-projekti.com\/pilar-stari\/\",\"name\":\"Institut dru&scaron;tvenih znanosti Ivo Pilar\",\"description\":\"Pilar\",\"potentialAction\":[{\"@type\":\"SearchAction\",\"target\":{\"@type\":\"EntryPoint\",\"urlTemplate\":\"https:\/\/www.vegaintro-projekti.com\/pilar-stari\/?s={search_term_string}\"},\"query-input\":\"required name=search_term_string\"}],\"inLanguage\":\"hr\"},{\"@type\":\"Person\",\"@id\":\"https:\/\/www.vegaintro-projekti.com\/pilar-stari\/#\/schema\/person\/c0db50ebd77c4409e19b18044bbf10c1\",\"name\":\"pilar-admin\",\"image\":{\"@type\":\"ImageObject\",\"inLanguage\":\"hr\",\"@id\":\"https:\/\/www.vegaintro-projekti.com\/pilar-stari\/#\/schema\/person\/image\/\",\"url\":\"https:\/\/secure.gravatar.com\/avatar\/fac9e03c4db0011b9c1ad8b5e9c74b8c?s=96&d=mm&r=g\",\"contentUrl\":\"https:\/\/secure.gravatar.com\/avatar\/fac9e03c4db0011b9c1ad8b5e9c74b8c?s=96&d=mm&r=g\",\"caption\":\"pilar-admin\"},\"url\":\"https:\/\/www.vegaintro-projekti.com\/pilar-stari\/author\/pilar-admin\/\"}]}<\/script>\n<!-- \/ Yoast SEO plugin. -->","yoast_head_json":{"title":"Ivo Pilar: SVJETSKI RAT I HRVATI. Pokus orijentacije hrvatskoga naroda\u00a0jo\u0161 prije svr\u0161etka rata - Institut dru&scaron;tvenih znanosti Ivo Pilar","robots":{"index":"noindex","follow":"follow","max-snippet":"max-snippet:-1","max-image-preview":"max-image-preview:large","max-video-preview":"max-video-preview:-1"},"og_locale":"hr_HR","og_type":"article","og_title":"Ivo Pilar: SVJETSKI RAT I HRVATI. Pokus orijentacije hrvatskoga naroda\u00a0jo\u0161 prije svr\u0161etka rata - Institut dru&scaron;tvenih znanosti Ivo Pilar","og_description":"Knjiga Ive Pilara SVJETSKI RAT I HRVATI. Pokus orijentacije hrvatskoga naroda&nbsp;jo\u0161 prije svr\u0161etka rata prva je knjiga u novopokrenutoj biblioteci Instituta Ivo Pilar pod nazivom &#8220;Biblioteka Pilar&#8221;. Knjiga izlazi sto godina nakon po\u010detka Prvoga svjetskog rata, razdoblja u kojemu je Pilar u razli\u010ditim okolnostima i na razli\u010ditim mjestima objavljivao svoja najva\u017enija djela. Uz objavljivanje novih&hellip; Pro\u010ditaj vi\u0161e o Ivo Pilar: SVJETSKI RAT I HRVATI. Pokus orijentacije hrvatskoga naroda\u00a0jo\u0161 prije svr\u0161etka rata","og_url":"https:\/\/www.vegaintro-projekti.com\/pilar-stari\/2014\/02\/ivo-pilar-svjetski-rat-i-hrvati-pokus-orijentacije\/","og_site_name":"Institut dru&scaron;tvenih znanosti Ivo Pilar","article_published_time":"2014-02-23T21:59:04+00:00","article_modified_time":"2025-09-16T09:00:48+00:00","og_image":[{"url":"https:\/\/www.vegaintro-projekti.com\/pilar-stari\/wp-content\/images\/stories\/fotografije\/biblioteka_pilar\/SRH_1s.jpg"}],"author":"pilar-admin","twitter_card":"summary_large_image","twitter_misc":{"Napisao\/la":"pilar-admin","Procijenjeno vrijeme \u010ditanja":"4 minute"},"schema":{"@context":"https:\/\/schema.org","@graph":[{"@type":"WebPage","@id":"https:\/\/www.vegaintro-projekti.com\/pilar-stari\/2014\/02\/ivo-pilar-svjetski-rat-i-hrvati-pokus-orijentacije\/","url":"https:\/\/www.vegaintro-projekti.com\/pilar-stari\/2014\/02\/ivo-pilar-svjetski-rat-i-hrvati-pokus-orijentacije\/","name":"Ivo Pilar: SVJETSKI RAT I HRVATI. Pokus orijentacije hrvatskoga naroda\u00a0jo\u0161 prije svr\u0161etka rata - Institut dru&scaron;tvenih znanosti Ivo Pilar","isPartOf":{"@id":"https:\/\/www.vegaintro-projekti.com\/pilar-stari\/#website"},"datePublished":"2014-02-23T21:59:04+00:00","dateModified":"2025-09-16T09:00:48+00:00","author":{"@id":"https:\/\/www.vegaintro-projekti.com\/pilar-stari\/#\/schema\/person\/c0db50ebd77c4409e19b18044bbf10c1"},"breadcrumb":{"@id":"https:\/\/www.vegaintro-projekti.com\/pilar-stari\/2014\/02\/ivo-pilar-svjetski-rat-i-hrvati-pokus-orijentacije\/#breadcrumb"},"inLanguage":"hr","potentialAction":[{"@type":"ReadAction","target":["https:\/\/www.vegaintro-projekti.com\/pilar-stari\/2014\/02\/ivo-pilar-svjetski-rat-i-hrvati-pokus-orijentacije\/"]}]},{"@type":"BreadcrumbList","@id":"https:\/\/www.vegaintro-projekti.com\/pilar-stari\/2014\/02\/ivo-pilar-svjetski-rat-i-hrvati-pokus-orijentacije\/#breadcrumb","itemListElement":[{"@type":"ListItem","position":1,"name":"Home","item":"https:\/\/www.vegaintro-projekti.com\/pilar-stari\/"},{"@type":"ListItem","position":2,"name":"Ivo Pilar: SVJETSKI RAT I HRVATI. Pokus orijentacije hrvatskoga naroda\u00a0jo\u0161 prije svr\u0161etka rata"}]},{"@type":"WebSite","@id":"https:\/\/www.vegaintro-projekti.com\/pilar-stari\/#website","url":"https:\/\/www.vegaintro-projekti.com\/pilar-stari\/","name":"Institut dru&scaron;tvenih znanosti Ivo Pilar","description":"Pilar","potentialAction":[{"@type":"SearchAction","target":{"@type":"EntryPoint","urlTemplate":"https:\/\/www.vegaintro-projekti.com\/pilar-stari\/?s={search_term_string}"},"query-input":"required name=search_term_string"}],"inLanguage":"hr"},{"@type":"Person","@id":"https:\/\/www.vegaintro-projekti.com\/pilar-stari\/#\/schema\/person\/c0db50ebd77c4409e19b18044bbf10c1","name":"pilar-admin","image":{"@type":"ImageObject","inLanguage":"hr","@id":"https:\/\/www.vegaintro-projekti.com\/pilar-stari\/#\/schema\/person\/image\/","url":"https:\/\/secure.gravatar.com\/avatar\/fac9e03c4db0011b9c1ad8b5e9c74b8c?s=96&d=mm&r=g","contentUrl":"https:\/\/secure.gravatar.com\/avatar\/fac9e03c4db0011b9c1ad8b5e9c74b8c?s=96&d=mm&r=g","caption":"pilar-admin"},"url":"https:\/\/www.vegaintro-projekti.com\/pilar-stari\/author\/pilar-admin\/"}]}},"_links":{"self":[{"href":"https:\/\/www.vegaintro-projekti.com\/pilar-stari\/wp-json\/wp\/v2\/posts\/624"}],"collection":[{"href":"https:\/\/www.vegaintro-projekti.com\/pilar-stari\/wp-json\/wp\/v2\/posts"}],"about":[{"href":"https:\/\/www.vegaintro-projekti.com\/pilar-stari\/wp-json\/wp\/v2\/types\/post"}],"author":[{"embeddable":true,"href":"https:\/\/www.vegaintro-projekti.com\/pilar-stari\/wp-json\/wp\/v2\/users\/1"}],"replies":[{"embeddable":true,"href":"https:\/\/www.vegaintro-projekti.com\/pilar-stari\/wp-json\/wp\/v2\/comments?post=624"}],"version-history":[{"count":22,"href":"https:\/\/www.vegaintro-projekti.com\/pilar-stari\/wp-json\/wp\/v2\/posts\/624\/revisions"}],"predecessor-version":[{"id":35492,"href":"https:\/\/www.vegaintro-projekti.com\/pilar-stari\/wp-json\/wp\/v2\/posts\/624\/revisions\/35492"}],"wp:attachment":[{"href":"https:\/\/www.vegaintro-projekti.com\/pilar-stari\/wp-json\/wp\/v2\/media?parent=624"}],"wp:term":[{"taxonomy":"category","embeddable":true,"href":"https:\/\/www.vegaintro-projekti.com\/pilar-stari\/wp-json\/wp\/v2\/categories?post=624"},{"taxonomy":"post_tag","embeddable":true,"href":"https:\/\/www.vegaintro-projekti.com\/pilar-stari\/wp-json\/wp\/v2\/tags?post=624"}],"curies":[{"name":"wp","href":"https:\/\/api.w.org\/{rel}","templated":true}]}}