{"id":626,"date":"2014-02-26T21:48:13","date_gmt":"2014-02-26T21:48:13","guid":{"rendered":"https:\/\/www.vegaintro-projekti.com\/pilar-stari\/2014\/02\/26\/istrazivanje-profil-muzejskih-posjetilaca-u-splitu-2013\/"},"modified":"2017-12-07T17:53:09","modified_gmt":"2017-12-07T17:53:09","slug":"istrazivanje-profil-muzejskih-posjetilaca-u-splitu-2013","status":"publish","type":"post","link":"https:\/\/www.vegaintro-projekti.com\/pilar-stari\/2014\/02\/istrazivanje-profil-muzejskih-posjetilaca-u-splitu-2013\/","title":{"rendered":"Istra\u017eivanje: PROFIL MUZEJSKIH POSJETILACA U SPLITU 2013."},"content":{"rendered":"<p><strong>Nakon prve tribine odr\u017eane 10. velja\u010de 2014. godine na kojoj je znanstveni tim Povjerenstva za izradu Nacrta prijedloga Plana upravljanja povijesnom jezgrom Splita predstavio ukupne rezultate istra\u017eivanja profila turisti\u010dkih posjeta Split u 2013. godine, 24. velja\u010de u Sve\u010danoj dvorani Muzeja grada Splita odr\u017eana je druga tribina na kojoj su prikazani rezultati istra\u017eivanja koji su se odnosili na profil muzejskih posjetilaca u Splitu u ljeto 2013. godine. &#8211; <a href=\"#mediji\">Iz medija<\/a><\/strong><\/p>\n<p><img decoding=\"async\" loading=\"lazy\" src=\"https:\/\/www.vegaintro-projekti.com\/pilar-stari\/wp-content\/images\/stories\/fotografije\/podrucni\/split\/Split_muzeji.jpg\" alt=\"Split muzeji\" width=\"640\" height=\"348\" \/><\/p>\n<p><span style=\"font-size: 8pt;\"><strong>Predstavljanje rezultata istra\u017eivanja profila muzejskih posjetila u Splitu 2013. godine, Split, 24. velja\u010de 2014.<\/strong><\/span><\/p>\n<p>Kao i prethodna, i ova je tribina izazvala zanimanje i struke i medija. Rezultate istra\u017eivanja javnosti su predstavili \u010dlanovi Znanstvenog tima mr. sc. Mirko Petri\u0107 i prof. dr. sc. Inga Tomi\u0107-Koludrovi\u0107, djelatnica Instituta Pilar \u2013 Podru\u010dnog centra Split. U svom izlaganju, posebnu su pozornost posvetili pitanjima: \u0160to posjetitelji muzejskih prostora u Splitu misle o atraktivnosti tih prostora, \u010dime su zadovoljni, a \u0161to misle da bi trebalo pobolj\u0161ati? Kako turisti vide muzeje u gradu koji je i sam \u017eivu\u0107a ba\u0161tina i vrijedan spomenik kulture? Kakve se mogu\u0107e pouke za kulturnu politiku grada i daljnje profiliranje turisti\u010dke ponude mogu formulirati na osnovu rezultata anketnog ispitivanja muzejskih posjetilaca provedenog izme\u0111u 27. VII. \u2013 3. VIII. 2013. na kvotnom uzorku od 350 posjetilaca splitskih muzeja? Izlaga\u010di su analizirali i va\u017enost koju imaju razli\u010diti tipovi turista s obzirom na njihovu dob, nacionalnost i kupovnu mo\u0107. U sredi\u0161te rasprave postavili su pitanje o kulturnoj i obrazovnoj ulozi koju muzeji primarno obavljaju, pa i onda kad se promatraju kao turisti\u010dka atrakcija.<\/p>\n<p>Na sljede\u0107oj tribini bit \u0107e prikazani ishodi istra\u017eivanja o motivima i u\u010destalosti dolazaka u staru gradsku jezgru gra\u0111ana Splita. <\/p>\n<p><a name=\"mediji\">&nbsp;<\/a><br \/><span style=\"font-size: 12pt;\">Iz medija<\/span><\/p>\n<p><strong>&#8211; Splitski portal:<\/strong> <a href=\"http:\/\/split.com.hr\/novosti\/vijesti\/turisti-najvise-obilaze-podrume-riznicu-galeriju-mestrovic-muzej-grada\">Turisti najvi\u0161e obilaze Podrume, riznicu, Galeriju Me\u0161trovi\u0107, Muzej grada&#8230;, 24. velja\u010de 2014.<br \/><\/a><strong>&#8211; Dalmacija News:<\/strong> Opara: Ultra Europe ima negativne u\u010dinke na kulturnu ponudu Splita!, 24. velja\u010de 2014.<br \/><strong>&#8211; Tportal.hr:<\/strong> <a href=\"http:\/\/m.tportal.hr\/kultura\/317797\/Splitski-kulturni-turizam-na-rubu-katastrofe.html\">SKRIVAJU \u0160TO IMAJU: Splitski kulturni turizam na rubu katastrofe, 25. velja\u010de 2014.<br \/><\/a><strong>&#8211; Muzej grada Splita:<\/strong> <a href=\"http:\/\/www.mgst.net\/naslovnica\/turizam-i-kultura-muzejski-posjetitelji-u-splitu-2013\/\">TURIZAM I KULTURA: Muzejski posjetitelji u Splitu 2013.<\/a><\/p>\n<p>&nbsp;<\/p>\n<p>&gt;&gt;&gt; <a href=\"https:\/\/www.vegaintro-projekti.com\/pilar-stari\/2014\/02\/istrazivanje-turisti-u-povijesnoj-jezgri-splita-u-2013\/\">Istra\u017eivanje: TURISTI U POVIJESNOJ JEZGRI SPLITA U 2013.<\/a><\/p>\n<p>&gt;&gt;&gt;&nbsp;<a href=\"https:\/\/www.vegaintro-projekti.com\/pilar-stari\/2008\/10\/podruni-centar-split\/\">PODRU\u010cNI CENTAR SPLIT<\/a><\/p>\n","protected":false},"excerpt":{"rendered":"<p>Nakon prve tribine odr\u017eane 10. velja\u010de 2014. godine na kojoj je znanstveni tim Povjerenstva za izradu Nacrta prijedloga Plana upravljanja povijesnom jezgrom Splita predstavio ukupne rezultate istra\u017eivanja profila turisti\u010dkih posjeta Split u 2013. godine, 24. velja\u010de u Sve\u010danoj dvorani Muzeja grada Splita odr\u017eana je druga tribina na kojoj su prikazani rezultati istra\u017eivanja koji su se&hellip; <a class=\"continue\" href=\"https:\/\/www.vegaintro-projekti.com\/pilar-stari\/2014\/02\/istrazivanje-profil-muzejskih-posjetilaca-u-splitu-2013\/\">Pro\u010ditaj vi\u0161e o<span> Istra\u017eivanje: PROFIL MUZEJSKIH POSJETILACA U SPLITU 2013.<\/span><\/a><\/p>\n","protected":false},"author":1,"featured_media":0,"comment_status":"open","ping_status":"open","sticky":false,"template":"","format":"standard","meta":{"inline_featured_image":false,"ngg_post_thumbnail":0,"footnotes":""},"categories":[11],"tags":[],"yoast_head":"<!-- This site is optimized with the Yoast SEO plugin v21.2 - https:\/\/yoast.com\/wordpress\/plugins\/seo\/ -->\n<title>Istra\u017eivanje: PROFIL MUZEJSKIH POSJETILACA U SPLITU 2013. - Institut dru&scaron;tvenih znanosti Ivo Pilar<\/title>\n<meta name=\"robots\" content=\"noindex, follow, max-snippet:-1, max-image-preview:large, max-video-preview:-1\" \/>\n<meta property=\"og:locale\" content=\"hr_HR\" \/>\n<meta property=\"og:type\" content=\"article\" \/>\n<meta property=\"og:title\" content=\"Istra\u017eivanje: PROFIL MUZEJSKIH POSJETILACA U SPLITU 2013. - Institut dru&scaron;tvenih znanosti Ivo Pilar\" \/>\n<meta property=\"og:description\" content=\"Nakon prve tribine odr\u017eane 10. velja\u010de 2014. godine na kojoj je znanstveni tim Povjerenstva za izradu Nacrta prijedloga Plana upravljanja povijesnom jezgrom Splita predstavio ukupne rezultate istra\u017eivanja profila turisti\u010dkih posjeta Split u 2013. godine, 24. velja\u010de u Sve\u010danoj dvorani Muzeja grada Splita odr\u017eana je druga tribina na kojoj su prikazani rezultati istra\u017eivanja koji su se&hellip; Pro\u010ditaj vi\u0161e o Istra\u017eivanje: PROFIL MUZEJSKIH POSJETILACA U SPLITU 2013.\" \/>\n<meta property=\"og:url\" content=\"https:\/\/www.vegaintro-projekti.com\/pilar-stari\/2014\/02\/istrazivanje-profil-muzejskih-posjetilaca-u-splitu-2013\/\" \/>\n<meta property=\"og:site_name\" content=\"Institut dru&scaron;tvenih znanosti Ivo Pilar\" \/>\n<meta property=\"article:published_time\" content=\"2014-02-26T21:48:13+00:00\" \/>\n<meta property=\"article:modified_time\" content=\"2017-12-07T17:53:09+00:00\" \/>\n<meta property=\"og:image\" content=\"https:\/\/www.vegaintro-projekti.com\/pilar-stari\/wp-content\/images\/stories\/fotografije\/podrucni\/split\/Split_muzeji.jpg\" \/>\n<meta name=\"author\" content=\"pilar-admin\" \/>\n<meta name=\"twitter:card\" content=\"summary_large_image\" \/>\n<meta name=\"twitter:label1\" content=\"Napisao\/la\" \/>\n\t<meta name=\"twitter:data1\" content=\"pilar-admin\" \/>\n\t<meta name=\"twitter:label2\" content=\"Procijenjeno vrijeme \u010ditanja\" \/>\n\t<meta name=\"twitter:data2\" content=\"2 minute\" \/>\n<script type=\"application\/ld+json\" class=\"yoast-schema-graph\">{\"@context\":\"https:\/\/schema.org\",\"@graph\":[{\"@type\":\"WebPage\",\"@id\":\"https:\/\/www.vegaintro-projekti.com\/pilar-stari\/2014\/02\/istrazivanje-profil-muzejskih-posjetilaca-u-splitu-2013\/\",\"url\":\"https:\/\/www.vegaintro-projekti.com\/pilar-stari\/2014\/02\/istrazivanje-profil-muzejskih-posjetilaca-u-splitu-2013\/\",\"name\":\"Istra\u017eivanje: PROFIL MUZEJSKIH POSJETILACA U SPLITU 2013. - Institut dru&scaron;tvenih znanosti Ivo Pilar\",\"isPartOf\":{\"@id\":\"https:\/\/www.vegaintro-projekti.com\/pilar-stari\/#website\"},\"datePublished\":\"2014-02-26T21:48:13+00:00\",\"dateModified\":\"2017-12-07T17:53:09+00:00\",\"author\":{\"@id\":\"https:\/\/www.vegaintro-projekti.com\/pilar-stari\/#\/schema\/person\/c0db50ebd77c4409e19b18044bbf10c1\"},\"breadcrumb\":{\"@id\":\"https:\/\/www.vegaintro-projekti.com\/pilar-stari\/2014\/02\/istrazivanje-profil-muzejskih-posjetilaca-u-splitu-2013\/#breadcrumb\"},\"inLanguage\":\"hr\",\"potentialAction\":[{\"@type\":\"ReadAction\",\"target\":[\"https:\/\/www.vegaintro-projekti.com\/pilar-stari\/2014\/02\/istrazivanje-profil-muzejskih-posjetilaca-u-splitu-2013\/\"]}]},{\"@type\":\"BreadcrumbList\",\"@id\":\"https:\/\/www.vegaintro-projekti.com\/pilar-stari\/2014\/02\/istrazivanje-profil-muzejskih-posjetilaca-u-splitu-2013\/#breadcrumb\",\"itemListElement\":[{\"@type\":\"ListItem\",\"position\":1,\"name\":\"Home\",\"item\":\"https:\/\/www.vegaintro-projekti.com\/pilar-stari\/\"},{\"@type\":\"ListItem\",\"position\":2,\"name\":\"Istra\u017eivanje: PROFIL MUZEJSKIH POSJETILACA U SPLITU 2013.\"}]},{\"@type\":\"WebSite\",\"@id\":\"https:\/\/www.vegaintro-projekti.com\/pilar-stari\/#website\",\"url\":\"https:\/\/www.vegaintro-projekti.com\/pilar-stari\/\",\"name\":\"Institut dru&scaron;tvenih znanosti Ivo Pilar\",\"description\":\"Pilar\",\"potentialAction\":[{\"@type\":\"SearchAction\",\"target\":{\"@type\":\"EntryPoint\",\"urlTemplate\":\"https:\/\/www.vegaintro-projekti.com\/pilar-stari\/?s={search_term_string}\"},\"query-input\":\"required name=search_term_string\"}],\"inLanguage\":\"hr\"},{\"@type\":\"Person\",\"@id\":\"https:\/\/www.vegaintro-projekti.com\/pilar-stari\/#\/schema\/person\/c0db50ebd77c4409e19b18044bbf10c1\",\"name\":\"pilar-admin\",\"image\":{\"@type\":\"ImageObject\",\"inLanguage\":\"hr\",\"@id\":\"https:\/\/www.vegaintro-projekti.com\/pilar-stari\/#\/schema\/person\/image\/\",\"url\":\"https:\/\/secure.gravatar.com\/avatar\/fac9e03c4db0011b9c1ad8b5e9c74b8c?s=96&d=mm&r=g\",\"contentUrl\":\"https:\/\/secure.gravatar.com\/avatar\/fac9e03c4db0011b9c1ad8b5e9c74b8c?s=96&d=mm&r=g\",\"caption\":\"pilar-admin\"},\"url\":\"https:\/\/www.vegaintro-projekti.com\/pilar-stari\/author\/pilar-admin\/\"}]}<\/script>\n<!-- \/ Yoast SEO plugin. -->","yoast_head_json":{"title":"Istra\u017eivanje: PROFIL MUZEJSKIH POSJETILACA U SPLITU 2013. - Institut dru&scaron;tvenih znanosti Ivo Pilar","robots":{"index":"noindex","follow":"follow","max-snippet":"max-snippet:-1","max-image-preview":"max-image-preview:large","max-video-preview":"max-video-preview:-1"},"og_locale":"hr_HR","og_type":"article","og_title":"Istra\u017eivanje: PROFIL MUZEJSKIH POSJETILACA U SPLITU 2013. - Institut dru&scaron;tvenih znanosti Ivo Pilar","og_description":"Nakon prve tribine odr\u017eane 10. velja\u010de 2014. godine na kojoj je znanstveni tim Povjerenstva za izradu Nacrta prijedloga Plana upravljanja povijesnom jezgrom Splita predstavio ukupne rezultate istra\u017eivanja profila turisti\u010dkih posjeta Split u 2013. godine, 24. velja\u010de u Sve\u010danoj dvorani Muzeja grada Splita odr\u017eana je druga tribina na kojoj su prikazani rezultati istra\u017eivanja koji su se&hellip; Pro\u010ditaj vi\u0161e o Istra\u017eivanje: PROFIL MUZEJSKIH POSJETILACA U SPLITU 2013.","og_url":"https:\/\/www.vegaintro-projekti.com\/pilar-stari\/2014\/02\/istrazivanje-profil-muzejskih-posjetilaca-u-splitu-2013\/","og_site_name":"Institut dru&scaron;tvenih znanosti Ivo Pilar","article_published_time":"2014-02-26T21:48:13+00:00","article_modified_time":"2017-12-07T17:53:09+00:00","og_image":[{"url":"https:\/\/www.vegaintro-projekti.com\/pilar-stari\/wp-content\/images\/stories\/fotografije\/podrucni\/split\/Split_muzeji.jpg"}],"author":"pilar-admin","twitter_card":"summary_large_image","twitter_misc":{"Napisao\/la":"pilar-admin","Procijenjeno vrijeme \u010ditanja":"2 minute"},"schema":{"@context":"https:\/\/schema.org","@graph":[{"@type":"WebPage","@id":"https:\/\/www.vegaintro-projekti.com\/pilar-stari\/2014\/02\/istrazivanje-profil-muzejskih-posjetilaca-u-splitu-2013\/","url":"https:\/\/www.vegaintro-projekti.com\/pilar-stari\/2014\/02\/istrazivanje-profil-muzejskih-posjetilaca-u-splitu-2013\/","name":"Istra\u017eivanje: PROFIL MUZEJSKIH POSJETILACA U SPLITU 2013. - Institut dru&scaron;tvenih znanosti Ivo Pilar","isPartOf":{"@id":"https:\/\/www.vegaintro-projekti.com\/pilar-stari\/#website"},"datePublished":"2014-02-26T21:48:13+00:00","dateModified":"2017-12-07T17:53:09+00:00","author":{"@id":"https:\/\/www.vegaintro-projekti.com\/pilar-stari\/#\/schema\/person\/c0db50ebd77c4409e19b18044bbf10c1"},"breadcrumb":{"@id":"https:\/\/www.vegaintro-projekti.com\/pilar-stari\/2014\/02\/istrazivanje-profil-muzejskih-posjetilaca-u-splitu-2013\/#breadcrumb"},"inLanguage":"hr","potentialAction":[{"@type":"ReadAction","target":["https:\/\/www.vegaintro-projekti.com\/pilar-stari\/2014\/02\/istrazivanje-profil-muzejskih-posjetilaca-u-splitu-2013\/"]}]},{"@type":"BreadcrumbList","@id":"https:\/\/www.vegaintro-projekti.com\/pilar-stari\/2014\/02\/istrazivanje-profil-muzejskih-posjetilaca-u-splitu-2013\/#breadcrumb","itemListElement":[{"@type":"ListItem","position":1,"name":"Home","item":"https:\/\/www.vegaintro-projekti.com\/pilar-stari\/"},{"@type":"ListItem","position":2,"name":"Istra\u017eivanje: PROFIL MUZEJSKIH POSJETILACA U SPLITU 2013."}]},{"@type":"WebSite","@id":"https:\/\/www.vegaintro-projekti.com\/pilar-stari\/#website","url":"https:\/\/www.vegaintro-projekti.com\/pilar-stari\/","name":"Institut dru&scaron;tvenih znanosti Ivo Pilar","description":"Pilar","potentialAction":[{"@type":"SearchAction","target":{"@type":"EntryPoint","urlTemplate":"https:\/\/www.vegaintro-projekti.com\/pilar-stari\/?s={search_term_string}"},"query-input":"required name=search_term_string"}],"inLanguage":"hr"},{"@type":"Person","@id":"https:\/\/www.vegaintro-projekti.com\/pilar-stari\/#\/schema\/person\/c0db50ebd77c4409e19b18044bbf10c1","name":"pilar-admin","image":{"@type":"ImageObject","inLanguage":"hr","@id":"https:\/\/www.vegaintro-projekti.com\/pilar-stari\/#\/schema\/person\/image\/","url":"https:\/\/secure.gravatar.com\/avatar\/fac9e03c4db0011b9c1ad8b5e9c74b8c?s=96&d=mm&r=g","contentUrl":"https:\/\/secure.gravatar.com\/avatar\/fac9e03c4db0011b9c1ad8b5e9c74b8c?s=96&d=mm&r=g","caption":"pilar-admin"},"url":"https:\/\/www.vegaintro-projekti.com\/pilar-stari\/author\/pilar-admin\/"}]}},"_links":{"self":[{"href":"https:\/\/www.vegaintro-projekti.com\/pilar-stari\/wp-json\/wp\/v2\/posts\/626"}],"collection":[{"href":"https:\/\/www.vegaintro-projekti.com\/pilar-stari\/wp-json\/wp\/v2\/posts"}],"about":[{"href":"https:\/\/www.vegaintro-projekti.com\/pilar-stari\/wp-json\/wp\/v2\/types\/post"}],"author":[{"embeddable":true,"href":"https:\/\/www.vegaintro-projekti.com\/pilar-stari\/wp-json\/wp\/v2\/users\/1"}],"replies":[{"embeddable":true,"href":"https:\/\/www.vegaintro-projekti.com\/pilar-stari\/wp-json\/wp\/v2\/comments?post=626"}],"version-history":[{"count":5,"href":"https:\/\/www.vegaintro-projekti.com\/pilar-stari\/wp-json\/wp\/v2\/posts\/626\/revisions"}],"predecessor-version":[{"id":7206,"href":"https:\/\/www.vegaintro-projekti.com\/pilar-stari\/wp-json\/wp\/v2\/posts\/626\/revisions\/7206"}],"wp:attachment":[{"href":"https:\/\/www.vegaintro-projekti.com\/pilar-stari\/wp-json\/wp\/v2\/media?parent=626"}],"wp:term":[{"taxonomy":"category","embeddable":true,"href":"https:\/\/www.vegaintro-projekti.com\/pilar-stari\/wp-json\/wp\/v2\/categories?post=626"},{"taxonomy":"post_tag","embeddable":true,"href":"https:\/\/www.vegaintro-projekti.com\/pilar-stari\/wp-json\/wp\/v2\/tags?post=626"}],"curies":[{"name":"wp","href":"https:\/\/api.w.org\/{rel}","templated":true}]}}