{"id":627,"date":"2014-02-27T20:02:17","date_gmt":"2014-02-27T20:02:17","guid":{"rendered":"https:\/\/www.vegaintro-projekti.com\/pilar-stari\/2014\/02\/27\/dr-sc-drazen-zivic-suvremena-demografska-slika-hrvata-u-vojvodini\/"},"modified":"2017-12-07T17:53:29","modified_gmt":"2017-12-07T17:53:29","slug":"dr-sc-drazen-zivic-suvremena-demografska-slika-hrvata-u-vojvodini","status":"publish","type":"post","link":"https:\/\/www.vegaintro-projekti.com\/pilar-stari\/2014\/02\/dr-sc-drazen-zivic-suvremena-demografska-slika-hrvata-u-vojvodini\/","title":{"rendered":"Dr. sc. Dra\u017een \u017divi\u0107: &#8220;Suvremena demografska slika Hrvata u Vojvodini&#8221;"},"content":{"rendered":"<p><strong>Na poziv ravnatelja Zavoda za kulturu vojvo\u0111anskih Hrvata dr. sc. Tomislava \u017digmanova, u Subotici su 26. velja\u010de 2014. godine boravili djelatnici Podru\u010dnoga centra Instituta Pilar u Vukovaru, dr. sc. Dra\u017een \u017divi\u0107, dr. sc. Mateo \u017dani\u0107 i mr. Sandra Cviki\u0107. Tom je prigodom, u sklopu XXVIII. znanstvenoga kolokvija, voditelj Podru\u010dnoga centra dr. sc. Dra\u017een \u017divi\u0107 odr\u017eao predavanje naslovljeno &#8220;Suvremena demografska slika Hrvata u Vojvodini&#8221; &#8211; <a href=\"#mediji\">Iz medija<\/a><\/strong><\/p>\n<p><img decoding=\"async\" loading=\"lazy\" src=\"https:\/\/www.vegaintro-projekti.com\/pilar-stari\/wp-content\/images\/stories\/fotografije\/podrucni\/vukovar\/Subotica_s.JPG\" alt=\"Subotica s\" width=\"640\" height=\"426\" \/><\/p>\n<p><span style=\"font-size: 8pt;\"><strong>Djelatnici Podru\u010dnog centra Instituta Ivo Pilar Vukovar u Zavodu za kulturu vojvo\u0111anskih Hrvata, Subotica, 26. velja\u010de 2014.<\/strong><\/span><\/p>\n<p>Me\u0111u nazo\u010dnima su bili i generalni konzul Republike Hrvatske u Subotici Dragan \u0110uri\u0107 i predsjednik Hrvatskog nacionalnog vije\u0107a dr. sc. Slaven Ba\u010di\u0107. Tijekom posjeta istaknuta je vrlo dobra suradnja izme\u0111u Zavoda za kulturu vojvo\u0111anskih Hrvata i Podru\u010dnoga centra Instituta Pilar u Vukovaru te su dogovorene i nove aktivnosti. Nakon slu\u017ebenog dijela posjeta djelatnici Podru\u010dnoga centra obi\u0161li su najva\u017enije znamenitosti Subotice.<\/p>\n<p><em>D. \u017divi\u0107<\/em><\/p>\n<p><a name=\"mediji\">&nbsp;<\/a><br \/><span style=\"font-size: 12pt;\">Iz medija<\/span><\/p>\n<p><strong>&#8211; Radio Subotica. Program na hrvatskom jeziku:<\/strong> <a href=\"http:\/\/www.radiosubotica.co.rs\/hr\/0225hr.html#4\">XXVIII. Znanstveni kolokvij ZKVH &#8220;Suvremena demografska slika Hrvata u Vojvodini&#8221;, 25. velja\u010de 2014.<br \/><\/a>&#8211; <strong>Index\/Hina:<\/strong> <a href=\"http:\/\/www.index.hr\/vijesti\/clanak\/demografska-slika-hrvata-u-vojvodini-stari-su-i-sve-ih-je-manje\/730952.aspx\">Demografska slika Hrvata u Vojvodini: Stari su i sve ih je manje, 26. velja\u010de 2014.<\/a><\/p>\n<p><a href=\"http:\/\/www.index.hr\/vijesti\/clanak\/demografska-slika-hrvata-u-vojvodini-stari-su-i-sve-ih-je-manje\/730952.aspx\">&nbsp;<\/a><\/p>\n<p><span style=\"font-size: 12pt;\">XXVIII. Znanstveni kolokvij ZKVH &#8220;Suvremena demografska slika Hrvata u Vojvodini&#8221;<\/span><\/p>\n<p><em>Zavod za kulturu vojvo\u0111anskih Hrvata prire\u0111uje XXVIII. Znanstveni kolokvij na temu &#8216;Suvremena demografska slika Hrvata u Vojvodini&#8217;, koji \u0107e biti odr\u017ean u srijedu s po\u010detkom u 11 sati, u prostorijama Zavoda (Haramba\u0161i\u0107eva 14).<\/em><\/p>\n<p>Uvodni\u010dar je dr. sc. Dra\u017een \u017divi\u0107, znanstveni savjetnik i izvanredni profesor na Institutu dru\u0161tvenih znanosti Ivo Pilar \u2013 Podru\u010dni centar Vukovar.<\/p>\n<p>Suvremena demografska slika vojvo\u0111anskih Hrvata bremenita je nepovoljnim i izrazito zabrinjavaju\u0107im procesima, odnosima i strukturama, koje nisu posljedica dugoro\u010dnog djelovanja samo &#8216;unutarnjih&#8217; ili demografskih \u010dimbenika, nego imaju i puno dublje i slojevitije &#8216;vanjske&#8217;, tj. dru\u0161tvene, politi\u010dke i ekonomske odrednice.<\/p>\n<p>Hrvati u Vojvodini, prema posljednjem popisu stanovni\u0161tva iz 2011., \u010dine tek 2,4 posto ukupnog vojvo\u0111anskog stanovni\u0161tva, s jasnim trendom pada njihova udjela u razdoblju nakon Drugoga svjetskog rata, \u0161to ukazuje na sna\u017enu ukupnu depopulaciju, na negativne u\u010dinke parcijalnih depopulacijskih procesa (reprodukcijska, generacijska i prirodna depopulacija) te na sve intenzivniji odnosno izvjesniji &#8216;nestanak&#8217; hrvatske populacije s toga podru\u010dja.<\/p>\n<p>Me\u0111u va\u017enije &#8216;unutarnje&#8217; ili demografske \u010dimbenike pada broja i udjela hrvatskog stanovni\u0161tva u Vojvodini treba istaknuti demografsko starenje kao op\u0107i ili globalni demografski proces, koji, dodu\u0161e, niti na vojvo\u0111anskom prostoru nije isklju\u010divo ili jedino karakteristika samo hrvatske populacije, ali je kod Hrvata posebno intenzivan, naro\u010dito u posljednja dva me\u0111upopisna razdoblja, s \u2013 dugoro\u010dno gledano \u2013 vrlo lo\u0161im perspektivama. O svemu \u0107e biti vi\u0161e rije\u010di u izlaganju.<\/p>\n<p>Dr. sc. Dra\u017een \u017divi\u0107 (1968.), znanstveni savjetnik i izvanredni profesor. Uposlen je u Institutu dru\u0161tvenih znanosti Ivo Pilar, voditelj je njegovog Podru\u010dnog centra u Vukovaru. Bavi se istra\u017eivanjima povezanima uz demografiju Hrvatske, demografiju malih podru\u010dja, demografiju braka i obitelji, demografske posljedice rata te etnodemografiju. U dosada\u0161njoj znanstvenoj djelatnosti objavio je sedamdesetak znanstvenih i stru\u010dnih radova u me\u0111unarodno referiranim \u010dasopisima, doma\u0107im znanstvenim \u010dasopisima te zbornicima radova i knjigama, kao i tri knjige u suautorstvu i jednu knjigu kao samostalan autor. (Uredni\u0161tvo)<\/p>\n<p><a href=\"http:\/\/www.radiosubotica.co.rs\/hr\/0225hr.html#4\">Radio Subotica. Program na hrvatskom jeziku, 25. velja\u010de 2014.<\/a><\/p>\n<p><span style=\"font-size: 12pt;\">Demografska slika Hrvata u Vojvodini: Stari su i sve ih je manje<\/span><\/p>\n<p><em>PROCES nestanka Hrvata s prostora Vojvodine i Srbije traje od 60-tih godina pro\u0161loga stolje\u0107a, kada ih je bilo gotovo 200.000, a danas su zbog razli\u010ditih depopulacijskih procesa svedeni na zajednicu od oko 58.000 pripadnika, s vrlo malim udjelom mladih, rekao je znanstveni savjetnik i izvanredni profesor s Instituta dru\u0161tvenih znanosti Ivo Pilar dr. Dra\u017een \u017divi\u0107, koji gostovao u srijedu u Subotici.<\/em><\/p>\n<p>&#8220;Ukoliko bi se depopulacija Hrvata nastavila dosada\u0161njim tempom, na sljede\u0107em popisu stanovni\u0161tva Hrvata \u0107e u Srbiji biti za oko 10.000 manje, zna\u010di oko 45.000&#8221;, konstatirao je \u017divi\u0107, predava\u010d na znanstvenom kolokviju Zavoda za kulturu vojvo\u0111anskih Hrvata (ZKVH), pod nazivom \u201eSuvremena demografska slika Hrvata u Vojvodini\u201c.<\/p>\n<p>On ka\u017ee da &#8220;nema sumnje da \u0107e se depopulacija ove zajednice nastaviti jer nema ni jednog procesa koji bi i\u0161ao u suprotnom pravcu \u2013 nema doseljavanja i povratka odseljenih ili prognanih Hrvata, nema pove\u0107anja nataliteta, nema pobolj\u0161anja dru\u0161tvene i gospodarske klime&#8221;.<\/p>\n<p>&#8220;Ono \u0161to danas \u010dini osnovni problem demografske slike Hrvata u Srbiji jest proces demografskog starenja. Dovoljno je samo re\u0107i podatak da prema popisu od 2011. Godine svega 8,5 posto hrvatskog stanovni\u0161tva u Vojvodini je mla\u0111e od 14 godina. Dakle perspektive su nepovoljne&#8221;, naveo je \u017divi\u0107.<\/p>\n<p>On dodaje da proces depopulacije Hrvata u Srbiji nije nezaustavljiv.<\/p>\n<p>&#8220;Ja sam uvjeren da bi ja\u010danje suradnje Hrvata u Vojvodini s hrvatskom dr\u017eavom, ve\u0107a skrb Hrvatske prema vojvo\u0111anskim Hrvatima, kao i pobolj\u0161anje njihovog dru\u0161tvenog, politi\u010dkog i napose gospodarskog polo\u017eaja, te podizanje ugleda u dru\u0161tvu koji bi se mogao potaknuti \u2026 vjerojatno zaustavilo njihovo iseljavanje, a onda omogu\u0107ilo onima koji su od toga strahovali da se ponovno izja\u0161njavaju kao Hrvati&#8221;, rekao je \u017divi\u0107.<\/p>\n<p>Posljednji popis stanovnika u Srbiji proveden je 2011. prema kojemu danas u ovoj zemlji \u017eivi 57.900 Hrvata, \u0161to je za gotovo 13.000 manje nego 2002.<\/p>\n<p>Najvi\u0161e Hrvata ima u Vojvodini \u2013 47.033, od toga najvi\u0161e u sjevernoj Ba\u010dkoj, u Subotici i okolici, gdje ih je 14.536.<\/p>\n<p><a href=\"http:\/\/www.index.hr\/vijesti\/clanak\/demografska-slika-hrvata-u-vojvodini-stari-su-i-sve-ih-je-manje\/730952.aspx\">Index\/Hina, 26. velja\u010de 2014.<\/a><\/p>\n<p>&gt;&gt;&gt;&nbsp;<a href=\"https:\/\/www.vegaintro-projekti.com\/pilar-stari\/2008\/10\/podruni-centar-vukovar\/\">PODRU\u010cNI CENTAR VUKOVAR<\/a><\/p>\n","protected":false},"excerpt":{"rendered":"<p>Na poziv ravnatelja Zavoda za kulturu vojvo\u0111anskih Hrvata dr. sc. Tomislava \u017digmanova, u Subotici su 26. velja\u010de 2014. godine boravili djelatnici Podru\u010dnoga centra Instituta Pilar u Vukovaru, dr. sc. Dra\u017een \u017divi\u0107, dr. sc. Mateo \u017dani\u0107 i mr. Sandra Cviki\u0107. Tom je prigodom, u sklopu XXVIII. znanstvenoga kolokvija, voditelj Podru\u010dnoga centra dr. sc. Dra\u017een \u017divi\u0107 odr\u017eao&hellip; <a class=\"continue\" href=\"https:\/\/www.vegaintro-projekti.com\/pilar-stari\/2014\/02\/dr-sc-drazen-zivic-suvremena-demografska-slika-hrvata-u-vojvodini\/\">Pro\u010ditaj vi\u0161e o<span> Dr. sc. Dra\u017een \u017divi\u0107: &#8220;Suvremena demografska slika Hrvata u Vojvodini&#8221;<\/span><\/a><\/p>\n","protected":false},"author":1,"featured_media":0,"comment_status":"open","ping_status":"open","sticky":false,"template":"","format":"standard","meta":{"inline_featured_image":false,"ngg_post_thumbnail":0,"footnotes":""},"categories":[11],"tags":[],"yoast_head":"<!-- This site is optimized with the Yoast SEO plugin v21.2 - https:\/\/yoast.com\/wordpress\/plugins\/seo\/ -->\n<title>Dr. sc. Dra\u017een \u017divi\u0107: &quot;Suvremena demografska slika Hrvata u Vojvodini&quot; - Institut dru&scaron;tvenih znanosti Ivo Pilar<\/title>\n<meta name=\"robots\" content=\"noindex, follow, max-snippet:-1, max-image-preview:large, max-video-preview:-1\" \/>\n<meta property=\"og:locale\" content=\"hr_HR\" \/>\n<meta property=\"og:type\" content=\"article\" \/>\n<meta property=\"og:title\" content=\"Dr. sc. Dra\u017een \u017divi\u0107: &quot;Suvremena demografska slika Hrvata u Vojvodini&quot; - Institut dru&scaron;tvenih znanosti Ivo Pilar\" \/>\n<meta property=\"og:description\" content=\"Na poziv ravnatelja Zavoda za kulturu vojvo\u0111anskih Hrvata dr. sc. Tomislava \u017digmanova, u Subotici su 26. velja\u010de 2014. godine boravili djelatnici Podru\u010dnoga centra Instituta Pilar u Vukovaru, dr. sc. Dra\u017een \u017divi\u0107, dr. sc. Mateo \u017dani\u0107 i mr. Sandra Cviki\u0107. Tom je prigodom, u sklopu XXVIII. znanstvenoga kolokvija, voditelj Podru\u010dnoga centra dr. sc. Dra\u017een \u017divi\u0107 odr\u017eao&hellip; Pro\u010ditaj vi\u0161e o Dr. sc. Dra\u017een \u017divi\u0107: &#8220;Suvremena demografska slika Hrvata u Vojvodini&#8221;\" \/>\n<meta property=\"og:url\" content=\"https:\/\/www.vegaintro-projekti.com\/pilar-stari\/2014\/02\/dr-sc-drazen-zivic-suvremena-demografska-slika-hrvata-u-vojvodini\/\" \/>\n<meta property=\"og:site_name\" content=\"Institut dru&scaron;tvenih znanosti Ivo Pilar\" \/>\n<meta property=\"article:published_time\" content=\"2014-02-27T20:02:17+00:00\" \/>\n<meta property=\"article:modified_time\" content=\"2017-12-07T17:53:29+00:00\" \/>\n<meta property=\"og:image\" content=\"https:\/\/www.vegaintro-projekti.com\/pilar-stari\/wp-content\/images\/stories\/fotografije\/podrucni\/vukovar\/Subotica_s.JPG\" \/>\n<meta name=\"author\" content=\"pilar-admin\" \/>\n<meta name=\"twitter:card\" content=\"summary_large_image\" \/>\n<meta name=\"twitter:label1\" content=\"Napisao\/la\" \/>\n\t<meta name=\"twitter:data1\" content=\"pilar-admin\" \/>\n\t<meta name=\"twitter:label2\" content=\"Procijenjeno vrijeme \u010ditanja\" \/>\n\t<meta name=\"twitter:data2\" content=\"5 minuta\" \/>\n<script type=\"application\/ld+json\" class=\"yoast-schema-graph\">{\"@context\":\"https:\/\/schema.org\",\"@graph\":[{\"@type\":\"WebPage\",\"@id\":\"https:\/\/www.vegaintro-projekti.com\/pilar-stari\/2014\/02\/dr-sc-drazen-zivic-suvremena-demografska-slika-hrvata-u-vojvodini\/\",\"url\":\"https:\/\/www.vegaintro-projekti.com\/pilar-stari\/2014\/02\/dr-sc-drazen-zivic-suvremena-demografska-slika-hrvata-u-vojvodini\/\",\"name\":\"Dr. sc. Dra\u017een \u017divi\u0107: \\\"Suvremena demografska slika Hrvata u Vojvodini\\\" - Institut dru&scaron;tvenih znanosti Ivo Pilar\",\"isPartOf\":{\"@id\":\"https:\/\/www.vegaintro-projekti.com\/pilar-stari\/#website\"},\"datePublished\":\"2014-02-27T20:02:17+00:00\",\"dateModified\":\"2017-12-07T17:53:29+00:00\",\"author\":{\"@id\":\"https:\/\/www.vegaintro-projekti.com\/pilar-stari\/#\/schema\/person\/c0db50ebd77c4409e19b18044bbf10c1\"},\"breadcrumb\":{\"@id\":\"https:\/\/www.vegaintro-projekti.com\/pilar-stari\/2014\/02\/dr-sc-drazen-zivic-suvremena-demografska-slika-hrvata-u-vojvodini\/#breadcrumb\"},\"inLanguage\":\"hr\",\"potentialAction\":[{\"@type\":\"ReadAction\",\"target\":[\"https:\/\/www.vegaintro-projekti.com\/pilar-stari\/2014\/02\/dr-sc-drazen-zivic-suvremena-demografska-slika-hrvata-u-vojvodini\/\"]}]},{\"@type\":\"BreadcrumbList\",\"@id\":\"https:\/\/www.vegaintro-projekti.com\/pilar-stari\/2014\/02\/dr-sc-drazen-zivic-suvremena-demografska-slika-hrvata-u-vojvodini\/#breadcrumb\",\"itemListElement\":[{\"@type\":\"ListItem\",\"position\":1,\"name\":\"Home\",\"item\":\"https:\/\/www.vegaintro-projekti.com\/pilar-stari\/\"},{\"@type\":\"ListItem\",\"position\":2,\"name\":\"Dr. sc. Dra\u017een \u017divi\u0107: &#8220;Suvremena demografska slika Hrvata u Vojvodini&#8221;\"}]},{\"@type\":\"WebSite\",\"@id\":\"https:\/\/www.vegaintro-projekti.com\/pilar-stari\/#website\",\"url\":\"https:\/\/www.vegaintro-projekti.com\/pilar-stari\/\",\"name\":\"Institut dru&scaron;tvenih znanosti Ivo Pilar\",\"description\":\"Pilar\",\"potentialAction\":[{\"@type\":\"SearchAction\",\"target\":{\"@type\":\"EntryPoint\",\"urlTemplate\":\"https:\/\/www.vegaintro-projekti.com\/pilar-stari\/?s={search_term_string}\"},\"query-input\":\"required name=search_term_string\"}],\"inLanguage\":\"hr\"},{\"@type\":\"Person\",\"@id\":\"https:\/\/www.vegaintro-projekti.com\/pilar-stari\/#\/schema\/person\/c0db50ebd77c4409e19b18044bbf10c1\",\"name\":\"pilar-admin\",\"image\":{\"@type\":\"ImageObject\",\"inLanguage\":\"hr\",\"@id\":\"https:\/\/www.vegaintro-projekti.com\/pilar-stari\/#\/schema\/person\/image\/\",\"url\":\"https:\/\/secure.gravatar.com\/avatar\/fac9e03c4db0011b9c1ad8b5e9c74b8c?s=96&d=mm&r=g\",\"contentUrl\":\"https:\/\/secure.gravatar.com\/avatar\/fac9e03c4db0011b9c1ad8b5e9c74b8c?s=96&d=mm&r=g\",\"caption\":\"pilar-admin\"},\"url\":\"https:\/\/www.vegaintro-projekti.com\/pilar-stari\/author\/pilar-admin\/\"}]}<\/script>\n<!-- \/ Yoast SEO plugin. -->","yoast_head_json":{"title":"Dr. sc. Dra\u017een \u017divi\u0107: \"Suvremena demografska slika Hrvata u Vojvodini\" - Institut dru&scaron;tvenih znanosti Ivo Pilar","robots":{"index":"noindex","follow":"follow","max-snippet":"max-snippet:-1","max-image-preview":"max-image-preview:large","max-video-preview":"max-video-preview:-1"},"og_locale":"hr_HR","og_type":"article","og_title":"Dr. sc. Dra\u017een \u017divi\u0107: \"Suvremena demografska slika Hrvata u Vojvodini\" - Institut dru&scaron;tvenih znanosti Ivo Pilar","og_description":"Na poziv ravnatelja Zavoda za kulturu vojvo\u0111anskih Hrvata dr. sc. Tomislava \u017digmanova, u Subotici su 26. velja\u010de 2014. godine boravili djelatnici Podru\u010dnoga centra Instituta Pilar u Vukovaru, dr. sc. Dra\u017een \u017divi\u0107, dr. sc. Mateo \u017dani\u0107 i mr. Sandra Cviki\u0107. Tom je prigodom, u sklopu XXVIII. znanstvenoga kolokvija, voditelj Podru\u010dnoga centra dr. sc. Dra\u017een \u017divi\u0107 odr\u017eao&hellip; Pro\u010ditaj vi\u0161e o Dr. sc. Dra\u017een \u017divi\u0107: &#8220;Suvremena demografska slika Hrvata u Vojvodini&#8221;","og_url":"https:\/\/www.vegaintro-projekti.com\/pilar-stari\/2014\/02\/dr-sc-drazen-zivic-suvremena-demografska-slika-hrvata-u-vojvodini\/","og_site_name":"Institut dru&scaron;tvenih znanosti Ivo Pilar","article_published_time":"2014-02-27T20:02:17+00:00","article_modified_time":"2017-12-07T17:53:29+00:00","og_image":[{"url":"https:\/\/www.vegaintro-projekti.com\/pilar-stari\/wp-content\/images\/stories\/fotografije\/podrucni\/vukovar\/Subotica_s.JPG"}],"author":"pilar-admin","twitter_card":"summary_large_image","twitter_misc":{"Napisao\/la":"pilar-admin","Procijenjeno vrijeme \u010ditanja":"5 minuta"},"schema":{"@context":"https:\/\/schema.org","@graph":[{"@type":"WebPage","@id":"https:\/\/www.vegaintro-projekti.com\/pilar-stari\/2014\/02\/dr-sc-drazen-zivic-suvremena-demografska-slika-hrvata-u-vojvodini\/","url":"https:\/\/www.vegaintro-projekti.com\/pilar-stari\/2014\/02\/dr-sc-drazen-zivic-suvremena-demografska-slika-hrvata-u-vojvodini\/","name":"Dr. sc. Dra\u017een \u017divi\u0107: \"Suvremena demografska slika Hrvata u Vojvodini\" - Institut dru&scaron;tvenih znanosti Ivo Pilar","isPartOf":{"@id":"https:\/\/www.vegaintro-projekti.com\/pilar-stari\/#website"},"datePublished":"2014-02-27T20:02:17+00:00","dateModified":"2017-12-07T17:53:29+00:00","author":{"@id":"https:\/\/www.vegaintro-projekti.com\/pilar-stari\/#\/schema\/person\/c0db50ebd77c4409e19b18044bbf10c1"},"breadcrumb":{"@id":"https:\/\/www.vegaintro-projekti.com\/pilar-stari\/2014\/02\/dr-sc-drazen-zivic-suvremena-demografska-slika-hrvata-u-vojvodini\/#breadcrumb"},"inLanguage":"hr","potentialAction":[{"@type":"ReadAction","target":["https:\/\/www.vegaintro-projekti.com\/pilar-stari\/2014\/02\/dr-sc-drazen-zivic-suvremena-demografska-slika-hrvata-u-vojvodini\/"]}]},{"@type":"BreadcrumbList","@id":"https:\/\/www.vegaintro-projekti.com\/pilar-stari\/2014\/02\/dr-sc-drazen-zivic-suvremena-demografska-slika-hrvata-u-vojvodini\/#breadcrumb","itemListElement":[{"@type":"ListItem","position":1,"name":"Home","item":"https:\/\/www.vegaintro-projekti.com\/pilar-stari\/"},{"@type":"ListItem","position":2,"name":"Dr. sc. Dra\u017een \u017divi\u0107: &#8220;Suvremena demografska slika Hrvata u Vojvodini&#8221;"}]},{"@type":"WebSite","@id":"https:\/\/www.vegaintro-projekti.com\/pilar-stari\/#website","url":"https:\/\/www.vegaintro-projekti.com\/pilar-stari\/","name":"Institut dru&scaron;tvenih znanosti Ivo Pilar","description":"Pilar","potentialAction":[{"@type":"SearchAction","target":{"@type":"EntryPoint","urlTemplate":"https:\/\/www.vegaintro-projekti.com\/pilar-stari\/?s={search_term_string}"},"query-input":"required name=search_term_string"}],"inLanguage":"hr"},{"@type":"Person","@id":"https:\/\/www.vegaintro-projekti.com\/pilar-stari\/#\/schema\/person\/c0db50ebd77c4409e19b18044bbf10c1","name":"pilar-admin","image":{"@type":"ImageObject","inLanguage":"hr","@id":"https:\/\/www.vegaintro-projekti.com\/pilar-stari\/#\/schema\/person\/image\/","url":"https:\/\/secure.gravatar.com\/avatar\/fac9e03c4db0011b9c1ad8b5e9c74b8c?s=96&d=mm&r=g","contentUrl":"https:\/\/secure.gravatar.com\/avatar\/fac9e03c4db0011b9c1ad8b5e9c74b8c?s=96&d=mm&r=g","caption":"pilar-admin"},"url":"https:\/\/www.vegaintro-projekti.com\/pilar-stari\/author\/pilar-admin\/"}]}},"_links":{"self":[{"href":"https:\/\/www.vegaintro-projekti.com\/pilar-stari\/wp-json\/wp\/v2\/posts\/627"}],"collection":[{"href":"https:\/\/www.vegaintro-projekti.com\/pilar-stari\/wp-json\/wp\/v2\/posts"}],"about":[{"href":"https:\/\/www.vegaintro-projekti.com\/pilar-stari\/wp-json\/wp\/v2\/types\/post"}],"author":[{"embeddable":true,"href":"https:\/\/www.vegaintro-projekti.com\/pilar-stari\/wp-json\/wp\/v2\/users\/1"}],"replies":[{"embeddable":true,"href":"https:\/\/www.vegaintro-projekti.com\/pilar-stari\/wp-json\/wp\/v2\/comments?post=627"}],"version-history":[{"count":4,"href":"https:\/\/www.vegaintro-projekti.com\/pilar-stari\/wp-json\/wp\/v2\/posts\/627\/revisions"}],"predecessor-version":[{"id":7211,"href":"https:\/\/www.vegaintro-projekti.com\/pilar-stari\/wp-json\/wp\/v2\/posts\/627\/revisions\/7211"}],"wp:attachment":[{"href":"https:\/\/www.vegaintro-projekti.com\/pilar-stari\/wp-json\/wp\/v2\/media?parent=627"}],"wp:term":[{"taxonomy":"category","embeddable":true,"href":"https:\/\/www.vegaintro-projekti.com\/pilar-stari\/wp-json\/wp\/v2\/categories?post=627"},{"taxonomy":"post_tag","embeddable":true,"href":"https:\/\/www.vegaintro-projekti.com\/pilar-stari\/wp-json\/wp\/v2\/tags?post=627"}],"curies":[{"name":"wp","href":"https:\/\/api.w.org\/{rel}","templated":true}]}}