{"id":651,"date":"2014-04-15T20:37:22","date_gmt":"2014-04-15T20:37:22","guid":{"rendered":"https:\/\/www.vegaintro-projekti.com\/pilar-stari\/2014\/04\/15\/predstavljanje-knjige-drage-prgometa-sakupljaci-gelera-23-4-2014\/"},"modified":"2017-12-08T10:08:54","modified_gmt":"2017-12-08T10:08:54","slug":"predstavljanje-knjige-drage-prgometa-sakupljaci-gelera-23-4-2014","status":"publish","type":"post","link":"https:\/\/www.vegaintro-projekti.com\/pilar-stari\/2014\/04\/predstavljanje-knjige-drage-prgometa-sakupljaci-gelera-23-4-2014\/","title":{"rendered":"Predstavljanje knjige Drage Prgometa SAKUPLJA\u010cI GELERA, 23. 4. 2014."},"content":{"rendered":"<p><strong>Ve\u010dernji list, \u017dupa sv. Filipa i Jakova Vukovar, Ogranak Matice hrvatske Vukovar i Institut dru\u0161tvenih znanosti \u2013 Podru\u010dni centar Vukovar organizirali su predstavljanje knjige\/zbirke ratnih pri\u010da Drage Prgometa SAKUPLJA\u010cI GELERA (Ve\u010dernji list, Zagreb, 2014.) koje&nbsp;se odr\u017ealo&nbsp;23. travnja 2014. u Pastoralnom centru sv. Bono&nbsp; u Vukovaru. Knjigu su predstavili prof. dr. sc. Dra\u017een \u017divi\u0107, Dra\u017een Klari\u0107 (u ime nakladnika), Petar Grubi\u0161i\u0107 (urednik), Zoran \u0160angut i prof. dr. sc. Drago Prgomet, dr. med. (autor) &#8211; <a href=\"#mediji\">Iz medija<\/a><\/strong><\/p>\n<table>\n<tbody>\n<tr>\n<td>&nbsp;<img decoding=\"async\" loading=\"lazy\" src=\"https:\/\/www.vegaintro-projekti.com\/pilar-stari\/wp-content\/images\/stories\/fotografije\/podrucni\/vukovar\/prgomet\/sg-2s.jpg\" alt=\"sg-2s\" width=\"317\" height=\"208\" \/><\/td>\n<td>&nbsp;<img decoding=\"async\" loading=\"lazy\" src=\"https:\/\/www.vegaintro-projekti.com\/pilar-stari\/wp-content\/images\/stories\/fotografije\/podrucni\/vukovar\/prgomet\/sg-3s.jpg\" alt=\"sg-3s\" width=\"317\" height=\"208\" \/><\/td>\n<\/tr>\n<\/tbody>\n<\/table>\n<table>\n<tbody>\n<tr>\n<td>&nbsp;<img decoding=\"async\" loading=\"lazy\" src=\"https:\/\/www.vegaintro-projekti.com\/pilar-stari\/wp-content\/images\/stories\/fotografije\/podrucni\/vukovar\/prgomet\/sg-1s.jpg\" alt=\"sg-1s\" width=\"640\" height=\"248\" \/><\/td>\n<\/tr>\n<\/tbody>\n<\/table>\n<p><strong><span style=\"font-size: 8pt;\">Predstavljanje knjige Drage Prgometa &#8220;Sakuplja\u010di gelera&#8221;, Vukovar, 23. travnja 2014.<\/span><\/strong><\/p>\n<p><a name=\"mediji\">&nbsp;<\/a><\/p>\n<p><span style=\"font-size: 12pt;\">Iz medija<\/span><\/p>\n<p><strong>&#8211; Ve\u010dernji list:<\/strong> <a href=\"http:\/\/www.vecernji.hr\/hrvatska\/u-vukovaru-promocija-knjige-drage-prgometa-istinitim-zapisima-protiv-zaborava-934672\">&#8216;Nemamo pravo zaboraviti mladi\u0107e koji su stvarali Hrvatsku&#8217;, 23. travnja 2014.<\/a><br \/><strong>&#8211; Hrvatski radio Vukovar:<\/strong> <a href=\"http:\/\/www.hrv.hr\/vijesti\/kultura\/item\/5246-predstavljena-knjiga-sakupljaci-gelera\">Predstavljena knjiga Sakuplja\u010di gelera, 23. travnja 2014.<\/a><\/p>\n<p>&#8211; <a href=\"https:\/\/www.vegaintro-projekti.com\/pilar-stari\/wp-content\/images\/stories\/dokumenti\/podrucni\/vukovar\/Prgomet_pozivnica.pdf\">Pozivnica za predstavljanje knjige Drage Prgometa SAKUPLJA\u010cI GELERA, Vukovar, 23. travnja 2014.<\/a><\/p>\n<p><img decoding=\"async\" loading=\"lazy\" src=\"https:\/\/www.vegaintro-projekti.com\/pilar-stari\/wp-content\/images\/stories\/fotografije\/podrucni\/vukovar\/Prgomet_pozivnica.jpg\" alt=\"Prgomet pozivnica\" width=\"453\" height=\"640\" \/><\/p>\n<p>&gt;&gt;&gt; <a href=\"https:\/\/www.vegaintro-projekti.com\/pilar-stari\/2008\/10\/podruni-centar-vukovar\/\">PODRU\u010cNI CENTAR VUKOVAR<\/a><\/p>\n<p>&nbsp;<\/p>\n","protected":false},"excerpt":{"rendered":"<p>Ve\u010dernji list, \u017dupa sv. Filipa i Jakova Vukovar, Ogranak Matice hrvatske Vukovar i Institut dru\u0161tvenih znanosti \u2013 Podru\u010dni centar Vukovar organizirali su predstavljanje knjige\/zbirke ratnih pri\u010da Drage Prgometa SAKUPLJA\u010cI GELERA (Ve\u010dernji list, Zagreb, 2014.) koje&nbsp;se odr\u017ealo&nbsp;23. travnja 2014. u Pastoralnom centru sv. Bono&nbsp; u Vukovaru. Knjigu su predstavili prof. dr. sc. Dra\u017een \u017divi\u0107, Dra\u017een Klari\u0107&hellip; <a class=\"continue\" href=\"https:\/\/www.vegaintro-projekti.com\/pilar-stari\/2014\/04\/predstavljanje-knjige-drage-prgometa-sakupljaci-gelera-23-4-2014\/\">Pro\u010ditaj vi\u0161e o<span> Predstavljanje knjige Drage Prgometa SAKUPLJA\u010cI GELERA, 23. 4. 2014.<\/span><\/a><\/p>\n","protected":false},"author":1,"featured_media":0,"comment_status":"open","ping_status":"open","sticky":false,"template":"","format":"standard","meta":{"inline_featured_image":false,"ngg_post_thumbnail":0,"footnotes":""},"categories":[11],"tags":[],"yoast_head":"<!-- This site is optimized with the Yoast SEO plugin v21.2 - https:\/\/yoast.com\/wordpress\/plugins\/seo\/ -->\n<title>Predstavljanje knjige Drage Prgometa SAKUPLJA\u010cI GELERA, 23. 4. 2014. - Institut dru&scaron;tvenih znanosti Ivo Pilar<\/title>\n<meta name=\"robots\" content=\"noindex, follow, max-snippet:-1, max-image-preview:large, max-video-preview:-1\" \/>\n<meta property=\"og:locale\" content=\"hr_HR\" \/>\n<meta property=\"og:type\" content=\"article\" \/>\n<meta property=\"og:title\" content=\"Predstavljanje knjige Drage Prgometa SAKUPLJA\u010cI GELERA, 23. 4. 2014. - Institut dru&scaron;tvenih znanosti Ivo Pilar\" \/>\n<meta property=\"og:description\" content=\"Ve\u010dernji list, \u017dupa sv. Filipa i Jakova Vukovar, Ogranak Matice hrvatske Vukovar i Institut dru\u0161tvenih znanosti \u2013 Podru\u010dni centar Vukovar organizirali su predstavljanje knjige\/zbirke ratnih pri\u010da Drage Prgometa SAKUPLJA\u010cI GELERA (Ve\u010dernji list, Zagreb, 2014.) koje&nbsp;se odr\u017ealo&nbsp;23. travnja 2014. u Pastoralnom centru sv. Bono&nbsp; u Vukovaru. Knjigu su predstavili prof. dr. sc. Dra\u017een \u017divi\u0107, Dra\u017een Klari\u0107&hellip; Pro\u010ditaj vi\u0161e o Predstavljanje knjige Drage Prgometa SAKUPLJA\u010cI GELERA, 23. 4. 2014.\" \/>\n<meta property=\"og:url\" content=\"https:\/\/www.vegaintro-projekti.com\/pilar-stari\/2014\/04\/predstavljanje-knjige-drage-prgometa-sakupljaci-gelera-23-4-2014\/\" \/>\n<meta property=\"og:site_name\" content=\"Institut dru&scaron;tvenih znanosti Ivo Pilar\" \/>\n<meta property=\"article:published_time\" content=\"2014-04-15T20:37:22+00:00\" \/>\n<meta property=\"article:modified_time\" content=\"2017-12-08T10:08:54+00:00\" \/>\n<meta property=\"og:image\" content=\"https:\/\/www.vegaintro-projekti.com\/pilar-stari\/wp-content\/images\/stories\/fotografije\/podrucni\/vukovar\/prgomet\/sg-2s.jpg\" \/>\n<meta name=\"author\" content=\"pilar-admin\" \/>\n<meta name=\"twitter:card\" content=\"summary_large_image\" \/>\n<meta name=\"twitter:label1\" content=\"Napisao\/la\" \/>\n\t<meta name=\"twitter:data1\" content=\"pilar-admin\" \/>\n\t<meta name=\"twitter:label2\" content=\"Procijenjeno vrijeme \u010ditanja\" \/>\n\t<meta name=\"twitter:data2\" content=\"1 minuta\" \/>\n<script type=\"application\/ld+json\" class=\"yoast-schema-graph\">{\"@context\":\"https:\/\/schema.org\",\"@graph\":[{\"@type\":\"WebPage\",\"@id\":\"https:\/\/www.vegaintro-projekti.com\/pilar-stari\/2014\/04\/predstavljanje-knjige-drage-prgometa-sakupljaci-gelera-23-4-2014\/\",\"url\":\"https:\/\/www.vegaintro-projekti.com\/pilar-stari\/2014\/04\/predstavljanje-knjige-drage-prgometa-sakupljaci-gelera-23-4-2014\/\",\"name\":\"Predstavljanje knjige Drage Prgometa SAKUPLJA\u010cI GELERA, 23. 4. 2014. - Institut dru&scaron;tvenih znanosti Ivo Pilar\",\"isPartOf\":{\"@id\":\"https:\/\/www.vegaintro-projekti.com\/pilar-stari\/#website\"},\"datePublished\":\"2014-04-15T20:37:22+00:00\",\"dateModified\":\"2017-12-08T10:08:54+00:00\",\"author\":{\"@id\":\"https:\/\/www.vegaintro-projekti.com\/pilar-stari\/#\/schema\/person\/c0db50ebd77c4409e19b18044bbf10c1\"},\"breadcrumb\":{\"@id\":\"https:\/\/www.vegaintro-projekti.com\/pilar-stari\/2014\/04\/predstavljanje-knjige-drage-prgometa-sakupljaci-gelera-23-4-2014\/#breadcrumb\"},\"inLanguage\":\"hr\",\"potentialAction\":[{\"@type\":\"ReadAction\",\"target\":[\"https:\/\/www.vegaintro-projekti.com\/pilar-stari\/2014\/04\/predstavljanje-knjige-drage-prgometa-sakupljaci-gelera-23-4-2014\/\"]}]},{\"@type\":\"BreadcrumbList\",\"@id\":\"https:\/\/www.vegaintro-projekti.com\/pilar-stari\/2014\/04\/predstavljanje-knjige-drage-prgometa-sakupljaci-gelera-23-4-2014\/#breadcrumb\",\"itemListElement\":[{\"@type\":\"ListItem\",\"position\":1,\"name\":\"Home\",\"item\":\"https:\/\/www.vegaintro-projekti.com\/pilar-stari\/\"},{\"@type\":\"ListItem\",\"position\":2,\"name\":\"Predstavljanje knjige Drage Prgometa SAKUPLJA\u010cI GELERA, 23. 4. 2014.\"}]},{\"@type\":\"WebSite\",\"@id\":\"https:\/\/www.vegaintro-projekti.com\/pilar-stari\/#website\",\"url\":\"https:\/\/www.vegaintro-projekti.com\/pilar-stari\/\",\"name\":\"Institut dru&scaron;tvenih znanosti Ivo Pilar\",\"description\":\"Pilar\",\"potentialAction\":[{\"@type\":\"SearchAction\",\"target\":{\"@type\":\"EntryPoint\",\"urlTemplate\":\"https:\/\/www.vegaintro-projekti.com\/pilar-stari\/?s={search_term_string}\"},\"query-input\":\"required name=search_term_string\"}],\"inLanguage\":\"hr\"},{\"@type\":\"Person\",\"@id\":\"https:\/\/www.vegaintro-projekti.com\/pilar-stari\/#\/schema\/person\/c0db50ebd77c4409e19b18044bbf10c1\",\"name\":\"pilar-admin\",\"image\":{\"@type\":\"ImageObject\",\"inLanguage\":\"hr\",\"@id\":\"https:\/\/www.vegaintro-projekti.com\/pilar-stari\/#\/schema\/person\/image\/\",\"url\":\"https:\/\/secure.gravatar.com\/avatar\/fac9e03c4db0011b9c1ad8b5e9c74b8c?s=96&d=mm&r=g\",\"contentUrl\":\"https:\/\/secure.gravatar.com\/avatar\/fac9e03c4db0011b9c1ad8b5e9c74b8c?s=96&d=mm&r=g\",\"caption\":\"pilar-admin\"},\"url\":\"https:\/\/www.vegaintro-projekti.com\/pilar-stari\/author\/pilar-admin\/\"}]}<\/script>\n<!-- \/ Yoast SEO plugin. -->","yoast_head_json":{"title":"Predstavljanje knjige Drage Prgometa SAKUPLJA\u010cI GELERA, 23. 4. 2014. - Institut dru&scaron;tvenih znanosti Ivo Pilar","robots":{"index":"noindex","follow":"follow","max-snippet":"max-snippet:-1","max-image-preview":"max-image-preview:large","max-video-preview":"max-video-preview:-1"},"og_locale":"hr_HR","og_type":"article","og_title":"Predstavljanje knjige Drage Prgometa SAKUPLJA\u010cI GELERA, 23. 4. 2014. - Institut dru&scaron;tvenih znanosti Ivo Pilar","og_description":"Ve\u010dernji list, \u017dupa sv. Filipa i Jakova Vukovar, Ogranak Matice hrvatske Vukovar i Institut dru\u0161tvenih znanosti \u2013 Podru\u010dni centar Vukovar organizirali su predstavljanje knjige\/zbirke ratnih pri\u010da Drage Prgometa SAKUPLJA\u010cI GELERA (Ve\u010dernji list, Zagreb, 2014.) koje&nbsp;se odr\u017ealo&nbsp;23. travnja 2014. u Pastoralnom centru sv. Bono&nbsp; u Vukovaru. Knjigu su predstavili prof. dr. sc. Dra\u017een \u017divi\u0107, Dra\u017een Klari\u0107&hellip; Pro\u010ditaj vi\u0161e o Predstavljanje knjige Drage Prgometa SAKUPLJA\u010cI GELERA, 23. 4. 2014.","og_url":"https:\/\/www.vegaintro-projekti.com\/pilar-stari\/2014\/04\/predstavljanje-knjige-drage-prgometa-sakupljaci-gelera-23-4-2014\/","og_site_name":"Institut dru&scaron;tvenih znanosti Ivo Pilar","article_published_time":"2014-04-15T20:37:22+00:00","article_modified_time":"2017-12-08T10:08:54+00:00","og_image":[{"url":"https:\/\/www.vegaintro-projekti.com\/pilar-stari\/wp-content\/images\/stories\/fotografije\/podrucni\/vukovar\/prgomet\/sg-2s.jpg"}],"author":"pilar-admin","twitter_card":"summary_large_image","twitter_misc":{"Napisao\/la":"pilar-admin","Procijenjeno vrijeme \u010ditanja":"1 minuta"},"schema":{"@context":"https:\/\/schema.org","@graph":[{"@type":"WebPage","@id":"https:\/\/www.vegaintro-projekti.com\/pilar-stari\/2014\/04\/predstavljanje-knjige-drage-prgometa-sakupljaci-gelera-23-4-2014\/","url":"https:\/\/www.vegaintro-projekti.com\/pilar-stari\/2014\/04\/predstavljanje-knjige-drage-prgometa-sakupljaci-gelera-23-4-2014\/","name":"Predstavljanje knjige Drage Prgometa SAKUPLJA\u010cI GELERA, 23. 4. 2014. - Institut dru&scaron;tvenih znanosti Ivo Pilar","isPartOf":{"@id":"https:\/\/www.vegaintro-projekti.com\/pilar-stari\/#website"},"datePublished":"2014-04-15T20:37:22+00:00","dateModified":"2017-12-08T10:08:54+00:00","author":{"@id":"https:\/\/www.vegaintro-projekti.com\/pilar-stari\/#\/schema\/person\/c0db50ebd77c4409e19b18044bbf10c1"},"breadcrumb":{"@id":"https:\/\/www.vegaintro-projekti.com\/pilar-stari\/2014\/04\/predstavljanje-knjige-drage-prgometa-sakupljaci-gelera-23-4-2014\/#breadcrumb"},"inLanguage":"hr","potentialAction":[{"@type":"ReadAction","target":["https:\/\/www.vegaintro-projekti.com\/pilar-stari\/2014\/04\/predstavljanje-knjige-drage-prgometa-sakupljaci-gelera-23-4-2014\/"]}]},{"@type":"BreadcrumbList","@id":"https:\/\/www.vegaintro-projekti.com\/pilar-stari\/2014\/04\/predstavljanje-knjige-drage-prgometa-sakupljaci-gelera-23-4-2014\/#breadcrumb","itemListElement":[{"@type":"ListItem","position":1,"name":"Home","item":"https:\/\/www.vegaintro-projekti.com\/pilar-stari\/"},{"@type":"ListItem","position":2,"name":"Predstavljanje knjige Drage Prgometa SAKUPLJA\u010cI GELERA, 23. 4. 2014."}]},{"@type":"WebSite","@id":"https:\/\/www.vegaintro-projekti.com\/pilar-stari\/#website","url":"https:\/\/www.vegaintro-projekti.com\/pilar-stari\/","name":"Institut dru&scaron;tvenih znanosti Ivo Pilar","description":"Pilar","potentialAction":[{"@type":"SearchAction","target":{"@type":"EntryPoint","urlTemplate":"https:\/\/www.vegaintro-projekti.com\/pilar-stari\/?s={search_term_string}"},"query-input":"required name=search_term_string"}],"inLanguage":"hr"},{"@type":"Person","@id":"https:\/\/www.vegaintro-projekti.com\/pilar-stari\/#\/schema\/person\/c0db50ebd77c4409e19b18044bbf10c1","name":"pilar-admin","image":{"@type":"ImageObject","inLanguage":"hr","@id":"https:\/\/www.vegaintro-projekti.com\/pilar-stari\/#\/schema\/person\/image\/","url":"https:\/\/secure.gravatar.com\/avatar\/fac9e03c4db0011b9c1ad8b5e9c74b8c?s=96&d=mm&r=g","contentUrl":"https:\/\/secure.gravatar.com\/avatar\/fac9e03c4db0011b9c1ad8b5e9c74b8c?s=96&d=mm&r=g","caption":"pilar-admin"},"url":"https:\/\/www.vegaintro-projekti.com\/pilar-stari\/author\/pilar-admin\/"}]}},"_links":{"self":[{"href":"https:\/\/www.vegaintro-projekti.com\/pilar-stari\/wp-json\/wp\/v2\/posts\/651"}],"collection":[{"href":"https:\/\/www.vegaintro-projekti.com\/pilar-stari\/wp-json\/wp\/v2\/posts"}],"about":[{"href":"https:\/\/www.vegaintro-projekti.com\/pilar-stari\/wp-json\/wp\/v2\/types\/post"}],"author":[{"embeddable":true,"href":"https:\/\/www.vegaintro-projekti.com\/pilar-stari\/wp-json\/wp\/v2\/users\/1"}],"replies":[{"embeddable":true,"href":"https:\/\/www.vegaintro-projekti.com\/pilar-stari\/wp-json\/wp\/v2\/comments?post=651"}],"version-history":[{"count":6,"href":"https:\/\/www.vegaintro-projekti.com\/pilar-stari\/wp-json\/wp\/v2\/posts\/651\/revisions"}],"predecessor-version":[{"id":7531,"href":"https:\/\/www.vegaintro-projekti.com\/pilar-stari\/wp-json\/wp\/v2\/posts\/651\/revisions\/7531"}],"wp:attachment":[{"href":"https:\/\/www.vegaintro-projekti.com\/pilar-stari\/wp-json\/wp\/v2\/media?parent=651"}],"wp:term":[{"taxonomy":"category","embeddable":true,"href":"https:\/\/www.vegaintro-projekti.com\/pilar-stari\/wp-json\/wp\/v2\/categories?post=651"},{"taxonomy":"post_tag","embeddable":true,"href":"https:\/\/www.vegaintro-projekti.com\/pilar-stari\/wp-json\/wp\/v2\/tags?post=651"}],"curies":[{"name":"wp","href":"https:\/\/api.w.org\/{rel}","templated":true}]}}