{"id":664,"date":"2014-05-31T21:24:00","date_gmt":"2014-05-31T21:24:00","guid":{"rendered":"https:\/\/www.vegaintro-projekti.com\/pilar-stari\/2014\/05\/31\/sporazum-o-suradnji-veleucilista-lavoslav-ruzicka-i-instituta-ivo-pilar\/"},"modified":"2017-12-08T10:10:33","modified_gmt":"2017-12-08T10:10:33","slug":"sporazum-o-suradnji-veleucilista-lavoslav-ruzicka-i-instituta-ivo-pilar","status":"publish","type":"post","link":"https:\/\/www.vegaintro-projekti.com\/pilar-stari\/2014\/05\/sporazum-o-suradnji-veleucilista-lavoslav-ruzicka-i-instituta-ivo-pilar\/","title":{"rendered":"Sporazum o suradnji Veleu\u010dili\u0161ta Lavoslav Ru\u017ei\u010dka i Instituta Ivo Pilar"},"content":{"rendered":"<p><strong>U prostorijama Veleu\u010dili\u0161ta Lavoslav Ru\u017ei\u010dka u Vukovaru 28. svibnja 2014. potpisan je Sporazum o suradnji izme\u0111u Instituta dru\u0161tvenih znanosti Ivo Pilar i Veleu\u010dili\u0161ta Lavoslav Ru\u017ei\u010dka. Sporazum su potpisali ravnatelj Instituta Pilar prof. dr. sc. Vlado \u0160aki\u0107 i v. d. dekanice Veleu\u010dili\u0161ta mr. sc. Sandra Mrvica Ma\u0111arac &#8211; <a href=\"#program\">Program potpisivanja<\/a>&nbsp;\/ <a href=\"#mediji\">Iz medija<\/a><\/strong><\/p>\n<table border=\"0\">\n<tbody>\n<tr>\n<td><img decoding=\"async\" loading=\"lazy\" src=\"https:\/\/www.vegaintro-projekti.com\/pilar-stari\/wp-content\/images\/stories\/fotografije\/podrucni\/vukovar\/sporazum\/ruzicka_2s.JPG\" alt=\"ruzicka 2s\" width=\"317\" height=\"237\" \/><\/td>\n<td><img decoding=\"async\" loading=\"lazy\" src=\"https:\/\/www.vegaintro-projekti.com\/pilar-stari\/wp-content\/images\/stories\/fotografije\/podrucni\/vukovar\/sporazum\/ruzicka_3s.JPG\" alt=\"ruzicka 3s\" width=\"317\" height=\"237\" \/><\/td>\n<\/tr>\n<\/tbody>\n<\/table>\n<table border=\"0\">\n<tbody>\n<tr>\n<td><img decoding=\"async\" loading=\"lazy\" src=\"https:\/\/www.vegaintro-projekti.com\/pilar-stari\/wp-content\/images\/stories\/fotografije\/podrucni\/vukovar\/sporazum\/ruzicka_1s.JPG\" alt=\"ruzicka 1s\" width=\"640\" height=\"398\" \/><\/td>\n<\/tr>\n<\/tbody>\n<\/table>\n<p><strong><span style=\"font-size: 8pt;\">Program potpisivanja Sporazuma o suradnji Veleu\u010dili\u0161ta Lavoslav Ru\u017ei\u010dka i Instituta Ivo Pilar, Vukovar, 28. svibnja 2014.<\/span><\/strong><\/p>\n<p>U prigodnim rije\u010dima potpisnici Sporazuma istaknuli su da je rije\u010d o povijesnom doga\u0111aju za obje institucije koji \u0107e pridonijeti razvoju Grada Vukovara i Vukovarsko-srijemske \u017eupanije. Nakon potpisivanja prof. dr. sc. Vlado \u0160aki\u0107 prezentirao je djelatnost i postignu\u0107a Instituta Pilar dok su o \u017eivotu i radu dr. Ive Pilara i njegovoj knjizi &#8220;Svjetski rat i Hrvati&#8221; govorili dr. sc. Zlatko Matijevi\u0107 i prof. dr. sc. Dra\u017een \u017divi\u0107, voditelj Podru\u010dnog centra Instituta pilar u Vukovaru. Programu su nazo\u010dili brojni studenti i nastavnici Vukovarskog veleu\u010dili\u0161ta te gosti, me\u0111u kojima su bili: dr. sc. Miljenko Brekalo, voditelj Podru\u010dnoga centra Instituta Pilar u Osijeku, Henrik Ivan Damjanovi\u0107, upravitelj Zavoda HAZU u Vukovaru, g\u0111a Ru\u017ea Mari\u0107, ravnateljica Gradskog muzeja Vukovar, g\u0111a Mirela Hutinec, ravnateljica Muzeja Vu\u010dedolske kulture, g. Stjepan Prutki, ravnatelj Dr\u017eavnog arhiva u Vukovaru, g\u0111a Ivanka Mili\u010di\u0107, ravnateljica Ustanove u kulturi Hrvatski dom Vukovar, g. Silvije Jergovi\u0107, voditelj Hrvatske matice iseljenika &#8211; podru\u010dnog ureda Vukovar, g. Danijel Rehak, predsjednik Hrvatskog dru\u0161tva logora\u0161a srpskih koncentracijskih logora, mr. sc. Sandra Cviki\u0107, tajnica Ogranka Matice hrvatske Vukovar.<\/p>\n<p><em>D. \u017divi\u0107<\/p>\n<p><a name=\"mediji\">&nbsp;<\/a><br \/><\/em><span style=\"font-size: 12pt;\">Iz medija<\/span><em><\/p>\n<p><img decoding=\"async\" loading=\"lazy\" src=\"https:\/\/www.vegaintro-projekti.com\/pilar-stari\/wp-content\/images\/stories\/fotografije\/podrucni\/vukovar\/sporazum\/vn_sporazuma.jpg\" alt=\"vn sporazuma\" width=\"640\" height=\"378\" \/><\/p>\n<p><\/em>&#8211; <strong>Vukovarske novine:<\/strong> Pilarovi znanstvenci predavat \u0107e na veleu\u010dili\u0161tu, 30. svibnja 2014.<em><\/p>\n<p><\/em><br \/><a name=\"program\">&nbsp;<\/a><br \/><span style=\"font-size: 12pt;\">Program potpisivanja sporazuma<\/span><\/p>\n<p><a href=\"https:\/\/www.vegaintro-projekti.com\/pilar-stari\/wp-content\/images\/stories\/dokumenti\/podrucni\/vukovar\/ruzicka-pilar.pdf\"><img decoding=\"async\" loading=\"lazy\" src=\"https:\/\/www.vegaintro-projekti.com\/pilar-stari\/wp-content\/images\/stories\/fotografije\/podrucni\/vukovar\/sporazum\/ruzicka-pilar.jpg\" alt=\"ruzicka-pilar\" width=\"453\" height=\"640\" \/><\/a><br \/>&#8211;&nbsp;<a href=\"https:\/\/www.vegaintro-projekti.com\/pilar-stari\/wp-content\/images\/stories\/dokumenti\/podrucni\/vukovar\/ruzicka-pilar.pdf\">Pozivnica za program potpisivanja Sporazuma o suradnji Veleu\u010dili\u0161ta Lavoslav Ru\u017ei\u010dka i Instituta Ivo Pilar, Vukovar, 28. svibnja 2014.<\/a><\/p>\n<p>&gt;&gt;&gt; <a href=\"https:\/\/www.vegaintro-projekti.com\/pilar-stari\/2008\/10\/podruni-centar-vukovar\/\">PODRU\u010cNI CENTAR VUKOVAR<\/a><\/p>\n<p>&nbsp;<\/p>\n","protected":false},"excerpt":{"rendered":"<p>U prostorijama Veleu\u010dili\u0161ta Lavoslav Ru\u017ei\u010dka u Vukovaru 28. svibnja 2014. potpisan je Sporazum o suradnji izme\u0111u Instituta dru\u0161tvenih znanosti Ivo Pilar i Veleu\u010dili\u0161ta Lavoslav Ru\u017ei\u010dka. Sporazum su potpisali ravnatelj Instituta Pilar prof. dr. sc. Vlado \u0160aki\u0107 i v. d. dekanice Veleu\u010dili\u0161ta mr. sc. Sandra Mrvica Ma\u0111arac &#8211; Program potpisivanja&nbsp;\/ Iz medija Program potpisivanja Sporazuma o&hellip; <a class=\"continue\" href=\"https:\/\/www.vegaintro-projekti.com\/pilar-stari\/2014\/05\/sporazum-o-suradnji-veleucilista-lavoslav-ruzicka-i-instituta-ivo-pilar\/\">Pro\u010ditaj vi\u0161e o<span> Sporazum o suradnji Veleu\u010dili\u0161ta Lavoslav Ru\u017ei\u010dka i Instituta Ivo Pilar<\/span><\/a><\/p>\n","protected":false},"author":1,"featured_media":0,"comment_status":"open","ping_status":"open","sticky":false,"template":"","format":"standard","meta":{"inline_featured_image":false,"ngg_post_thumbnail":0,"footnotes":""},"categories":[9],"tags":[],"yoast_head":"<!-- This site is optimized with the Yoast SEO plugin v21.2 - https:\/\/yoast.com\/wordpress\/plugins\/seo\/ -->\n<title>Sporazum o suradnji Veleu\u010dili\u0161ta Lavoslav Ru\u017ei\u010dka i Instituta Ivo Pilar - Institut dru&scaron;tvenih znanosti Ivo Pilar<\/title>\n<meta name=\"robots\" content=\"noindex, follow, max-snippet:-1, max-image-preview:large, max-video-preview:-1\" \/>\n<meta property=\"og:locale\" content=\"hr_HR\" \/>\n<meta property=\"og:type\" content=\"article\" \/>\n<meta property=\"og:title\" content=\"Sporazum o suradnji Veleu\u010dili\u0161ta Lavoslav Ru\u017ei\u010dka i Instituta Ivo Pilar - Institut dru&scaron;tvenih znanosti Ivo Pilar\" \/>\n<meta property=\"og:description\" content=\"U prostorijama Veleu\u010dili\u0161ta Lavoslav Ru\u017ei\u010dka u Vukovaru 28. svibnja 2014. potpisan je Sporazum o suradnji izme\u0111u Instituta dru\u0161tvenih znanosti Ivo Pilar i Veleu\u010dili\u0161ta Lavoslav Ru\u017ei\u010dka. Sporazum su potpisali ravnatelj Instituta Pilar prof. dr. sc. Vlado \u0160aki\u0107 i v. d. dekanice Veleu\u010dili\u0161ta mr. sc. Sandra Mrvica Ma\u0111arac &#8211; Program potpisivanja&nbsp;\/ Iz medija Program potpisivanja Sporazuma o&hellip; Pro\u010ditaj vi\u0161e o Sporazum o suradnji Veleu\u010dili\u0161ta Lavoslav Ru\u017ei\u010dka i Instituta Ivo Pilar\" \/>\n<meta property=\"og:url\" content=\"https:\/\/www.vegaintro-projekti.com\/pilar-stari\/2014\/05\/sporazum-o-suradnji-veleucilista-lavoslav-ruzicka-i-instituta-ivo-pilar\/\" \/>\n<meta property=\"og:site_name\" content=\"Institut dru&scaron;tvenih znanosti Ivo Pilar\" \/>\n<meta property=\"article:published_time\" content=\"2014-05-31T21:24:00+00:00\" \/>\n<meta property=\"article:modified_time\" content=\"2017-12-08T10:10:33+00:00\" \/>\n<meta property=\"og:image\" content=\"https:\/\/www.vegaintro-projekti.com\/pilar-stari\/wp-content\/images\/stories\/fotografije\/podrucni\/vukovar\/sporazum\/ruzicka_2s.JPG\" \/>\n<meta name=\"author\" content=\"pilar-admin\" \/>\n<meta name=\"twitter:card\" content=\"summary_large_image\" \/>\n<meta name=\"twitter:label1\" content=\"Napisao\/la\" \/>\n\t<meta name=\"twitter:data1\" content=\"pilar-admin\" \/>\n\t<meta name=\"twitter:label2\" content=\"Procijenjeno vrijeme \u010ditanja\" \/>\n\t<meta name=\"twitter:data2\" content=\"2 minute\" \/>\n<script type=\"application\/ld+json\" class=\"yoast-schema-graph\">{\"@context\":\"https:\/\/schema.org\",\"@graph\":[{\"@type\":\"WebPage\",\"@id\":\"https:\/\/www.vegaintro-projekti.com\/pilar-stari\/2014\/05\/sporazum-o-suradnji-veleucilista-lavoslav-ruzicka-i-instituta-ivo-pilar\/\",\"url\":\"https:\/\/www.vegaintro-projekti.com\/pilar-stari\/2014\/05\/sporazum-o-suradnji-veleucilista-lavoslav-ruzicka-i-instituta-ivo-pilar\/\",\"name\":\"Sporazum o suradnji Veleu\u010dili\u0161ta Lavoslav Ru\u017ei\u010dka i Instituta Ivo Pilar - Institut dru&scaron;tvenih znanosti Ivo Pilar\",\"isPartOf\":{\"@id\":\"https:\/\/www.vegaintro-projekti.com\/pilar-stari\/#website\"},\"datePublished\":\"2014-05-31T21:24:00+00:00\",\"dateModified\":\"2017-12-08T10:10:33+00:00\",\"author\":{\"@id\":\"https:\/\/www.vegaintro-projekti.com\/pilar-stari\/#\/schema\/person\/c0db50ebd77c4409e19b18044bbf10c1\"},\"breadcrumb\":{\"@id\":\"https:\/\/www.vegaintro-projekti.com\/pilar-stari\/2014\/05\/sporazum-o-suradnji-veleucilista-lavoslav-ruzicka-i-instituta-ivo-pilar\/#breadcrumb\"},\"inLanguage\":\"hr\",\"potentialAction\":[{\"@type\":\"ReadAction\",\"target\":[\"https:\/\/www.vegaintro-projekti.com\/pilar-stari\/2014\/05\/sporazum-o-suradnji-veleucilista-lavoslav-ruzicka-i-instituta-ivo-pilar\/\"]}]},{\"@type\":\"BreadcrumbList\",\"@id\":\"https:\/\/www.vegaintro-projekti.com\/pilar-stari\/2014\/05\/sporazum-o-suradnji-veleucilista-lavoslav-ruzicka-i-instituta-ivo-pilar\/#breadcrumb\",\"itemListElement\":[{\"@type\":\"ListItem\",\"position\":1,\"name\":\"Home\",\"item\":\"https:\/\/www.vegaintro-projekti.com\/pilar-stari\/\"},{\"@type\":\"ListItem\",\"position\":2,\"name\":\"Sporazum o suradnji Veleu\u010dili\u0161ta Lavoslav Ru\u017ei\u010dka i Instituta Ivo Pilar\"}]},{\"@type\":\"WebSite\",\"@id\":\"https:\/\/www.vegaintro-projekti.com\/pilar-stari\/#website\",\"url\":\"https:\/\/www.vegaintro-projekti.com\/pilar-stari\/\",\"name\":\"Institut dru&scaron;tvenih znanosti Ivo Pilar\",\"description\":\"Pilar\",\"potentialAction\":[{\"@type\":\"SearchAction\",\"target\":{\"@type\":\"EntryPoint\",\"urlTemplate\":\"https:\/\/www.vegaintro-projekti.com\/pilar-stari\/?s={search_term_string}\"},\"query-input\":\"required name=search_term_string\"}],\"inLanguage\":\"hr\"},{\"@type\":\"Person\",\"@id\":\"https:\/\/www.vegaintro-projekti.com\/pilar-stari\/#\/schema\/person\/c0db50ebd77c4409e19b18044bbf10c1\",\"name\":\"pilar-admin\",\"image\":{\"@type\":\"ImageObject\",\"inLanguage\":\"hr\",\"@id\":\"https:\/\/www.vegaintro-projekti.com\/pilar-stari\/#\/schema\/person\/image\/\",\"url\":\"https:\/\/secure.gravatar.com\/avatar\/fac9e03c4db0011b9c1ad8b5e9c74b8c?s=96&d=mm&r=g\",\"contentUrl\":\"https:\/\/secure.gravatar.com\/avatar\/fac9e03c4db0011b9c1ad8b5e9c74b8c?s=96&d=mm&r=g\",\"caption\":\"pilar-admin\"},\"url\":\"https:\/\/www.vegaintro-projekti.com\/pilar-stari\/author\/pilar-admin\/\"}]}<\/script>\n<!-- \/ Yoast SEO plugin. -->","yoast_head_json":{"title":"Sporazum o suradnji Veleu\u010dili\u0161ta Lavoslav Ru\u017ei\u010dka i Instituta Ivo Pilar - Institut dru&scaron;tvenih znanosti Ivo Pilar","robots":{"index":"noindex","follow":"follow","max-snippet":"max-snippet:-1","max-image-preview":"max-image-preview:large","max-video-preview":"max-video-preview:-1"},"og_locale":"hr_HR","og_type":"article","og_title":"Sporazum o suradnji Veleu\u010dili\u0161ta Lavoslav Ru\u017ei\u010dka i Instituta Ivo Pilar - Institut dru&scaron;tvenih znanosti Ivo Pilar","og_description":"U prostorijama Veleu\u010dili\u0161ta Lavoslav Ru\u017ei\u010dka u Vukovaru 28. svibnja 2014. potpisan je Sporazum o suradnji izme\u0111u Instituta dru\u0161tvenih znanosti Ivo Pilar i Veleu\u010dili\u0161ta Lavoslav Ru\u017ei\u010dka. Sporazum su potpisali ravnatelj Instituta Pilar prof. dr. sc. Vlado \u0160aki\u0107 i v. d. dekanice Veleu\u010dili\u0161ta mr. sc. Sandra Mrvica Ma\u0111arac &#8211; Program potpisivanja&nbsp;\/ Iz medija Program potpisivanja Sporazuma o&hellip; Pro\u010ditaj vi\u0161e o Sporazum o suradnji Veleu\u010dili\u0161ta Lavoslav Ru\u017ei\u010dka i Instituta Ivo Pilar","og_url":"https:\/\/www.vegaintro-projekti.com\/pilar-stari\/2014\/05\/sporazum-o-suradnji-veleucilista-lavoslav-ruzicka-i-instituta-ivo-pilar\/","og_site_name":"Institut dru&scaron;tvenih znanosti Ivo Pilar","article_published_time":"2014-05-31T21:24:00+00:00","article_modified_time":"2017-12-08T10:10:33+00:00","og_image":[{"url":"https:\/\/www.vegaintro-projekti.com\/pilar-stari\/wp-content\/images\/stories\/fotografije\/podrucni\/vukovar\/sporazum\/ruzicka_2s.JPG"}],"author":"pilar-admin","twitter_card":"summary_large_image","twitter_misc":{"Napisao\/la":"pilar-admin","Procijenjeno vrijeme \u010ditanja":"2 minute"},"schema":{"@context":"https:\/\/schema.org","@graph":[{"@type":"WebPage","@id":"https:\/\/www.vegaintro-projekti.com\/pilar-stari\/2014\/05\/sporazum-o-suradnji-veleucilista-lavoslav-ruzicka-i-instituta-ivo-pilar\/","url":"https:\/\/www.vegaintro-projekti.com\/pilar-stari\/2014\/05\/sporazum-o-suradnji-veleucilista-lavoslav-ruzicka-i-instituta-ivo-pilar\/","name":"Sporazum o suradnji Veleu\u010dili\u0161ta Lavoslav Ru\u017ei\u010dka i Instituta Ivo Pilar - Institut dru&scaron;tvenih znanosti Ivo Pilar","isPartOf":{"@id":"https:\/\/www.vegaintro-projekti.com\/pilar-stari\/#website"},"datePublished":"2014-05-31T21:24:00+00:00","dateModified":"2017-12-08T10:10:33+00:00","author":{"@id":"https:\/\/www.vegaintro-projekti.com\/pilar-stari\/#\/schema\/person\/c0db50ebd77c4409e19b18044bbf10c1"},"breadcrumb":{"@id":"https:\/\/www.vegaintro-projekti.com\/pilar-stari\/2014\/05\/sporazum-o-suradnji-veleucilista-lavoslav-ruzicka-i-instituta-ivo-pilar\/#breadcrumb"},"inLanguage":"hr","potentialAction":[{"@type":"ReadAction","target":["https:\/\/www.vegaintro-projekti.com\/pilar-stari\/2014\/05\/sporazum-o-suradnji-veleucilista-lavoslav-ruzicka-i-instituta-ivo-pilar\/"]}]},{"@type":"BreadcrumbList","@id":"https:\/\/www.vegaintro-projekti.com\/pilar-stari\/2014\/05\/sporazum-o-suradnji-veleucilista-lavoslav-ruzicka-i-instituta-ivo-pilar\/#breadcrumb","itemListElement":[{"@type":"ListItem","position":1,"name":"Home","item":"https:\/\/www.vegaintro-projekti.com\/pilar-stari\/"},{"@type":"ListItem","position":2,"name":"Sporazum o suradnji Veleu\u010dili\u0161ta Lavoslav Ru\u017ei\u010dka i Instituta Ivo Pilar"}]},{"@type":"WebSite","@id":"https:\/\/www.vegaintro-projekti.com\/pilar-stari\/#website","url":"https:\/\/www.vegaintro-projekti.com\/pilar-stari\/","name":"Institut dru&scaron;tvenih znanosti Ivo Pilar","description":"Pilar","potentialAction":[{"@type":"SearchAction","target":{"@type":"EntryPoint","urlTemplate":"https:\/\/www.vegaintro-projekti.com\/pilar-stari\/?s={search_term_string}"},"query-input":"required name=search_term_string"}],"inLanguage":"hr"},{"@type":"Person","@id":"https:\/\/www.vegaintro-projekti.com\/pilar-stari\/#\/schema\/person\/c0db50ebd77c4409e19b18044bbf10c1","name":"pilar-admin","image":{"@type":"ImageObject","inLanguage":"hr","@id":"https:\/\/www.vegaintro-projekti.com\/pilar-stari\/#\/schema\/person\/image\/","url":"https:\/\/secure.gravatar.com\/avatar\/fac9e03c4db0011b9c1ad8b5e9c74b8c?s=96&d=mm&r=g","contentUrl":"https:\/\/secure.gravatar.com\/avatar\/fac9e03c4db0011b9c1ad8b5e9c74b8c?s=96&d=mm&r=g","caption":"pilar-admin"},"url":"https:\/\/www.vegaintro-projekti.com\/pilar-stari\/author\/pilar-admin\/"}]}},"_links":{"self":[{"href":"https:\/\/www.vegaintro-projekti.com\/pilar-stari\/wp-json\/wp\/v2\/posts\/664"}],"collection":[{"href":"https:\/\/www.vegaintro-projekti.com\/pilar-stari\/wp-json\/wp\/v2\/posts"}],"about":[{"href":"https:\/\/www.vegaintro-projekti.com\/pilar-stari\/wp-json\/wp\/v2\/types\/post"}],"author":[{"embeddable":true,"href":"https:\/\/www.vegaintro-projekti.com\/pilar-stari\/wp-json\/wp\/v2\/users\/1"}],"replies":[{"embeddable":true,"href":"https:\/\/www.vegaintro-projekti.com\/pilar-stari\/wp-json\/wp\/v2\/comments?post=664"}],"version-history":[{"count":7,"href":"https:\/\/www.vegaintro-projekti.com\/pilar-stari\/wp-json\/wp\/v2\/posts\/664\/revisions"}],"predecessor-version":[{"id":7554,"href":"https:\/\/www.vegaintro-projekti.com\/pilar-stari\/wp-json\/wp\/v2\/posts\/664\/revisions\/7554"}],"wp:attachment":[{"href":"https:\/\/www.vegaintro-projekti.com\/pilar-stari\/wp-json\/wp\/v2\/media?parent=664"}],"wp:term":[{"taxonomy":"category","embeddable":true,"href":"https:\/\/www.vegaintro-projekti.com\/pilar-stari\/wp-json\/wp\/v2\/categories?post=664"},{"taxonomy":"post_tag","embeddable":true,"href":"https:\/\/www.vegaintro-projekti.com\/pilar-stari\/wp-json\/wp\/v2\/tags?post=664"}],"curies":[{"name":"wp","href":"https:\/\/api.w.org\/{rel}","templated":true}]}}