{"id":674,"date":"2014-07-23T20:23:34","date_gmt":"2014-07-23T20:23:34","guid":{"rendered":"https:\/\/www.vegaintro-projekti.com\/pilar-stari\/2014\/07\/23\/pilarov-barometar-rezultati-i-odjeci\/"},"modified":"2017-12-08T10:12:31","modified_gmt":"2017-12-08T10:12:31","slug":"pilarov-barometar-rezultati-i-odjeci","status":"publish","type":"post","link":"https:\/\/www.vegaintro-projekti.com\/pilar-stari\/2014\/07\/pilarov-barometar-rezultati-i-odjeci\/","title":{"rendered":"PILAROV BAROMETAR &#8211; Rezultati 2014. i odjeci u medijima"},"content":{"rendered":"<p><strong>Institut dru\u0161tvenih znanosti Ivo Pilar pokrenuo je srpnja 2014. godine specijalizirani portal pod nazivom PILAROV BAROMETAR HRVATSKOG DRU\u0160TVA. Portal na adresi <a href=\"http:\/\/barometar.vegaintro-projekti.com\/pilar-stari\">http:\/\/barometar.vegaintro-projekti.com\/pilar-stari<\/a> donosi rezultate anketnog istra\u017eivanja hrvatskog dru\u0161tva provedenog usmenom terenskom anketom u razdoblju od 24. o\u017eujka do 8. svibnja 2014. na reprezentativnom uzorku punoljetnog stanovni\u0161tva (1000 osoba, 143 lokacije). Na portalu su dostupni i rezultati Pilarovog barometra hrvatskog dru\u0161tva iz jeseni 2008. i prolje\u0107a 2009. godine &#8211; <a href=\"#odjeci\">Odjeci u medijima<\/a><\/strong><\/p>\n<p><a href=\"http:\/\/barometar.vegaintro-projekti.com\/pilar-stari\"><img decoding=\"async\" loading=\"lazy\" src=\"https:\/\/www.vegaintro-projekti.com\/pilar-stari\/wp-content\/images\/stories\/fotografije\/barometar\/Barometar.jpg\" alt=\"Barometar\" width=\"640\" height=\"277\" \/><\/a><\/p>\n<p><span style=\"font-size: 8pt;\"><strong>Po\u010detna stranica portala projekta Pilarov barometar hrvatskog dru\u0161tva Instituta dru\u0161tvenih znanosti Ivo Pilar<\/strong><\/span><\/p>\n<p><span style=\"font-size: 12pt;\">Istra\u017eivanje je usmjereno prvenstveno na prikupljanje empirijske gra\u0111e za znanstveno publiciranje, ali njegovi rezultati mogu biti zanimljivi ne samo stru\u010dnoj, nego i \u0161iroj javnosti<\/span><\/p>\n<p><a name=\"odjeci\">&nbsp;<\/a><br \/><span style=\"font-size: 12pt;\"><strong>Odjeci u medijima<\/strong><\/span><\/p>\n<p>&#8211;&nbsp;<a href=\"http:\/\/www.index.hr\/vijesti\/clanak\/istrazivanje-referendum-o-dvojezicnosti-ne-bi-prosao\/761275.aspx\">http:\/\/www.index.hr\/vijesti\/clanak\/istrazivanje-referendum-o-dvojezicnosti-ne-bi-prosao\/761275.aspx<\/a><br \/>&#8211;&nbsp;<a href=\"http:\/\/www.jutarnji.hr\/referendum-o-dvojezicnosti-ne-bi-prosao-pravo-na-pobacaj-podrzava-samo-16-8--ispitanih\/1208085\/\">http:\/\/www.jutarnji.hr\/referendum-o-dvojezicnosti-ne-bi-prosao-pravo-na-pobacaj-podrzava-samo-16-8&#8211;ispitanih\/1208085\/<\/a><br \/>&#8211;&nbsp;http:\/\/www.dnevno.hr\/vijesti\/hrvatska\/128058-gradani-ocijenili-stanje-u-hrvatskoj-pesimizam-izvire-iz-svih-pora.html?print=1<br \/>&#8211;&nbsp;<a href=\"http:\/\/www.novilist.hr\/Vijesti\/Hrvatska\/Gotovo-trecina-gradana-ne-zeli-otkriti-svoje-politicko-opredjeljenje\">http:\/\/www.novilist.hr\/Vijesti\/Hrvatska\/Gotovo-trecina-gradana-ne-zeli-otkriti-svoje-politicko-opredjeljenje<\/a><br \/>&#8211;&nbsp;<a href=\"http:\/\/www.rtl.hr\/vijesti\/novosti\/1261400\/gotovo-70-posto-gradjana-nema-interesa-za-politiku\/\">http:\/\/www.rtl.hr\/vijesti\/novosti\/1261400\/gotovo-70-posto-gradjana-nema-interesa-za-politiku\/<\/a><br \/>&#8211;&nbsp;<a href=\"http:\/\/vijesti.hrt.hr\/graani-pesimisticni-u-vezi-stanja-u-hrvatskoj\">http:\/\/vijesti.hrt.hr\/graani-pesimisticni-u-vezi-stanja-u-hrvatskoj<\/a><br \/>&#8211;&nbsp;<a href=\"http:\/\/ipress.hr\/hrvatska\/politicka-korupcija-nezaposlenost-i-kolaps-gospodarstva-guse-hrvatsku-33391.html\">http:\/\/ipress.hr\/hrvatska\/politicka-korupcija-nezaposlenost-i-kolaps-gospodarstva-guse-hrvatsku-33391.html<\/a><br \/>&#8211;&nbsp;http:\/\/dalje.com\/hr-zivot\/gotovo-trecina-gradjana-ne-zeli-otkriti-svoje-politicko-opredjeljenje\/515638<br \/>&#8211;&nbsp;<a href=\"http:\/\/www.index.hr\/vijesti\/clanak\/korupcija-nezaposlenost-krah-gospodarstva-gradjani-ne-vide-izlaz-iz-katastrofalnog-stanja-u-hrvatskoj\/761167.aspx\">http:\/\/www.index.hr\/vijesti\/clanak\/korupcija-nezaposlenost-krah-gospodarstva-gradjani-ne-vide-izlaz-iz-katastrofalnog-stanja-u-hrvatskoj\/761167.aspx<\/a><br \/>&#8211;&nbsp;<a href=\"http:\/\/www.rtl.hr\/vijesti\/novosti\/1261287\/gradjani-pesimisticni-vecina-ne-vidi-izlaz-iz-loseg-stanja-u-hrvatskoj\/\">http:\/\/www.rtl.hr\/vijesti\/novosti\/1261287\/gradjani-pesimisticni-vecina-ne-vidi-izlaz-iz-loseg-stanja-u-hrvatskoj\/<\/a><br \/>&#8211;&nbsp;<a href=\"http:\/\/dnevnik.hr\/vijesti\/hrvatska\/istrazivanje-gradjani-pesimisticni-u-vezi-stanja-u-hrvatskoj---344926.html\">http:\/\/dnevnik.hr\/vijesti\/hrvatska\/istrazivanje-gradjani-pesimisticni-u-vezi-stanja-u-hrvatskoj&#8212;344926.html<\/a><br \/>&#8211;&nbsp;http:\/\/dalje.com\/hr-hrvatska\/hrvatski-pesimizam-pola-gradjana-ne-vjeruje-u-bolje-sutra-nego-bas-obrnuto\/515621<br \/>&#8211;&nbsp;<a href=\"http:\/\/metro-portal.hr\/hrvati-uglavnom-ne-vjeruju-u-bolju-buducnost\/86293\">http:\/\/metro-portal.hr\/hrvati-uglavnom-ne-vjeruju-u-bolju-buducnost\/86293<\/a><br \/>&#8211;&nbsp;<a href=\"http:\/\/www.slobodnadalmacija.hr\/Hrvatska\/tabid\/66\/articleType\/ArticleView\/articleId\/251718\/Default.aspx\">http:\/\/www.slobodnadalmacija.hr\/Hrvatska\/tabid\/66\/articleType\/ArticleView\/articleId\/251718\/Default.aspx<\/a><br \/>&#8211;&nbsp;http:\/\/dubrovacki.hr\/clanak\/65137\/hrvati-ne-vjeruju-da-ce-doci-do-poboljsanja-u-drzavi<br \/>&#8211;&nbsp;http:\/\/www.politicke-stranke.hr\/index.php?uploads&amp;cat=aktualno&amp;id=6740<br \/>&#8211;&nbsp;<a href=\"http:\/\/www.monitor.hr\/vijesti\/hrvati-su-tradicionalisti-zadovoljni-svojim-izgledom-i-spavaju-kao-bebe\/272093\/\">http:\/\/www.monitor.hr\/vijesti\/hrvati-su-tradicionalisti-zadovoljni-svojim-izgledom-i-spavaju-kao-bebe\/272093\/<\/a><br \/>&#8211;&nbsp;<a href=\"http:\/\/www.dalmacijanews.hr\/clanak\/sfl2-istrazivanje-trecina-gradana-ne-zeli-otkriti-svoje-politicko-opredjeljenje-vecina-biraca-politicki-desno#\/clanak\/sfl2-istrazivanje-trecina-gradana-ne-zeli-otkriti-svoje-politicko-opredjeljenje-vecina-biraca-politicki-desno\">http:\/\/www.dalmacijanews.hr\/clanak\/sfl2-istrazivanje-trecina-gradana-ne-zeli-otkriti-svoje-politicko-opredjeljenje-vecina-biraca-politicki-desno#\/clanak\/sfl2-istrazivanje-trecina-gradana-ne-zeli-otkriti-svoje-politicko-opredjeljenje-vecina-biraca-politicki-desno<\/a><br \/>&#8211;&nbsp;<a href=\"http:\/\/www.politikaplus.com\/novost\/107198\/Gotovo-trecina-gradana-ne-zeli-otkriti-svoje-politicko-opredjeljenje\">http:\/\/www.politikaplus.com\/novost\/107198\/Gotovo-trecina-gradana-ne-zeli-otkriti-svoje-politicko-opredjeljenje<\/a><br \/>&#8211;&nbsp;http:\/\/www.poslovni-savjetnik.com\/hrvatska\/hrvatski-gradani-i-dalje-obojani-pesimizmom<br \/>&#8211;&nbsp;<a href=\"http:\/\/www.srbijadanas.com\/clanak\/hr-problemi-korupcija-nezaposlenost-kolaps-privrede-21-07-2014\">http:\/\/www.srbijadanas.com\/clanak\/hr-problemi-korupcija-nezaposlenost-kolaps-privrede-21-07-2014<\/a><br \/>&#8211;&nbsp;<a href=\"http:\/\/www.tportal.hr\/vijesti\/hrvatska\/343637\/Hrvate-najvise-boli-politicka-korupcija-i-nezaposlenost.html\">http:\/\/www.tportal.hr\/vijesti\/hrvatska\/343637\/Hrvate-najvise-boli-politicka-korupcija-i-nezaposlenost.html<\/a><br \/>&#8211;&nbsp;<a href=\"http:\/\/vijesti.hrt.hr\/referendum-o-dvojezicnosti-ne-bi-prosao\">http:\/\/vijesti.hrt.hr\/referendum-o-dvojezicnosti-ne-bi-prosao<\/a><br \/>&#8211;&nbsp;<a href=\"http:\/\/www.forum.tm\/vijesti\/gradani-stanje-u-drzavi-lose-i-nece-se-poboljsati-2031\">http:\/\/www.forum.tm\/vijesti\/gradani-stanje-u-drzavi-lose-i-nece-se-poboljsati-2031<br \/><\/a>&#8211;&nbsp;<a href=\"http:\/\/www.b92.net\/info\/vesti\/index.php?yyyy=2014&amp;mm=07&amp;dd=22&amp;nav_category=167&amp;nav_id=879508\">http:\/\/www.b92.net\/info\/vesti\/index.php?yyyy=2014&amp;mm=07&amp;dd=22&amp;nav_category=167&amp;nav_id=879508<br \/><\/a>&#8211;&nbsp;http:\/\/varazdinske-vijesti.hr\/zivot\/istrazivanje-instituta-pilar-referendum-o-dvojezicnosti-ne-bi-prosao.html<br \/>&#8211;&nbsp;<a href=\"http:\/\/www.seebiz.eu\/istrazivanje-korupcija-i-nezaposlenost-ubijaju-hrvatsku\/ar-91734\/\">http:\/\/www.seebiz.eu\/istrazivanje-korupcija-i-nezaposlenost-ubijaju-hrvatsku\/ar-91734\/<br \/><\/a>&#8211;&nbsp;<a href=\"http:\/\/www.bizlife.rs\/vesti\/71169-hrvatskom-dominiraju-korupcija-i-nezaposlenost\">http:\/\/www.bizlife.rs\/vesti\/71169-hrvatskom-dominiraju-korupcija-i-nezaposlenost<br \/><\/a>&#8211;&nbsp;<a href=\"http:\/\/www.e-novine.com\/region\/region-hrvatska\/106688-Graani-pesimistini-pogledu-stanja-Hrvatskoj.html\">http:\/\/www.e-novine.com\/region\/region-hrvatska\/106688-Graani-pesimistini-pogledu-stanja-Hrvatskoj.html<br \/><\/a>&#8211;&nbsp;<a href=\"http:\/\/www.rtv.rs\/sr_lat\/drustvo\/vecina-hrvata-protiv-istopolnih-brakova_504633.html\">http:\/\/www.rtv.rs\/sr_lat\/drustvo\/vecina-hrvata-protiv-istopolnih-brakova_504633.html<br \/><\/a>&#8211;&nbsp;<a href=\"http:\/\/bosnian.irib.ir\/vijesti\/bih-i-region\/item\/170876-gra%C4%91ani-pesimisti%C4%8Dni-u-vezi-stanja-u-hrvatskoj\">http:\/\/bosnian.irib.ir\/vijesti\/bih-i-region\/item\/170876-gra%C4%91ani-pesimisti%C4%8Dni-u-vezi-stanja-u-hrvatskoj<br \/><\/a>&#8211;&nbsp;<a href=\"http:\/\/www.tportal.hr\/vijesti\/hrvatska\/343821\/Institut-Ivo-Pilar-postavio-je-nekorektno-pitanje-o-cirilici.html\">http:\/\/www.tportal.hr\/vijesti\/hrvatska\/343821\/Institut-Ivo-Pilar-postavio-je-nekorektno-pitanje-o-cirilici.html<\/a><br \/>&#8211; http:\/\/www.najnovijevijesti.net\/da-se-okladimo-da-ce-referendum-o-cirilici-proci-ako-ga-rezim-dozvoli_1423231<br \/>&#8211; <a href=\"http:\/\/www.vecernji.hr\/hrvatska\/referendum-o-cirilici-ne-bi-prosao-ali-vukovar-treba-trajno-zastititi-950894\">http:\/\/www.vecernji.hr\/hrvatska\/referendum-o-cirilici-ne-bi-prosao-ali-vukovar-treba-trajno-zastititi-950894<\/a><br \/>&#8211; <a href=\"http:\/\/www.vecernji.hr\/hrvatska\/politicka-korupcija-veci-je-hrvatski-problem-i-od-goleme-nezaposlenosti-951086\">http:\/\/www.vecernji.hr\/hrvatska\/politicka-korupcija-veci-je-hrvatski-problem-i-od-goleme-nezaposlenosti-951086<\/a><br \/>&#8211; <a href=\"http:\/\/www.vecernji.hr\/hrvatska\/hrvati-su-tradicionalisti-zadovoljni-svojim-izgledom-i-spavaju-kao-bebe-951283\">http:\/\/www.vecernji.hr\/hrvatska\/hrvati-su-tradicionalisti-zadovoljni-svojim-izgledom-i-spavaju-kao-bebe-951283<\/a><br \/>&#8211; <a href=\"http:\/\/narod.hr\/hrvatska\/istrazivanje-instituta-pilar-617-posto-gradana-podrzava-ustrajnost-hrvatske-u-tuzbi-protiv-srbije-za-genocid\/\">http:\/\/narod.hr\/hrvatska\/istrazivanje-instituta-pilar-617-posto-gradana-podrzava-ustrajnost-hrvatske-u-tuzbi-protiv-srbije-za-genocid\/<\/a><br \/>&#8211;&nbsp;http:\/\/stozerzaobranuhrvatskogvukovara.hr\/inicijative-stozera-za-obranu-hrvatskog-vukovara-snazno-podrzava-644-gradana\/<\/p>\n<p>&gt;&gt;&gt; <a href=\"http:\/\/barometar.vegaintro-projekti.com\/pilar-stari\">PILAROV BAROMETAR HRVATSKOG DRU\u0160TVA<\/a><\/p>\n<p><\/p>\n","protected":false},"excerpt":{"rendered":"<p>Institut dru\u0161tvenih znanosti Ivo Pilar pokrenuo je srpnja 2014. godine specijalizirani portal pod nazivom PILAROV BAROMETAR HRVATSKOG DRU\u0160TVA. Portal na adresi http:\/\/barometar.vegaintro-projekti.com\/pilar-stari donosi rezultate anketnog istra\u017eivanja hrvatskog dru\u0161tva provedenog usmenom terenskom anketom u razdoblju od 24. o\u017eujka do 8. svibnja 2014. na reprezentativnom uzorku punoljetnog stanovni\u0161tva (1000 osoba, 143 lokacije). Na portalu su dostupni i&hellip; <a class=\"continue\" href=\"https:\/\/www.vegaintro-projekti.com\/pilar-stari\/2014\/07\/pilarov-barometar-rezultati-i-odjeci\/\">Pro\u010ditaj vi\u0161e o<span> PILAROV BAROMETAR &#8211; Rezultati 2014. i odjeci u medijima<\/span><\/a><\/p>\n","protected":false},"author":1,"featured_media":0,"comment_status":"open","ping_status":"open","sticky":false,"template":"","format":"standard","meta":{"inline_featured_image":false,"ngg_post_thumbnail":0,"footnotes":""},"categories":[12],"tags":[],"yoast_head":"<!-- This site is optimized with the Yoast SEO plugin v21.2 - https:\/\/yoast.com\/wordpress\/plugins\/seo\/ -->\n<title>PILAROV BAROMETAR - Rezultati 2014. i odjeci u medijima - Institut dru&scaron;tvenih znanosti Ivo Pilar<\/title>\n<meta name=\"robots\" content=\"noindex, follow, max-snippet:-1, max-image-preview:large, max-video-preview:-1\" \/>\n<meta property=\"og:locale\" content=\"hr_HR\" \/>\n<meta property=\"og:type\" content=\"article\" \/>\n<meta property=\"og:title\" content=\"PILAROV BAROMETAR - Rezultati 2014. i odjeci u medijima - Institut dru&scaron;tvenih znanosti Ivo Pilar\" \/>\n<meta property=\"og:description\" content=\"Institut dru\u0161tvenih znanosti Ivo Pilar pokrenuo je srpnja 2014. godine specijalizirani portal pod nazivom PILAROV BAROMETAR HRVATSKOG DRU\u0160TVA. Portal na adresi http:\/\/barometar.vegaintro-projekti.com\/pilar-stari donosi rezultate anketnog istra\u017eivanja hrvatskog dru\u0161tva provedenog usmenom terenskom anketom u razdoblju od 24. o\u017eujka do 8. svibnja 2014. na reprezentativnom uzorku punoljetnog stanovni\u0161tva (1000 osoba, 143 lokacije). Na portalu su dostupni i&hellip; Pro\u010ditaj vi\u0161e o PILAROV BAROMETAR &#8211; Rezultati 2014. i odjeci u medijima\" \/>\n<meta property=\"og:url\" content=\"https:\/\/www.vegaintro-projekti.com\/pilar-stari\/2014\/07\/pilarov-barometar-rezultati-i-odjeci\/\" \/>\n<meta property=\"og:site_name\" content=\"Institut dru&scaron;tvenih znanosti Ivo Pilar\" \/>\n<meta property=\"article:published_time\" content=\"2014-07-23T20:23:34+00:00\" \/>\n<meta property=\"article:modified_time\" content=\"2017-12-08T10:12:31+00:00\" \/>\n<meta property=\"og:image\" content=\"https:\/\/www.vegaintro-projekti.com\/pilar-stari\/wp-content\/images\/stories\/fotografije\/barometar\/Barometar.jpg\" \/>\n<meta name=\"author\" content=\"pilar-admin\" \/>\n<meta name=\"twitter:card\" content=\"summary_large_image\" \/>\n<meta name=\"twitter:label1\" content=\"Napisao\/la\" \/>\n\t<meta name=\"twitter:data1\" content=\"pilar-admin\" \/>\n\t<meta name=\"twitter:label2\" content=\"Procijenjeno vrijeme \u010ditanja\" \/>\n\t<meta name=\"twitter:data2\" content=\"2 minute\" \/>\n<script type=\"application\/ld+json\" class=\"yoast-schema-graph\">{\"@context\":\"https:\/\/schema.org\",\"@graph\":[{\"@type\":\"WebPage\",\"@id\":\"https:\/\/www.vegaintro-projekti.com\/pilar-stari\/2014\/07\/pilarov-barometar-rezultati-i-odjeci\/\",\"url\":\"https:\/\/www.vegaintro-projekti.com\/pilar-stari\/2014\/07\/pilarov-barometar-rezultati-i-odjeci\/\",\"name\":\"PILAROV BAROMETAR - Rezultati 2014. i odjeci u medijima - Institut dru&scaron;tvenih znanosti Ivo Pilar\",\"isPartOf\":{\"@id\":\"https:\/\/www.vegaintro-projekti.com\/pilar-stari\/#website\"},\"datePublished\":\"2014-07-23T20:23:34+00:00\",\"dateModified\":\"2017-12-08T10:12:31+00:00\",\"author\":{\"@id\":\"https:\/\/www.vegaintro-projekti.com\/pilar-stari\/#\/schema\/person\/c0db50ebd77c4409e19b18044bbf10c1\"},\"breadcrumb\":{\"@id\":\"https:\/\/www.vegaintro-projekti.com\/pilar-stari\/2014\/07\/pilarov-barometar-rezultati-i-odjeci\/#breadcrumb\"},\"inLanguage\":\"hr\",\"potentialAction\":[{\"@type\":\"ReadAction\",\"target\":[\"https:\/\/www.vegaintro-projekti.com\/pilar-stari\/2014\/07\/pilarov-barometar-rezultati-i-odjeci\/\"]}]},{\"@type\":\"BreadcrumbList\",\"@id\":\"https:\/\/www.vegaintro-projekti.com\/pilar-stari\/2014\/07\/pilarov-barometar-rezultati-i-odjeci\/#breadcrumb\",\"itemListElement\":[{\"@type\":\"ListItem\",\"position\":1,\"name\":\"Home\",\"item\":\"https:\/\/www.vegaintro-projekti.com\/pilar-stari\/\"},{\"@type\":\"ListItem\",\"position\":2,\"name\":\"PILAROV BAROMETAR &#8211; Rezultati 2014. i odjeci u medijima\"}]},{\"@type\":\"WebSite\",\"@id\":\"https:\/\/www.vegaintro-projekti.com\/pilar-stari\/#website\",\"url\":\"https:\/\/www.vegaintro-projekti.com\/pilar-stari\/\",\"name\":\"Institut dru&scaron;tvenih znanosti Ivo Pilar\",\"description\":\"Pilar\",\"potentialAction\":[{\"@type\":\"SearchAction\",\"target\":{\"@type\":\"EntryPoint\",\"urlTemplate\":\"https:\/\/www.vegaintro-projekti.com\/pilar-stari\/?s={search_term_string}\"},\"query-input\":\"required name=search_term_string\"}],\"inLanguage\":\"hr\"},{\"@type\":\"Person\",\"@id\":\"https:\/\/www.vegaintro-projekti.com\/pilar-stari\/#\/schema\/person\/c0db50ebd77c4409e19b18044bbf10c1\",\"name\":\"pilar-admin\",\"image\":{\"@type\":\"ImageObject\",\"inLanguage\":\"hr\",\"@id\":\"https:\/\/www.vegaintro-projekti.com\/pilar-stari\/#\/schema\/person\/image\/\",\"url\":\"https:\/\/secure.gravatar.com\/avatar\/fac9e03c4db0011b9c1ad8b5e9c74b8c?s=96&d=mm&r=g\",\"contentUrl\":\"https:\/\/secure.gravatar.com\/avatar\/fac9e03c4db0011b9c1ad8b5e9c74b8c?s=96&d=mm&r=g\",\"caption\":\"pilar-admin\"},\"url\":\"https:\/\/www.vegaintro-projekti.com\/pilar-stari\/author\/pilar-admin\/\"}]}<\/script>\n<!-- \/ Yoast SEO plugin. -->","yoast_head_json":{"title":"PILAROV BAROMETAR - Rezultati 2014. i odjeci u medijima - Institut dru&scaron;tvenih znanosti Ivo Pilar","robots":{"index":"noindex","follow":"follow","max-snippet":"max-snippet:-1","max-image-preview":"max-image-preview:large","max-video-preview":"max-video-preview:-1"},"og_locale":"hr_HR","og_type":"article","og_title":"PILAROV BAROMETAR - Rezultati 2014. i odjeci u medijima - Institut dru&scaron;tvenih znanosti Ivo Pilar","og_description":"Institut dru\u0161tvenih znanosti Ivo Pilar pokrenuo je srpnja 2014. godine specijalizirani portal pod nazivom PILAROV BAROMETAR HRVATSKOG DRU\u0160TVA. Portal na adresi http:\/\/barometar.vegaintro-projekti.com\/pilar-stari donosi rezultate anketnog istra\u017eivanja hrvatskog dru\u0161tva provedenog usmenom terenskom anketom u razdoblju od 24. o\u017eujka do 8. svibnja 2014. na reprezentativnom uzorku punoljetnog stanovni\u0161tva (1000 osoba, 143 lokacije). Na portalu su dostupni i&hellip; Pro\u010ditaj vi\u0161e o PILAROV BAROMETAR &#8211; Rezultati 2014. i odjeci u medijima","og_url":"https:\/\/www.vegaintro-projekti.com\/pilar-stari\/2014\/07\/pilarov-barometar-rezultati-i-odjeci\/","og_site_name":"Institut dru&scaron;tvenih znanosti Ivo Pilar","article_published_time":"2014-07-23T20:23:34+00:00","article_modified_time":"2017-12-08T10:12:31+00:00","og_image":[{"url":"https:\/\/www.vegaintro-projekti.com\/pilar-stari\/wp-content\/images\/stories\/fotografije\/barometar\/Barometar.jpg"}],"author":"pilar-admin","twitter_card":"summary_large_image","twitter_misc":{"Napisao\/la":"pilar-admin","Procijenjeno vrijeme \u010ditanja":"2 minute"},"schema":{"@context":"https:\/\/schema.org","@graph":[{"@type":"WebPage","@id":"https:\/\/www.vegaintro-projekti.com\/pilar-stari\/2014\/07\/pilarov-barometar-rezultati-i-odjeci\/","url":"https:\/\/www.vegaintro-projekti.com\/pilar-stari\/2014\/07\/pilarov-barometar-rezultati-i-odjeci\/","name":"PILAROV BAROMETAR - Rezultati 2014. i odjeci u medijima - Institut dru&scaron;tvenih znanosti Ivo Pilar","isPartOf":{"@id":"https:\/\/www.vegaintro-projekti.com\/pilar-stari\/#website"},"datePublished":"2014-07-23T20:23:34+00:00","dateModified":"2017-12-08T10:12:31+00:00","author":{"@id":"https:\/\/www.vegaintro-projekti.com\/pilar-stari\/#\/schema\/person\/c0db50ebd77c4409e19b18044bbf10c1"},"breadcrumb":{"@id":"https:\/\/www.vegaintro-projekti.com\/pilar-stari\/2014\/07\/pilarov-barometar-rezultati-i-odjeci\/#breadcrumb"},"inLanguage":"hr","potentialAction":[{"@type":"ReadAction","target":["https:\/\/www.vegaintro-projekti.com\/pilar-stari\/2014\/07\/pilarov-barometar-rezultati-i-odjeci\/"]}]},{"@type":"BreadcrumbList","@id":"https:\/\/www.vegaintro-projekti.com\/pilar-stari\/2014\/07\/pilarov-barometar-rezultati-i-odjeci\/#breadcrumb","itemListElement":[{"@type":"ListItem","position":1,"name":"Home","item":"https:\/\/www.vegaintro-projekti.com\/pilar-stari\/"},{"@type":"ListItem","position":2,"name":"PILAROV BAROMETAR &#8211; Rezultati 2014. i odjeci u medijima"}]},{"@type":"WebSite","@id":"https:\/\/www.vegaintro-projekti.com\/pilar-stari\/#website","url":"https:\/\/www.vegaintro-projekti.com\/pilar-stari\/","name":"Institut dru&scaron;tvenih znanosti Ivo Pilar","description":"Pilar","potentialAction":[{"@type":"SearchAction","target":{"@type":"EntryPoint","urlTemplate":"https:\/\/www.vegaintro-projekti.com\/pilar-stari\/?s={search_term_string}"},"query-input":"required name=search_term_string"}],"inLanguage":"hr"},{"@type":"Person","@id":"https:\/\/www.vegaintro-projekti.com\/pilar-stari\/#\/schema\/person\/c0db50ebd77c4409e19b18044bbf10c1","name":"pilar-admin","image":{"@type":"ImageObject","inLanguage":"hr","@id":"https:\/\/www.vegaintro-projekti.com\/pilar-stari\/#\/schema\/person\/image\/","url":"https:\/\/secure.gravatar.com\/avatar\/fac9e03c4db0011b9c1ad8b5e9c74b8c?s=96&d=mm&r=g","contentUrl":"https:\/\/secure.gravatar.com\/avatar\/fac9e03c4db0011b9c1ad8b5e9c74b8c?s=96&d=mm&r=g","caption":"pilar-admin"},"url":"https:\/\/www.vegaintro-projekti.com\/pilar-stari\/author\/pilar-admin\/"}]}},"_links":{"self":[{"href":"https:\/\/www.vegaintro-projekti.com\/pilar-stari\/wp-json\/wp\/v2\/posts\/674"}],"collection":[{"href":"https:\/\/www.vegaintro-projekti.com\/pilar-stari\/wp-json\/wp\/v2\/posts"}],"about":[{"href":"https:\/\/www.vegaintro-projekti.com\/pilar-stari\/wp-json\/wp\/v2\/types\/post"}],"author":[{"embeddable":true,"href":"https:\/\/www.vegaintro-projekti.com\/pilar-stari\/wp-json\/wp\/v2\/users\/1"}],"replies":[{"embeddable":true,"href":"https:\/\/www.vegaintro-projekti.com\/pilar-stari\/wp-json\/wp\/v2\/comments?post=674"}],"version-history":[{"count":11,"href":"https:\/\/www.vegaintro-projekti.com\/pilar-stari\/wp-json\/wp\/v2\/posts\/674\/revisions"}],"predecessor-version":[{"id":7577,"href":"https:\/\/www.vegaintro-projekti.com\/pilar-stari\/wp-json\/wp\/v2\/posts\/674\/revisions\/7577"}],"wp:attachment":[{"href":"https:\/\/www.vegaintro-projekti.com\/pilar-stari\/wp-json\/wp\/v2\/media?parent=674"}],"wp:term":[{"taxonomy":"category","embeddable":true,"href":"https:\/\/www.vegaintro-projekti.com\/pilar-stari\/wp-json\/wp\/v2\/categories?post=674"},{"taxonomy":"post_tag","embeddable":true,"href":"https:\/\/www.vegaintro-projekti.com\/pilar-stari\/wp-json\/wp\/v2\/tags?post=674"}],"curies":[{"name":"wp","href":"https:\/\/api.w.org\/{rel}","templated":true}]}}