{"id":681,"date":"2014-09-22T09:38:48","date_gmt":"2014-09-22T09:38:48","guid":{"rendered":"https:\/\/www.vegaintro-projekti.com\/pilar-stari\/2014\/09\/22\/predstavljanje-zbornika-demografija-u-hrvatskoj-u-vukovaru-25-9-2014\/"},"modified":"2017-12-08T13:28:20","modified_gmt":"2017-12-08T13:28:20","slug":"predstavljanje-zbornika-demografija-u-hrvatskoj-u-vukovaru-25-9-2014","status":"publish","type":"post","link":"https:\/\/www.vegaintro-projekti.com\/pilar-stari\/2014\/09\/predstavljanje-zbornika-demografija-u-hrvatskoj-u-vukovaru-25-9-2014\/","title":{"rendered":"Predstavljanje zbornika DEMOGRAFIJA U HRVATSKOJ, Vukovar, 25. 9. 2014."},"content":{"rendered":"<p><strong>Zavod za znanstveno-istra\u017eiva\u010dki i umjetni\u010dki rad HAZU u Vukovaru, Gradski muzej Vukovar, Podru\u010dni centar Instituta Pilar u Vukovaru i Ogranak Matice hrvatske Vukovaru, zajedni\u010dki su organizirali 25. rujna 2014. u Mramornoj dvorani dvorca Eltz u Vukovaru predstavljanje zbornika radova &#8220;Demografija u Hrvatskoj&#8221; koji je objavljen u prigodi 75 godine \u017eivota i 50 godina znanstvenoga rada ugledne akademkinje, sveu\u010dili\u0161ne profesorice, demografkinje i vukovarke Alice Wertheimer-Baleti\u0107<\/strong><\/p>\n<table border=\"0\">\n<tbody>\n<tr>\n<td><img decoding=\"async\" loading=\"lazy\" src=\"https:\/\/www.vegaintro-projekti.com\/pilar-stari\/wp-content\/images\/stories\/fotografije\/podrucni\/vukovar\/demografija\/Demo_1s.jpg\" alt=\"Demo 1s\" width=\"212\" height=\"159\" \/><\/td>\n<td><img decoding=\"async\" loading=\"lazy\" src=\"https:\/\/www.vegaintro-projekti.com\/pilar-stari\/wp-content\/images\/stories\/fotografije\/podrucni\/vukovar\/demografija\/Demo_2s.jpg\" alt=\"Demo 2s\" width=\"212\" height=\"159\" \/><\/td>\n<td><img decoding=\"async\" loading=\"lazy\" src=\"https:\/\/www.vegaintro-projekti.com\/pilar-stari\/wp-content\/images\/stories\/fotografije\/podrucni\/vukovar\/demografija\/Demo_3s.jpg\" alt=\"Demo 3s\" width=\"212\" height=\"159\" \/><\/td>\n<\/tr>\n<\/tbody>\n<\/table>\n<table border=\"0\">\n<tbody>\n<tr>\n<td><img decoding=\"async\" loading=\"lazy\" src=\"https:\/\/www.vegaintro-projekti.com\/pilar-stari\/wp-content\/images\/stories\/fotografije\/podrucni\/vukovar\/demografija\/Demo_0s.jpg\" alt=\"Demo 0s\" width=\"649\" height=\"297\" \/><\/td>\n<\/tr>\n<\/tbody>\n<\/table>\n<p><span style=\"font-size: 8pt;\"><strong>S predstavljanje zbornika DEMOGRAFIJA U HRVATSKOJ u povodu jubileja akademkinje Alice Wertheimer-Baleti\u0107,&nbsp;Vukovar, 25. rujna 2014. &#8211; SNIMIO: fra Vjenceslav Janji\u0107<\/strong><\/span><\/p>\n<p>U lijepo ispunjenoj Mramornoj dvorani akademkinju Wertheimer-Baleti\u0107, promotore i druge uzvanike, me\u0111u kojima su bili pro\u010delnica za dru\u0161tvene djelatnosti, branitelje i nacionalne manjine Grada Vukovara g\u0111a Dragica Holoker Radumilo, upravitelji Zavoda HAZU iz Osijeka, prof. dr. Antun Tucak i Vinkovaca, dr. Anica Bili\u0107, predsjednik Znanstvenoga vije\u0107a Instituta Pilar, prof. dr. Nenad Pokos, gvardijan vukovarski fra Ivica Jagodi\u0107, dekanica vukovarskog Veleu\u010dili\u0161ta mr. Sandra Mrvica, predsjednik Ogranka Matice hrvatske Vinkovci, dr. Dra\u017een \u0160vagelj, voditelj vukovarske podru\u017enice Hrvatske matice iseljenika Silvijo Jergovi\u0107 i dr., pozdravili su ravnateljica Gradskog muzeja Vukovar, g\u0111a Ru\u017ea Mari\u0107, predsjednica Ogranka Matice hrvatske Vukovar, g\u0111a Lidija Mileti\u0107 i voditelj vukovarskog Zavoda HAZU, akademik Zvonimir Baleti\u0107. O znanstvenom i pedago\u0161kom radu akademkinje Wertheimer-Baleti\u0107 govorio je jedan od urednika Zbornika, prof. dr. An\u0111elko Akrap, o dugogodi\u0161njoj i vi\u0161e nego uspje\u0161noj znanstvenoj suradnji akademkinje Wertheimer-Baleti\u0107 i Instituta Pilar govorio je ravnatelj Instituta, prof. dr. Vlado \u0160aki\u0107, dok je o Zborniku i o vukovarskim temama u znanstvenom opusu akademkinje Wertheimer-Baleti\u0107 govorio voditelj Podru\u010dnog centra Instituta Pilar u Vukovaru, prof. dr. Dra\u017een \u017divi\u0107. U glazbenom dijelu programa sudjelovali su u\u010denici glazbenih odjela O\u0160 Dragutina Tadijanovi\u0107a. Zbornik na vi\u0161e od 500 tvrdo ukori\u010denih stranica donosi 22 znanstvena rada iz pera 26 autora, koji su priop\u0107eni na istoimenom znanstvenom skupu odr\u017eanom u Zagrebu, u prosincu 2012. godine. Objavljeni radovi dragocjen su prilog produbljivanju znanja o demografiji Hrvatske, ali i o kauzalnoj povezanosti demografskih, dru\u0161tvenih, gospodarskih, povijesno-politi\u010dkih i kulturolo\u0161ko-civilizacijskih procesa i mijena u na\u0161oj zemlji unatrag stotinu pa i vi\u0161e godina. Radove krasi znanstvena relevantnost i dru\u0161tvena aktualnost pa \u0107e biti nezaobilazni svima koji razmatraju demografsku problematiku Hrvatske i njezinu ulogu u osmi\u0161ljavanju i provo\u0111enju mjera gospodarskog razvoja.<\/p>\n<p><em>D. \u017divi\u0107<\/em><\/p>\n<p>&#8211; <a href=\"https:\/\/www.vegaintro-projekti.com\/pilar-stari\/wp-content\/images\/stories\/dokumenti\/podrucni\/vukovar\/pozivnica_demografija.pdf\">Pozivnica za predstavljanje zbornika DEMOGRAFIJA U HRVATSKOJ, Vukovar, 25. rujna 20114.<\/a><\/p>\n<p><a href=\"https:\/\/www.vegaintro-projekti.com\/pilar-stari\/wp-content\/images\/stories\/dokumenti\/podrucni\/vukovar\/pozivnica_demografija.pdf\"><img decoding=\"async\" loading=\"lazy\" src=\"https:\/\/www.vegaintro-projekti.com\/pilar-stari\/wp-content\/images\/stories\/fotografije\/podrucni\/vukovar\/pozivnica_demografija.jpg\" alt=\"pozivnica demografija\" width=\"500\" height=\"824\" \/><\/a><\/p>\n<p>&gt;&gt;&gt; <a href=\"https:\/\/www.vegaintro-projekti.com\/pilar-stari\/2008\/10\/podruni-centar-vukovar\/\">PODRU\u010cNI CENTAR VUKOVAR<\/a><\/p>\n<p>&nbsp;<\/p>\n<p>&nbsp;<\/p>\n","protected":false},"excerpt":{"rendered":"<p>Zavod za znanstveno-istra\u017eiva\u010dki i umjetni\u010dki rad HAZU u Vukovaru, Gradski muzej Vukovar, Podru\u010dni centar Instituta Pilar u Vukovaru i Ogranak Matice hrvatske Vukovaru, zajedni\u010dki su organizirali 25. rujna 2014. u Mramornoj dvorani dvorca Eltz u Vukovaru predstavljanje zbornika radova &#8220;Demografija u Hrvatskoj&#8221; koji je objavljen u prigodi 75 godine \u017eivota i 50 godina znanstvenoga rada&hellip; <a class=\"continue\" href=\"https:\/\/www.vegaintro-projekti.com\/pilar-stari\/2014\/09\/predstavljanje-zbornika-demografija-u-hrvatskoj-u-vukovaru-25-9-2014\/\">Pro\u010ditaj vi\u0161e o<span> Predstavljanje zbornika DEMOGRAFIJA U HRVATSKOJ, Vukovar, 25. 9. 2014.<\/span><\/a><\/p>\n","protected":false},"author":1,"featured_media":0,"comment_status":"open","ping_status":"open","sticky":false,"template":"","format":"standard","meta":{"inline_featured_image":false,"ngg_post_thumbnail":0,"footnotes":""},"categories":[11],"tags":[],"yoast_head":"<!-- This site is optimized with the Yoast SEO plugin v21.2 - https:\/\/yoast.com\/wordpress\/plugins\/seo\/ -->\n<title>Predstavljanje zbornika DEMOGRAFIJA U HRVATSKOJ, Vukovar, 25. 9. 2014. - Institut dru&scaron;tvenih znanosti Ivo Pilar<\/title>\n<meta name=\"robots\" content=\"noindex, follow, max-snippet:-1, max-image-preview:large, max-video-preview:-1\" \/>\n<meta property=\"og:locale\" content=\"hr_HR\" \/>\n<meta property=\"og:type\" content=\"article\" \/>\n<meta property=\"og:title\" content=\"Predstavljanje zbornika DEMOGRAFIJA U HRVATSKOJ, Vukovar, 25. 9. 2014. - Institut dru&scaron;tvenih znanosti Ivo Pilar\" \/>\n<meta property=\"og:description\" content=\"Zavod za znanstveno-istra\u017eiva\u010dki i umjetni\u010dki rad HAZU u Vukovaru, Gradski muzej Vukovar, Podru\u010dni centar Instituta Pilar u Vukovaru i Ogranak Matice hrvatske Vukovaru, zajedni\u010dki su organizirali 25. rujna 2014. u Mramornoj dvorani dvorca Eltz u Vukovaru predstavljanje zbornika radova &#8220;Demografija u Hrvatskoj&#8221; koji je objavljen u prigodi 75 godine \u017eivota i 50 godina znanstvenoga rada&hellip; Pro\u010ditaj vi\u0161e o Predstavljanje zbornika DEMOGRAFIJA U HRVATSKOJ, Vukovar, 25. 9. 2014.\" \/>\n<meta property=\"og:url\" content=\"https:\/\/www.vegaintro-projekti.com\/pilar-stari\/2014\/09\/predstavljanje-zbornika-demografija-u-hrvatskoj-u-vukovaru-25-9-2014\/\" \/>\n<meta property=\"og:site_name\" content=\"Institut dru&scaron;tvenih znanosti Ivo Pilar\" \/>\n<meta property=\"article:published_time\" content=\"2014-09-22T09:38:48+00:00\" \/>\n<meta property=\"article:modified_time\" content=\"2017-12-08T13:28:20+00:00\" \/>\n<meta property=\"og:image\" content=\"https:\/\/www.vegaintro-projekti.com\/pilar-stari\/wp-content\/images\/stories\/fotografije\/podrucni\/vukovar\/demografija\/Demo_1s.jpg\" \/>\n<meta name=\"author\" content=\"pilar-admin\" \/>\n<meta name=\"twitter:card\" content=\"summary_large_image\" \/>\n<meta name=\"twitter:label1\" content=\"Napisao\/la\" \/>\n\t<meta name=\"twitter:data1\" content=\"pilar-admin\" \/>\n\t<meta name=\"twitter:label2\" content=\"Procijenjeno vrijeme \u010ditanja\" \/>\n\t<meta name=\"twitter:data2\" content=\"2 minute\" \/>\n<script type=\"application\/ld+json\" class=\"yoast-schema-graph\">{\"@context\":\"https:\/\/schema.org\",\"@graph\":[{\"@type\":\"WebPage\",\"@id\":\"https:\/\/www.vegaintro-projekti.com\/pilar-stari\/2014\/09\/predstavljanje-zbornika-demografija-u-hrvatskoj-u-vukovaru-25-9-2014\/\",\"url\":\"https:\/\/www.vegaintro-projekti.com\/pilar-stari\/2014\/09\/predstavljanje-zbornika-demografija-u-hrvatskoj-u-vukovaru-25-9-2014\/\",\"name\":\"Predstavljanje zbornika DEMOGRAFIJA U HRVATSKOJ, Vukovar, 25. 9. 2014. - Institut dru&scaron;tvenih znanosti Ivo Pilar\",\"isPartOf\":{\"@id\":\"https:\/\/www.vegaintro-projekti.com\/pilar-stari\/#website\"},\"datePublished\":\"2014-09-22T09:38:48+00:00\",\"dateModified\":\"2017-12-08T13:28:20+00:00\",\"author\":{\"@id\":\"https:\/\/www.vegaintro-projekti.com\/pilar-stari\/#\/schema\/person\/c0db50ebd77c4409e19b18044bbf10c1\"},\"breadcrumb\":{\"@id\":\"https:\/\/www.vegaintro-projekti.com\/pilar-stari\/2014\/09\/predstavljanje-zbornika-demografija-u-hrvatskoj-u-vukovaru-25-9-2014\/#breadcrumb\"},\"inLanguage\":\"hr\",\"potentialAction\":[{\"@type\":\"ReadAction\",\"target\":[\"https:\/\/www.vegaintro-projekti.com\/pilar-stari\/2014\/09\/predstavljanje-zbornika-demografija-u-hrvatskoj-u-vukovaru-25-9-2014\/\"]}]},{\"@type\":\"BreadcrumbList\",\"@id\":\"https:\/\/www.vegaintro-projekti.com\/pilar-stari\/2014\/09\/predstavljanje-zbornika-demografija-u-hrvatskoj-u-vukovaru-25-9-2014\/#breadcrumb\",\"itemListElement\":[{\"@type\":\"ListItem\",\"position\":1,\"name\":\"Home\",\"item\":\"https:\/\/www.vegaintro-projekti.com\/pilar-stari\/\"},{\"@type\":\"ListItem\",\"position\":2,\"name\":\"Predstavljanje zbornika DEMOGRAFIJA U HRVATSKOJ, Vukovar, 25. 9. 2014.\"}]},{\"@type\":\"WebSite\",\"@id\":\"https:\/\/www.vegaintro-projekti.com\/pilar-stari\/#website\",\"url\":\"https:\/\/www.vegaintro-projekti.com\/pilar-stari\/\",\"name\":\"Institut dru&scaron;tvenih znanosti Ivo Pilar\",\"description\":\"Pilar\",\"potentialAction\":[{\"@type\":\"SearchAction\",\"target\":{\"@type\":\"EntryPoint\",\"urlTemplate\":\"https:\/\/www.vegaintro-projekti.com\/pilar-stari\/?s={search_term_string}\"},\"query-input\":\"required name=search_term_string\"}],\"inLanguage\":\"hr\"},{\"@type\":\"Person\",\"@id\":\"https:\/\/www.vegaintro-projekti.com\/pilar-stari\/#\/schema\/person\/c0db50ebd77c4409e19b18044bbf10c1\",\"name\":\"pilar-admin\",\"image\":{\"@type\":\"ImageObject\",\"inLanguage\":\"hr\",\"@id\":\"https:\/\/www.vegaintro-projekti.com\/pilar-stari\/#\/schema\/person\/image\/\",\"url\":\"https:\/\/secure.gravatar.com\/avatar\/fac9e03c4db0011b9c1ad8b5e9c74b8c?s=96&d=mm&r=g\",\"contentUrl\":\"https:\/\/secure.gravatar.com\/avatar\/fac9e03c4db0011b9c1ad8b5e9c74b8c?s=96&d=mm&r=g\",\"caption\":\"pilar-admin\"},\"url\":\"https:\/\/www.vegaintro-projekti.com\/pilar-stari\/author\/pilar-admin\/\"}]}<\/script>\n<!-- \/ Yoast SEO plugin. -->","yoast_head_json":{"title":"Predstavljanje zbornika DEMOGRAFIJA U HRVATSKOJ, Vukovar, 25. 9. 2014. - Institut dru&scaron;tvenih znanosti Ivo Pilar","robots":{"index":"noindex","follow":"follow","max-snippet":"max-snippet:-1","max-image-preview":"max-image-preview:large","max-video-preview":"max-video-preview:-1"},"og_locale":"hr_HR","og_type":"article","og_title":"Predstavljanje zbornika DEMOGRAFIJA U HRVATSKOJ, Vukovar, 25. 9. 2014. - Institut dru&scaron;tvenih znanosti Ivo Pilar","og_description":"Zavod za znanstveno-istra\u017eiva\u010dki i umjetni\u010dki rad HAZU u Vukovaru, Gradski muzej Vukovar, Podru\u010dni centar Instituta Pilar u Vukovaru i Ogranak Matice hrvatske Vukovaru, zajedni\u010dki su organizirali 25. rujna 2014. u Mramornoj dvorani dvorca Eltz u Vukovaru predstavljanje zbornika radova &#8220;Demografija u Hrvatskoj&#8221; koji je objavljen u prigodi 75 godine \u017eivota i 50 godina znanstvenoga rada&hellip; Pro\u010ditaj vi\u0161e o Predstavljanje zbornika DEMOGRAFIJA U HRVATSKOJ, Vukovar, 25. 9. 2014.","og_url":"https:\/\/www.vegaintro-projekti.com\/pilar-stari\/2014\/09\/predstavljanje-zbornika-demografija-u-hrvatskoj-u-vukovaru-25-9-2014\/","og_site_name":"Institut dru&scaron;tvenih znanosti Ivo Pilar","article_published_time":"2014-09-22T09:38:48+00:00","article_modified_time":"2017-12-08T13:28:20+00:00","og_image":[{"url":"https:\/\/www.vegaintro-projekti.com\/pilar-stari\/wp-content\/images\/stories\/fotografije\/podrucni\/vukovar\/demografija\/Demo_1s.jpg"}],"author":"pilar-admin","twitter_card":"summary_large_image","twitter_misc":{"Napisao\/la":"pilar-admin","Procijenjeno vrijeme \u010ditanja":"2 minute"},"schema":{"@context":"https:\/\/schema.org","@graph":[{"@type":"WebPage","@id":"https:\/\/www.vegaintro-projekti.com\/pilar-stari\/2014\/09\/predstavljanje-zbornika-demografija-u-hrvatskoj-u-vukovaru-25-9-2014\/","url":"https:\/\/www.vegaintro-projekti.com\/pilar-stari\/2014\/09\/predstavljanje-zbornika-demografija-u-hrvatskoj-u-vukovaru-25-9-2014\/","name":"Predstavljanje zbornika DEMOGRAFIJA U HRVATSKOJ, Vukovar, 25. 9. 2014. - Institut dru&scaron;tvenih znanosti Ivo Pilar","isPartOf":{"@id":"https:\/\/www.vegaintro-projekti.com\/pilar-stari\/#website"},"datePublished":"2014-09-22T09:38:48+00:00","dateModified":"2017-12-08T13:28:20+00:00","author":{"@id":"https:\/\/www.vegaintro-projekti.com\/pilar-stari\/#\/schema\/person\/c0db50ebd77c4409e19b18044bbf10c1"},"breadcrumb":{"@id":"https:\/\/www.vegaintro-projekti.com\/pilar-stari\/2014\/09\/predstavljanje-zbornika-demografija-u-hrvatskoj-u-vukovaru-25-9-2014\/#breadcrumb"},"inLanguage":"hr","potentialAction":[{"@type":"ReadAction","target":["https:\/\/www.vegaintro-projekti.com\/pilar-stari\/2014\/09\/predstavljanje-zbornika-demografija-u-hrvatskoj-u-vukovaru-25-9-2014\/"]}]},{"@type":"BreadcrumbList","@id":"https:\/\/www.vegaintro-projekti.com\/pilar-stari\/2014\/09\/predstavljanje-zbornika-demografija-u-hrvatskoj-u-vukovaru-25-9-2014\/#breadcrumb","itemListElement":[{"@type":"ListItem","position":1,"name":"Home","item":"https:\/\/www.vegaintro-projekti.com\/pilar-stari\/"},{"@type":"ListItem","position":2,"name":"Predstavljanje zbornika DEMOGRAFIJA U HRVATSKOJ, Vukovar, 25. 9. 2014."}]},{"@type":"WebSite","@id":"https:\/\/www.vegaintro-projekti.com\/pilar-stari\/#website","url":"https:\/\/www.vegaintro-projekti.com\/pilar-stari\/","name":"Institut dru&scaron;tvenih znanosti Ivo Pilar","description":"Pilar","potentialAction":[{"@type":"SearchAction","target":{"@type":"EntryPoint","urlTemplate":"https:\/\/www.vegaintro-projekti.com\/pilar-stari\/?s={search_term_string}"},"query-input":"required name=search_term_string"}],"inLanguage":"hr"},{"@type":"Person","@id":"https:\/\/www.vegaintro-projekti.com\/pilar-stari\/#\/schema\/person\/c0db50ebd77c4409e19b18044bbf10c1","name":"pilar-admin","image":{"@type":"ImageObject","inLanguage":"hr","@id":"https:\/\/www.vegaintro-projekti.com\/pilar-stari\/#\/schema\/person\/image\/","url":"https:\/\/secure.gravatar.com\/avatar\/fac9e03c4db0011b9c1ad8b5e9c74b8c?s=96&d=mm&r=g","contentUrl":"https:\/\/secure.gravatar.com\/avatar\/fac9e03c4db0011b9c1ad8b5e9c74b8c?s=96&d=mm&r=g","caption":"pilar-admin"},"url":"https:\/\/www.vegaintro-projekti.com\/pilar-stari\/author\/pilar-admin\/"}]}},"_links":{"self":[{"href":"https:\/\/www.vegaintro-projekti.com\/pilar-stari\/wp-json\/wp\/v2\/posts\/681"}],"collection":[{"href":"https:\/\/www.vegaintro-projekti.com\/pilar-stari\/wp-json\/wp\/v2\/posts"}],"about":[{"href":"https:\/\/www.vegaintro-projekti.com\/pilar-stari\/wp-json\/wp\/v2\/types\/post"}],"author":[{"embeddable":true,"href":"https:\/\/www.vegaintro-projekti.com\/pilar-stari\/wp-json\/wp\/v2\/users\/1"}],"replies":[{"embeddable":true,"href":"https:\/\/www.vegaintro-projekti.com\/pilar-stari\/wp-json\/wp\/v2\/comments?post=681"}],"version-history":[{"count":6,"href":"https:\/\/www.vegaintro-projekti.com\/pilar-stari\/wp-json\/wp\/v2\/posts\/681\/revisions"}],"predecessor-version":[{"id":7810,"href":"https:\/\/www.vegaintro-projekti.com\/pilar-stari\/wp-json\/wp\/v2\/posts\/681\/revisions\/7810"}],"wp:attachment":[{"href":"https:\/\/www.vegaintro-projekti.com\/pilar-stari\/wp-json\/wp\/v2\/media?parent=681"}],"wp:term":[{"taxonomy":"category","embeddable":true,"href":"https:\/\/www.vegaintro-projekti.com\/pilar-stari\/wp-json\/wp\/v2\/categories?post=681"},{"taxonomy":"post_tag","embeddable":true,"href":"https:\/\/www.vegaintro-projekti.com\/pilar-stari\/wp-json\/wp\/v2\/tags?post=681"}],"curies":[{"name":"wp","href":"https:\/\/api.w.org\/{rel}","templated":true}]}}