{"id":690,"date":"2014-10-26T11:34:33","date_gmt":"2014-10-26T11:34:33","guid":{"rendered":"https:\/\/www.vegaintro-projekti.com\/pilar-stari\/2014\/10\/26\/zbornik-hrvatsko-iseljenistvo-i-domovina\/"},"modified":"2017-12-05T10:18:42","modified_gmt":"2017-12-05T10:18:42","slug":"zbornik-hrvatsko-iseljenistvo-i-domovina","status":"publish","type":"post","link":"https:\/\/www.vegaintro-projekti.com\/pilar-stari\/2014\/10\/zbornik-hrvatsko-iseljenistvo-i-domovina\/","title":{"rendered":"Zbornik HRVATSKO ISELJENI\u0160TVO I DOMOVINA"},"content":{"rendered":"<p><strong>Zbornik HRVATSKO ISELJENI\u0160TVO I DOMOVINA: RAZVOJNE PERSPEKTIVE, objavljen lipnja 2014. kao 44. knjiga Biblioteke Zbornici Instituta Ivo Pilar,&nbsp;obuhva\u0107a radove pripremljene za me\u0111unarodni godi\u0161nji znanstveno-stru\u010dni skup ANNALES PILAR &#8220;Hrvatsko iseljeni\u0161tvo i domovina: Razvojne&nbsp;perspektive&#8221; odr\u017ean u Zagrebu i Dubrovniku 26.-28. svibnja 2011.<\/strong><\/p>\n<table border=\"0\">\n<tbody>\n<tr>\n<td><img decoding=\"async\" loading=\"lazy\" src=\"https:\/\/www.vegaintro-projekti.com\/pilar-stari\/wp-content\/images\/stories\/fotografije\/publikacije\/naslovnice\/small\/Iseljen_nasl.jpg\" alt=\"Iseljen nasl\" width=\"224\" height=\"314\" \/><\/td>\n<td valign=\"bottom\"><span style=\"font-size: 12pt;\">Zbornik \u010dini trideset tekstova trideset troje autora, a karakterizira ga pluralnost tema i istra\u017eiva\u010dkih pristupa, od istra\u017eiva\u010dkih radova do&nbsp;svjedo\u010danstava. Urednici vjeruju kako upravo ta raznolikost omogu\u0107uje cjelovitiji uvid u jedan tako slo\u017een fenomen kao \u0161to je hrvatsko&nbsp;<\/span><br \/><span style=\"font-size: 12pt;\">iseljeni\u0161tvo<\/span><\/p>\n<p><strong><span style=\"font-size: 8pt;\">HRVATSKO ISELJENI\u0160TVO I DOMOVINA. Razvojne perspektive<\/span><\/strong><br \/><strong><span style=\"font-size: 8pt;\">Uredili C. Hornstein Tomi\u0107, I. Hrsti\u0107, F. Majeti\u0107, I. Saboti\u010d, M. Sopta<\/span><\/strong><br \/><strong><span style=\"font-size: 8pt;\">Biblioteka ZBORNICI \u2013 Knjiga 44.<\/span><\/strong><br \/><strong><span style=\"font-size: 8pt;\">Institut dru\u0161tvenih znanosti Ivo Pilar<\/span><\/strong><br \/><strong><span style=\"font-size: 8pt;\">Zagreb, 2014. \u2013 Str. 340.<\/span><\/strong><br \/><strong><span style=\"font-size: 8pt;\">ISBN 978-953-7964-01-6<\/span><\/strong><br \/>&#8211; <a href=\"https:\/\/www.vegaintro-projekti.com\/pilar-stari\/wp-content\/images\/stories\/dokumenti\/zbornici\/45\/Iseljen_korice.pdf\">Omot<\/a> \/ <a href=\"https:\/\/www.vegaintro-projekti.com\/pilar-stari\/wp-content\/images\/stories\/dokumenti\/zbornici\/45\/Iseljen_knjb_impresum.pdf\">Impresum<\/a> \/ <a href=\"#sadrzaj\">Sadr\u017eaj<\/a> \/ <a href=\"#predgovor\">Iz Predgovora<\/a> \/ <a href=\"https:\/\/www.vegaintro-projekti.com\/pilar-stari\/wp-content\/images\/stories\/dokumenti\/zbornici\/45\/Iseljen_knjb_autori.pdf\">O autorima<\/a><\/td>\n<\/tr>\n<\/tbody>\n<\/table>\n<p><a name=\"sadrzaj\">&nbsp;<\/a><\/p>\n<p><span style=\"font-size: 12pt;\">Sadr\u017eaj<\/span><\/p>\n<p>&#8211; <a href=\"https:\/\/www.vegaintro-projekti.com\/pilar-stari\/wp-content\/images\/stories\/dokumenti\/zbornici\/45\/Iseljen_korice.pdf\">Omot<\/a> \/ <a href=\"https:\/\/www.vegaintro-projekti.com\/pilar-stari\/wp-content\/images\/stories\/dokumenti\/zbornici\/45\/Iseljen_knjb_impresum.pdf\">Impresum<\/a> \/ <a href=\"https:\/\/www.vegaintro-projekti.com\/pilar-stari\/wp-content\/images\/stories\/dokumenti\/zbornici\/45\/Iseljen_knjb_sadrzaj.pdf\">Sadr\u017eaj<\/a><\/p>\n<p><a href=\"https:\/\/www.vegaintro-projekti.com\/pilar-stari\/wp-content\/images\/stories\/dokumenti\/zbornici\/45\/Iseljen_knjb_predgovor.pdf\">Predgovor<\/a><\/p>\n<p><strong>UVOD<\/strong><\/p>\n<p>Vlado \u0160AKI\u0106: <a href=\"https:\/\/www.vegaintro-projekti.com\/pilar-stari\/wp-content\/images\/stories\/dokumenti\/zbornici\/45\/Iseljen_knjb_13.pdf\">Suvremeni migracijski procesi i njihov odraz na Hrvatsku. Globalni pogled na me\u0111unarodne migracije<\/a><\/p>\n<p><strong>SUVREMENI MIGRACIJSKI TRENDOVI I INTEGRACIJSKE POLITIKE: RIJE\u010c VELEPOSLANIKA<\/strong><\/p>\n<p>Beverly MERCER: <a href=\"https:\/\/www.vegaintro-projekti.com\/pilar-stari\/wp-content\/images\/stories\/dokumenti\/zbornici\/45\/Iseljen_knjb_25.pdf\">The Croatian Diaspora in Australia<\/a><br \/>Denis KNOBEL: <a href=\"https:\/\/www.vegaintro-projekti.com\/pilar-stari\/wp-content\/images\/stories\/dokumenti\/zbornici\/45\/Iseljen_knjb_31.pdf\">Case Study Switzerland<\/a><\/p>\n<p><strong>HRVATSKE ISELJENI\u010cKE ZAJEDNICE U SVIJETU<\/strong><\/p>\n<p>Marin SOPTA: <a href=\"https:\/\/www.vegaintro-projekti.com\/pilar-stari\/wp-content\/images\/stories\/dokumenti\/zbornici\/45\/Iseljen_knjb_39.pdf\">Multikulturalizam u svijetu i Hrvati u iseljeni\u0161tvu<\/a><br \/>Katica JUR\u010cEVI\u0106: <a href=\"https:\/\/www.vegaintro-projekti.com\/pilar-stari\/wp-content\/images\/stories\/dokumenti\/zbornici\/45\/Iseljen_knjb_47.pdf\">Pregled polo\u017eaja i integracijskog zna\u010daja hrvatskih iseljenika u Njema\u010dkoj<\/a><br \/>Adolf POLEGUBI\u0106: <a href=\"https:\/\/www.vegaintro-projekti.com\/pilar-stari\/wp-content\/images\/stories\/dokumenti\/zbornici\/45\/Iseljen_knjb_55.pdf\">Hrvati u Njema\u010dkoj \u2014 domovinska Crkva i domovina: stanje i perspektive<\/a><br \/>Jadranka GVOZDANOVI\u0106: <a href=\"https:\/\/www.vegaintro-projekti.com\/pilar-stari\/wp-content\/images\/stories\/dokumenti\/zbornici\/45\/Iseljen_knjb_67.pdf\">Mladi Hrvati u Njema\u010dkoj<\/a><br \/>Rebeka MESARI\u0106 \u017dAB\u010cI\u0106: <a href=\"https:\/\/www.vegaintro-projekti.com\/pilar-stari\/wp-content\/images\/stories\/dokumenti\/zbornici\/45\/Iseljen_knjb_77.pdf\">Fenomen prekooceanske lan\u010dane migracije i lokalni\/regionalni identiteti<\/a><br \/>Danijel VOJAK: <a href=\"https:\/\/www.vegaintro-projekti.com\/pilar-stari\/wp-content\/images\/stories\/dokumenti\/zbornici\/45\/Iseljen_knjb_89.pdf\">Samoborsko iseljeni\u0161tvo u Sjedinjenim Ameri\u010dkim Dr\u017eavama: pogled iz domovine<\/a><br \/>Ana JURA: <a href=\"https:\/\/www.vegaintro-projekti.com\/pilar-stari\/wp-content\/images\/stories\/dokumenti\/zbornici\/45\/Iseljen_knjb_101.pdf\">Istaknuti Hrvati u gospodarskom razvoju Novog Zelanda do Drugoga svjetskog rata<\/a><br \/>Marina PERI\u0106 KASELJ: <a href=\"https:\/\/www.vegaintro-projekti.com\/pilar-stari\/wp-content\/images\/stories\/dokumenti\/zbornici\/45\/Iseljen_knjb_113.pdf\">Hrvatske migrantske virtualne zajednice (HMVZ) u Argentini: konstruiranje identiteta u kiberprostoru (na primjeru Argentine)<\/a><br \/>Marina DEUR: <a href=\"https:\/\/www.vegaintro-projekti.com\/pilar-stari\/wp-content\/images\/stories\/dokumenti\/zbornici\/45\/Iseljen_knjb_125.pdf\">Hrvati u Brazilu<\/a><\/p>\n<p><strong>HRVATSKI JEZIK I KULTURA U ISELJENI\u0160TVU<\/strong><\/p>\n<p>Zdenka WEBER: <a href=\"https:\/\/www.vegaintro-projekti.com\/pilar-stari\/wp-content\/images\/stories\/dokumenti\/zbornici\/45\/Iseljen_knjb_131.pdf\">Hrvatska kulturna promid\u017eba kao jedan od preduvjeta o\u010duvanja nacionalnog identiteta Hrvata u inozemstvu<\/a><br \/>Ivan HRSTI\u0106, Artur NALIS: <a href=\"https:\/\/www.vegaintro-projekti.com\/pilar-stari\/wp-content\/images\/stories\/dokumenti\/zbornici\/45\/Iseljen_knjb_139.pdf\">Institut za hrvatski jezik u Melbourneu i priznanje hrvatskog jezika u Australiji<\/a><br \/>Marica \u010cUN\u010cI\u0106: <a href=\"https:\/\/www.vegaintro-projekti.com\/pilar-stari\/wp-content\/images\/stories\/dokumenti\/zbornici\/45\/Iseljen_knjb_147.pdf\">Sveu\u010dili\u0161na nastava hrvatskoga jezika, kulture i knji\u017eevnosti u SAD-u i Kanadi<\/a><br \/>Lada KANAJET \u0160IMI\u0106, Lidija CVIKI\u0106: <a href=\"https:\/\/www.vegaintro-projekti.com\/pilar-stari\/wp-content\/images\/stories\/dokumenti\/zbornici\/45\/Iseljen_knjb_155.pdf\">E-u\u010denje hrvatskoga kao nasljednoga jezika: trenuta\u010dno stanje i razvojne perspektive<\/a><br \/>Stjepan \u0160ULEK: <a href=\"https:\/\/www.vegaintro-projekti.com\/pilar-stari\/wp-content\/images\/stories\/dokumenti\/zbornici\/45\/Iseljen_knjb_165.pdf\">Slobodna rije\u010d u hrvatskom egzilu s osvrtom na \u010dasopis Kroatische Berichte (1976.\u20141990.)<\/a><br \/>Vesna KUKAVICA: <a href=\"https:\/\/www.vegaintro-projekti.com\/pilar-stari\/wp-content\/images\/stories\/dokumenti\/zbornici\/45\/Iseljen_knjb_171.pdf\">Hrvatska iseljeni\u010dka periodika u 21. stolje\u0107u<\/a><\/p>\n<p><strong>POLITIKA I HRVATSKO ISELJENI\u0160TVO<\/strong><\/p>\n<p>Ivan TEPE\u0160: <a href=\"https:\/\/www.vegaintro-projekti.com\/pilar-stari\/wp-content\/images\/stories\/dokumenti\/zbornici\/45\/Iseljen_knjb_179.pdf\">Doprinos Hrvatske selja\u010dke stranke o\u010duvanju ideje hrvatske samostalnosti&nbsp;u hrvatskom iseljeni\u0161tvu od 1945. do 1990. godine i stvaranju samostalne Hrvatske<\/a><br \/>Ivan \u010cIZMI\u0106: <a href=\"https:\/\/www.vegaintro-projekti.com\/pilar-stari\/wp-content\/images\/stories\/dokumenti\/zbornici\/45\/Iseljen_knjb_191.pdf\">Prvo razdoblje suradnje Franje Tu\u0111mana s Hrvatima u SAD-u i Kanadi (1966.\u20141987.)<\/a><br \/>Gordan GRLI\u0106 RADMAN: <a href=\"https:\/\/www.vegaintro-projekti.com\/pilar-stari\/wp-content\/images\/stories\/dokumenti\/zbornici\/45\/Iseljen_knjb_203.pdf\">Doprinos hrvatskih iseljenika me\u0111unarodnom priznanju Republike Hrvatske<\/a><br \/>Gojko BORI\u0106: <a href=\"https:\/\/www.vegaintro-projekti.com\/pilar-stari\/wp-content\/images\/stories\/dokumenti\/zbornici\/45\/Iseljen_knjb_215.pdf\">Promicanje istine o Hrvatima u Saveznoj Republici Njema\u010dkoj<\/a><br \/>Tomislav \u0110URASOVI\u0106: <a href=\"https:\/\/www.vegaintro-projekti.com\/pilar-stari\/wp-content\/images\/stories\/dokumenti\/zbornici\/45\/Iseljen_knjb_223.pdf\">Aktualni trenutak u odnosima domovinske i iseljene Hrvatske<\/a><br \/>Branko BARBI\u0106: <a href=\"https:\/\/www.vegaintro-projekti.com\/pilar-stari\/wp-content\/images\/stories\/dokumenti\/zbornici\/45\/Iseljen_knjb_235.pdf\">Useljeni\u010dke politike Republike Hrvatske u njezinim zakonima i dr\u017eavnim tijelima od 1991. do danas<\/a><\/p>\n<p><strong>SUVREMENI MIGRACIJSKI PROCESI I PERSPEKTIVE<\/strong><\/p>\n<p>Bo\u017eo SKOKO: <a href=\"https:\/\/www.vegaintro-projekti.com\/pilar-stari\/wp-content\/images\/stories\/dokumenti\/zbornici\/45\/Iseljen_knjb_249.pdf\">Uloga hrvatskih iseljenika u procesima stvaranja imid\u017ea Hrvatske u svijetu<\/a><br \/>Jure VUJI\u0106: <a href=\"https:\/\/www.vegaintro-projekti.com\/pilar-stari\/wp-content\/images\/stories\/dokumenti\/zbornici\/45\/Iseljen_knjb_261.pdf\">Hrvatski identitet izme\u0111u moderne i postmoderne<\/a><br \/>Caroline HORNSTEIN TOMI\u0106: <a href=\"https:\/\/www.vegaintro-projekti.com\/pilar-stari\/wp-content\/images\/stories\/dokumenti\/zbornici\/45\/Iseljen_knjb_273.pdf\">Migration Activity from Croatia to Germany and Return Tendencies \u2014 An Account of Recent Developments<\/a><br \/>Jasna \u010cAPO: <a href=\"https:\/\/www.vegaintro-projekti.com\/pilar-stari\/wp-content\/images\/stories\/dokumenti\/zbornici\/45\/Iseljen_knjb_283.pdf\">Tu ne mo\u017ee ni\u2019ko \u017eiv imat\u2019 plan ho\u0107e li se vratit\u2019: Promjenljive artikulacije povratka u domovinu me\u0111u hrvatskim ekonomskim migrantima u Njema\u010dkoj<\/a><br \/>Walter Vori LALICH: <a href=\"https:\/\/www.vegaintro-projekti.com\/pilar-stari\/wp-content\/images\/stories\/dokumenti\/zbornici\/45\/Iseljen_knjb_291.pdf\">Post-migration Dynamics: Towards a New Configuration of a Transnational Social Space<\/a><br \/>Zvonimir MILAS, Nikolina VUKOJEVI\u0106: <a href=\"https:\/\/www.vegaintro-projekti.com\/pilar-stari\/wp-content\/images\/stories\/dokumenti\/zbornici\/45\/Iseljen_knjb_305.pdf\">Mladi povratnik na radnom tr\u017ei\u0161tu u Hrvatskoj<\/a><\/p>\n<p><a href=\"https:\/\/www.vegaintro-projekti.com\/pilar-stari\/wp-content\/images\/stories\/dokumenti\/zbornici\/45\/Iseljen_knjb_sazetci.pdf\">Sa\u017eetci radova<\/a><br \/><a href=\"https:\/\/www.vegaintro-projekti.com\/pilar-stari\/wp-content\/images\/stories\/dokumenti\/zbornici\/45\/Iseljen_knjb_autori.pdf\">O autorima<\/a><br \/><a href=\"https:\/\/www.vegaintro-projekti.com\/pilar-stari\/wp-content\/images\/stories\/dokumenti\/zbornici\/45\/Iseljen_knjb_sazetak.pdf\">Sa\u017eetak<\/a> \/ <a href=\"https:\/\/www.vegaintro-projekti.com\/pilar-stari\/wp-content\/images\/stories\/dokumenti\/zbornici\/45\/Iseljen_knjb_summ.pdf\">Summary<\/a><\/p>\n<p>&gt;&gt;&gt; <a href=\"https:\/\/www.vegaintro-projekti.com\/pilar-stari\/wp-content\/images\/stories\/dokumenti\/zbornici\/45\/Iseljen_full.pdf\">Puni tekst knjige<\/a><\/p>\n<p><a name=\"predgovor\">&nbsp;<\/a><br \/><span style=\"font-size: 12pt;\">Iz Predgovora<\/span><\/p>\n<p>Zbornik radova &#8230; obuhva\u0107a radove pripremljene za me\u0111unarodni godi\u0161nji znanstveno-stru\u010dni skup Annales Pilar, pod nazivom Hrvatsko&nbsp;iseljeni\u0161tvo i domovina: Razvojne perspektive (Zagreb i Dubrovnik, 26.-28. svibnja 2011.). Organizator doga\u0111anja bio je Institut dru\u0161tvenih&nbsp;znanosti Ivo Pilaru suradnji s Hrvatskom maticom iseljenika i pod pokroviteljstvom Hrvatske akademije znanosti i umjetnosti \u2014 Razred dru\u0161tvenih znanosti. Skup je&nbsp;odr\u017ean u sklopu obilje\u017eavanja 20. obljetnice utemeljenja i djelovanja Instituta, a odabirom teme skupa potvrdio se kontinuitet posve\u0107enosti&nbsp;Instituta istra\u017eivanju hrvatskog iseljeni\u0161tva te odnosa izme\u0111u domovinske i iseljene Hrvatske.<\/p>\n<p>Zbornik \u010dini trideset tekstova trideset troje autora. Otvaraju ga uvodni rad ravnatelja Instituta Ivo Pilar prof. dr. sc. Vlade \u0160aki\u0107a i tekstovi veleposlanika Australije te \u0160vicarske, a potom slijedi znanstveno-stru\u010dni dio u kojem su radovi razvrstani u \u010detiri tematske cjeline: Hrvatske iseljeni\u010dke zajednice u svijetu, Hrvatski jezik i kultura u iseljeni\u0161tvu, Politika i hrvatsko iseljeni\u0161tvo, te Suvremeni migracijski procesi i perspektive. Zbornik karakterizira pluralnost tema i istra\u017eiva\u010dkih pristupa, od istra\u017eiva\u010dkih radova do svjedo\u010danstava, a urednici vjeruju kako upravo ta raznolikost omogu\u0107uje cjelovitiji uvid u jedan tako slo\u017een fenomen kao \u0161to je hrvatsko iseljeni\u0161tvo.<\/p>\n<p>Naime, s obzirom na broj iseljenika u odnosu na ukupan broj stanovnika u zemlji, Hrvati imaju jednu od najbrojnijih iseljeni\u010dkih zajednica u svjetskim okvirima. To\u010dan broj ne mo\u017ee se sa sigurno\u0161\u0107u utvrditi, no prema procjenama Ministarstva vanjskih i europskih poslova u svijetu ih je danas oko tri milijuna. Pored same brojnosti iseljenika, va\u017eno je istaknuti dugotrajnost procesa iseljavanjas hrvatskih prostora, procesa koji je zapo\u010deo jo\u0161 u 15. stolje\u0107u. Unato\u010d tomu povijest iseljavanja iz hrvatskih krajeva, kao i \u017eivot hrvatskih zajednica u iseljeni\u0161tvu te njihove razvojne perspektive i odnos s domovinskom Hrvatskom, jo\u0161 uvijek nisu dovoljno istra\u017eeni. Osobito je malo studija posve\u0107eno tre\u0107oj i \u010detvrtoj generaciji iseljenika i njihovim odnosima sa suvremenom Hrvatskom. Stoga se istra\u017eiva\u0107ima u dru\u0161tveno-humanisti\u010dkim znanostima name\u0107e potreba (i obveza) daljnjeg prou\u010davanja ovih tema. Svrha je prilo\u017eenoga Zbornika (dodatno) rasvijetliti pojedina povijesna i suvremena obilje\u017eja hrvatskog iseljeni\u0161tva&#8230;<\/p>\n<p><em>Urednici<\/em><\/p>\n<p>&gt;&gt;&gt; <a href=\"https:\/\/www.vegaintro-projekti.com\/pilar-stari\/2011\/06\/annales-pilar-2011-meunarodni-skup-hrvatsko-iseljenitvo-i-domovina\/\">ANNALES PILAR 2011. \u2013 Me\u0111unarodni skup: HRVATSKO ISELJENI\u0160TVO I DOMOVINA: RAZVOJNE PERSPEKTIVE, Zagreb, 26. i 27. svibnja 2011. i&nbsp;Dubrovnik, 28. svibnja 2011.<\/a><\/p>\n<p>&gt;&gt;&gt; <a href=\"https:\/\/www.vegaintro-projekti.com\/pilar-stari\/2014\/06\/pocinje-hrvatski-iseljenicki-kongres-23-26-6-2014\/\">HRVATSKI ISELJENI\u010cKI KONGRES, 23.-26. 6. 2014.<\/a><\/p>\n<p><\/p>\n","protected":false},"excerpt":{"rendered":"<p>Zbornik HRVATSKO ISELJENI\u0160TVO I DOMOVINA: RAZVOJNE PERSPEKTIVE, objavljen lipnja 2014. kao 44. knjiga Biblioteke Zbornici Instituta Ivo Pilar,&nbsp;obuhva\u0107a radove pripremljene za me\u0111unarodni godi\u0161nji znanstveno-stru\u010dni skup ANNALES PILAR &#8220;Hrvatsko iseljeni\u0161tvo i domovina: Razvojne&nbsp;perspektive&#8221; odr\u017ean u Zagrebu i Dubrovniku 26.-28. svibnja 2011. Zbornik \u010dini trideset tekstova trideset troje autora, a karakterizira ga pluralnost tema i istra\u017eiva\u010dkih pristupa,&hellip; <a class=\"continue\" href=\"https:\/\/www.vegaintro-projekti.com\/pilar-stari\/2014\/10\/zbornik-hrvatsko-iseljenistvo-i-domovina\/\">Pro\u010ditaj vi\u0161e o<span> Zbornik HRVATSKO ISELJENI\u0160TVO I DOMOVINA<\/span><\/a><\/p>\n","protected":false},"author":1,"featured_media":0,"comment_status":"open","ping_status":"open","sticky":false,"template":"","format":"standard","meta":{"inline_featured_image":false,"ngg_post_thumbnail":0,"footnotes":""},"categories":[21],"tags":[],"yoast_head":"<!-- This site is optimized with the Yoast SEO plugin v21.2 - https:\/\/yoast.com\/wordpress\/plugins\/seo\/ -->\n<title>Zbornik HRVATSKO ISELJENI\u0160TVO I DOMOVINA - Institut dru&scaron;tvenih znanosti Ivo Pilar<\/title>\n<meta name=\"robots\" content=\"noindex, follow, max-snippet:-1, max-image-preview:large, max-video-preview:-1\" \/>\n<meta property=\"og:locale\" content=\"hr_HR\" \/>\n<meta property=\"og:type\" content=\"article\" \/>\n<meta property=\"og:title\" content=\"Zbornik HRVATSKO ISELJENI\u0160TVO I DOMOVINA - Institut dru&scaron;tvenih znanosti Ivo Pilar\" \/>\n<meta property=\"og:description\" content=\"Zbornik HRVATSKO ISELJENI\u0160TVO I DOMOVINA: RAZVOJNE PERSPEKTIVE, objavljen lipnja 2014. kao 44. knjiga Biblioteke Zbornici Instituta Ivo Pilar,&nbsp;obuhva\u0107a radove pripremljene za me\u0111unarodni godi\u0161nji znanstveno-stru\u010dni skup ANNALES PILAR &#8220;Hrvatsko iseljeni\u0161tvo i domovina: Razvojne&nbsp;perspektive&#8221; odr\u017ean u Zagrebu i Dubrovniku 26.-28. svibnja 2011. Zbornik \u010dini trideset tekstova trideset troje autora, a karakterizira ga pluralnost tema i istra\u017eiva\u010dkih pristupa,&hellip; Pro\u010ditaj vi\u0161e o Zbornik HRVATSKO ISELJENI\u0160TVO I DOMOVINA\" \/>\n<meta property=\"og:url\" content=\"https:\/\/www.vegaintro-projekti.com\/pilar-stari\/2014\/10\/zbornik-hrvatsko-iseljenistvo-i-domovina\/\" \/>\n<meta property=\"og:site_name\" content=\"Institut dru&scaron;tvenih znanosti Ivo Pilar\" \/>\n<meta property=\"article:published_time\" content=\"2014-10-26T11:34:33+00:00\" \/>\n<meta property=\"article:modified_time\" content=\"2017-12-05T10:18:42+00:00\" \/>\n<meta property=\"og:image\" content=\"https:\/\/www.vegaintro-projekti.com\/pilar-stari\/wp-content\/images\/stories\/fotografije\/publikacije\/naslovnice\/small\/Iseljen_nasl.jpg\" \/>\n<meta name=\"author\" content=\"pilar-admin\" \/>\n<meta name=\"twitter:card\" content=\"summary_large_image\" \/>\n<meta name=\"twitter:label1\" content=\"Napisao\/la\" \/>\n\t<meta name=\"twitter:data1\" content=\"pilar-admin\" \/>\n\t<meta name=\"twitter:label2\" content=\"Procijenjeno vrijeme \u010ditanja\" \/>\n\t<meta name=\"twitter:data2\" content=\"5 minuta\" \/>\n<script type=\"application\/ld+json\" class=\"yoast-schema-graph\">{\"@context\":\"https:\/\/schema.org\",\"@graph\":[{\"@type\":\"WebPage\",\"@id\":\"https:\/\/www.vegaintro-projekti.com\/pilar-stari\/2014\/10\/zbornik-hrvatsko-iseljenistvo-i-domovina\/\",\"url\":\"https:\/\/www.vegaintro-projekti.com\/pilar-stari\/2014\/10\/zbornik-hrvatsko-iseljenistvo-i-domovina\/\",\"name\":\"Zbornik HRVATSKO ISELJENI\u0160TVO I DOMOVINA - Institut dru&scaron;tvenih znanosti Ivo Pilar\",\"isPartOf\":{\"@id\":\"https:\/\/www.vegaintro-projekti.com\/pilar-stari\/#website\"},\"datePublished\":\"2014-10-26T11:34:33+00:00\",\"dateModified\":\"2017-12-05T10:18:42+00:00\",\"author\":{\"@id\":\"https:\/\/www.vegaintro-projekti.com\/pilar-stari\/#\/schema\/person\/c0db50ebd77c4409e19b18044bbf10c1\"},\"breadcrumb\":{\"@id\":\"https:\/\/www.vegaintro-projekti.com\/pilar-stari\/2014\/10\/zbornik-hrvatsko-iseljenistvo-i-domovina\/#breadcrumb\"},\"inLanguage\":\"hr\",\"potentialAction\":[{\"@type\":\"ReadAction\",\"target\":[\"https:\/\/www.vegaintro-projekti.com\/pilar-stari\/2014\/10\/zbornik-hrvatsko-iseljenistvo-i-domovina\/\"]}]},{\"@type\":\"BreadcrumbList\",\"@id\":\"https:\/\/www.vegaintro-projekti.com\/pilar-stari\/2014\/10\/zbornik-hrvatsko-iseljenistvo-i-domovina\/#breadcrumb\",\"itemListElement\":[{\"@type\":\"ListItem\",\"position\":1,\"name\":\"Home\",\"item\":\"https:\/\/www.vegaintro-projekti.com\/pilar-stari\/\"},{\"@type\":\"ListItem\",\"position\":2,\"name\":\"Zbornik HRVATSKO ISELJENI\u0160TVO I DOMOVINA\"}]},{\"@type\":\"WebSite\",\"@id\":\"https:\/\/www.vegaintro-projekti.com\/pilar-stari\/#website\",\"url\":\"https:\/\/www.vegaintro-projekti.com\/pilar-stari\/\",\"name\":\"Institut dru&scaron;tvenih znanosti Ivo Pilar\",\"description\":\"Pilar\",\"potentialAction\":[{\"@type\":\"SearchAction\",\"target\":{\"@type\":\"EntryPoint\",\"urlTemplate\":\"https:\/\/www.vegaintro-projekti.com\/pilar-stari\/?s={search_term_string}\"},\"query-input\":\"required name=search_term_string\"}],\"inLanguage\":\"hr\"},{\"@type\":\"Person\",\"@id\":\"https:\/\/www.vegaintro-projekti.com\/pilar-stari\/#\/schema\/person\/c0db50ebd77c4409e19b18044bbf10c1\",\"name\":\"pilar-admin\",\"image\":{\"@type\":\"ImageObject\",\"inLanguage\":\"hr\",\"@id\":\"https:\/\/www.vegaintro-projekti.com\/pilar-stari\/#\/schema\/person\/image\/\",\"url\":\"https:\/\/secure.gravatar.com\/avatar\/fac9e03c4db0011b9c1ad8b5e9c74b8c?s=96&d=mm&r=g\",\"contentUrl\":\"https:\/\/secure.gravatar.com\/avatar\/fac9e03c4db0011b9c1ad8b5e9c74b8c?s=96&d=mm&r=g\",\"caption\":\"pilar-admin\"},\"url\":\"https:\/\/www.vegaintro-projekti.com\/pilar-stari\/author\/pilar-admin\/\"}]}<\/script>\n<!-- \/ Yoast SEO plugin. -->","yoast_head_json":{"title":"Zbornik HRVATSKO ISELJENI\u0160TVO I DOMOVINA - Institut dru&scaron;tvenih znanosti Ivo Pilar","robots":{"index":"noindex","follow":"follow","max-snippet":"max-snippet:-1","max-image-preview":"max-image-preview:large","max-video-preview":"max-video-preview:-1"},"og_locale":"hr_HR","og_type":"article","og_title":"Zbornik HRVATSKO ISELJENI\u0160TVO I DOMOVINA - Institut dru&scaron;tvenih znanosti Ivo Pilar","og_description":"Zbornik HRVATSKO ISELJENI\u0160TVO I DOMOVINA: RAZVOJNE PERSPEKTIVE, objavljen lipnja 2014. kao 44. knjiga Biblioteke Zbornici Instituta Ivo Pilar,&nbsp;obuhva\u0107a radove pripremljene za me\u0111unarodni godi\u0161nji znanstveno-stru\u010dni skup ANNALES PILAR &#8220;Hrvatsko iseljeni\u0161tvo i domovina: Razvojne&nbsp;perspektive&#8221; odr\u017ean u Zagrebu i Dubrovniku 26.-28. svibnja 2011. Zbornik \u010dini trideset tekstova trideset troje autora, a karakterizira ga pluralnost tema i istra\u017eiva\u010dkih pristupa,&hellip; Pro\u010ditaj vi\u0161e o Zbornik HRVATSKO ISELJENI\u0160TVO I DOMOVINA","og_url":"https:\/\/www.vegaintro-projekti.com\/pilar-stari\/2014\/10\/zbornik-hrvatsko-iseljenistvo-i-domovina\/","og_site_name":"Institut dru&scaron;tvenih znanosti Ivo Pilar","article_published_time":"2014-10-26T11:34:33+00:00","article_modified_time":"2017-12-05T10:18:42+00:00","og_image":[{"url":"https:\/\/www.vegaintro-projekti.com\/pilar-stari\/wp-content\/images\/stories\/fotografije\/publikacije\/naslovnice\/small\/Iseljen_nasl.jpg"}],"author":"pilar-admin","twitter_card":"summary_large_image","twitter_misc":{"Napisao\/la":"pilar-admin","Procijenjeno vrijeme \u010ditanja":"5 minuta"},"schema":{"@context":"https:\/\/schema.org","@graph":[{"@type":"WebPage","@id":"https:\/\/www.vegaintro-projekti.com\/pilar-stari\/2014\/10\/zbornik-hrvatsko-iseljenistvo-i-domovina\/","url":"https:\/\/www.vegaintro-projekti.com\/pilar-stari\/2014\/10\/zbornik-hrvatsko-iseljenistvo-i-domovina\/","name":"Zbornik HRVATSKO ISELJENI\u0160TVO I DOMOVINA - Institut dru&scaron;tvenih znanosti Ivo Pilar","isPartOf":{"@id":"https:\/\/www.vegaintro-projekti.com\/pilar-stari\/#website"},"datePublished":"2014-10-26T11:34:33+00:00","dateModified":"2017-12-05T10:18:42+00:00","author":{"@id":"https:\/\/www.vegaintro-projekti.com\/pilar-stari\/#\/schema\/person\/c0db50ebd77c4409e19b18044bbf10c1"},"breadcrumb":{"@id":"https:\/\/www.vegaintro-projekti.com\/pilar-stari\/2014\/10\/zbornik-hrvatsko-iseljenistvo-i-domovina\/#breadcrumb"},"inLanguage":"hr","potentialAction":[{"@type":"ReadAction","target":["https:\/\/www.vegaintro-projekti.com\/pilar-stari\/2014\/10\/zbornik-hrvatsko-iseljenistvo-i-domovina\/"]}]},{"@type":"BreadcrumbList","@id":"https:\/\/www.vegaintro-projekti.com\/pilar-stari\/2014\/10\/zbornik-hrvatsko-iseljenistvo-i-domovina\/#breadcrumb","itemListElement":[{"@type":"ListItem","position":1,"name":"Home","item":"https:\/\/www.vegaintro-projekti.com\/pilar-stari\/"},{"@type":"ListItem","position":2,"name":"Zbornik HRVATSKO ISELJENI\u0160TVO I DOMOVINA"}]},{"@type":"WebSite","@id":"https:\/\/www.vegaintro-projekti.com\/pilar-stari\/#website","url":"https:\/\/www.vegaintro-projekti.com\/pilar-stari\/","name":"Institut dru&scaron;tvenih znanosti Ivo Pilar","description":"Pilar","potentialAction":[{"@type":"SearchAction","target":{"@type":"EntryPoint","urlTemplate":"https:\/\/www.vegaintro-projekti.com\/pilar-stari\/?s={search_term_string}"},"query-input":"required name=search_term_string"}],"inLanguage":"hr"},{"@type":"Person","@id":"https:\/\/www.vegaintro-projekti.com\/pilar-stari\/#\/schema\/person\/c0db50ebd77c4409e19b18044bbf10c1","name":"pilar-admin","image":{"@type":"ImageObject","inLanguage":"hr","@id":"https:\/\/www.vegaintro-projekti.com\/pilar-stari\/#\/schema\/person\/image\/","url":"https:\/\/secure.gravatar.com\/avatar\/fac9e03c4db0011b9c1ad8b5e9c74b8c?s=96&d=mm&r=g","contentUrl":"https:\/\/secure.gravatar.com\/avatar\/fac9e03c4db0011b9c1ad8b5e9c74b8c?s=96&d=mm&r=g","caption":"pilar-admin"},"url":"https:\/\/www.vegaintro-projekti.com\/pilar-stari\/author\/pilar-admin\/"}]}},"_links":{"self":[{"href":"https:\/\/www.vegaintro-projekti.com\/pilar-stari\/wp-json\/wp\/v2\/posts\/690"}],"collection":[{"href":"https:\/\/www.vegaintro-projekti.com\/pilar-stari\/wp-json\/wp\/v2\/posts"}],"about":[{"href":"https:\/\/www.vegaintro-projekti.com\/pilar-stari\/wp-json\/wp\/v2\/types\/post"}],"author":[{"embeddable":true,"href":"https:\/\/www.vegaintro-projekti.com\/pilar-stari\/wp-json\/wp\/v2\/users\/1"}],"replies":[{"embeddable":true,"href":"https:\/\/www.vegaintro-projekti.com\/pilar-stari\/wp-json\/wp\/v2\/comments?post=690"}],"version-history":[{"count":4,"href":"https:\/\/www.vegaintro-projekti.com\/pilar-stari\/wp-json\/wp\/v2\/posts\/690\/revisions"}],"predecessor-version":[{"id":5445,"href":"https:\/\/www.vegaintro-projekti.com\/pilar-stari\/wp-json\/wp\/v2\/posts\/690\/revisions\/5445"}],"wp:attachment":[{"href":"https:\/\/www.vegaintro-projekti.com\/pilar-stari\/wp-json\/wp\/v2\/media?parent=690"}],"wp:term":[{"taxonomy":"category","embeddable":true,"href":"https:\/\/www.vegaintro-projekti.com\/pilar-stari\/wp-json\/wp\/v2\/categories?post=690"},{"taxonomy":"post_tag","embeddable":true,"href":"https:\/\/www.vegaintro-projekti.com\/pilar-stari\/wp-json\/wp\/v2\/tags?post=690"}],"curies":[{"name":"wp","href":"https:\/\/api.w.org\/{rel}","templated":true}]}}