{"id":693,"date":"2014-10-29T09:23:50","date_gmt":"2014-10-29T09:23:50","guid":{"rendered":"https:\/\/www.vegaintro-projekti.com\/pilar-stari\/2014\/10\/29\/17-znanstveno-strucni-skup-vukovar-91-23-godina-poslije-13-14-11-2014\/"},"modified":"2017-12-08T13:33:27","modified_gmt":"2017-12-08T13:33:27","slug":"17-znanstveno-strucni-skup-vukovar-91-23-godina-poslije-13-14-11-2014","status":"publish","type":"post","link":"https:\/\/www.vegaintro-projekti.com\/pilar-stari\/2014\/10\/17-znanstveno-strucni-skup-vukovar-91-23-godina-poslije-13-14-11-2014\/","title":{"rendered":"17. &#8220;VUKOVAR  \u201891. \u2013 23. godina poslije&#8221;, 13.-14. 11. 2014."},"content":{"rendered":"<p><strong>U prigodi obilje\u017eavanja 18. studenoga \u2013 Dana sje\u0107anja na \u017ertvu Vukovara 1991. godine, Institut dru\u0161tvenih znanosti Ivo Pilar iz Zagreba i Podru\u010dni centar Instituta&nbsp; Pilar iz Vukovara organizirali su tradicionalni 17. znanstveno-stru\u010dni skup: &#8220;Vukovar&nbsp; &#8217;91. \u2013 dvadeset i tre\u0107a godina poslije&#8221;, koji se odr\u017eao u Vukovaru 13. i 14. studenoga 2014. na temu: \u0160TO JE VUKOVAR HRVATSKOJ I EUROPI? \u2013 <a href=\"https:\/\/www.vegaintro-projekti.com\/pilar-stari\/wp-content\/images\/stories\/dokumenti\/podrucni\/vukovar\/17Vu91\/Pozivnica.pdf\">Pozivnica<\/a> \/ <a href=\"https:\/\/www.vegaintro-projekti.com\/pilar-stari\/wp-content\/images\/stories\/dokumenti\/podrucni\/vukovar\/17Vu91\/Program.pdf\">Program skupa<\/a> \/ <a href=\"https:\/\/www.vegaintro-projekti.com\/pilar-stari\/wp-content\/images\/stories\/dokumenti\/podrucni\/vukovar\/17Vu91\/Knjiga_sazetaka.pdf\">Knjiga sa\u017eetaka<\/a> \/ <a href=\"#skup\">Uz skup<\/a>&nbsp;\/&nbsp;<a href=\"https:\/\/www.vegaintro-projekti.com\/pilar-stari\/2014\/11\/institut-u-programu-dana-sjecanja-na-zrtvu-vukovara-1991-2014\/\">Institut u programu DANA SJE\u0106ANJA NA \u017dRTVU VUKOVARA 1991.-2014.<\/a><\/strong><\/p>\n<table border=\"0\">\n<tbody>\n<tr>\n<td><img decoding=\"async\" loading=\"lazy\" src=\"https:\/\/www.vegaintro-projekti.com\/pilar-stari\/wp-content\/images\/stories\/fotografije\/podrucni\/vukovar\/17Vu91\/1_DSC_1578_s.JPG\" alt=\"1 DSC 1578 s\" width=\"211\" height=\"317\" \/><\/td>\n<td><img decoding=\"async\" loading=\"lazy\" src=\"https:\/\/www.vegaintro-projekti.com\/pilar-stari\/wp-content\/images\/stories\/fotografije\/podrucni\/vukovar\/17Vu91\/2_DSC_1565_s.JPG\" alt=\"2 DSC 1565 s\" width=\"211\" height=\"317\" \/><\/td>\n<td><img decoding=\"async\" loading=\"lazy\" src=\"https:\/\/www.vegaintro-projekti.com\/pilar-stari\/wp-content\/images\/stories\/fotografije\/podrucni\/vukovar\/17Vu91\/3_DSC_1574_s.JPG\" alt=\"3 DSC 1574 s\" width=\"211\" height=\"317\" \/><\/td>\n<\/tr>\n<\/tbody>\n<\/table>\n<table border=\"0\">\n<tbody>\n<tr>\n<td><img decoding=\"async\" loading=\"lazy\" src=\"https:\/\/www.vegaintro-projekti.com\/pilar-stari\/wp-content\/images\/stories\/fotografije\/podrucni\/vukovar\/17Vu91\/0_DSC_1568_s.JPG\" alt=\"0 DSC 1568 s\" width=\"640\" height=\"426\" \/><\/td>\n<\/tr>\n<\/tbody>\n<\/table>\n<p><span style=\"font-size: 8pt;\"><strong>17. znanstveno-stru\u010dni skup: &#8220;Vukovar&nbsp; &#8217;91. \u2013 dvadeset i tre\u0107a godina poslije&#8221;<strong style=\"font-size: 11px;\">;&nbsp;<\/strong>Vukovar, 13. i 14. studenoga 2014.&nbsp;<\/strong><\/span><\/p>\n<p>&#8211;&nbsp;<strong>FOTOGALERIJA:<\/strong>&nbsp;<a href=\"https:\/\/www.vegaintro-projekti.com\/pilar-stari\/fotogalerija\/dani-sjecanja-na-zrtvu-vukovara-1991-2014\/\">Institut u programu DANA SJE\u0106ANJA NA \u017dRTVU VUKOVARA 1991.-2014.<\/a><\/p>\n<p>\u2013&nbsp;<a href=\"https:\/\/www.vegaintro-projekti.com\/pilar-stari\/wp-content\/images\/stories\/dokumenti\/podrucni\/vukovar\/17Vu91\/Pozivnica.pdf\">Pozivnica<\/a>&nbsp;\/&nbsp;<a href=\"https:\/\/www.vegaintro-projekti.com\/pilar-stari\/wp-content\/images\/stories\/dokumenti\/podrucni\/vukovar\/17Vu91\/Program.pdf\">Program skupa<\/a>&nbsp;\/&nbsp;<a href=\"https:\/\/www.vegaintro-projekti.com\/pilar-stari\/wp-content\/images\/stories\/dokumenti\/podrucni\/vukovar\/17Vu91\/Knjiga_sazetaka.pdf\">Knjiga sa\u017eetaka<\/a><\/p>\n<p><a href=\"https:\/\/www.vegaintro-projekti.com\/pilar-stari\/wp-content\/images\/stories\/dokumenti\/podrucni\/vukovar\/17Vu91\/Pozivnica.pdf\"><img decoding=\"async\" loading=\"lazy\" src=\"https:\/\/www.vegaintro-projekti.com\/pilar-stari\/wp-content\/images\/stories\/fotografije\/podrucni\/vukovar\/17Vu91\/Naslovnica.jpg\" alt=\"Naslovnica\" width=\"640\" height=\"451\" \/><\/a><\/p>\n<p>&#8211;&nbsp;<strong><a href=\"https:\/\/www.vegaintro-projekti.com\/pilar-stari\/2014\/11\/institut-u-programu-dana-sjecanja-na-zrtvu-vukovara-1991-2014\/\">Institut u programu DANA SJE\u0106ANJA NA \u017dRTVU VUKOVARA 1991.-2014.<\/a><br \/><\/strong><br \/><a name=\"skup\">&nbsp;<\/a><br \/><span style=\"font-size: 12pt;\">Uz skup<\/span><\/p>\n<p>Fenomen <em>Vukovar &#8217;91.<\/em>, kao i&nbsp;<em>Vukovarska paradigma<\/em>, na simboli\u010dkoj i stvarnoj razini zauzimaju istaknuto mjesto u povijesti moderne hrvatske dr\u017eave, s bitnim utjecajem na formiranje hrvatskog kulturnog, socijalnog i nacionalnog identiteta, ali i na razvijanje slo\u017eenih odnosa u hrvatskom dru\u0161tvu, s jakim odjecima prema me\u0111unarodnoj zajednici. Istodobno, Vukovar je mjesto po\u010dinjenja brojnih ratnih zlo\u010dina i zlo\u010dina protiv \u010dovje\u010dnosti s vi\u0161e nego vidljivim obrisima genocida i\/ili genocidnih praksi. Stoga je Vukovar &#8217;91. sna\u017eno i nezaobilazno sje\u0107anje pro\u0161losti, okvir sada\u0161njosti, ali i izazov budu\u0107nosti. Vukovar &#8217;91. opominje, ali i nadahnjuje na svojoj eti\u010dkoj dimenziji, sebedarju, humanosti i neosvetoljubivosti. No, Vukovar &#8217;91. tra\u017ei cjelovitu istinu i na njoj utemeljenu pravdu, pravdu koja je temelj mira i povjerenja te vrelo budu\u0107nosti. Teme do sada organiziranih skupova svjedo\u010de upravo o tim nastojanjima Instituta Pilar i brojnih hrvatskih i inozemnih znanstvenika, stru\u010dnjaka i neposrednih sudionika ratnih i poratnih zbivanja u Vukovaru i Hrvatskoj koji su sudjelovali na njima \u2013 &#8220;Vukovar &#8217;91. \u2013 genocid i memoricidna ba\u0161tina Europske Unije&#8221; (2013.), &#8220;Vukovar &#8217;91. \u2013 istina i\/ili osporavanje (izme\u0111u znanosti i manipulacije)&#8221; (2012.), &#8220;Dva desetlje\u0107a hrvatskoga pam\u0107enja i razvoja&#8221; (2011.), &#8220;Victor Quia Victima \u2013 Nada za Hrvatsku&#8221; (2010.), &#8220;Vukovarska bitka \u2013 Bitka za Hrvatsku&#8221; (2009.), &#8220;Mirna reintegracija Hrvatskoga Podunavlja: o\u010dekivanja, u\u010dinci, perspektive (1996. \u2013 1998. \u2013 2008.)&#8221; (2008.), &#8220;Demografski i sociokulturni kontekst Hrvatskoga domovinskog rata&#8221; (2007.), &#8220;Vukovar \u2013 hrvatska ba\u0161tina i perspektive razvoja&#8221; (2006.), &#8220;Ha\u0161ki sud \u2013 djelovanje Me\u0111unarodnoga kaznenog suda za biv\u0161u Jugoslaviju&#8221; (2005.), &#8220;Hrvatske osloboditeljske akcije \u2013 \u010dinjenice i predrasude&#8221; (2004.),&#8230; &#8220;Ljudska prava i logora\u0161ka iskustva&#8221; (2002.), &#8220;Me\u0111unarodni odjeci Vukovara &#8217;91.&#8221; (2001.), &#8220;Vukovar \u2013 Hrvatska \u2013 svijet&#8221; (2000.),&#8230; &#8220;Vukovar &#8217;91. \u2013 zna\u010denje i identitet&#8221; (1998.).<\/p>\n<p>U potonjem je kontekstu, imaju\u0107i u vidu me\u0111uodnos i suodnos vukovarskog ratnog i poratnog iskustva\/ku\u0161nje i europskih perspektiva Hrvatske kao mlade \u010dlanice Europske Unije, va\u017eno i dalje promi\u0161ljati teme poput: tranzicijska <em>pravda, politike \u017ealjenja, osvije\u0161\u0107ena povijest, vukovarsko iskustvo genocida\/genocidnih praksi, kulturocida i memoricida, korijeni i pamtitelji genocida, reritualizacija zla, vukovarsko mirotvorstvo, Vukovar: hrvatska i europska kulturna metropola i\/ili hrvatski i europski <\/em><em>grad 21. stolje\u0107a<\/em>.<\/p>\n<p>Ovogodi\u0161nji skup okupio je petnaest sudionika, uglednih znanstvenika i stru\u010dnjaka koji \u0107e u dvanaest priop\u0107enja tematizirati ulogu, polo\u017eaj i dalekose\u017eno zna\u010denje Vukovara &#8217;91. u hrvatskom, ali i u europskom kontekstu. Time \u0107emo produbiti znanje o dru\u0161tvenim, politi\u010dkim, demografskim, me\u0111unarodnim, pravnim, teorijskim i drugim aspektima va\u017enim za cjelovito i objektivno vrednovanje vukovarskog fenomena i paradigme.<\/p>\n<p>&gt;&gt;&gt;&nbsp;<strong><a href=\"https:\/\/www.vegaintro-projekti.com\/pilar-stari\/2014\/11\/institut-u-programu-dana-sjecanja-na-zrtvu-vukovara-1991-2014\/\">Institut u programu DANA SJE\u0106ANJA NA \u017dRTVU VUKOVARA 1991.-2014.<\/a><\/strong><\/p>\n<p>&gt;&gt;&gt; <a href=\"https:\/\/www.vegaintro-projekti.com\/pilar-stari\/2008\/10\/podruni-centar-vukovar\/\">PODRU\u010cNI CENTAR VUKOVAR<\/a><\/p>\n<p><\/p>\n","protected":false},"excerpt":{"rendered":"<p>U prigodi obilje\u017eavanja 18. studenoga \u2013 Dana sje\u0107anja na \u017ertvu Vukovara 1991. godine, Institut dru\u0161tvenih znanosti Ivo Pilar iz Zagreba i Podru\u010dni centar Instituta&nbsp; Pilar iz Vukovara organizirali su tradicionalni 17. znanstveno-stru\u010dni skup: &#8220;Vukovar&nbsp; &#8217;91. \u2013 dvadeset i tre\u0107a godina poslije&#8221;, koji se odr\u017eao u Vukovaru 13. i 14. studenoga 2014. na temu: \u0160TO JE&hellip; <a class=\"continue\" href=\"https:\/\/www.vegaintro-projekti.com\/pilar-stari\/2014\/10\/17-znanstveno-strucni-skup-vukovar-91-23-godina-poslije-13-14-11-2014\/\">Pro\u010ditaj vi\u0161e o<span> 17. &#8220;VUKOVAR  \u201891. \u2013 23. godina poslije&#8221;, 13.-14. 11. 2014.<\/span><\/a><\/p>\n","protected":false},"author":1,"featured_media":0,"comment_status":"open","ping_status":"open","sticky":false,"template":"","format":"standard","meta":{"inline_featured_image":false,"ngg_post_thumbnail":0,"footnotes":""},"categories":[11],"tags":[],"yoast_head":"<!-- This site is optimized with the Yoast SEO plugin v21.2 - https:\/\/yoast.com\/wordpress\/plugins\/seo\/ -->\n<title>17. &quot;VUKOVAR \u201891. \u2013 23. godina poslije&quot;, 13.-14. 11. 2014. - Institut dru&scaron;tvenih znanosti Ivo Pilar<\/title>\n<meta name=\"robots\" content=\"noindex, follow, max-snippet:-1, max-image-preview:large, max-video-preview:-1\" \/>\n<meta property=\"og:locale\" content=\"hr_HR\" \/>\n<meta property=\"og:type\" content=\"article\" \/>\n<meta property=\"og:title\" content=\"17. &quot;VUKOVAR \u201891. \u2013 23. godina poslije&quot;, 13.-14. 11. 2014. - Institut dru&scaron;tvenih znanosti Ivo Pilar\" \/>\n<meta property=\"og:description\" content=\"U prigodi obilje\u017eavanja 18. studenoga \u2013 Dana sje\u0107anja na \u017ertvu Vukovara 1991. godine, Institut dru\u0161tvenih znanosti Ivo Pilar iz Zagreba i Podru\u010dni centar Instituta&nbsp; Pilar iz Vukovara organizirali su tradicionalni 17. znanstveno-stru\u010dni skup: &#8220;Vukovar&nbsp; &#8217;91. \u2013 dvadeset i tre\u0107a godina poslije&#8221;, koji se odr\u017eao u Vukovaru 13. i 14. studenoga 2014. na temu: \u0160TO JE&hellip; Pro\u010ditaj vi\u0161e o 17. &#8220;VUKOVAR \u201891. \u2013 23. godina poslije&#8221;, 13.-14. 11. 2014.\" \/>\n<meta property=\"og:url\" content=\"https:\/\/www.vegaintro-projekti.com\/pilar-stari\/2014\/10\/17-znanstveno-strucni-skup-vukovar-91-23-godina-poslije-13-14-11-2014\/\" \/>\n<meta property=\"og:site_name\" content=\"Institut dru&scaron;tvenih znanosti Ivo Pilar\" \/>\n<meta property=\"article:published_time\" content=\"2014-10-29T09:23:50+00:00\" \/>\n<meta property=\"article:modified_time\" content=\"2017-12-08T13:33:27+00:00\" \/>\n<meta property=\"og:image\" content=\"https:\/\/www.vegaintro-projekti.com\/pilar-stari\/wp-content\/images\/stories\/fotografije\/podrucni\/vukovar\/17Vu91\/1_DSC_1578_s.JPG\" \/>\n<meta name=\"author\" content=\"pilar-admin\" \/>\n<meta name=\"twitter:card\" content=\"summary_large_image\" \/>\n<meta name=\"twitter:label1\" content=\"Napisao\/la\" \/>\n\t<meta name=\"twitter:data1\" content=\"pilar-admin\" \/>\n\t<meta name=\"twitter:label2\" content=\"Procijenjeno vrijeme \u010ditanja\" \/>\n\t<meta name=\"twitter:data2\" content=\"3 minute\" \/>\n<script type=\"application\/ld+json\" class=\"yoast-schema-graph\">{\"@context\":\"https:\/\/schema.org\",\"@graph\":[{\"@type\":\"WebPage\",\"@id\":\"https:\/\/www.vegaintro-projekti.com\/pilar-stari\/2014\/10\/17-znanstveno-strucni-skup-vukovar-91-23-godina-poslije-13-14-11-2014\/\",\"url\":\"https:\/\/www.vegaintro-projekti.com\/pilar-stari\/2014\/10\/17-znanstveno-strucni-skup-vukovar-91-23-godina-poslije-13-14-11-2014\/\",\"name\":\"17. \\\"VUKOVAR \u201891. \u2013 23. godina poslije\\\", 13.-14. 11. 2014. - Institut dru&scaron;tvenih znanosti Ivo Pilar\",\"isPartOf\":{\"@id\":\"https:\/\/www.vegaintro-projekti.com\/pilar-stari\/#website\"},\"datePublished\":\"2014-10-29T09:23:50+00:00\",\"dateModified\":\"2017-12-08T13:33:27+00:00\",\"author\":{\"@id\":\"https:\/\/www.vegaintro-projekti.com\/pilar-stari\/#\/schema\/person\/c0db50ebd77c4409e19b18044bbf10c1\"},\"breadcrumb\":{\"@id\":\"https:\/\/www.vegaintro-projekti.com\/pilar-stari\/2014\/10\/17-znanstveno-strucni-skup-vukovar-91-23-godina-poslije-13-14-11-2014\/#breadcrumb\"},\"inLanguage\":\"hr\",\"potentialAction\":[{\"@type\":\"ReadAction\",\"target\":[\"https:\/\/www.vegaintro-projekti.com\/pilar-stari\/2014\/10\/17-znanstveno-strucni-skup-vukovar-91-23-godina-poslije-13-14-11-2014\/\"]}]},{\"@type\":\"BreadcrumbList\",\"@id\":\"https:\/\/www.vegaintro-projekti.com\/pilar-stari\/2014\/10\/17-znanstveno-strucni-skup-vukovar-91-23-godina-poslije-13-14-11-2014\/#breadcrumb\",\"itemListElement\":[{\"@type\":\"ListItem\",\"position\":1,\"name\":\"Home\",\"item\":\"https:\/\/www.vegaintro-projekti.com\/pilar-stari\/\"},{\"@type\":\"ListItem\",\"position\":2,\"name\":\"17. &#8220;VUKOVAR \u201891. \u2013 23. godina poslije&#8221;, 13.-14. 11. 2014.\"}]},{\"@type\":\"WebSite\",\"@id\":\"https:\/\/www.vegaintro-projekti.com\/pilar-stari\/#website\",\"url\":\"https:\/\/www.vegaintro-projekti.com\/pilar-stari\/\",\"name\":\"Institut dru&scaron;tvenih znanosti Ivo Pilar\",\"description\":\"Pilar\",\"potentialAction\":[{\"@type\":\"SearchAction\",\"target\":{\"@type\":\"EntryPoint\",\"urlTemplate\":\"https:\/\/www.vegaintro-projekti.com\/pilar-stari\/?s={search_term_string}\"},\"query-input\":\"required name=search_term_string\"}],\"inLanguage\":\"hr\"},{\"@type\":\"Person\",\"@id\":\"https:\/\/www.vegaintro-projekti.com\/pilar-stari\/#\/schema\/person\/c0db50ebd77c4409e19b18044bbf10c1\",\"name\":\"pilar-admin\",\"image\":{\"@type\":\"ImageObject\",\"inLanguage\":\"hr\",\"@id\":\"https:\/\/www.vegaintro-projekti.com\/pilar-stari\/#\/schema\/person\/image\/\",\"url\":\"https:\/\/secure.gravatar.com\/avatar\/fac9e03c4db0011b9c1ad8b5e9c74b8c?s=96&d=mm&r=g\",\"contentUrl\":\"https:\/\/secure.gravatar.com\/avatar\/fac9e03c4db0011b9c1ad8b5e9c74b8c?s=96&d=mm&r=g\",\"caption\":\"pilar-admin\"},\"url\":\"https:\/\/www.vegaintro-projekti.com\/pilar-stari\/author\/pilar-admin\/\"}]}<\/script>\n<!-- \/ Yoast SEO plugin. -->","yoast_head_json":{"title":"17. \"VUKOVAR \u201891. \u2013 23. godina poslije\", 13.-14. 11. 2014. - Institut dru&scaron;tvenih znanosti Ivo Pilar","robots":{"index":"noindex","follow":"follow","max-snippet":"max-snippet:-1","max-image-preview":"max-image-preview:large","max-video-preview":"max-video-preview:-1"},"og_locale":"hr_HR","og_type":"article","og_title":"17. \"VUKOVAR \u201891. \u2013 23. godina poslije\", 13.-14. 11. 2014. - Institut dru&scaron;tvenih znanosti Ivo Pilar","og_description":"U prigodi obilje\u017eavanja 18. studenoga \u2013 Dana sje\u0107anja na \u017ertvu Vukovara 1991. godine, Institut dru\u0161tvenih znanosti Ivo Pilar iz Zagreba i Podru\u010dni centar Instituta&nbsp; Pilar iz Vukovara organizirali su tradicionalni 17. znanstveno-stru\u010dni skup: &#8220;Vukovar&nbsp; &#8217;91. \u2013 dvadeset i tre\u0107a godina poslije&#8221;, koji se odr\u017eao u Vukovaru 13. i 14. studenoga 2014. na temu: \u0160TO JE&hellip; Pro\u010ditaj vi\u0161e o 17. &#8220;VUKOVAR \u201891. \u2013 23. godina poslije&#8221;, 13.-14. 11. 2014.","og_url":"https:\/\/www.vegaintro-projekti.com\/pilar-stari\/2014\/10\/17-znanstveno-strucni-skup-vukovar-91-23-godina-poslije-13-14-11-2014\/","og_site_name":"Institut dru&scaron;tvenih znanosti Ivo Pilar","article_published_time":"2014-10-29T09:23:50+00:00","article_modified_time":"2017-12-08T13:33:27+00:00","og_image":[{"url":"https:\/\/www.vegaintro-projekti.com\/pilar-stari\/wp-content\/images\/stories\/fotografije\/podrucni\/vukovar\/17Vu91\/1_DSC_1578_s.JPG"}],"author":"pilar-admin","twitter_card":"summary_large_image","twitter_misc":{"Napisao\/la":"pilar-admin","Procijenjeno vrijeme \u010ditanja":"3 minute"},"schema":{"@context":"https:\/\/schema.org","@graph":[{"@type":"WebPage","@id":"https:\/\/www.vegaintro-projekti.com\/pilar-stari\/2014\/10\/17-znanstveno-strucni-skup-vukovar-91-23-godina-poslije-13-14-11-2014\/","url":"https:\/\/www.vegaintro-projekti.com\/pilar-stari\/2014\/10\/17-znanstveno-strucni-skup-vukovar-91-23-godina-poslije-13-14-11-2014\/","name":"17. \"VUKOVAR \u201891. \u2013 23. godina poslije\", 13.-14. 11. 2014. - Institut dru&scaron;tvenih znanosti Ivo Pilar","isPartOf":{"@id":"https:\/\/www.vegaintro-projekti.com\/pilar-stari\/#website"},"datePublished":"2014-10-29T09:23:50+00:00","dateModified":"2017-12-08T13:33:27+00:00","author":{"@id":"https:\/\/www.vegaintro-projekti.com\/pilar-stari\/#\/schema\/person\/c0db50ebd77c4409e19b18044bbf10c1"},"breadcrumb":{"@id":"https:\/\/www.vegaintro-projekti.com\/pilar-stari\/2014\/10\/17-znanstveno-strucni-skup-vukovar-91-23-godina-poslije-13-14-11-2014\/#breadcrumb"},"inLanguage":"hr","potentialAction":[{"@type":"ReadAction","target":["https:\/\/www.vegaintro-projekti.com\/pilar-stari\/2014\/10\/17-znanstveno-strucni-skup-vukovar-91-23-godina-poslije-13-14-11-2014\/"]}]},{"@type":"BreadcrumbList","@id":"https:\/\/www.vegaintro-projekti.com\/pilar-stari\/2014\/10\/17-znanstveno-strucni-skup-vukovar-91-23-godina-poslije-13-14-11-2014\/#breadcrumb","itemListElement":[{"@type":"ListItem","position":1,"name":"Home","item":"https:\/\/www.vegaintro-projekti.com\/pilar-stari\/"},{"@type":"ListItem","position":2,"name":"17. &#8220;VUKOVAR \u201891. \u2013 23. godina poslije&#8221;, 13.-14. 11. 2014."}]},{"@type":"WebSite","@id":"https:\/\/www.vegaintro-projekti.com\/pilar-stari\/#website","url":"https:\/\/www.vegaintro-projekti.com\/pilar-stari\/","name":"Institut dru&scaron;tvenih znanosti Ivo Pilar","description":"Pilar","potentialAction":[{"@type":"SearchAction","target":{"@type":"EntryPoint","urlTemplate":"https:\/\/www.vegaintro-projekti.com\/pilar-stari\/?s={search_term_string}"},"query-input":"required name=search_term_string"}],"inLanguage":"hr"},{"@type":"Person","@id":"https:\/\/www.vegaintro-projekti.com\/pilar-stari\/#\/schema\/person\/c0db50ebd77c4409e19b18044bbf10c1","name":"pilar-admin","image":{"@type":"ImageObject","inLanguage":"hr","@id":"https:\/\/www.vegaintro-projekti.com\/pilar-stari\/#\/schema\/person\/image\/","url":"https:\/\/secure.gravatar.com\/avatar\/fac9e03c4db0011b9c1ad8b5e9c74b8c?s=96&d=mm&r=g","contentUrl":"https:\/\/secure.gravatar.com\/avatar\/fac9e03c4db0011b9c1ad8b5e9c74b8c?s=96&d=mm&r=g","caption":"pilar-admin"},"url":"https:\/\/www.vegaintro-projekti.com\/pilar-stari\/author\/pilar-admin\/"}]}},"_links":{"self":[{"href":"https:\/\/www.vegaintro-projekti.com\/pilar-stari\/wp-json\/wp\/v2\/posts\/693"}],"collection":[{"href":"https:\/\/www.vegaintro-projekti.com\/pilar-stari\/wp-json\/wp\/v2\/posts"}],"about":[{"href":"https:\/\/www.vegaintro-projekti.com\/pilar-stari\/wp-json\/wp\/v2\/types\/post"}],"author":[{"embeddable":true,"href":"https:\/\/www.vegaintro-projekti.com\/pilar-stari\/wp-json\/wp\/v2\/users\/1"}],"replies":[{"embeddable":true,"href":"https:\/\/www.vegaintro-projekti.com\/pilar-stari\/wp-json\/wp\/v2\/comments?post=693"}],"version-history":[{"count":9,"href":"https:\/\/www.vegaintro-projekti.com\/pilar-stari\/wp-json\/wp\/v2\/posts\/693\/revisions"}],"predecessor-version":[{"id":7825,"href":"https:\/\/www.vegaintro-projekti.com\/pilar-stari\/wp-json\/wp\/v2\/posts\/693\/revisions\/7825"}],"wp:attachment":[{"href":"https:\/\/www.vegaintro-projekti.com\/pilar-stari\/wp-json\/wp\/v2\/media?parent=693"}],"wp:term":[{"taxonomy":"category","embeddable":true,"href":"https:\/\/www.vegaintro-projekti.com\/pilar-stari\/wp-json\/wp\/v2\/categories?post=693"},{"taxonomy":"post_tag","embeddable":true,"href":"https:\/\/www.vegaintro-projekti.com\/pilar-stari\/wp-json\/wp\/v2\/tags?post=693"}],"curies":[{"name":"wp","href":"https:\/\/api.w.org\/{rel}","templated":true}]}}