{"id":705,"date":"2014-11-18T11:13:04","date_gmt":"2014-11-18T11:13:04","guid":{"rendered":"https:\/\/www.vegaintro-projekti.com\/pilar-stari\/2014\/11\/18\/institut-u-programu-dana-sjecanja-na-zrtvu-vukovara-1991-2014\/"},"modified":"2017-12-08T14:00:22","modified_gmt":"2017-12-08T14:00:22","slug":"institut-u-programu-dana-sjecanja-na-zrtvu-vukovara-1991-2014","status":"publish","type":"post","link":"https:\/\/www.vegaintro-projekti.com\/pilar-stari\/2014\/11\/institut-u-programu-dana-sjecanja-na-zrtvu-vukovara-1991-2014\/","title":{"rendered":"Institut u programu DANA SJE\u0106ANJA NA \u017dRTVU VUKOVARA 1991.-2014."},"content":{"rendered":"<p><strong>U okviru ovogodi\u0161njeg programa Dana sje\u0107anja na \u017ertvu Vukovara 1991. &#8211; 2014. Podru\u010dni centar Instituta Pilar u Vukovaru organizirao je tri javne manifestacije: (1) predstavljanje knjige ratnih zapisa ratnog reportera HRT-a \u017darka Plevnika &#8220;Crveni fi\u0107o&#8221;, (2) predstavljanje zbornika radova s pro\u0161logodi\u0161njeg skupa &#8220;Vukovar &#8217;91. &#8211; Genocid i memoricidna ba\u0161tina Europske unije&#8221; i (3) 17. znanstveno-stru\u010dni skup &#8220;Vukovar 91. &#8211; dvadeset i tre\u0107a godina poslije: \u0160to je Vukovar Hrvatskoj i Europi?&#8221;<\/strong><\/p>\n<p><img decoding=\"async\" loading=\"lazy\" src=\"https:\/\/www.vegaintro-projekti.com\/pilar-stari\/wp-content\/images\/stories\/fotografije\/podrucni\/vukovar\/17Vu91\/DSC_1507_c-s.JPG\" alt=\"DSC 1507 c-s\" width=\"640\" height=\"285\" \/><\/p>\n<p><span style=\"font-size: 8pt;\"><strong>Sudionici i gosti&nbsp;17. znanstveno-stru\u010dnog skupa &#8220;Vukovar &#8217;91. &#8211; 23. godina poslije&#8221;&nbsp;na Memorijalnom groblju \u017ertava iz Domovinskog rata; Vukovar, 13. studenoga 2014.<\/strong><\/span><\/p>\n<p>&#8211; <strong>FOTOGALERIJA:<\/strong>&nbsp;<a href=\"https:\/\/www.vegaintro-projekti.com\/pilar-stari\/fotogalerija\/dani-sjecanja-na-zrtvu-vukovara-1991-2014\/\">Institut u programu DANA SJE\u0106ANJA NA \u017dRTVU VUKOVARA 1991.-2014.<\/a><\/p>\n<p><span style=\"font-size: 12pt;\">Predstavljanje knjige \u017darka Plevnika &#8220;Crveni fi\u0107o&#8221;<\/span><\/p>\n<p>Podru\u010dni je centar Vukovar 11. studenoga 2014., u suorganizaciji s Ogrankom Matice hrvatske Vukovar i Gradskom knji\u017enicom Vukovar, u prostorijama knji\u017enice organizirao predstavljanje knjige ratnih zapisa ratnog reportera HRT-a \u017darka Plevnika &#8220;Crveni fi\u0107o&#8221;. Pozdravne rije\u010di na predstavljanju knjige uputile su Vlatka Surma Szabo, ravnateljica Gradske knji\u017enice Vukovar i Lidija Mileti\u0107, predsjednica Ogranka Matice hrvatske Vukovar, dok su, uz autora, o knjizi govorili prof. dr. sc. Stanislav Marijanovi\u0107 i prof. dr. sc. Dra\u017een \u017divi\u0107. Odabrane ulomke iz knjige \u010ditala je dramska umjetnica Vlasta Ramljak, uz gitaristi\u010dku pratnju kantautora Darija Plevnika.<\/p>\n<table border=\"0\">\n<tbody>\n<tr>\n<td><img decoding=\"async\" loading=\"lazy\" src=\"https:\/\/www.vegaintro-projekti.com\/pilar-stari\/wp-content\/images\/stories\/fotografije\/podrucni\/vukovar\/17Vu91\/fico\/Crveni_Fico_1s.JPG\" alt=\"Crveni Fico 1s\" width=\"317\" height=\"211\" \/><\/td>\n<td><img decoding=\"async\" loading=\"lazy\" src=\"https:\/\/www.vegaintro-projekti.com\/pilar-stari\/wp-content\/images\/stories\/fotografije\/podrucni\/vukovar\/17Vu91\/fico\/Crveni_Fico_2s.JPG\" alt=\"Crveni Fico 2s\" width=\"317\" height=\"211\" \/><\/td>\n<\/tr>\n<\/tbody>\n<\/table>\n<p><span style=\"font-size: 8pt;\"><strong>Predstavljanje knjige \u017darka Plevnika CRVENI FI\u0106O; Vukovar, 11. studenoga 2014.<\/p>\n<p><\/strong><span style=\"font-size: 10pt;\">&gt;&gt;&gt;&nbsp;<a href=\"https:\/\/www.vegaintro-projekti.com\/pilar-stari\/2014\/11\/vukovar-1991-2014-predstavljanje-knjige-crveni-fico-11-11-2014\/\">VUKOVAR 1991.-2014.: Predstavljanje knjige CRVENI FI\u0106O, 11. 11. 2014.<\/a><\/span><strong><\/p>\n<p><\/strong><\/span><span style=\"font-size: 12pt;\">Predstavljanje zbornika &#8220;Vukovar 91. &#8211; genocid i memoricidna ba\u0161tina Europske unije&#8221;<\/span><\/p>\n<p>Podru\u010dni centar Vukovar organizirao je 13. i 14. studenoga 2014. 17. znanstveno-stru\u010dni skup &#8220;Vukovar 91. &#8211; dvadeset i tre\u0107a godina poslije&#8221;. Prvoga dana skupa sudionici i gosti polo\u017eili su vijence i upalili svije\u0107e na Memorijalnom groblju \u017ertava iz Domovinskog rata i kod masovne grobnice na Ov\u010dari te u ve\u010dernjim satima nazo\u010dili u hotelu &#8220;Lav&#8221; u Vukovaru predstavljanju Zbornika radova s pro\u0161logodi\u0161njeg skupa naslovljenog &#8220;Vukovar &#8217;91. &#8211; genocid i memoricidna ba\u0161tina europske unije&#8221;. U nazo\u010dnosti velikog broja gostiju, me\u0111u kojima su bili vukovarsko-srijemski \u017eupan Bo\u017eo Gali\u0107 i zamjenica gradona\u010delnika Grada Vukovara Marija Budimir, pozdravne su rije\u010du uputili ravnatelj Instituta Pilar prof. dr. sc. Vlado \u0160aki\u0107 i predsjednica OMH Vukovar Lidija Mileti\u0107. Zbornik su predstavili prof. dr. sc. Ivan Rogi\u0107, doc. dr. sc. Ante Nazor i prof. dr. sc. Dra\u017een \u017divi\u0107.<\/p>\n<table border=\"0\">\n<tbody>\n<tr>\n<td><img decoding=\"async\" loading=\"lazy\" src=\"https:\/\/www.vegaintro-projekti.com\/pilar-stari\/wp-content\/images\/stories\/fotografije\/podrucni\/vukovar\/17Vu91\/zbornik\/1_DSC_1549_s.JPG\" alt=\"1 DSC 1549 s\" width=\"212\" height=\"141\" \/><\/td>\n<td><img decoding=\"async\" loading=\"lazy\" src=\"https:\/\/www.vegaintro-projekti.com\/pilar-stari\/wp-content\/images\/stories\/fotografije\/podrucni\/vukovar\/17Vu91\/zbornik\/2_DSC_1553_s.JPG\" alt=\"2 DSC 1553 s\" width=\"212\" height=\"141\" \/><\/td>\n<td><img decoding=\"async\" loading=\"lazy\" src=\"https:\/\/www.vegaintro-projekti.com\/pilar-stari\/wp-content\/images\/stories\/fotografije\/podrucni\/vukovar\/17Vu91\/zbornik\/3_DSC_1548_s.JPG\" alt=\"3 DSC 1548 s\" width=\"212\" height=\"141\" \/><\/td>\n<\/tr>\n<\/tbody>\n<\/table>\n<table border=\"0\">\n<tbody>\n<tr>\n<td><img decoding=\"async\" loading=\"lazy\" src=\"https:\/\/www.vegaintro-projekti.com\/pilar-stari\/wp-content\/images\/stories\/fotografije\/podrucni\/vukovar\/17Vu91\/zbornik\/0_DSC_1545_s.JPG\" alt=\"0 DSC 1545 s\" width=\"643\" height=\"286\" \/><\/td>\n<\/tr>\n<\/tbody>\n<\/table>\n<p><span style=\"font-size: 8pt;\"><strong><br \/>Predstavljanje zbornika VUKOVAR &#8217;91. \u2013 Genocid i memoricidna ba\u0161tina; Vukovar, 13. studenoga 2014.<\/p>\n<p><\/strong><\/span>&gt;&gt;&gt;&nbsp;<a href=\"https:\/\/www.vegaintro-projekti.com\/pilar-stari\/2014\/11\/predstavljanje-zbornika-vukovar-91-genocid-i-memoricidna-bastina\/\">Predstavljanje zbornika VUKOVAR &#8217;91. \u2013 Genocid i memoricidna ba\u0161tina<\/a><\/p>\n<p><span style=\"font-size: 12pt;\">17. znanstveno-stru\u010dni skup &#8220;Vukovar &#8217;91. &#8211; 23. godina poslije&#8221;<\/span><\/p>\n<p>Drugoga dana, tako\u0111er u hotelu &#8220;Lav&#8221;, odr\u017ean je skup na temu: &#8220;\u0160to je Vukovar Hrvatskoj i Europi?&#8221;. Sudionike skupa pozdravili su zamjenik vukovarskog gradona\u010delnika Marijan Pavli\u010dek, vukovarsko-srijemski \u017eupan Bo\u017eo Gali\u0107, prorektor Hrvatskoga katoli\u010dkog sveu\u010dili\u0161ta prof. dr. sc. Gordan \u010crpi\u0107 i izaslanik ministra branitelja dr. Mladen Lon\u010dar. Sudionicima skupa pozdravne rije\u010di uputio je i predsjednik Republike Hrvatske dr. sc. Ivo Josipovi\u0107. Radni dio skupa otvorio je ravnatelj Instituta Pilar prof. dr. sc. Vlado \u0160aki\u0107.<\/p>\n<table border=\"0\">\n<tbody>\n<tr>\n<td><img decoding=\"async\" loading=\"lazy\" src=\"https:\/\/www.vegaintro-projekti.com\/pilar-stari\/wp-content\/images\/stories\/fotografije\/podrucni\/vukovar\/17Vu91\/1_DSC_1578_s.JPG\" alt=\"1 DSC 1578 s\" width=\"211\" height=\"317\" \/><\/td>\n<td><img decoding=\"async\" loading=\"lazy\" src=\"https:\/\/www.vegaintro-projekti.com\/pilar-stari\/wp-content\/images\/stories\/fotografije\/podrucni\/vukovar\/17Vu91\/2_DSC_1565_s.JPG\" alt=\"2 DSC 1565 s\" width=\"211\" height=\"317\" \/><\/td>\n<td><img decoding=\"async\" loading=\"lazy\" src=\"https:\/\/www.vegaintro-projekti.com\/pilar-stari\/wp-content\/images\/stories\/fotografije\/podrucni\/vukovar\/17Vu91\/3_DSC_1574_s.JPG\" alt=\"3 DSC 1574 s\" width=\"211\" height=\"317\" \/><\/td>\n<\/tr>\n<\/tbody>\n<\/table>\n<table border=\"0\">\n<tbody>\n<tr>\n<td><img decoding=\"async\" loading=\"lazy\" src=\"https:\/\/www.vegaintro-projekti.com\/pilar-stari\/wp-content\/images\/stories\/fotografije\/podrucni\/vukovar\/17Vu91\/0_DSC_1568_s.JPG\" alt=\"0 DSC 1568 s\" width=\"640\" height=\"426\" \/><\/td>\n<\/tr>\n<\/tbody>\n<\/table>\n<p><span style=\"font-size: 8pt;\"><strong>17. znanstveno-stru\u010dni skup: &#8220;Vukovar&nbsp; &#8217;91. \u2013 dvadeset i tre\u0107a godina poslije&#8221;<strong>;&nbsp;<\/strong>Vukovar, 13. i 14. studenoga 2014.&nbsp;<br \/><\/strong><br \/><span style=\"font-size: 10pt;\">&gt;&gt;&gt;&nbsp;<a href=\"https:\/\/www.vegaintro-projekti.com\/pilar-stari\/2014\/10\/17-znanstveno-strucni-skup-vukovar-91-23-godina-poslije-13-14-11-2014\/\">17. &#8220;VUKOVAR \u201891. \u2013 23. godina poslije&#8221;, 13.-14. 11. 2014.<\/a><\/span><\/span><\/p>\n<p><span style=\"font-size: 10pt;\">&gt;&gt;&gt; <a href=\"https:\/\/www.vegaintro-projekti.com\/pilar-stari\/2008\/10\/podruni-centar-vukovar\/\">PODRU\u010cNI CENTAR VUKOVAR<\/a><\/p>\n<p><\/span><\/p>\n","protected":false},"excerpt":{"rendered":"<p>U okviru ovogodi\u0161njeg programa Dana sje\u0107anja na \u017ertvu Vukovara 1991. &#8211; 2014. Podru\u010dni centar Instituta Pilar u Vukovaru organizirao je tri javne manifestacije: (1) predstavljanje knjige ratnih zapisa ratnog reportera HRT-a \u017darka Plevnika &#8220;Crveni fi\u0107o&#8221;, (2) predstavljanje zbornika radova s pro\u0161logodi\u0161njeg skupa &#8220;Vukovar &#8217;91. &#8211; Genocid i memoricidna ba\u0161tina Europske unije&#8221; i (3) 17. znanstveno-stru\u010dni&hellip; <a class=\"continue\" href=\"https:\/\/www.vegaintro-projekti.com\/pilar-stari\/2014\/11\/institut-u-programu-dana-sjecanja-na-zrtvu-vukovara-1991-2014\/\">Pro\u010ditaj vi\u0161e o<span> Institut u programu DANA SJE\u0106ANJA NA \u017dRTVU VUKOVARA 1991.-2014.<\/span><\/a><\/p>\n","protected":false},"author":1,"featured_media":0,"comment_status":"open","ping_status":"open","sticky":false,"template":"","format":"standard","meta":{"inline_featured_image":false,"ngg_post_thumbnail":0,"footnotes":""},"categories":[11],"tags":[],"yoast_head":"<!-- This site is optimized with the Yoast SEO plugin v21.2 - https:\/\/yoast.com\/wordpress\/plugins\/seo\/ -->\n<title>Institut u programu DANA SJE\u0106ANJA NA \u017dRTVU VUKOVARA 1991.-2014. - Institut dru&scaron;tvenih znanosti Ivo Pilar<\/title>\n<meta name=\"robots\" content=\"noindex, follow, max-snippet:-1, max-image-preview:large, max-video-preview:-1\" \/>\n<meta property=\"og:locale\" content=\"hr_HR\" \/>\n<meta property=\"og:type\" content=\"article\" \/>\n<meta property=\"og:title\" content=\"Institut u programu DANA SJE\u0106ANJA NA \u017dRTVU VUKOVARA 1991.-2014. - Institut dru&scaron;tvenih znanosti Ivo Pilar\" \/>\n<meta property=\"og:description\" content=\"U okviru ovogodi\u0161njeg programa Dana sje\u0107anja na \u017ertvu Vukovara 1991. &#8211; 2014. Podru\u010dni centar Instituta Pilar u Vukovaru organizirao je tri javne manifestacije: (1) predstavljanje knjige ratnih zapisa ratnog reportera HRT-a \u017darka Plevnika &#8220;Crveni fi\u0107o&#8221;, (2) predstavljanje zbornika radova s pro\u0161logodi\u0161njeg skupa &#8220;Vukovar &#8217;91. &#8211; Genocid i memoricidna ba\u0161tina Europske unije&#8221; i (3) 17. znanstveno-stru\u010dni&hellip; Pro\u010ditaj vi\u0161e o Institut u programu DANA SJE\u0106ANJA NA \u017dRTVU VUKOVARA 1991.-2014.\" \/>\n<meta property=\"og:url\" content=\"https:\/\/www.vegaintro-projekti.com\/pilar-stari\/2014\/11\/institut-u-programu-dana-sjecanja-na-zrtvu-vukovara-1991-2014\/\" \/>\n<meta property=\"og:site_name\" content=\"Institut dru&scaron;tvenih znanosti Ivo Pilar\" \/>\n<meta property=\"article:published_time\" content=\"2014-11-18T11:13:04+00:00\" \/>\n<meta property=\"article:modified_time\" content=\"2017-12-08T14:00:22+00:00\" \/>\n<meta property=\"og:image\" content=\"https:\/\/www.vegaintro-projekti.com\/pilar-stari\/wp-content\/images\/stories\/fotografije\/podrucni\/vukovar\/17Vu91\/DSC_1507_c-s.JPG\" \/>\n<meta name=\"author\" content=\"pilar-admin\" \/>\n<meta name=\"twitter:card\" content=\"summary_large_image\" \/>\n<meta name=\"twitter:label1\" content=\"Napisao\/la\" \/>\n\t<meta name=\"twitter:data1\" content=\"pilar-admin\" \/>\n\t<meta name=\"twitter:label2\" content=\"Procijenjeno vrijeme \u010ditanja\" \/>\n\t<meta name=\"twitter:data2\" content=\"3 minute\" \/>\n<script type=\"application\/ld+json\" class=\"yoast-schema-graph\">{\"@context\":\"https:\/\/schema.org\",\"@graph\":[{\"@type\":\"WebPage\",\"@id\":\"https:\/\/www.vegaintro-projekti.com\/pilar-stari\/2014\/11\/institut-u-programu-dana-sjecanja-na-zrtvu-vukovara-1991-2014\/\",\"url\":\"https:\/\/www.vegaintro-projekti.com\/pilar-stari\/2014\/11\/institut-u-programu-dana-sjecanja-na-zrtvu-vukovara-1991-2014\/\",\"name\":\"Institut u programu DANA SJE\u0106ANJA NA \u017dRTVU VUKOVARA 1991.-2014. - Institut dru&scaron;tvenih znanosti Ivo Pilar\",\"isPartOf\":{\"@id\":\"https:\/\/www.vegaintro-projekti.com\/pilar-stari\/#website\"},\"datePublished\":\"2014-11-18T11:13:04+00:00\",\"dateModified\":\"2017-12-08T14:00:22+00:00\",\"author\":{\"@id\":\"https:\/\/www.vegaintro-projekti.com\/pilar-stari\/#\/schema\/person\/c0db50ebd77c4409e19b18044bbf10c1\"},\"breadcrumb\":{\"@id\":\"https:\/\/www.vegaintro-projekti.com\/pilar-stari\/2014\/11\/institut-u-programu-dana-sjecanja-na-zrtvu-vukovara-1991-2014\/#breadcrumb\"},\"inLanguage\":\"hr\",\"potentialAction\":[{\"@type\":\"ReadAction\",\"target\":[\"https:\/\/www.vegaintro-projekti.com\/pilar-stari\/2014\/11\/institut-u-programu-dana-sjecanja-na-zrtvu-vukovara-1991-2014\/\"]}]},{\"@type\":\"BreadcrumbList\",\"@id\":\"https:\/\/www.vegaintro-projekti.com\/pilar-stari\/2014\/11\/institut-u-programu-dana-sjecanja-na-zrtvu-vukovara-1991-2014\/#breadcrumb\",\"itemListElement\":[{\"@type\":\"ListItem\",\"position\":1,\"name\":\"Home\",\"item\":\"https:\/\/www.vegaintro-projekti.com\/pilar-stari\/\"},{\"@type\":\"ListItem\",\"position\":2,\"name\":\"Institut u programu DANA SJE\u0106ANJA NA \u017dRTVU VUKOVARA 1991.-2014.\"}]},{\"@type\":\"WebSite\",\"@id\":\"https:\/\/www.vegaintro-projekti.com\/pilar-stari\/#website\",\"url\":\"https:\/\/www.vegaintro-projekti.com\/pilar-stari\/\",\"name\":\"Institut dru&scaron;tvenih znanosti Ivo Pilar\",\"description\":\"Pilar\",\"potentialAction\":[{\"@type\":\"SearchAction\",\"target\":{\"@type\":\"EntryPoint\",\"urlTemplate\":\"https:\/\/www.vegaintro-projekti.com\/pilar-stari\/?s={search_term_string}\"},\"query-input\":\"required name=search_term_string\"}],\"inLanguage\":\"hr\"},{\"@type\":\"Person\",\"@id\":\"https:\/\/www.vegaintro-projekti.com\/pilar-stari\/#\/schema\/person\/c0db50ebd77c4409e19b18044bbf10c1\",\"name\":\"pilar-admin\",\"image\":{\"@type\":\"ImageObject\",\"inLanguage\":\"hr\",\"@id\":\"https:\/\/www.vegaintro-projekti.com\/pilar-stari\/#\/schema\/person\/image\/\",\"url\":\"https:\/\/secure.gravatar.com\/avatar\/fac9e03c4db0011b9c1ad8b5e9c74b8c?s=96&d=mm&r=g\",\"contentUrl\":\"https:\/\/secure.gravatar.com\/avatar\/fac9e03c4db0011b9c1ad8b5e9c74b8c?s=96&d=mm&r=g\",\"caption\":\"pilar-admin\"},\"url\":\"https:\/\/www.vegaintro-projekti.com\/pilar-stari\/author\/pilar-admin\/\"}]}<\/script>\n<!-- \/ Yoast SEO plugin. -->","yoast_head_json":{"title":"Institut u programu DANA SJE\u0106ANJA NA \u017dRTVU VUKOVARA 1991.-2014. - Institut dru&scaron;tvenih znanosti Ivo Pilar","robots":{"index":"noindex","follow":"follow","max-snippet":"max-snippet:-1","max-image-preview":"max-image-preview:large","max-video-preview":"max-video-preview:-1"},"og_locale":"hr_HR","og_type":"article","og_title":"Institut u programu DANA SJE\u0106ANJA NA \u017dRTVU VUKOVARA 1991.-2014. - Institut dru&scaron;tvenih znanosti Ivo Pilar","og_description":"U okviru ovogodi\u0161njeg programa Dana sje\u0107anja na \u017ertvu Vukovara 1991. &#8211; 2014. Podru\u010dni centar Instituta Pilar u Vukovaru organizirao je tri javne manifestacije: (1) predstavljanje knjige ratnih zapisa ratnog reportera HRT-a \u017darka Plevnika &#8220;Crveni fi\u0107o&#8221;, (2) predstavljanje zbornika radova s pro\u0161logodi\u0161njeg skupa &#8220;Vukovar &#8217;91. &#8211; Genocid i memoricidna ba\u0161tina Europske unije&#8221; i (3) 17. znanstveno-stru\u010dni&hellip; Pro\u010ditaj vi\u0161e o Institut u programu DANA SJE\u0106ANJA NA \u017dRTVU VUKOVARA 1991.-2014.","og_url":"https:\/\/www.vegaintro-projekti.com\/pilar-stari\/2014\/11\/institut-u-programu-dana-sjecanja-na-zrtvu-vukovara-1991-2014\/","og_site_name":"Institut dru&scaron;tvenih znanosti Ivo Pilar","article_published_time":"2014-11-18T11:13:04+00:00","article_modified_time":"2017-12-08T14:00:22+00:00","og_image":[{"url":"https:\/\/www.vegaintro-projekti.com\/pilar-stari\/wp-content\/images\/stories\/fotografije\/podrucni\/vukovar\/17Vu91\/DSC_1507_c-s.JPG"}],"author":"pilar-admin","twitter_card":"summary_large_image","twitter_misc":{"Napisao\/la":"pilar-admin","Procijenjeno vrijeme \u010ditanja":"3 minute"},"schema":{"@context":"https:\/\/schema.org","@graph":[{"@type":"WebPage","@id":"https:\/\/www.vegaintro-projekti.com\/pilar-stari\/2014\/11\/institut-u-programu-dana-sjecanja-na-zrtvu-vukovara-1991-2014\/","url":"https:\/\/www.vegaintro-projekti.com\/pilar-stari\/2014\/11\/institut-u-programu-dana-sjecanja-na-zrtvu-vukovara-1991-2014\/","name":"Institut u programu DANA SJE\u0106ANJA NA \u017dRTVU VUKOVARA 1991.-2014. - Institut dru&scaron;tvenih znanosti Ivo Pilar","isPartOf":{"@id":"https:\/\/www.vegaintro-projekti.com\/pilar-stari\/#website"},"datePublished":"2014-11-18T11:13:04+00:00","dateModified":"2017-12-08T14:00:22+00:00","author":{"@id":"https:\/\/www.vegaintro-projekti.com\/pilar-stari\/#\/schema\/person\/c0db50ebd77c4409e19b18044bbf10c1"},"breadcrumb":{"@id":"https:\/\/www.vegaintro-projekti.com\/pilar-stari\/2014\/11\/institut-u-programu-dana-sjecanja-na-zrtvu-vukovara-1991-2014\/#breadcrumb"},"inLanguage":"hr","potentialAction":[{"@type":"ReadAction","target":["https:\/\/www.vegaintro-projekti.com\/pilar-stari\/2014\/11\/institut-u-programu-dana-sjecanja-na-zrtvu-vukovara-1991-2014\/"]}]},{"@type":"BreadcrumbList","@id":"https:\/\/www.vegaintro-projekti.com\/pilar-stari\/2014\/11\/institut-u-programu-dana-sjecanja-na-zrtvu-vukovara-1991-2014\/#breadcrumb","itemListElement":[{"@type":"ListItem","position":1,"name":"Home","item":"https:\/\/www.vegaintro-projekti.com\/pilar-stari\/"},{"@type":"ListItem","position":2,"name":"Institut u programu DANA SJE\u0106ANJA NA \u017dRTVU VUKOVARA 1991.-2014."}]},{"@type":"WebSite","@id":"https:\/\/www.vegaintro-projekti.com\/pilar-stari\/#website","url":"https:\/\/www.vegaintro-projekti.com\/pilar-stari\/","name":"Institut dru&scaron;tvenih znanosti Ivo Pilar","description":"Pilar","potentialAction":[{"@type":"SearchAction","target":{"@type":"EntryPoint","urlTemplate":"https:\/\/www.vegaintro-projekti.com\/pilar-stari\/?s={search_term_string}"},"query-input":"required name=search_term_string"}],"inLanguage":"hr"},{"@type":"Person","@id":"https:\/\/www.vegaintro-projekti.com\/pilar-stari\/#\/schema\/person\/c0db50ebd77c4409e19b18044bbf10c1","name":"pilar-admin","image":{"@type":"ImageObject","inLanguage":"hr","@id":"https:\/\/www.vegaintro-projekti.com\/pilar-stari\/#\/schema\/person\/image\/","url":"https:\/\/secure.gravatar.com\/avatar\/fac9e03c4db0011b9c1ad8b5e9c74b8c?s=96&d=mm&r=g","contentUrl":"https:\/\/secure.gravatar.com\/avatar\/fac9e03c4db0011b9c1ad8b5e9c74b8c?s=96&d=mm&r=g","caption":"pilar-admin"},"url":"https:\/\/www.vegaintro-projekti.com\/pilar-stari\/author\/pilar-admin\/"}]}},"_links":{"self":[{"href":"https:\/\/www.vegaintro-projekti.com\/pilar-stari\/wp-json\/wp\/v2\/posts\/705"}],"collection":[{"href":"https:\/\/www.vegaintro-projekti.com\/pilar-stari\/wp-json\/wp\/v2\/posts"}],"about":[{"href":"https:\/\/www.vegaintro-projekti.com\/pilar-stari\/wp-json\/wp\/v2\/types\/post"}],"author":[{"embeddable":true,"href":"https:\/\/www.vegaintro-projekti.com\/pilar-stari\/wp-json\/wp\/v2\/users\/1"}],"replies":[{"embeddable":true,"href":"https:\/\/www.vegaintro-projekti.com\/pilar-stari\/wp-json\/wp\/v2\/comments?post=705"}],"version-history":[{"count":17,"href":"https:\/\/www.vegaintro-projekti.com\/pilar-stari\/wp-json\/wp\/v2\/posts\/705\/revisions"}],"predecessor-version":[{"id":7856,"href":"https:\/\/www.vegaintro-projekti.com\/pilar-stari\/wp-json\/wp\/v2\/posts\/705\/revisions\/7856"}],"wp:attachment":[{"href":"https:\/\/www.vegaintro-projekti.com\/pilar-stari\/wp-json\/wp\/v2\/media?parent=705"}],"wp:term":[{"taxonomy":"category","embeddable":true,"href":"https:\/\/www.vegaintro-projekti.com\/pilar-stari\/wp-json\/wp\/v2\/categories?post=705"},{"taxonomy":"post_tag","embeddable":true,"href":"https:\/\/www.vegaintro-projekti.com\/pilar-stari\/wp-json\/wp\/v2\/tags?post=705"}],"curies":[{"name":"wp","href":"https:\/\/api.w.org\/{rel}","templated":true}]}}