{"id":738,"date":"2015-02-06T21:10:43","date_gmt":"2015-02-06T21:10:43","guid":{"rendered":"https:\/\/www.vegaintro-projekti.com\/pilar-stari\/2015\/02\/06\/vdaactm-vocational-development-in-adolescence\/"},"modified":"2022-06-01T22:09:49","modified_gmt":"2022-06-01T22:09:49","slug":"vdaactm-vocational-development-in-adolescence","status":"publish","type":"post","link":"https:\/\/www.vegaintro-projekti.com\/pilar-stari\/2015\/02\/vdaactm-vocational-development-in-adolescence\/","title":{"rendered":"VDAACTM \u2013 Vocational Development in Adolescence"},"content":{"rendered":"<p><strong>Institut dru\u0161tvenih znanosti provodi projekt VDAACTM \u2013 Vocational Development in Adolescence: Setting the Adolescent Career Transition Model. <\/strong>&#8211; <a href=\"#novosti\">Novosti<\/a><\/p>\n<p><img decoding=\"async\" loading=\"lazy\" src=\"https:\/\/www.vegaintro-projekti.com\/pilar-stari\/wp-content\/images\/stories\/fotografije\/razno\/projekti\/logoi\/Hzzz.jpg\" alt=\"Hzzz\" width=\"377\" height=\"84\"><\/p>\n<p>Projekt Profesionalni razvoj u adolescenciji: razvoj modela tranzicije karijere adolescenata (Vocational Development in Adolescence: Setting the Adolescent Career Transition Model) usmjeren je upoznavanju klju\u010dnih odrednica uspje\u0161ne tranzicije iz \u0161kole na studij ili posao.<\/p>\n<p>U okviru projekta postavit \u0107e se i provjeriti model koji opisuje odnose izme\u0111u temeljnih osobina pojedinca va\u017enih za izbor zanimanja, profesionalne zrelosti, uspje\u0161nosti u samousmjeravanju karijere te razli\u010ditih ishoda tranzicije karijere. Postavljeni model provjeravat \u0107e se na srednjo\u0161kolcima zavr\u0161nih razreda strukovnih \u0161kola i gimnazija, a longitudinalni pristup omogu\u0107it \u0107e upoznavanje najva\u017enijih odrednica uspje\u0161ne tranzicije u karijeri.<\/p>\n<p>Na projektu rade dr. sc. Iva \u0160verko (voditeljica projekta; <a href=\"mailto:Iva.Sverko@vegaintro-projekti.com\/pilar-stari\">Iva.Sverko@vegaintro-projekti.com\/pilar-stari<\/a>), dr. sc. Toni Babarovi\u0107, dr. sc. Marina Merka\u0161 i Vanja Me\u0111ugorac. Projekt financira Hrvatska zaklada za znanost pod brojem 1229, a predvi\u0111eno trajanje projekta je od 1. 7. 2014. do 30. 6. 2017.<\/p>\n<p><a id=\"novosti\"><\/a><span style=\"font-size: 14pt;\">Novosti<\/span><\/p>\n<p>&#8211; <a href=\"https:\/\/www.vegaintro-projekti.com\/pilar-stari\/2022\/06\/dani-psihologije-u-zadru-predstavljeni-rezultati-projekta-free-career-choice-26-28-5-2022\/\">Dani psihologije u Zadru: Predstavljeni rezultati projekta Free Career Choice, 26.-28. 5. 2022.<\/a><\/p>\n","protected":false},"excerpt":{"rendered":"<p>Institut dru\u0161tvenih znanosti provodi projekt VDAACTM \u2013 Vocational Development in Adolescence: Setting the Adolescent Career Transition Model. &#8211; Novosti Projekt Profesionalni razvoj u adolescenciji: razvoj modela tranzicije karijere adolescenata (Vocational Development in Adolescence: Setting the Adolescent Career Transition Model) usmjeren je upoznavanju klju\u010dnih odrednica uspje\u0161ne tranzicije iz \u0161kole na studij ili posao. U okviru projekta&hellip; <a class=\"continue\" href=\"https:\/\/www.vegaintro-projekti.com\/pilar-stari\/2015\/02\/vdaactm-vocational-development-in-adolescence\/\">Pro\u010ditaj vi\u0161e o<span> VDAACTM \u2013 Vocational Development in Adolescence<\/span><\/a><\/p>\n","protected":false},"author":1,"featured_media":0,"comment_status":"closed","ping_status":"closed","sticky":false,"template":"","format":"standard","meta":{"inline_featured_image":false,"ngg_post_thumbnail":0,"footnotes":""},"categories":[29],"tags":[],"yoast_head":"<!-- This site is optimized with the Yoast SEO plugin v21.2 - https:\/\/yoast.com\/wordpress\/plugins\/seo\/ -->\n<title>VDAACTM \u2013 Vocational Development in Adolescence - Institut dru&scaron;tvenih znanosti Ivo Pilar<\/title>\n<meta name=\"robots\" content=\"noindex, follow, max-snippet:-1, max-image-preview:large, max-video-preview:-1\" \/>\n<meta property=\"og:locale\" content=\"hr_HR\" \/>\n<meta property=\"og:type\" content=\"article\" \/>\n<meta property=\"og:title\" content=\"VDAACTM \u2013 Vocational Development in Adolescence - Institut dru&scaron;tvenih znanosti Ivo Pilar\" \/>\n<meta property=\"og:description\" content=\"Institut dru\u0161tvenih znanosti provodi projekt VDAACTM \u2013 Vocational Development in Adolescence: Setting the Adolescent Career Transition Model. &#8211; Novosti Projekt Profesionalni razvoj u adolescenciji: razvoj modela tranzicije karijere adolescenata (Vocational Development in Adolescence: Setting the Adolescent Career Transition Model) usmjeren je upoznavanju klju\u010dnih odrednica uspje\u0161ne tranzicije iz \u0161kole na studij ili posao. U okviru projekta&hellip; Pro\u010ditaj vi\u0161e o VDAACTM \u2013 Vocational Development in Adolescence\" \/>\n<meta property=\"og:url\" content=\"https:\/\/www.vegaintro-projekti.com\/pilar-stari\/2015\/02\/vdaactm-vocational-development-in-adolescence\/\" \/>\n<meta property=\"og:site_name\" content=\"Institut dru&scaron;tvenih znanosti Ivo Pilar\" \/>\n<meta property=\"article:published_time\" content=\"2015-02-06T21:10:43+00:00\" \/>\n<meta property=\"article:modified_time\" content=\"2022-06-01T22:09:49+00:00\" \/>\n<meta property=\"og:image\" content=\"https:\/\/www.vegaintro-projekti.com\/pilar-stari\/wp-content\/images\/stories\/fotografije\/razno\/projekti\/logoi\/Hzzz.jpg\" \/>\n<meta name=\"author\" content=\"pilar-admin\" \/>\n<meta name=\"twitter:card\" content=\"summary_large_image\" \/>\n<meta name=\"twitter:label1\" content=\"Napisao\/la\" \/>\n\t<meta name=\"twitter:data1\" content=\"pilar-admin\" \/>\n\t<meta name=\"twitter:label2\" content=\"Procijenjeno vrijeme \u010ditanja\" \/>\n\t<meta name=\"twitter:data2\" content=\"1 minuta\" \/>\n<script type=\"application\/ld+json\" class=\"yoast-schema-graph\">{\"@context\":\"https:\/\/schema.org\",\"@graph\":[{\"@type\":\"WebPage\",\"@id\":\"https:\/\/www.vegaintro-projekti.com\/pilar-stari\/2015\/02\/vdaactm-vocational-development-in-adolescence\/\",\"url\":\"https:\/\/www.vegaintro-projekti.com\/pilar-stari\/2015\/02\/vdaactm-vocational-development-in-adolescence\/\",\"name\":\"VDAACTM \u2013 Vocational Development in Adolescence - Institut dru&scaron;tvenih znanosti Ivo Pilar\",\"isPartOf\":{\"@id\":\"https:\/\/www.vegaintro-projekti.com\/pilar-stari\/#website\"},\"datePublished\":\"2015-02-06T21:10:43+00:00\",\"dateModified\":\"2022-06-01T22:09:49+00:00\",\"author\":{\"@id\":\"https:\/\/www.vegaintro-projekti.com\/pilar-stari\/#\/schema\/person\/c0db50ebd77c4409e19b18044bbf10c1\"},\"breadcrumb\":{\"@id\":\"https:\/\/www.vegaintro-projekti.com\/pilar-stari\/2015\/02\/vdaactm-vocational-development-in-adolescence\/#breadcrumb\"},\"inLanguage\":\"hr\",\"potentialAction\":[{\"@type\":\"ReadAction\",\"target\":[\"https:\/\/www.vegaintro-projekti.com\/pilar-stari\/2015\/02\/vdaactm-vocational-development-in-adolescence\/\"]}]},{\"@type\":\"BreadcrumbList\",\"@id\":\"https:\/\/www.vegaintro-projekti.com\/pilar-stari\/2015\/02\/vdaactm-vocational-development-in-adolescence\/#breadcrumb\",\"itemListElement\":[{\"@type\":\"ListItem\",\"position\":1,\"name\":\"Home\",\"item\":\"https:\/\/www.vegaintro-projekti.com\/pilar-stari\/\"},{\"@type\":\"ListItem\",\"position\":2,\"name\":\"VDAACTM \u2013 Vocational Development in Adolescence\"}]},{\"@type\":\"WebSite\",\"@id\":\"https:\/\/www.vegaintro-projekti.com\/pilar-stari\/#website\",\"url\":\"https:\/\/www.vegaintro-projekti.com\/pilar-stari\/\",\"name\":\"Institut dru&scaron;tvenih znanosti Ivo Pilar\",\"description\":\"Pilar\",\"potentialAction\":[{\"@type\":\"SearchAction\",\"target\":{\"@type\":\"EntryPoint\",\"urlTemplate\":\"https:\/\/www.vegaintro-projekti.com\/pilar-stari\/?s={search_term_string}\"},\"query-input\":\"required name=search_term_string\"}],\"inLanguage\":\"hr\"},{\"@type\":\"Person\",\"@id\":\"https:\/\/www.vegaintro-projekti.com\/pilar-stari\/#\/schema\/person\/c0db50ebd77c4409e19b18044bbf10c1\",\"name\":\"pilar-admin\",\"image\":{\"@type\":\"ImageObject\",\"inLanguage\":\"hr\",\"@id\":\"https:\/\/www.vegaintro-projekti.com\/pilar-stari\/#\/schema\/person\/image\/\",\"url\":\"https:\/\/secure.gravatar.com\/avatar\/fac9e03c4db0011b9c1ad8b5e9c74b8c?s=96&d=mm&r=g\",\"contentUrl\":\"https:\/\/secure.gravatar.com\/avatar\/fac9e03c4db0011b9c1ad8b5e9c74b8c?s=96&d=mm&r=g\",\"caption\":\"pilar-admin\"},\"url\":\"https:\/\/www.vegaintro-projekti.com\/pilar-stari\/author\/pilar-admin\/\"}]}<\/script>\n<!-- \/ Yoast SEO plugin. -->","yoast_head_json":{"title":"VDAACTM \u2013 Vocational Development in Adolescence - Institut dru&scaron;tvenih znanosti Ivo Pilar","robots":{"index":"noindex","follow":"follow","max-snippet":"max-snippet:-1","max-image-preview":"max-image-preview:large","max-video-preview":"max-video-preview:-1"},"og_locale":"hr_HR","og_type":"article","og_title":"VDAACTM \u2013 Vocational Development in Adolescence - Institut dru&scaron;tvenih znanosti Ivo Pilar","og_description":"Institut dru\u0161tvenih znanosti provodi projekt VDAACTM \u2013 Vocational Development in Adolescence: Setting the Adolescent Career Transition Model. &#8211; Novosti Projekt Profesionalni razvoj u adolescenciji: razvoj modela tranzicije karijere adolescenata (Vocational Development in Adolescence: Setting the Adolescent Career Transition Model) usmjeren je upoznavanju klju\u010dnih odrednica uspje\u0161ne tranzicije iz \u0161kole na studij ili posao. U okviru projekta&hellip; Pro\u010ditaj vi\u0161e o VDAACTM \u2013 Vocational Development in Adolescence","og_url":"https:\/\/www.vegaintro-projekti.com\/pilar-stari\/2015\/02\/vdaactm-vocational-development-in-adolescence\/","og_site_name":"Institut dru&scaron;tvenih znanosti Ivo Pilar","article_published_time":"2015-02-06T21:10:43+00:00","article_modified_time":"2022-06-01T22:09:49+00:00","og_image":[{"url":"https:\/\/www.vegaintro-projekti.com\/pilar-stari\/wp-content\/images\/stories\/fotografije\/razno\/projekti\/logoi\/Hzzz.jpg"}],"author":"pilar-admin","twitter_card":"summary_large_image","twitter_misc":{"Napisao\/la":"pilar-admin","Procijenjeno vrijeme \u010ditanja":"1 minuta"},"schema":{"@context":"https:\/\/schema.org","@graph":[{"@type":"WebPage","@id":"https:\/\/www.vegaintro-projekti.com\/pilar-stari\/2015\/02\/vdaactm-vocational-development-in-adolescence\/","url":"https:\/\/www.vegaintro-projekti.com\/pilar-stari\/2015\/02\/vdaactm-vocational-development-in-adolescence\/","name":"VDAACTM \u2013 Vocational Development in Adolescence - Institut dru&scaron;tvenih znanosti Ivo Pilar","isPartOf":{"@id":"https:\/\/www.vegaintro-projekti.com\/pilar-stari\/#website"},"datePublished":"2015-02-06T21:10:43+00:00","dateModified":"2022-06-01T22:09:49+00:00","author":{"@id":"https:\/\/www.vegaintro-projekti.com\/pilar-stari\/#\/schema\/person\/c0db50ebd77c4409e19b18044bbf10c1"},"breadcrumb":{"@id":"https:\/\/www.vegaintro-projekti.com\/pilar-stari\/2015\/02\/vdaactm-vocational-development-in-adolescence\/#breadcrumb"},"inLanguage":"hr","potentialAction":[{"@type":"ReadAction","target":["https:\/\/www.vegaintro-projekti.com\/pilar-stari\/2015\/02\/vdaactm-vocational-development-in-adolescence\/"]}]},{"@type":"BreadcrumbList","@id":"https:\/\/www.vegaintro-projekti.com\/pilar-stari\/2015\/02\/vdaactm-vocational-development-in-adolescence\/#breadcrumb","itemListElement":[{"@type":"ListItem","position":1,"name":"Home","item":"https:\/\/www.vegaintro-projekti.com\/pilar-stari\/"},{"@type":"ListItem","position":2,"name":"VDAACTM \u2013 Vocational Development in Adolescence"}]},{"@type":"WebSite","@id":"https:\/\/www.vegaintro-projekti.com\/pilar-stari\/#website","url":"https:\/\/www.vegaintro-projekti.com\/pilar-stari\/","name":"Institut dru&scaron;tvenih znanosti Ivo Pilar","description":"Pilar","potentialAction":[{"@type":"SearchAction","target":{"@type":"EntryPoint","urlTemplate":"https:\/\/www.vegaintro-projekti.com\/pilar-stari\/?s={search_term_string}"},"query-input":"required name=search_term_string"}],"inLanguage":"hr"},{"@type":"Person","@id":"https:\/\/www.vegaintro-projekti.com\/pilar-stari\/#\/schema\/person\/c0db50ebd77c4409e19b18044bbf10c1","name":"pilar-admin","image":{"@type":"ImageObject","inLanguage":"hr","@id":"https:\/\/www.vegaintro-projekti.com\/pilar-stari\/#\/schema\/person\/image\/","url":"https:\/\/secure.gravatar.com\/avatar\/fac9e03c4db0011b9c1ad8b5e9c74b8c?s=96&d=mm&r=g","contentUrl":"https:\/\/secure.gravatar.com\/avatar\/fac9e03c4db0011b9c1ad8b5e9c74b8c?s=96&d=mm&r=g","caption":"pilar-admin"},"url":"https:\/\/www.vegaintro-projekti.com\/pilar-stari\/author\/pilar-admin\/"}]}},"_links":{"self":[{"href":"https:\/\/www.vegaintro-projekti.com\/pilar-stari\/wp-json\/wp\/v2\/posts\/738"}],"collection":[{"href":"https:\/\/www.vegaintro-projekti.com\/pilar-stari\/wp-json\/wp\/v2\/posts"}],"about":[{"href":"https:\/\/www.vegaintro-projekti.com\/pilar-stari\/wp-json\/wp\/v2\/types\/post"}],"author":[{"embeddable":true,"href":"https:\/\/www.vegaintro-projekti.com\/pilar-stari\/wp-json\/wp\/v2\/users\/1"}],"replies":[{"embeddable":true,"href":"https:\/\/www.vegaintro-projekti.com\/pilar-stari\/wp-json\/wp\/v2\/comments?post=738"}],"version-history":[{"count":6,"href":"https:\/\/www.vegaintro-projekti.com\/pilar-stari\/wp-json\/wp\/v2\/posts\/738\/revisions"}],"predecessor-version":[{"id":22537,"href":"https:\/\/www.vegaintro-projekti.com\/pilar-stari\/wp-json\/wp\/v2\/posts\/738\/revisions\/22537"}],"wp:attachment":[{"href":"https:\/\/www.vegaintro-projekti.com\/pilar-stari\/wp-json\/wp\/v2\/media?parent=738"}],"wp:term":[{"taxonomy":"category","embeddable":true,"href":"https:\/\/www.vegaintro-projekti.com\/pilar-stari\/wp-json\/wp\/v2\/categories?post=738"},{"taxonomy":"post_tag","embeddable":true,"href":"https:\/\/www.vegaintro-projekti.com\/pilar-stari\/wp-json\/wp\/v2\/tags?post=738"}],"curies":[{"name":"wp","href":"https:\/\/api.w.org\/{rel}","templated":true}]}}