{"id":766,"date":"2015-02-15T19:59:06","date_gmt":"2015-02-15T19:59:06","guid":{"rendered":"https:\/\/www.vegaintro-projekti.com\/pilar-stari\/2015\/02\/15\/knjiga-dr-sc-stipana-trogrlica-o-represiji-prema-katolickoj-crkvi-u-istri-1945-1971\/"},"modified":"2017-12-07T13:15:18","modified_gmt":"2017-12-07T13:15:18","slug":"knjiga-dr-sc-stipana-trogrlica-o-represiji-prema-katolickoj-crkvi-u-istri-1945-1971","status":"publish","type":"post","link":"https:\/\/www.vegaintro-projekti.com\/pilar-stari\/2015\/02\/knjiga-dr-sc-stipana-trogrlica-o-represiji-prema-katolickoj-crkvi-u-istri-1945-1971\/","title":{"rendered":"Knjiga dr. sc. Trogrli\u0107a o represiji prema Katoli\u010dkoj crkvi u Istri 1945.-1971."},"content":{"rendered":"<p><strong>U sunakladni\u0161tvu Dr\u017eavnog arhiva u Pazinu i Instituta dru\u0161tvenih znanosti Ivo Pilar &#8211; Podru\u010dni centar Pula objavljena je knjiga vi\u0161eg znanstvenog suradnika i voditelja Podru\u010dnog centra Pula dr. sc. Stipana Trogrli\u0107a REPRESIJA JUGOSLAVENSKOG KOMUNISTI\u010cKOG RE\u017dIMA PREMA KATOLI\u010cKOJ CRKVI U ISTRI 1945.-1971.<\/strong><\/p>\n<table border=\"0\">\n<tbody>\n<tr>\n<td><img decoding=\"async\" loading=\"lazy\" src=\"https:\/\/www.vegaintro-projekti.com\/pilar-stari\/wp-content\/images\/stories\/fotografije\/publikacije\/izdanja_u_suradnji\/Represija-nasl.jpg\" alt=\"Represija-nasl\" width=\"216\" height=\"314\" \/><\/td>\n<td valign=\"bottom\">\n<p><span style=\"font-size: 12pt;\">U knjizi se, metodologijom povijesne znanosti, nastoji odgovoriti na istra\u017eiva\u010dko pitanje:&nbsp;Koje je represivne mehanizme koristio jugoslavenski komunisti\u010dki re\u017eim protiv Katoli\u010dke crkve&nbsp;u Istri te koji su uzroci i posljedice tih mjera za samu Crkvu, ali i za crkveno-dr\u017eavne, kao&nbsp;i cjelokupne du\u0161tvene odnose?<\/span><\/p>\n<p><span style=\"font-size: 8pt;\"><strong>Stipan Trogrli\u0107<\/strong><\/span><br \/><span style=\"font-size: 8pt;\"><strong>REPRESIJA JUGOSLAVENSKOG KOMUNISTI\u010cKOG RE\u017dIMA PREMA KATOLI\u010cKOJ CRKVI U ISTRI 1945.-1971.<\/strong><\/span><br \/><span style=\"font-size: 8pt;\"><strong>Dr\u017eavni arhiv u Pazinu i Institut dru\u0161tvenih znanosti Ivo Pilar &#8211; Podru\u010dni centar Pula<\/strong><\/span><br \/><span style=\"font-size: 8pt;\"><strong>Pazin 2014. &#8211; Str. 412.<\/strong><\/span><br \/><span style=\"font-size: 8pt;\"><strong>ISBN 978-953-7640-21-7;&nbsp;ISBN 978-953-7964-15-3<\/strong><\/span><\/p>\n<p>&#8211; <a href=\"https:\/\/www.vegaintro-projekti.com\/pilar-stari\/wp-content\/images\/stories\/dokumenti\/izdanja_u_suradnji\/trogrlic\/Represija-omot.pdf\">Omot<\/a> \/ <a href=\"https:\/\/www.vegaintro-projekti.com\/pilar-stari\/wp-content\/images\/stories\/dokumenti\/izdanja_u_suradnji\/trogrlic\/Represija-impresum.pdf\">Impresum<\/a> \/ <a href=\"#kazalo\">Kazalo<\/a> \/ <a href=\"https:\/\/www.vegaintro-projekti.com\/pilar-stari\/wp-content\/images\/stories\/dokumenti\/izdanja_u_suradnji\/trogrlic\/Represija-autor.pdf\">O autoru<\/a> \/ <a href=\"https:\/\/www.vegaintro-projekti.com\/pilar-stari\/wp-content\/images\/stories\/dokumenti\/izdanja_u_suradnji\/trogrlic\/Represija-urednik.pdf\">Rije\u010d urednika<\/a><\/p>\n<\/td>\n<\/tr>\n<\/tbody>\n<\/table>\n<p><a name=\"kazalo\">&nbsp;<\/a><\/p>\n<p><span style=\"font-size: 12pt;\">Kazalo<\/span><\/p>\n<p>&#8211; <a href=\"https:\/\/www.vegaintro-projekti.com\/pilar-stari\/wp-content\/images\/stories\/dokumenti\/izdanja_u_suradnji\/trogrlic\/Represija-omot.pdf\">Omot<\/a> \/ <a href=\"https:\/\/www.vegaintro-projekti.com\/pilar-stari\/wp-content\/images\/stories\/dokumenti\/izdanja_u_suradnji\/trogrlic\/Represija-impresum.pdf\">Impresum<\/a> \/ <a href=\"https:\/\/www.vegaintro-projekti.com\/pilar-stari\/wp-content\/images\/stories\/dokumenti\/izdanja_u_suradnji\/trogrlic\/Represija-kazalo.pdf\">Kazalo<\/a><\/p>\n<p><a href=\"https:\/\/www.vegaintro-projekti.com\/pilar-stari\/wp-content\/images\/stories\/dokumenti\/izdanja_u_suradnji\/trogrlic\/Represija-urednik.pdf\">Rije\u010d urednika<\/a><br \/>Uvod<br \/>Istra &#8211; me\u0111uratni i ratni nacionalno-politi\u010dki okvir (1920.-1945.)<\/p>\n<p><strong>I. DR\u017dAVNA POLITIKA &#8220;MRKVE I BATINE&#8221; PREMA CRKVI U ISTRI 1945.-1947.<\/strong><br \/>Izme\u0111u represije i modusa vivendi 1945.-1946.<br \/>Godina 1947. reduciranje suradnje na ra\u010dun represije<br \/>Zbivanja za vrijeme krizme u kolovozu 1947.<br \/>Agrarna reforma u sustavu represije<\/p>\n<p><strong>II. IZGRADNJA SUSTAVA REPRESIJE 1947.-1952.<\/strong><br \/>U \u017ervnju prozivk\u00e2, represivnih mjera i sudskih procesa<br \/>Dru\u0161tvo sve\u0107enika sv. \u0106irila i Metoda<br \/>Novi udar na crkvenu imovinu<br \/>Razni oblici i metode ometanja pastoralnoga rada<\/p>\n<p><strong>III. FUNKCIONIRANJE SUSTAVA REPRESIJE 1952.-1960.<\/strong><br \/>Prekid diplomatskih odnosa FNRJ sa Sv. Stolicom<br \/>Crkva u Istri nakon prekida diplomatskih odnosa<br \/>Sudski proces bogoslovima Visoke teolo\u0161ke \u0161kole u Rijeci<br \/>Biskupsko sjemeni\u0161te i gimnazija u Pazinu &#8211; od miljenika do prognanika<\/p>\n<p><strong>IV. IZNEVJERENE NADE I O\u010cEKIVANJA 1960.-1971.<\/strong><br \/>Stari slu\u010dajevi i isprobane metode<br \/>Ru\u0161enje, zatvaranje i onemogu\u0107ivanje gradnje crkava<br \/>Pod budnim okom \u010duvara dru\u0161tveno-politi\u010dkog ure\u0111enja<br \/>Katoli\u010dka crkva u Istri i Hrvatsko prolje\u0107e 1971.\/1972.<\/p>\n<p><a href=\"https:\/\/www.vegaintro-projekti.com\/pilar-stari\/wp-content\/images\/stories\/dokumenti\/izdanja_u_suradnji\/trogrlic\/Represija-zakljucak.pdf\">Zaklju\u010dak<\/a><br \/>Popis kratica<br \/>Popis izvora i literature<br \/>Kazalo osobnih imena<br \/>Kazalo toponima<br \/>Sa\u017eetak<br \/>Summary<br \/>Riassunto<br \/><a href=\"https:\/\/www.vegaintro-projekti.com\/pilar-stari\/wp-content\/images\/stories\/dokumenti\/izdanja_u_suradnji\/trogrlic\/Represija-autor.pdf\">Bilje\u0161ka o autoru<\/a><\/p>\n<p><a name=\"urednik\">&nbsp;<\/a><br \/><span style=\"font-size: 12pt;\">Iz Rije\u010di urednika<\/span><\/p>\n<p>Ve\u0107 sama podjela knjige i naslovi poglavlja otkrivaju nedovoljno poznatu \u010dinjenicu da se nedavna povijest represije Katoli\u010dke crkve u Istri od strane komunisti\u010dkog re\u017eima zao\u0161trava ili ubla\u017euje, poja\u010dava ili smanjuje u odnosu na dva klju\u010dna doga\u0111aja, doga\u0111aja mu\u010deni\u0161tva. Miroslav Bule\u0161i\u0107 i kardinal Alojzije Stepinac, svojim tragi\u010dnim sudbinama, bitno su utjecali na odnose Crkve i onda\u0161njeg re\u017eima, ne samo u Istri nego u cijeloj onda\u0161njoj Hrvatskoj. U ozra\u010dju nedavnog progla\u0161enja bla\u017eenim Miroslava Bule\u0161i\u0107a ova knjiga izlazi u trenutku kada se osje\u0107a potreba znanstvenog rasvjetljavanja njegove \u017ertve i uva\u017eavanja njezinog zna\u010daja. To je do sada vi\u0161estruko u\u010dinjeno u odnosu na podru\u010dje crkvenoga i religioznoga \u017eivota, ali nedovoljno u odnosu na politi\u010dka zbivanja u Istri. U tom smislu ova knjiga predstavlja zna\u010dajan doprinos&#8230;<\/p>\n<p><em>Josip Grbac<\/em><\/p>\n<p>&gt;&gt;&gt;&nbsp;<a href=\"https:\/\/www.vegaintro-projekti.com\/pilar-stari\/2015\/02\/predstavljanje-knjige-o-represiji-prema-katolickoj-crkvi-u-istri-1945-1971\/\">Predstavljanje knjige o represiji prema Katoli\u010dkoj crkvi u Istri 1945.-1971.<\/a><\/p>\n<p>&gt;&gt;&gt; <a href=\"https:\/\/www.vegaintro-projekti.com\/pilar-stari\/2008\/10\/podruni-centar-pula\/\">PODRU\u010cNI CENTAR PULA<\/a><\/p>\n","protected":false},"excerpt":{"rendered":"<p>U sunakladni\u0161tvu Dr\u017eavnog arhiva u Pazinu i Instituta dru\u0161tvenih znanosti Ivo Pilar &#8211; Podru\u010dni centar Pula objavljena je knjiga vi\u0161eg znanstvenog suradnika i voditelja Podru\u010dnog centra Pula dr. sc. Stipana Trogrli\u0107a REPRESIJA JUGOSLAVENSKOG KOMUNISTI\u010cKOG RE\u017dIMA PREMA KATOLI\u010cKOJ CRKVI U ISTRI 1945.-1971. U knjizi se, metodologijom povijesne znanosti, nastoji odgovoriti na istra\u017eiva\u010dko pitanje:&nbsp;Koje je represivne mehanizme&hellip; <a class=\"continue\" href=\"https:\/\/www.vegaintro-projekti.com\/pilar-stari\/2015\/02\/knjiga-dr-sc-stipana-trogrlica-o-represiji-prema-katolickoj-crkvi-u-istri-1945-1971\/\">Pro\u010ditaj vi\u0161e o<span> Knjiga dr. sc. Trogrli\u0107a o represiji prema Katoli\u010dkoj crkvi u Istri 1945.-1971.<\/span><\/a><\/p>\n","protected":false},"author":1,"featured_media":0,"comment_status":"open","ping_status":"open","sticky":false,"template":"","format":"standard","meta":{"inline_featured_image":false,"ngg_post_thumbnail":0,"footnotes":""},"categories":[21],"tags":[],"yoast_head":"<!-- This site is optimized with the Yoast SEO plugin v21.2 - https:\/\/yoast.com\/wordpress\/plugins\/seo\/ -->\n<title>Knjiga dr. sc. Trogrli\u0107a o represiji prema Katoli\u010dkoj crkvi u Istri 1945.-1971. - Institut dru&scaron;tvenih znanosti Ivo Pilar<\/title>\n<meta name=\"robots\" content=\"noindex, follow, max-snippet:-1, max-image-preview:large, max-video-preview:-1\" \/>\n<meta property=\"og:locale\" content=\"hr_HR\" \/>\n<meta property=\"og:type\" content=\"article\" \/>\n<meta property=\"og:title\" content=\"Knjiga dr. sc. Trogrli\u0107a o represiji prema Katoli\u010dkoj crkvi u Istri 1945.-1971. - Institut dru&scaron;tvenih znanosti Ivo Pilar\" \/>\n<meta property=\"og:description\" content=\"U sunakladni\u0161tvu Dr\u017eavnog arhiva u Pazinu i Instituta dru\u0161tvenih znanosti Ivo Pilar &#8211; Podru\u010dni centar Pula objavljena je knjiga vi\u0161eg znanstvenog suradnika i voditelja Podru\u010dnog centra Pula dr. sc. Stipana Trogrli\u0107a REPRESIJA JUGOSLAVENSKOG KOMUNISTI\u010cKOG RE\u017dIMA PREMA KATOLI\u010cKOJ CRKVI U ISTRI 1945.-1971. U knjizi se, metodologijom povijesne znanosti, nastoji odgovoriti na istra\u017eiva\u010dko pitanje:&nbsp;Koje je represivne mehanizme&hellip; Pro\u010ditaj vi\u0161e o Knjiga dr. sc. Trogrli\u0107a o represiji prema Katoli\u010dkoj crkvi u Istri 1945.-1971.\" \/>\n<meta property=\"og:url\" content=\"https:\/\/www.vegaintro-projekti.com\/pilar-stari\/2015\/02\/knjiga-dr-sc-stipana-trogrlica-o-represiji-prema-katolickoj-crkvi-u-istri-1945-1971\/\" \/>\n<meta property=\"og:site_name\" content=\"Institut dru&scaron;tvenih znanosti Ivo Pilar\" \/>\n<meta property=\"article:published_time\" content=\"2015-02-15T19:59:06+00:00\" \/>\n<meta property=\"article:modified_time\" content=\"2017-12-07T13:15:18+00:00\" \/>\n<meta property=\"og:image\" content=\"https:\/\/www.vegaintro-projekti.com\/pilar-stari\/wp-content\/images\/stories\/fotografije\/publikacije\/izdanja_u_suradnji\/Represija-nasl.jpg\" \/>\n<meta name=\"author\" content=\"pilar-admin\" \/>\n<meta name=\"twitter:card\" content=\"summary_large_image\" \/>\n<meta name=\"twitter:label1\" content=\"Napisao\/la\" \/>\n\t<meta name=\"twitter:data1\" content=\"pilar-admin\" \/>\n\t<meta name=\"twitter:label2\" content=\"Procijenjeno vrijeme \u010ditanja\" \/>\n\t<meta name=\"twitter:data2\" content=\"3 minute\" \/>\n<script type=\"application\/ld+json\" class=\"yoast-schema-graph\">{\"@context\":\"https:\/\/schema.org\",\"@graph\":[{\"@type\":\"WebPage\",\"@id\":\"https:\/\/www.vegaintro-projekti.com\/pilar-stari\/2015\/02\/knjiga-dr-sc-stipana-trogrlica-o-represiji-prema-katolickoj-crkvi-u-istri-1945-1971\/\",\"url\":\"https:\/\/www.vegaintro-projekti.com\/pilar-stari\/2015\/02\/knjiga-dr-sc-stipana-trogrlica-o-represiji-prema-katolickoj-crkvi-u-istri-1945-1971\/\",\"name\":\"Knjiga dr. sc. Trogrli\u0107a o represiji prema Katoli\u010dkoj crkvi u Istri 1945.-1971. - Institut dru&scaron;tvenih znanosti Ivo Pilar\",\"isPartOf\":{\"@id\":\"https:\/\/www.vegaintro-projekti.com\/pilar-stari\/#website\"},\"datePublished\":\"2015-02-15T19:59:06+00:00\",\"dateModified\":\"2017-12-07T13:15:18+00:00\",\"author\":{\"@id\":\"https:\/\/www.vegaintro-projekti.com\/pilar-stari\/#\/schema\/person\/c0db50ebd77c4409e19b18044bbf10c1\"},\"breadcrumb\":{\"@id\":\"https:\/\/www.vegaintro-projekti.com\/pilar-stari\/2015\/02\/knjiga-dr-sc-stipana-trogrlica-o-represiji-prema-katolickoj-crkvi-u-istri-1945-1971\/#breadcrumb\"},\"inLanguage\":\"hr\",\"potentialAction\":[{\"@type\":\"ReadAction\",\"target\":[\"https:\/\/www.vegaintro-projekti.com\/pilar-stari\/2015\/02\/knjiga-dr-sc-stipana-trogrlica-o-represiji-prema-katolickoj-crkvi-u-istri-1945-1971\/\"]}]},{\"@type\":\"BreadcrumbList\",\"@id\":\"https:\/\/www.vegaintro-projekti.com\/pilar-stari\/2015\/02\/knjiga-dr-sc-stipana-trogrlica-o-represiji-prema-katolickoj-crkvi-u-istri-1945-1971\/#breadcrumb\",\"itemListElement\":[{\"@type\":\"ListItem\",\"position\":1,\"name\":\"Home\",\"item\":\"https:\/\/www.vegaintro-projekti.com\/pilar-stari\/\"},{\"@type\":\"ListItem\",\"position\":2,\"name\":\"Knjiga dr. sc. Trogrli\u0107a o represiji prema Katoli\u010dkoj crkvi u Istri 1945.-1971.\"}]},{\"@type\":\"WebSite\",\"@id\":\"https:\/\/www.vegaintro-projekti.com\/pilar-stari\/#website\",\"url\":\"https:\/\/www.vegaintro-projekti.com\/pilar-stari\/\",\"name\":\"Institut dru&scaron;tvenih znanosti Ivo Pilar\",\"description\":\"Pilar\",\"potentialAction\":[{\"@type\":\"SearchAction\",\"target\":{\"@type\":\"EntryPoint\",\"urlTemplate\":\"https:\/\/www.vegaintro-projekti.com\/pilar-stari\/?s={search_term_string}\"},\"query-input\":\"required name=search_term_string\"}],\"inLanguage\":\"hr\"},{\"@type\":\"Person\",\"@id\":\"https:\/\/www.vegaintro-projekti.com\/pilar-stari\/#\/schema\/person\/c0db50ebd77c4409e19b18044bbf10c1\",\"name\":\"pilar-admin\",\"image\":{\"@type\":\"ImageObject\",\"inLanguage\":\"hr\",\"@id\":\"https:\/\/www.vegaintro-projekti.com\/pilar-stari\/#\/schema\/person\/image\/\",\"url\":\"https:\/\/secure.gravatar.com\/avatar\/fac9e03c4db0011b9c1ad8b5e9c74b8c?s=96&d=mm&r=g\",\"contentUrl\":\"https:\/\/secure.gravatar.com\/avatar\/fac9e03c4db0011b9c1ad8b5e9c74b8c?s=96&d=mm&r=g\",\"caption\":\"pilar-admin\"},\"url\":\"https:\/\/www.vegaintro-projekti.com\/pilar-stari\/author\/pilar-admin\/\"}]}<\/script>\n<!-- \/ Yoast SEO plugin. -->","yoast_head_json":{"title":"Knjiga dr. sc. Trogrli\u0107a o represiji prema Katoli\u010dkoj crkvi u Istri 1945.-1971. - Institut dru&scaron;tvenih znanosti Ivo Pilar","robots":{"index":"noindex","follow":"follow","max-snippet":"max-snippet:-1","max-image-preview":"max-image-preview:large","max-video-preview":"max-video-preview:-1"},"og_locale":"hr_HR","og_type":"article","og_title":"Knjiga dr. sc. Trogrli\u0107a o represiji prema Katoli\u010dkoj crkvi u Istri 1945.-1971. - Institut dru&scaron;tvenih znanosti Ivo Pilar","og_description":"U sunakladni\u0161tvu Dr\u017eavnog arhiva u Pazinu i Instituta dru\u0161tvenih znanosti Ivo Pilar &#8211; Podru\u010dni centar Pula objavljena je knjiga vi\u0161eg znanstvenog suradnika i voditelja Podru\u010dnog centra Pula dr. sc. Stipana Trogrli\u0107a REPRESIJA JUGOSLAVENSKOG KOMUNISTI\u010cKOG RE\u017dIMA PREMA KATOLI\u010cKOJ CRKVI U ISTRI 1945.-1971. U knjizi se, metodologijom povijesne znanosti, nastoji odgovoriti na istra\u017eiva\u010dko pitanje:&nbsp;Koje je represivne mehanizme&hellip; Pro\u010ditaj vi\u0161e o Knjiga dr. sc. Trogrli\u0107a o represiji prema Katoli\u010dkoj crkvi u Istri 1945.-1971.","og_url":"https:\/\/www.vegaintro-projekti.com\/pilar-stari\/2015\/02\/knjiga-dr-sc-stipana-trogrlica-o-represiji-prema-katolickoj-crkvi-u-istri-1945-1971\/","og_site_name":"Institut dru&scaron;tvenih znanosti Ivo Pilar","article_published_time":"2015-02-15T19:59:06+00:00","article_modified_time":"2017-12-07T13:15:18+00:00","og_image":[{"url":"https:\/\/www.vegaintro-projekti.com\/pilar-stari\/wp-content\/images\/stories\/fotografije\/publikacije\/izdanja_u_suradnji\/Represija-nasl.jpg"}],"author":"pilar-admin","twitter_card":"summary_large_image","twitter_misc":{"Napisao\/la":"pilar-admin","Procijenjeno vrijeme \u010ditanja":"3 minute"},"schema":{"@context":"https:\/\/schema.org","@graph":[{"@type":"WebPage","@id":"https:\/\/www.vegaintro-projekti.com\/pilar-stari\/2015\/02\/knjiga-dr-sc-stipana-trogrlica-o-represiji-prema-katolickoj-crkvi-u-istri-1945-1971\/","url":"https:\/\/www.vegaintro-projekti.com\/pilar-stari\/2015\/02\/knjiga-dr-sc-stipana-trogrlica-o-represiji-prema-katolickoj-crkvi-u-istri-1945-1971\/","name":"Knjiga dr. sc. Trogrli\u0107a o represiji prema Katoli\u010dkoj crkvi u Istri 1945.-1971. - Institut dru&scaron;tvenih znanosti Ivo Pilar","isPartOf":{"@id":"https:\/\/www.vegaintro-projekti.com\/pilar-stari\/#website"},"datePublished":"2015-02-15T19:59:06+00:00","dateModified":"2017-12-07T13:15:18+00:00","author":{"@id":"https:\/\/www.vegaintro-projekti.com\/pilar-stari\/#\/schema\/person\/c0db50ebd77c4409e19b18044bbf10c1"},"breadcrumb":{"@id":"https:\/\/www.vegaintro-projekti.com\/pilar-stari\/2015\/02\/knjiga-dr-sc-stipana-trogrlica-o-represiji-prema-katolickoj-crkvi-u-istri-1945-1971\/#breadcrumb"},"inLanguage":"hr","potentialAction":[{"@type":"ReadAction","target":["https:\/\/www.vegaintro-projekti.com\/pilar-stari\/2015\/02\/knjiga-dr-sc-stipana-trogrlica-o-represiji-prema-katolickoj-crkvi-u-istri-1945-1971\/"]}]},{"@type":"BreadcrumbList","@id":"https:\/\/www.vegaintro-projekti.com\/pilar-stari\/2015\/02\/knjiga-dr-sc-stipana-trogrlica-o-represiji-prema-katolickoj-crkvi-u-istri-1945-1971\/#breadcrumb","itemListElement":[{"@type":"ListItem","position":1,"name":"Home","item":"https:\/\/www.vegaintro-projekti.com\/pilar-stari\/"},{"@type":"ListItem","position":2,"name":"Knjiga dr. sc. Trogrli\u0107a o represiji prema Katoli\u010dkoj crkvi u Istri 1945.-1971."}]},{"@type":"WebSite","@id":"https:\/\/www.vegaintro-projekti.com\/pilar-stari\/#website","url":"https:\/\/www.vegaintro-projekti.com\/pilar-stari\/","name":"Institut dru&scaron;tvenih znanosti Ivo Pilar","description":"Pilar","potentialAction":[{"@type":"SearchAction","target":{"@type":"EntryPoint","urlTemplate":"https:\/\/www.vegaintro-projekti.com\/pilar-stari\/?s={search_term_string}"},"query-input":"required name=search_term_string"}],"inLanguage":"hr"},{"@type":"Person","@id":"https:\/\/www.vegaintro-projekti.com\/pilar-stari\/#\/schema\/person\/c0db50ebd77c4409e19b18044bbf10c1","name":"pilar-admin","image":{"@type":"ImageObject","inLanguage":"hr","@id":"https:\/\/www.vegaintro-projekti.com\/pilar-stari\/#\/schema\/person\/image\/","url":"https:\/\/secure.gravatar.com\/avatar\/fac9e03c4db0011b9c1ad8b5e9c74b8c?s=96&d=mm&r=g","contentUrl":"https:\/\/secure.gravatar.com\/avatar\/fac9e03c4db0011b9c1ad8b5e9c74b8c?s=96&d=mm&r=g","caption":"pilar-admin"},"url":"https:\/\/www.vegaintro-projekti.com\/pilar-stari\/author\/pilar-admin\/"}]}},"_links":{"self":[{"href":"https:\/\/www.vegaintro-projekti.com\/pilar-stari\/wp-json\/wp\/v2\/posts\/766"}],"collection":[{"href":"https:\/\/www.vegaintro-projekti.com\/pilar-stari\/wp-json\/wp\/v2\/posts"}],"about":[{"href":"https:\/\/www.vegaintro-projekti.com\/pilar-stari\/wp-json\/wp\/v2\/types\/post"}],"author":[{"embeddable":true,"href":"https:\/\/www.vegaintro-projekti.com\/pilar-stari\/wp-json\/wp\/v2\/users\/1"}],"replies":[{"embeddable":true,"href":"https:\/\/www.vegaintro-projekti.com\/pilar-stari\/wp-json\/wp\/v2\/comments?post=766"}],"version-history":[{"count":4,"href":"https:\/\/www.vegaintro-projekti.com\/pilar-stari\/wp-json\/wp\/v2\/posts\/766\/revisions"}],"predecessor-version":[{"id":6749,"href":"https:\/\/www.vegaintro-projekti.com\/pilar-stari\/wp-json\/wp\/v2\/posts\/766\/revisions\/6749"}],"wp:attachment":[{"href":"https:\/\/www.vegaintro-projekti.com\/pilar-stari\/wp-json\/wp\/v2\/media?parent=766"}],"wp:term":[{"taxonomy":"category","embeddable":true,"href":"https:\/\/www.vegaintro-projekti.com\/pilar-stari\/wp-json\/wp\/v2\/categories?post=766"},{"taxonomy":"post_tag","embeddable":true,"href":"https:\/\/www.vegaintro-projekti.com\/pilar-stari\/wp-json\/wp\/v2\/tags?post=766"}],"curies":[{"name":"wp","href":"https:\/\/api.w.org\/{rel}","templated":true}]}}