{"id":775,"date":"2015-03-17T05:49:34","date_gmt":"2015-03-17T05:49:34","guid":{"rendered":"https:\/\/www.vegaintro-projekti.com\/pilar-stari\/2015\/03\/17\/konferencija-kvaliteta-obrazovanja-za-romsku-djecu\/"},"modified":"2017-12-05T15:32:17","modified_gmt":"2017-12-05T15:32:17","slug":"konferencija-kvaliteta-obrazovanja-za-romsku-djecu","status":"publish","type":"post","link":"https:\/\/www.vegaintro-projekti.com\/pilar-stari\/2015\/03\/konferencija-kvaliteta-obrazovanja-za-romsku-djecu\/","title":{"rendered":"Konferencija KVALITETA OBRAZOVANJA ZA ROMSKU DJECU"},"content":{"rendered":"<p><strong>Projekt <em>Socijalno uklju\u010divanje djece Roma (RECI+) Izvje\u0161taj za Hrvatsku<\/em> predstavljen je na konferenciji &#8220;Kvaliteta obrazovanja za romsku djecu&#8221; koja je odr\u017eana 17. velja\u010de 2015. godine u Ministarstvu znanosti, obrazovanja i sporta u Zagrebu. Istra\u017eivanje <strong>o socijalnom uklju\u010divanju romske djece u ranom djetinjstvu<\/strong>&nbsp;proveo je Institut dru\u0161tvenih znanosti Ivo Pilar u suradnji sa zakladama Otvoreno dru\u0161tvo (OSF), UNICEF i Fond za obrazovanje Roma (REF). Autori istra\u017eivanja su Lynette \u0160iki\u0107-Mi\u0107anovi\u0107, Arthur R. Ivatts, Danijel Vojak i Marija Geiger-Zeman<\/strong><\/p>\n<p><a href=\"https:\/\/www.vegaintro-projekti.com\/pilar-stari\/wp-content\/images\/stories\/dokumenti\/razno\/projekti\/reci\/Program_konferencije.pdf\"><img decoding=\"async\" loading=\"lazy\" src=\"https:\/\/www.vegaintro-projekti.com\/pilar-stari\/wp-content\/images\/stories\/fotografije\/razno\/projekti\/reci\/Reci_konferencija.jpg\" alt=\"Reci konferencija\" width=\"637\" height=\"251\" \/><\/a><\/p>\n<p>&#8211; <a href=\"https:\/\/www.vegaintro-projekti.com\/pilar-stari\/wp-content\/images\/stories\/dokumenti\/razno\/projekti\/reci\/Program_konferencije.pdf\">Program konferencije KVALITETNO OBRAZOVANJE ZA ROMSKU DJECU; Zagreb, 17. velja\u010de 2015.<\/a><\/p>\n<p><em>The Roma Early Childhood Inclusion+ Croatia Report was launched at a conference entitled &#8220;Quality education for Roma children&#8221; that was held on 17 February 2015 at the Ministry of Science, Education and Sports in Zagreb. The results of this research study conducted by the Institute of Social Sciences Ivo Pilar, in collaboration with the Open Society Foundations (OSF), UNICEF and the Roma Education Fund (REF) were presented at this conference. This study, which was authored by Lynette \u0160iki\u0107-Mi\u0107anovi\u0107, Arthur R. Ivatts, Danijel Vojak, and Marija Geiger-Zeman reports on the social inclusion of Roma children in early childhood.<\/em><\/p>\n<p>&nbsp;<\/p>\n<table border=\"0\">\n<tbody>\n<tr>\n<td><a href=\"https:\/\/www.vegaintro-projekti.com\/pilar-stari\/wp-content\/images\/stories\/dokumenti\/razno\/projekti\/reci\/RECI_Croatia_report_EN.pdf\"><img decoding=\"async\" loading=\"lazy\" src=\"https:\/\/www.vegaintro-projekti.com\/pilar-stari\/wp-content\/images\/stories\/fotografije\/razno\/projekti\/reci\/Reci_en.jpg\" alt=\"Reci en\" width=\"317\" height=\"447\" \/><\/a><\/td>\n<td><a href=\"https:\/\/www.vegaintro-projekti.com\/pilar-stari\/wp-content\/images\/stories\/dokumenti\/razno\/projekti\/reci\/RECI_Hr_izvjesaj_HR.pdf\"><img decoding=\"async\" loading=\"lazy\" src=\"https:\/\/www.vegaintro-projekti.com\/pilar-stari\/wp-content\/images\/stories\/fotografije\/razno\/projekti\/reci\/Reci_hr.jpg\" alt=\"Reci hr\" width=\"317\" height=\"447\" \/><\/a><\/td>\n<\/tr>\n<tr>\n<td><strong>&#8211; Full text: <a href=\"https:\/\/www.vegaintro-projekti.com\/pilar-stari\/wp-content\/images\/stories\/dokumenti\/razno\/projekti\/reci\/RECI_Croatia_report_EN.pdf\">Roma Early Childhood Inclusion+:<\/a><br \/> <a href=\"https:\/\/www.vegaintro-projekti.com\/pilar-stari\/wp-content\/images\/stories\/dokumenti\/razno\/projekti\/reci\/RECI_Croatia_report_EN.pdf\">Croatia Report<\/a><\/strong><\/td>\n<td><strong>&#8211; Puni tekst: <a href=\"https:\/\/www.vegaintro-projekti.com\/pilar-stari\/wp-content\/images\/stories\/dokumenti\/razno\/projekti\/reci\/RECI_Hr_izvjesaj_HR.pdf\">Socijalno uklju\u010divanje djece Roma (RECI+):<\/a><br \/><a href=\"https:\/\/www.vegaintro-projekti.com\/pilar-stari\/wp-content\/images\/stories\/dokumenti\/razno\/projekti\/reci\/RECI_Hr_izvjesaj_HR.pdf\">Izvje\u0161taj za Hrvatsku<\/a><\/strong><\/td>\n<\/tr>\n<\/tbody>\n<\/table>\n<p><span style=\"font-size: 12pt;\">Iz medija<\/span><\/p>\n<p><strong>&#8211; Bilten &#8211; regionalni portal:<\/strong> <a href=\"http:\/\/www.bilten.org\/?p=5123\">Tek 20 posto romske djece u pred\u0161kolskom obrazovanju, 2. o\u017eujka 2015.<\/a><\/p>\n<p><strong>&#8211; Novi list:<\/strong> <a href=\"http:\/\/www.novilist.hr\/Vijesti\/Hrvatska\/Jedna-nas-uciteljica-u-skoli-razmjesta-prema-boji-koze\">&#8220;Jedna nas u\u010diteljica u \u0161koli razmje\u0161ta prema boji ko\u017ee&#8221;, 18. velja\u010de 2015.<\/a><\/p>\n<p>&gt;&gt;&gt;&nbsp;<a href=\"https:\/\/www.vegaintro-projekti.com\/pilar-stari\/2015\/02\/reci-roma-early-childhood-inclusion\/\">PROJEKT: RECI &#8211; Roma Early Childhood Inclusion<\/a><\/p>\n<p><\/p>\n","protected":false},"excerpt":{"rendered":"<p>Projekt Socijalno uklju\u010divanje djece Roma (RECI+) Izvje\u0161taj za Hrvatsku predstavljen je na konferenciji &#8220;Kvaliteta obrazovanja za romsku djecu&#8221; koja je odr\u017eana 17. velja\u010de 2015. godine u Ministarstvu znanosti, obrazovanja i sporta u Zagrebu. Istra\u017eivanje o socijalnom uklju\u010divanju romske djece u ranom djetinjstvu&nbsp;proveo je Institut dru\u0161tvenih znanosti Ivo Pilar u suradnji sa zakladama Otvoreno dru\u0161tvo (OSF),&hellip; <a class=\"continue\" href=\"https:\/\/www.vegaintro-projekti.com\/pilar-stari\/2015\/03\/konferencija-kvaliteta-obrazovanja-za-romsku-djecu\/\">Pro\u010ditaj vi\u0161e o<span> Konferencija KVALITETA OBRAZOVANJA ZA ROMSKU DJECU<\/span><\/a><\/p>\n","protected":false},"author":1,"featured_media":0,"comment_status":"open","ping_status":"open","sticky":false,"template":"","format":"standard","meta":{"inline_featured_image":false,"ngg_post_thumbnail":0,"footnotes":""},"categories":[11],"tags":[],"yoast_head":"<!-- This site is optimized with the Yoast SEO plugin v21.2 - https:\/\/yoast.com\/wordpress\/plugins\/seo\/ -->\n<title>Konferencija KVALITETA OBRAZOVANJA ZA ROMSKU DJECU - Institut dru&scaron;tvenih znanosti Ivo Pilar<\/title>\n<meta name=\"robots\" content=\"noindex, follow, max-snippet:-1, max-image-preview:large, max-video-preview:-1\" \/>\n<meta property=\"og:locale\" content=\"hr_HR\" \/>\n<meta property=\"og:type\" content=\"article\" \/>\n<meta property=\"og:title\" content=\"Konferencija KVALITETA OBRAZOVANJA ZA ROMSKU DJECU - Institut dru&scaron;tvenih znanosti Ivo Pilar\" \/>\n<meta property=\"og:description\" content=\"Projekt Socijalno uklju\u010divanje djece Roma (RECI+) Izvje\u0161taj za Hrvatsku predstavljen je na konferenciji &#8220;Kvaliteta obrazovanja za romsku djecu&#8221; koja je odr\u017eana 17. velja\u010de 2015. godine u Ministarstvu znanosti, obrazovanja i sporta u Zagrebu. Istra\u017eivanje o socijalnom uklju\u010divanju romske djece u ranom djetinjstvu&nbsp;proveo je Institut dru\u0161tvenih znanosti Ivo Pilar u suradnji sa zakladama Otvoreno dru\u0161tvo (OSF),&hellip; Pro\u010ditaj vi\u0161e o Konferencija KVALITETA OBRAZOVANJA ZA ROMSKU DJECU\" \/>\n<meta property=\"og:url\" content=\"https:\/\/www.vegaintro-projekti.com\/pilar-stari\/2015\/03\/konferencija-kvaliteta-obrazovanja-za-romsku-djecu\/\" \/>\n<meta property=\"og:site_name\" content=\"Institut dru&scaron;tvenih znanosti Ivo Pilar\" \/>\n<meta property=\"article:published_time\" content=\"2015-03-17T05:49:34+00:00\" \/>\n<meta property=\"article:modified_time\" content=\"2017-12-05T15:32:17+00:00\" \/>\n<meta property=\"og:image\" content=\"https:\/\/www.vegaintro-projekti.com\/pilar-stari\/wp-content\/images\/stories\/fotografije\/razno\/projekti\/reci\/Reci_konferencija.jpg\" \/>\n<meta name=\"author\" content=\"pilar-admin\" \/>\n<meta name=\"twitter:card\" content=\"summary_large_image\" \/>\n<meta name=\"twitter:label1\" content=\"Napisao\/la\" \/>\n\t<meta name=\"twitter:data1\" content=\"pilar-admin\" \/>\n\t<meta name=\"twitter:label2\" content=\"Procijenjeno vrijeme \u010ditanja\" \/>\n\t<meta name=\"twitter:data2\" content=\"1 minuta\" \/>\n<script type=\"application\/ld+json\" class=\"yoast-schema-graph\">{\"@context\":\"https:\/\/schema.org\",\"@graph\":[{\"@type\":\"WebPage\",\"@id\":\"https:\/\/www.vegaintro-projekti.com\/pilar-stari\/2015\/03\/konferencija-kvaliteta-obrazovanja-za-romsku-djecu\/\",\"url\":\"https:\/\/www.vegaintro-projekti.com\/pilar-stari\/2015\/03\/konferencija-kvaliteta-obrazovanja-za-romsku-djecu\/\",\"name\":\"Konferencija KVALITETA OBRAZOVANJA ZA ROMSKU DJECU - Institut dru&scaron;tvenih znanosti Ivo Pilar\",\"isPartOf\":{\"@id\":\"https:\/\/www.vegaintro-projekti.com\/pilar-stari\/#website\"},\"datePublished\":\"2015-03-17T05:49:34+00:00\",\"dateModified\":\"2017-12-05T15:32:17+00:00\",\"author\":{\"@id\":\"https:\/\/www.vegaintro-projekti.com\/pilar-stari\/#\/schema\/person\/c0db50ebd77c4409e19b18044bbf10c1\"},\"breadcrumb\":{\"@id\":\"https:\/\/www.vegaintro-projekti.com\/pilar-stari\/2015\/03\/konferencija-kvaliteta-obrazovanja-za-romsku-djecu\/#breadcrumb\"},\"inLanguage\":\"hr\",\"potentialAction\":[{\"@type\":\"ReadAction\",\"target\":[\"https:\/\/www.vegaintro-projekti.com\/pilar-stari\/2015\/03\/konferencija-kvaliteta-obrazovanja-za-romsku-djecu\/\"]}]},{\"@type\":\"BreadcrumbList\",\"@id\":\"https:\/\/www.vegaintro-projekti.com\/pilar-stari\/2015\/03\/konferencija-kvaliteta-obrazovanja-za-romsku-djecu\/#breadcrumb\",\"itemListElement\":[{\"@type\":\"ListItem\",\"position\":1,\"name\":\"Home\",\"item\":\"https:\/\/www.vegaintro-projekti.com\/pilar-stari\/\"},{\"@type\":\"ListItem\",\"position\":2,\"name\":\"Konferencija KVALITETA OBRAZOVANJA ZA ROMSKU DJECU\"}]},{\"@type\":\"WebSite\",\"@id\":\"https:\/\/www.vegaintro-projekti.com\/pilar-stari\/#website\",\"url\":\"https:\/\/www.vegaintro-projekti.com\/pilar-stari\/\",\"name\":\"Institut dru&scaron;tvenih znanosti Ivo Pilar\",\"description\":\"Pilar\",\"potentialAction\":[{\"@type\":\"SearchAction\",\"target\":{\"@type\":\"EntryPoint\",\"urlTemplate\":\"https:\/\/www.vegaintro-projekti.com\/pilar-stari\/?s={search_term_string}\"},\"query-input\":\"required name=search_term_string\"}],\"inLanguage\":\"hr\"},{\"@type\":\"Person\",\"@id\":\"https:\/\/www.vegaintro-projekti.com\/pilar-stari\/#\/schema\/person\/c0db50ebd77c4409e19b18044bbf10c1\",\"name\":\"pilar-admin\",\"image\":{\"@type\":\"ImageObject\",\"inLanguage\":\"hr\",\"@id\":\"https:\/\/www.vegaintro-projekti.com\/pilar-stari\/#\/schema\/person\/image\/\",\"url\":\"https:\/\/secure.gravatar.com\/avatar\/fac9e03c4db0011b9c1ad8b5e9c74b8c?s=96&d=mm&r=g\",\"contentUrl\":\"https:\/\/secure.gravatar.com\/avatar\/fac9e03c4db0011b9c1ad8b5e9c74b8c?s=96&d=mm&r=g\",\"caption\":\"pilar-admin\"},\"url\":\"https:\/\/www.vegaintro-projekti.com\/pilar-stari\/author\/pilar-admin\/\"}]}<\/script>\n<!-- \/ Yoast SEO plugin. -->","yoast_head_json":{"title":"Konferencija KVALITETA OBRAZOVANJA ZA ROMSKU DJECU - Institut dru&scaron;tvenih znanosti Ivo Pilar","robots":{"index":"noindex","follow":"follow","max-snippet":"max-snippet:-1","max-image-preview":"max-image-preview:large","max-video-preview":"max-video-preview:-1"},"og_locale":"hr_HR","og_type":"article","og_title":"Konferencija KVALITETA OBRAZOVANJA ZA ROMSKU DJECU - Institut dru&scaron;tvenih znanosti Ivo Pilar","og_description":"Projekt Socijalno uklju\u010divanje djece Roma (RECI+) Izvje\u0161taj za Hrvatsku predstavljen je na konferenciji &#8220;Kvaliteta obrazovanja za romsku djecu&#8221; koja je odr\u017eana 17. velja\u010de 2015. godine u Ministarstvu znanosti, obrazovanja i sporta u Zagrebu. Istra\u017eivanje o socijalnom uklju\u010divanju romske djece u ranom djetinjstvu&nbsp;proveo je Institut dru\u0161tvenih znanosti Ivo Pilar u suradnji sa zakladama Otvoreno dru\u0161tvo (OSF),&hellip; Pro\u010ditaj vi\u0161e o Konferencija KVALITETA OBRAZOVANJA ZA ROMSKU DJECU","og_url":"https:\/\/www.vegaintro-projekti.com\/pilar-stari\/2015\/03\/konferencija-kvaliteta-obrazovanja-za-romsku-djecu\/","og_site_name":"Institut dru&scaron;tvenih znanosti Ivo Pilar","article_published_time":"2015-03-17T05:49:34+00:00","article_modified_time":"2017-12-05T15:32:17+00:00","og_image":[{"url":"https:\/\/www.vegaintro-projekti.com\/pilar-stari\/wp-content\/images\/stories\/fotografije\/razno\/projekti\/reci\/Reci_konferencija.jpg"}],"author":"pilar-admin","twitter_card":"summary_large_image","twitter_misc":{"Napisao\/la":"pilar-admin","Procijenjeno vrijeme \u010ditanja":"1 minuta"},"schema":{"@context":"https:\/\/schema.org","@graph":[{"@type":"WebPage","@id":"https:\/\/www.vegaintro-projekti.com\/pilar-stari\/2015\/03\/konferencija-kvaliteta-obrazovanja-za-romsku-djecu\/","url":"https:\/\/www.vegaintro-projekti.com\/pilar-stari\/2015\/03\/konferencija-kvaliteta-obrazovanja-za-romsku-djecu\/","name":"Konferencija KVALITETA OBRAZOVANJA ZA ROMSKU DJECU - Institut dru&scaron;tvenih znanosti Ivo Pilar","isPartOf":{"@id":"https:\/\/www.vegaintro-projekti.com\/pilar-stari\/#website"},"datePublished":"2015-03-17T05:49:34+00:00","dateModified":"2017-12-05T15:32:17+00:00","author":{"@id":"https:\/\/www.vegaintro-projekti.com\/pilar-stari\/#\/schema\/person\/c0db50ebd77c4409e19b18044bbf10c1"},"breadcrumb":{"@id":"https:\/\/www.vegaintro-projekti.com\/pilar-stari\/2015\/03\/konferencija-kvaliteta-obrazovanja-za-romsku-djecu\/#breadcrumb"},"inLanguage":"hr","potentialAction":[{"@type":"ReadAction","target":["https:\/\/www.vegaintro-projekti.com\/pilar-stari\/2015\/03\/konferencija-kvaliteta-obrazovanja-za-romsku-djecu\/"]}]},{"@type":"BreadcrumbList","@id":"https:\/\/www.vegaintro-projekti.com\/pilar-stari\/2015\/03\/konferencija-kvaliteta-obrazovanja-za-romsku-djecu\/#breadcrumb","itemListElement":[{"@type":"ListItem","position":1,"name":"Home","item":"https:\/\/www.vegaintro-projekti.com\/pilar-stari\/"},{"@type":"ListItem","position":2,"name":"Konferencija KVALITETA OBRAZOVANJA ZA ROMSKU DJECU"}]},{"@type":"WebSite","@id":"https:\/\/www.vegaintro-projekti.com\/pilar-stari\/#website","url":"https:\/\/www.vegaintro-projekti.com\/pilar-stari\/","name":"Institut dru&scaron;tvenih znanosti Ivo Pilar","description":"Pilar","potentialAction":[{"@type":"SearchAction","target":{"@type":"EntryPoint","urlTemplate":"https:\/\/www.vegaintro-projekti.com\/pilar-stari\/?s={search_term_string}"},"query-input":"required name=search_term_string"}],"inLanguage":"hr"},{"@type":"Person","@id":"https:\/\/www.vegaintro-projekti.com\/pilar-stari\/#\/schema\/person\/c0db50ebd77c4409e19b18044bbf10c1","name":"pilar-admin","image":{"@type":"ImageObject","inLanguage":"hr","@id":"https:\/\/www.vegaintro-projekti.com\/pilar-stari\/#\/schema\/person\/image\/","url":"https:\/\/secure.gravatar.com\/avatar\/fac9e03c4db0011b9c1ad8b5e9c74b8c?s=96&d=mm&r=g","contentUrl":"https:\/\/secure.gravatar.com\/avatar\/fac9e03c4db0011b9c1ad8b5e9c74b8c?s=96&d=mm&r=g","caption":"pilar-admin"},"url":"https:\/\/www.vegaintro-projekti.com\/pilar-stari\/author\/pilar-admin\/"}]}},"_links":{"self":[{"href":"https:\/\/www.vegaintro-projekti.com\/pilar-stari\/wp-json\/wp\/v2\/posts\/775"}],"collection":[{"href":"https:\/\/www.vegaintro-projekti.com\/pilar-stari\/wp-json\/wp\/v2\/posts"}],"about":[{"href":"https:\/\/www.vegaintro-projekti.com\/pilar-stari\/wp-json\/wp\/v2\/types\/post"}],"author":[{"embeddable":true,"href":"https:\/\/www.vegaintro-projekti.com\/pilar-stari\/wp-json\/wp\/v2\/users\/1"}],"replies":[{"embeddable":true,"href":"https:\/\/www.vegaintro-projekti.com\/pilar-stari\/wp-json\/wp\/v2\/comments?post=775"}],"version-history":[{"count":2,"href":"https:\/\/www.vegaintro-projekti.com\/pilar-stari\/wp-json\/wp\/v2\/posts\/775\/revisions"}],"predecessor-version":[{"id":5569,"href":"https:\/\/www.vegaintro-projekti.com\/pilar-stari\/wp-json\/wp\/v2\/posts\/775\/revisions\/5569"}],"wp:attachment":[{"href":"https:\/\/www.vegaintro-projekti.com\/pilar-stari\/wp-json\/wp\/v2\/media?parent=775"}],"wp:term":[{"taxonomy":"category","embeddable":true,"href":"https:\/\/www.vegaintro-projekti.com\/pilar-stari\/wp-json\/wp\/v2\/categories?post=775"},{"taxonomy":"post_tag","embeddable":true,"href":"https:\/\/www.vegaintro-projekti.com\/pilar-stari\/wp-json\/wp\/v2\/tags?post=775"}],"curies":[{"name":"wp","href":"https:\/\/api.w.org\/{rel}","templated":true}]}}