{"id":778,"date":"2015-03-29T22:03:26","date_gmt":"2015-03-29T22:03:26","guid":{"rendered":"https:\/\/www.vegaintro-projekti.com\/pilar-stari\/2015\/03\/29\/2-medunarodna-konferencija-ratnih-stradalnika-zagreb-21-3-2015\/"},"modified":"2017-12-07T13:33:21","modified_gmt":"2017-12-07T13:33:21","slug":"2-medunarodna-konferencija-ratnih-stradalnika-zagreb-21-3-2015","status":"publish","type":"post","link":"https:\/\/www.vegaintro-projekti.com\/pilar-stari\/2015\/03\/2-medunarodna-konferencija-ratnih-stradalnika-zagreb-21-3-2015\/","title":{"rendered":"2. ME\u0110UNARODNA KONFERENCIJA RATNIH STRADALNIKA, 21. 3. 2015."},"content":{"rendered":"<p><strong>Udruga udovica hrvatskih branitelja iz Domovinskog rata u suradnji s Institutom dru\u0161tvenih znanosti Ivo Pilar organizirala je 21. o\u017eujka 2014. godine u Zagrebu 2. Me\u0111unarodnu konferenciju ratnih stradalnika &#8220;Polo\u017eaj i status te uva\u017eavanje ratnih stradalnika u Europskoj uniji&#8221;. U ime Instituta nazo\u010dne je pozdravio predsjednik Znanstvenog vije\u0107a dr. sc. Nenad Pokos, a u radu konferencije, izme\u0111u ostalih, sudjelovao je dr. sc. Dra\u017een \u017divi\u0107 s temom Stigmatizacija i kriminalizacija sudionika i stradalnika Domovinskog rata.&nbsp;<br \/>&#8211; <a href=\"#tijek\">Tijek konferencije<\/a> | <a href=\"#mediji\">Iz medija<\/a><\/p>\n<p><\/strong><\/p>\n<p><a href=\"https:\/\/www.vegaintro-projekti.com\/pilar-stari\/wp-content\/images\/stories\/dokumenti\/skupovi\/stradalnici\/Letak.pdf\"><img decoding=\"async\" loading=\"lazy\" src=\"https:\/\/www.vegaintro-projekti.com\/pilar-stari\/wp-content\/images\/stories\/fotografije\/skupovi\/stradalnici\/Letak_1.jpg\" alt=\"Letak 1\" width=\"640\" height=\"453\" \/><\/a><\/p>\n<p>&#8211; <a href=\"https:\/\/www.vegaintro-projekti.com\/pilar-stari\/wp-content\/images\/stories\/dokumenti\/skupovi\/stradalnici\/Letak.pdf\">Program&nbsp;2. Me\u0111unarodne konferencije ratnih stradalnika &#8220;Polo\u017eaj i status te uva\u017eavanje ratnih stradalnika u Europskoj uniji&#8221;; Zagreb, 21. o\u017eujka 2015.<\/a><\/p>\n<p><a name=\"tijek\">&nbsp;<\/a><\/p>\n<p><span style=\"font-size: 12pt;\">Tijek konferencije<\/span><\/p>\n<p>9:15 \u2013 9:50 \u2013 PRIJAVA SUDIONIKA I GOSTIJU<\/p>\n<p>10:00 &#8211; PO\u010cETAK KONFERENCIJE<\/p>\n<p>&#8211; Himna<br \/>&#8211; Minuta \u0161utnje<br \/>&#8211; Predstavljanje radnog tijela<br \/>&#8211; Pozdravljanje gostiju i uzvanika<br \/>&#8211; Uvodna rije\u010d predsjednice Udruge<br \/>&#8211; Pozdravne rije\u010di uzvanika<\/p>\n<p>11:00 \u2013 11:30 \u2013 izlaganje uvodni\u010dara \u2013 prof. dr. sc. Zvonimir \u0160eparovi\u010d<\/p>\n<p>11:30 \u2013 12:00 \u2013 STANKA ZA KAVU<\/p>\n<p>12:00 \u2013 NASTAVAK RADA KONFERENCIJE \u2013 izlaganje prijavljenih sudionika<\/p>\n<p><strong>dr. sc. Dra\u017een \u017divi\u0107<\/strong> \u2013 Institut dru\u0161tvenih znanosti Ivo Pilar \u2013 Podru\u010dni centar Vukovar: Stigmatizacija i kriminalizacija sudionika i stradalnika Domovinskog rata<\/p>\n<p><strong>Tihomir Tre\u0161\u0107ec<\/strong> \u2013 predsjednik Zajednice udruga hrvatskih branitelja lije\u010denih od PTSP \u2013 RH: Prava hrvatskih branitelja oboljelih od PTSP-a \u2013 diskriminiraju\u0107a pobjeda sustava nad pojedincima stradalim u ratu<\/p>\n<p><strong>Ljiljana Alvir<\/strong> \u2013 predsjednica Saveza udruga zato\u010denih i nestalih hrvatskih branitelja: Osobe nestale u Domovinskom ratu u fokusu lepeze obiteljskih, dru\u0161tvenih, me\u0111unarodnih, humanitarnih, pravnih i politi\u010dkih prilika i odnosa<\/p>\n<p><strong>Vesna Helfrih<\/strong> \u2013 pro\u010delnica Gradskog ureda za branitelje Grada Zagreba: Ja\u010danje uloge u kreiranju mjera skrbi za ratne stradalnike<\/p>\n<p><strong>Dragica Nikoli\u0107<\/strong> \u2013 dopredsjednica Udruge udovica hrvatskih branitelja iz Domovinskog rata i zastupnica u Gradskoj skup\u0161tini Grada Zagreba i \u010dlanica Odbora za branitelje: Primjeri pozitivne prakse u ja\u010danju uloge u kreiranju mjera skrbi za ratne stradalnike<\/p>\n<p><strong>Bruno \u010cavi\u0107<\/strong> \u2013 predsjednik Udruge dragovoljaca i veterana Domovinskog rata \u2013 podru\u017enica Grad Zagreb: Primjeri pozitivne europske i svjetske prakse za ratne stradalnike i veterane \u2013 Veterani u Australiji<\/p>\n<p>14:00 \u2013 15:00 \u2013 RU\u010cAK<\/p>\n<p>15:00 \u2013 NASTAVAK RADA \u2013 izlaganje prijavljenih sudionika<\/p>\n<p><strong>Prenk Gjetaj<\/strong> \u2013 predsjednik Komisije Vlade Republike Kosovo za nestala lica i Haki Kasumi \u2013 koordinator Koordinacionog odbora udru\u017eenja rodbina nestalih osoba na Kosovu: Stanje i polo\u017eaj kategorije porodica pogo\u0111enih posledicama rata za oslobo\u0111enje Kosova<\/p>\n<p><strong>Xhemile Morina<\/strong> \u2013 udovica branitelja poginulog u oslobo\u0111enju Kosova: Problemi \u010dlanova obitelji poginulih<\/p>\n<p><strong>Esad \u010colaku<\/strong> \u2013 predsjednik Udruge Albanaca branitelja Hrvatske u Domovinskom ratu: Nerije\u0161ena pitanja stradalnika u bilateralnim sporazumima zemalja sudionika rata \u2013 problem priznavanja zasluga braniteljima Albancima<\/p>\n<p><strong>Munira Suba\u0161i\u0107<\/strong> \u2013 predsjednica Udru\u017eenje Pokret Majke enklave Srebrenica i \u017depa: Genocid i prava pre\u017eivjelih poslije genocida<\/p>\n<p><strong>\u017deljko Ragu\u017e<\/strong> \u2013&nbsp;ravnatelj Hrvatskoga dokumentacijskog centra Domovinskog rata u BiH: Uzroci i posljedice ratnih zbivanja u BiH i uzro\u010dno posljedi\u010dna veza statusa \u017ertve<\/p>\n<p><strong>Nikica Tomi\u0107<\/strong> \u2013 predsjednik Udruga dragovoljaca i veterana Domovinskog rata HVO HB \u2013 sredi\u0161njica Mostar<\/p>\n<p>17:00 \u2013 STANKA ZA KAVU<\/p>\n<p>17:30 \u2013 RASPRAVA SUDIONIKA, DONO\u0160ENJE ZAKLJU\u010cAKA I EVALUACIJA<\/p>\n<p>18:30 \u2013 ZAVR\u0160ETAK RADA KONFERENCIJE<\/p>\n<p><a name=\"mediji\">&nbsp;<\/a><br \/><span style=\"font-size: 12pt;\">Iz medija<\/span><\/p>\n<p>&#8211; <strong>Direktno.hr:<\/strong> <a href=\"http:\/\/direktno.hr\/en\/2014\/domovina\/10970\/Ante-Deur-udovicama-rata-Vratit-%C4%87emo-pijetet-i-dostojanstvo-%C5%BErtvama.htm\">Ante Deur udovicama rata: Vratit \u0107emo pijetet i dostojanstvo \u017ertvama, 21. o\u017eujka 2015.<\/a><\/p>\n<\/p>\n<p>&gt;&gt;&gt; <a href=\"https:\/\/www.vegaintro-projekti.com\/pilar-stari\/2008\/10\/podruni-centar-vukovar\/\">PODRU\u010cNI CENTAR VUKOVAR<\/a><\/p>\n","protected":false},"excerpt":{"rendered":"<p>Udruga udovica hrvatskih branitelja iz Domovinskog rata u suradnji s Institutom dru\u0161tvenih znanosti Ivo Pilar organizirala je 21. o\u017eujka 2014. godine u Zagrebu 2. Me\u0111unarodnu konferenciju ratnih stradalnika &#8220;Polo\u017eaj i status te uva\u017eavanje ratnih stradalnika u Europskoj uniji&#8221;. U ime Instituta nazo\u010dne je pozdravio predsjednik Znanstvenog vije\u0107a dr. sc. Nenad Pokos, a u radu konferencije,&hellip; <a class=\"continue\" href=\"https:\/\/www.vegaintro-projekti.com\/pilar-stari\/2015\/03\/2-medunarodna-konferencija-ratnih-stradalnika-zagreb-21-3-2015\/\">Pro\u010ditaj vi\u0161e o<span> 2. ME\u0110UNARODNA KONFERENCIJA RATNIH STRADALNIKA, 21. 3. 2015.<\/span><\/a><\/p>\n","protected":false},"author":1,"featured_media":0,"comment_status":"open","ping_status":"open","sticky":false,"template":"","format":"standard","meta":{"inline_featured_image":false,"ngg_post_thumbnail":0,"footnotes":""},"categories":[11],"tags":[],"yoast_head":"<!-- This site is optimized with the Yoast SEO plugin v21.2 - https:\/\/yoast.com\/wordpress\/plugins\/seo\/ -->\n<title>2. ME\u0110UNARODNA KONFERENCIJA RATNIH STRADALNIKA, 21. 3. 2015. - Institut dru&scaron;tvenih znanosti Ivo Pilar<\/title>\n<meta name=\"robots\" content=\"noindex, follow, max-snippet:-1, max-image-preview:large, max-video-preview:-1\" \/>\n<meta property=\"og:locale\" content=\"hr_HR\" \/>\n<meta property=\"og:type\" content=\"article\" \/>\n<meta property=\"og:title\" content=\"2. ME\u0110UNARODNA KONFERENCIJA RATNIH STRADALNIKA, 21. 3. 2015. - Institut dru&scaron;tvenih znanosti Ivo Pilar\" \/>\n<meta property=\"og:description\" content=\"Udruga udovica hrvatskih branitelja iz Domovinskog rata u suradnji s Institutom dru\u0161tvenih znanosti Ivo Pilar organizirala je 21. o\u017eujka 2014. godine u Zagrebu 2. Me\u0111unarodnu konferenciju ratnih stradalnika &#8220;Polo\u017eaj i status te uva\u017eavanje ratnih stradalnika u Europskoj uniji&#8221;. U ime Instituta nazo\u010dne je pozdravio predsjednik Znanstvenog vije\u0107a dr. sc. Nenad Pokos, a u radu konferencije,&hellip; Pro\u010ditaj vi\u0161e o 2. ME\u0110UNARODNA KONFERENCIJA RATNIH STRADALNIKA, 21. 3. 2015.\" \/>\n<meta property=\"og:url\" content=\"https:\/\/www.vegaintro-projekti.com\/pilar-stari\/2015\/03\/2-medunarodna-konferencija-ratnih-stradalnika-zagreb-21-3-2015\/\" \/>\n<meta property=\"og:site_name\" content=\"Institut dru&scaron;tvenih znanosti Ivo Pilar\" \/>\n<meta property=\"article:published_time\" content=\"2015-03-29T22:03:26+00:00\" \/>\n<meta property=\"article:modified_time\" content=\"2017-12-07T13:33:21+00:00\" \/>\n<meta property=\"og:image\" content=\"https:\/\/www.vegaintro-projekti.com\/pilar-stari\/wp-content\/images\/stories\/fotografije\/skupovi\/stradalnici\/Letak_1.jpg\" \/>\n<meta name=\"author\" content=\"pilar-admin\" \/>\n<meta name=\"twitter:card\" content=\"summary_large_image\" \/>\n<meta name=\"twitter:label1\" content=\"Napisao\/la\" \/>\n\t<meta name=\"twitter:data1\" content=\"pilar-admin\" \/>\n\t<meta name=\"twitter:label2\" content=\"Procijenjeno vrijeme \u010ditanja\" \/>\n\t<meta name=\"twitter:data2\" content=\"3 minute\" \/>\n<script type=\"application\/ld+json\" class=\"yoast-schema-graph\">{\"@context\":\"https:\/\/schema.org\",\"@graph\":[{\"@type\":\"WebPage\",\"@id\":\"https:\/\/www.vegaintro-projekti.com\/pilar-stari\/2015\/03\/2-medunarodna-konferencija-ratnih-stradalnika-zagreb-21-3-2015\/\",\"url\":\"https:\/\/www.vegaintro-projekti.com\/pilar-stari\/2015\/03\/2-medunarodna-konferencija-ratnih-stradalnika-zagreb-21-3-2015\/\",\"name\":\"2. ME\u0110UNARODNA KONFERENCIJA RATNIH STRADALNIKA, 21. 3. 2015. - Institut dru&scaron;tvenih znanosti Ivo Pilar\",\"isPartOf\":{\"@id\":\"https:\/\/www.vegaintro-projekti.com\/pilar-stari\/#website\"},\"datePublished\":\"2015-03-29T22:03:26+00:00\",\"dateModified\":\"2017-12-07T13:33:21+00:00\",\"author\":{\"@id\":\"https:\/\/www.vegaintro-projekti.com\/pilar-stari\/#\/schema\/person\/c0db50ebd77c4409e19b18044bbf10c1\"},\"breadcrumb\":{\"@id\":\"https:\/\/www.vegaintro-projekti.com\/pilar-stari\/2015\/03\/2-medunarodna-konferencija-ratnih-stradalnika-zagreb-21-3-2015\/#breadcrumb\"},\"inLanguage\":\"hr\",\"potentialAction\":[{\"@type\":\"ReadAction\",\"target\":[\"https:\/\/www.vegaintro-projekti.com\/pilar-stari\/2015\/03\/2-medunarodna-konferencija-ratnih-stradalnika-zagreb-21-3-2015\/\"]}]},{\"@type\":\"BreadcrumbList\",\"@id\":\"https:\/\/www.vegaintro-projekti.com\/pilar-stari\/2015\/03\/2-medunarodna-konferencija-ratnih-stradalnika-zagreb-21-3-2015\/#breadcrumb\",\"itemListElement\":[{\"@type\":\"ListItem\",\"position\":1,\"name\":\"Home\",\"item\":\"https:\/\/www.vegaintro-projekti.com\/pilar-stari\/\"},{\"@type\":\"ListItem\",\"position\":2,\"name\":\"2. ME\u0110UNARODNA KONFERENCIJA RATNIH STRADALNIKA, 21. 3. 2015.\"}]},{\"@type\":\"WebSite\",\"@id\":\"https:\/\/www.vegaintro-projekti.com\/pilar-stari\/#website\",\"url\":\"https:\/\/www.vegaintro-projekti.com\/pilar-stari\/\",\"name\":\"Institut dru&scaron;tvenih znanosti Ivo Pilar\",\"description\":\"Pilar\",\"potentialAction\":[{\"@type\":\"SearchAction\",\"target\":{\"@type\":\"EntryPoint\",\"urlTemplate\":\"https:\/\/www.vegaintro-projekti.com\/pilar-stari\/?s={search_term_string}\"},\"query-input\":\"required name=search_term_string\"}],\"inLanguage\":\"hr\"},{\"@type\":\"Person\",\"@id\":\"https:\/\/www.vegaintro-projekti.com\/pilar-stari\/#\/schema\/person\/c0db50ebd77c4409e19b18044bbf10c1\",\"name\":\"pilar-admin\",\"image\":{\"@type\":\"ImageObject\",\"inLanguage\":\"hr\",\"@id\":\"https:\/\/www.vegaintro-projekti.com\/pilar-stari\/#\/schema\/person\/image\/\",\"url\":\"https:\/\/secure.gravatar.com\/avatar\/fac9e03c4db0011b9c1ad8b5e9c74b8c?s=96&d=mm&r=g\",\"contentUrl\":\"https:\/\/secure.gravatar.com\/avatar\/fac9e03c4db0011b9c1ad8b5e9c74b8c?s=96&d=mm&r=g\",\"caption\":\"pilar-admin\"},\"url\":\"https:\/\/www.vegaintro-projekti.com\/pilar-stari\/author\/pilar-admin\/\"}]}<\/script>\n<!-- \/ Yoast SEO plugin. -->","yoast_head_json":{"title":"2. ME\u0110UNARODNA KONFERENCIJA RATNIH STRADALNIKA, 21. 3. 2015. - Institut dru&scaron;tvenih znanosti Ivo Pilar","robots":{"index":"noindex","follow":"follow","max-snippet":"max-snippet:-1","max-image-preview":"max-image-preview:large","max-video-preview":"max-video-preview:-1"},"og_locale":"hr_HR","og_type":"article","og_title":"2. ME\u0110UNARODNA KONFERENCIJA RATNIH STRADALNIKA, 21. 3. 2015. - Institut dru&scaron;tvenih znanosti Ivo Pilar","og_description":"Udruga udovica hrvatskih branitelja iz Domovinskog rata u suradnji s Institutom dru\u0161tvenih znanosti Ivo Pilar organizirala je 21. o\u017eujka 2014. godine u Zagrebu 2. Me\u0111unarodnu konferenciju ratnih stradalnika &#8220;Polo\u017eaj i status te uva\u017eavanje ratnih stradalnika u Europskoj uniji&#8221;. U ime Instituta nazo\u010dne je pozdravio predsjednik Znanstvenog vije\u0107a dr. sc. Nenad Pokos, a u radu konferencije,&hellip; Pro\u010ditaj vi\u0161e o 2. ME\u0110UNARODNA KONFERENCIJA RATNIH STRADALNIKA, 21. 3. 2015.","og_url":"https:\/\/www.vegaintro-projekti.com\/pilar-stari\/2015\/03\/2-medunarodna-konferencija-ratnih-stradalnika-zagreb-21-3-2015\/","og_site_name":"Institut dru&scaron;tvenih znanosti Ivo Pilar","article_published_time":"2015-03-29T22:03:26+00:00","article_modified_time":"2017-12-07T13:33:21+00:00","og_image":[{"url":"https:\/\/www.vegaintro-projekti.com\/pilar-stari\/wp-content\/images\/stories\/fotografije\/skupovi\/stradalnici\/Letak_1.jpg"}],"author":"pilar-admin","twitter_card":"summary_large_image","twitter_misc":{"Napisao\/la":"pilar-admin","Procijenjeno vrijeme \u010ditanja":"3 minute"},"schema":{"@context":"https:\/\/schema.org","@graph":[{"@type":"WebPage","@id":"https:\/\/www.vegaintro-projekti.com\/pilar-stari\/2015\/03\/2-medunarodna-konferencija-ratnih-stradalnika-zagreb-21-3-2015\/","url":"https:\/\/www.vegaintro-projekti.com\/pilar-stari\/2015\/03\/2-medunarodna-konferencija-ratnih-stradalnika-zagreb-21-3-2015\/","name":"2. ME\u0110UNARODNA KONFERENCIJA RATNIH STRADALNIKA, 21. 3. 2015. - Institut dru&scaron;tvenih znanosti Ivo Pilar","isPartOf":{"@id":"https:\/\/www.vegaintro-projekti.com\/pilar-stari\/#website"},"datePublished":"2015-03-29T22:03:26+00:00","dateModified":"2017-12-07T13:33:21+00:00","author":{"@id":"https:\/\/www.vegaintro-projekti.com\/pilar-stari\/#\/schema\/person\/c0db50ebd77c4409e19b18044bbf10c1"},"breadcrumb":{"@id":"https:\/\/www.vegaintro-projekti.com\/pilar-stari\/2015\/03\/2-medunarodna-konferencija-ratnih-stradalnika-zagreb-21-3-2015\/#breadcrumb"},"inLanguage":"hr","potentialAction":[{"@type":"ReadAction","target":["https:\/\/www.vegaintro-projekti.com\/pilar-stari\/2015\/03\/2-medunarodna-konferencija-ratnih-stradalnika-zagreb-21-3-2015\/"]}]},{"@type":"BreadcrumbList","@id":"https:\/\/www.vegaintro-projekti.com\/pilar-stari\/2015\/03\/2-medunarodna-konferencija-ratnih-stradalnika-zagreb-21-3-2015\/#breadcrumb","itemListElement":[{"@type":"ListItem","position":1,"name":"Home","item":"https:\/\/www.vegaintro-projekti.com\/pilar-stari\/"},{"@type":"ListItem","position":2,"name":"2. ME\u0110UNARODNA KONFERENCIJA RATNIH STRADALNIKA, 21. 3. 2015."}]},{"@type":"WebSite","@id":"https:\/\/www.vegaintro-projekti.com\/pilar-stari\/#website","url":"https:\/\/www.vegaintro-projekti.com\/pilar-stari\/","name":"Institut dru&scaron;tvenih znanosti Ivo Pilar","description":"Pilar","potentialAction":[{"@type":"SearchAction","target":{"@type":"EntryPoint","urlTemplate":"https:\/\/www.vegaintro-projekti.com\/pilar-stari\/?s={search_term_string}"},"query-input":"required name=search_term_string"}],"inLanguage":"hr"},{"@type":"Person","@id":"https:\/\/www.vegaintro-projekti.com\/pilar-stari\/#\/schema\/person\/c0db50ebd77c4409e19b18044bbf10c1","name":"pilar-admin","image":{"@type":"ImageObject","inLanguage":"hr","@id":"https:\/\/www.vegaintro-projekti.com\/pilar-stari\/#\/schema\/person\/image\/","url":"https:\/\/secure.gravatar.com\/avatar\/fac9e03c4db0011b9c1ad8b5e9c74b8c?s=96&d=mm&r=g","contentUrl":"https:\/\/secure.gravatar.com\/avatar\/fac9e03c4db0011b9c1ad8b5e9c74b8c?s=96&d=mm&r=g","caption":"pilar-admin"},"url":"https:\/\/www.vegaintro-projekti.com\/pilar-stari\/author\/pilar-admin\/"}]}},"_links":{"self":[{"href":"https:\/\/www.vegaintro-projekti.com\/pilar-stari\/wp-json\/wp\/v2\/posts\/778"}],"collection":[{"href":"https:\/\/www.vegaintro-projekti.com\/pilar-stari\/wp-json\/wp\/v2\/posts"}],"about":[{"href":"https:\/\/www.vegaintro-projekti.com\/pilar-stari\/wp-json\/wp\/v2\/types\/post"}],"author":[{"embeddable":true,"href":"https:\/\/www.vegaintro-projekti.com\/pilar-stari\/wp-json\/wp\/v2\/users\/1"}],"replies":[{"embeddable":true,"href":"https:\/\/www.vegaintro-projekti.com\/pilar-stari\/wp-json\/wp\/v2\/comments?post=778"}],"version-history":[{"count":3,"href":"https:\/\/www.vegaintro-projekti.com\/pilar-stari\/wp-json\/wp\/v2\/posts\/778\/revisions"}],"predecessor-version":[{"id":6899,"href":"https:\/\/www.vegaintro-projekti.com\/pilar-stari\/wp-json\/wp\/v2\/posts\/778\/revisions\/6899"}],"wp:attachment":[{"href":"https:\/\/www.vegaintro-projekti.com\/pilar-stari\/wp-json\/wp\/v2\/media?parent=778"}],"wp:term":[{"taxonomy":"category","embeddable":true,"href":"https:\/\/www.vegaintro-projekti.com\/pilar-stari\/wp-json\/wp\/v2\/categories?post=778"},{"taxonomy":"post_tag","embeddable":true,"href":"https:\/\/www.vegaintro-projekti.com\/pilar-stari\/wp-json\/wp\/v2\/tags?post=778"}],"curies":[{"name":"wp","href":"https:\/\/api.w.org\/{rel}","templated":true}]}}