{"id":783,"date":"2015-04-09T17:35:39","date_gmt":"2015-04-09T17:35:39","guid":{"rendered":"https:\/\/www.vegaintro-projekti.com\/pilar-stari\/2015\/04\/09\/spomen-dan-zrtvama-komunistickog-terora-u-vukovaru-12-travnja-2015\/"},"modified":"2017-12-08T14:14:18","modified_gmt":"2017-12-08T14:14:18","slug":"spomen-dan-zrtvama-komunistickog-terora-u-vukovaru-12-travnja-2015","status":"publish","type":"post","link":"https:\/\/www.vegaintro-projekti.com\/pilar-stari\/2015\/04\/spomen-dan-zrtvama-komunistickog-terora-u-vukovaru-12-travnja-2015\/","title":{"rendered":"Spomen-dan \u017ertvama komunisti\u010dkog terora u Vukovaru, 12. travnja 2015."},"content":{"rendered":"<p><strong>U organizaciji Franjeva\u010dkog samostana u Vukovaru, Ogranka Matice hrvatske Vukovar, Udruge Nijemaca i Austrijanaca Vukovar i Podru\u010dnoga centra Instituta Pilar u Vukovaru 12. travnja 2015. odr\u017eano je tradicionalno obilje\u017eavanje Spomen-dana \u017ertvama komunisti\u010dkog terora u Vukovaru 1945. godine<\/strong><\/p>\n<table border=\"0\">\n<tbody>\n<tr>\n<td><img decoding=\"async\" loading=\"lazy\" src=\"https:\/\/www.vegaintro-projekti.com\/pilar-stari\/wp-content\/images\/stories\/fotografije\/podrucni\/vukovar\/spomen_2015\/IMG_5367_s.JPG\" alt=\"IMG 5367 s\" width=\"212\" height=\"159\" \/><\/td>\n<td><img decoding=\"async\" loading=\"lazy\" src=\"https:\/\/www.vegaintro-projekti.com\/pilar-stari\/wp-content\/images\/stories\/fotografije\/podrucni\/vukovar\/spomen_2015\/IMG_5313_s.JPG\" alt=\"IMG 5313 s\" width=\"212\" height=\"159\" \/><\/td>\n<td><img decoding=\"async\" loading=\"lazy\" src=\"https:\/\/www.vegaintro-projekti.com\/pilar-stari\/wp-content\/images\/stories\/fotografije\/podrucni\/vukovar\/spomen_2015\/IMG_5305_s.JPG\" alt=\"IMG 5305 s\" width=\"212\" height=\"159\" \/><\/td>\n<\/tr>\n<\/tbody>\n<\/table>\n<table border=\"0\">\n<tbody>\n<tr>\n<td><img decoding=\"async\" loading=\"lazy\" src=\"https:\/\/www.vegaintro-projekti.com\/pilar-stari\/wp-content\/images\/stories\/fotografije\/podrucni\/vukovar\/spomen_2015\/IMG_5322_s.JPG\" alt=\"IMG 5322 s\" width=\"645\" height=\"484\" \/><\/td>\n<\/tr>\n<\/tbody>\n<\/table>\n<p><span style=\"font-size: 8pt;\"><strong>&#8220;Spomen-dana \u017ertvama komunisti\u010dkog terora u Vukovaru (12. travnja 1945.)&#8221;; Vukovar, 12. travnja 2015.<\/strong><\/span><\/p>\n<p>Nakon polaganja vijenaca i molitve kod Spomen kri\u017ea \u017ertvama, u crkvi sv. Filipa i Jakova sve\u010danu svetu misu, u nazo\u010dnosti velikoga broja vjernika, predvodio je msgr. Josip Mrzljak, biskup vara\u017edinski, ina\u010de ro\u0111eni Vukovarac \u010diji je otac odveden i ubijen u Vukovaru prije 70 godina kada su jedinice Jugoslavenske vojske u\u0161le u grad. Nakon svete mise, u Pastoralnom centru sv. Bone predstavljena je knjiga fra Mate Tadi\u0107a i \u017delimira Crnogorca &#8220;Svjedo\u010danstva o stradanjima Hrvata&#8221;. O knjizi su, uz fra Matu Tadi\u0107a, govorili dr. sc. Dra\u017een \u017divi\u0107, dr. sc. Miljenko Brekalo, dr. sc. Zlata \u017divakovi\u0107 Ker\u017ee i dr. sc Ivica \u0160ola. Me\u0111u velikim brojem nazo\u010dnih, uz biskupa Mrzljaka, bili su vukovarski gradona\u010delnik Ivan Penava, vukovarsko-srijemski \u017eupan Bo\u017eo Gali\u0107, ratni vukovarski gvardijan fra Branimir Kosec, sada\u0161nji vukovarski gvardijan fra Ivica Jagodi\u0107, djeca ubijenih, upravitelj Zavoda za znanstvenoistra\u017eiva\u010dki i umjetni\u010dki rad HAZU u Vukovaru Henrik Ivan Damjanovi\u0107 i dr. Pozdravnu rije\u010d na po\u010detku programa uputila je predsjednica Ogranka Matice hrvatske Vukovar Lidija Mileti\u0107.<\/p>\n<p><em>D. \u017divi\u0107<\/em><\/p>\n<p>&#8211;&nbsp;<a href=\"https:\/\/www.vegaintro-projekti.com\/pilar-stari\/wp-content\/images\/stories\/dokumenti\/podrucni\/vukovar\/spomen-dan-pozivnica.pdf\">Pozivnica za&nbsp;Spomen-dan \u017ertvama komunisti\u010dkog terora u Vukovaru, 12. travnja 2015.; Vukovar, 12. travnja 2015.<\/a><\/p>\n<p><a href=\"https:\/\/www.vegaintro-projekti.com\/pilar-stari\/wp-content\/images\/stories\/dokumenti\/podrucni\/vukovar\/spomen-dan-pozivnica.pdf\"><img decoding=\"async\" loading=\"lazy\" src=\"https:\/\/www.vegaintro-projekti.com\/pilar-stari\/wp-content\/images\/stories\/fotografije\/podrucni\/vukovar\/spomen_2015\/spomen-dan-pozivnica-2015.jpg\" alt=\"spomen-dan-pozivnica-2015\" width=\"488\" height=\"690\" \/><\/a><\/p>\n<p><strong>PROGRAM OBILJE\u017dAVANJA<\/strong><\/p>\n<p>18:00 \u2013 Polaganje vijenaca i molitva kod Spomen-kri\u017ea u parku crkve&nbsp;sv. Filipa i Jakova<br \/>18:30 \u2013 Sve\u010danu spomen misu u crkvi sv. Filipa i Jakova predvodi&nbsp;msgr. Josip Mrzljak, biskup vara\u017edinski<br \/>19:30 \u2013 Sje\u0107anje na \u017ertve komunisti\u010dkog terora<\/p>\n<p><span style=\"font-size: 14pt;\">fra Mate Tadi\u0107 i \u017delimir Crnogorac<\/span><\/p>\n<p><span style=\"font-size: 12pt;\">SVJEDO\u010cANSTVA O STRADANJIMA HRVATA<\/span><\/p>\n<p>Knjigu \u0107e predstaviti:<\/p>\n<p>dr. sc. Dra\u017een \u017divi\u0107 <br \/>dr. sc. Miljenko Brekalo <br \/>dr. sc. Ivan Jur\u010devi\u0107 <br \/>dr. sc. Ivica \u0160ola<br \/>fra Mate Tadi\u0107<\/p>\n<p>&gt;&gt;&gt; <a href=\"https:\/\/www.vegaintro-projekti.com\/pilar-stari\/2008\/10\/podruni-centar-vukovar\/\">PODRU\u010cNI CENTAR VUKOVAR<\/a><\/p>\n","protected":false},"excerpt":{"rendered":"<p>U organizaciji Franjeva\u010dkog samostana u Vukovaru, Ogranka Matice hrvatske Vukovar, Udruge Nijemaca i Austrijanaca Vukovar i Podru\u010dnoga centra Instituta Pilar u Vukovaru 12. travnja 2015. odr\u017eano je tradicionalno obilje\u017eavanje Spomen-dana \u017ertvama komunisti\u010dkog terora u Vukovaru 1945. godine &#8220;Spomen-dana \u017ertvama komunisti\u010dkog terora u Vukovaru (12. travnja 1945.)&#8221;; Vukovar, 12. travnja 2015. Nakon polaganja vijenaca i molitve&hellip; <a class=\"continue\" href=\"https:\/\/www.vegaintro-projekti.com\/pilar-stari\/2015\/04\/spomen-dan-zrtvama-komunistickog-terora-u-vukovaru-12-travnja-2015\/\">Pro\u010ditaj vi\u0161e o<span> Spomen-dan \u017ertvama komunisti\u010dkog terora u Vukovaru, 12. travnja 2015.<\/span><\/a><\/p>\n","protected":false},"author":1,"featured_media":0,"comment_status":"open","ping_status":"open","sticky":false,"template":"","format":"standard","meta":{"inline_featured_image":false,"ngg_post_thumbnail":0,"footnotes":""},"categories":[11],"tags":[],"yoast_head":"<!-- This site is optimized with the Yoast SEO plugin v21.2 - https:\/\/yoast.com\/wordpress\/plugins\/seo\/ -->\n<title>Spomen-dan \u017ertvama komunisti\u010dkog terora u Vukovaru, 12. travnja 2015. - Institut dru&scaron;tvenih znanosti Ivo Pilar<\/title>\n<meta name=\"robots\" content=\"noindex, follow, max-snippet:-1, max-image-preview:large, max-video-preview:-1\" \/>\n<meta property=\"og:locale\" content=\"hr_HR\" \/>\n<meta property=\"og:type\" content=\"article\" \/>\n<meta property=\"og:title\" content=\"Spomen-dan \u017ertvama komunisti\u010dkog terora u Vukovaru, 12. travnja 2015. - Institut dru&scaron;tvenih znanosti Ivo Pilar\" \/>\n<meta property=\"og:description\" content=\"U organizaciji Franjeva\u010dkog samostana u Vukovaru, Ogranka Matice hrvatske Vukovar, Udruge Nijemaca i Austrijanaca Vukovar i Podru\u010dnoga centra Instituta Pilar u Vukovaru 12. travnja 2015. odr\u017eano je tradicionalno obilje\u017eavanje Spomen-dana \u017ertvama komunisti\u010dkog terora u Vukovaru 1945. godine &#8220;Spomen-dana \u017ertvama komunisti\u010dkog terora u Vukovaru (12. travnja 1945.)&#8221;; Vukovar, 12. travnja 2015. Nakon polaganja vijenaca i molitve&hellip; Pro\u010ditaj vi\u0161e o Spomen-dan \u017ertvama komunisti\u010dkog terora u Vukovaru, 12. travnja 2015.\" \/>\n<meta property=\"og:url\" content=\"https:\/\/www.vegaintro-projekti.com\/pilar-stari\/2015\/04\/spomen-dan-zrtvama-komunistickog-terora-u-vukovaru-12-travnja-2015\/\" \/>\n<meta property=\"og:site_name\" content=\"Institut dru&scaron;tvenih znanosti Ivo Pilar\" \/>\n<meta property=\"article:published_time\" content=\"2015-04-09T17:35:39+00:00\" \/>\n<meta property=\"article:modified_time\" content=\"2017-12-08T14:14:18+00:00\" \/>\n<meta property=\"og:image\" content=\"https:\/\/www.vegaintro-projekti.com\/pilar-stari\/wp-content\/images\/stories\/fotografije\/podrucni\/vukovar\/spomen_2015\/IMG_5367_s.JPG\" \/>\n<meta name=\"author\" content=\"pilar-admin\" \/>\n<meta name=\"twitter:card\" content=\"summary_large_image\" \/>\n<meta name=\"twitter:label1\" content=\"Napisao\/la\" \/>\n\t<meta name=\"twitter:data1\" content=\"pilar-admin\" \/>\n\t<meta name=\"twitter:label2\" content=\"Procijenjeno vrijeme \u010ditanja\" \/>\n\t<meta name=\"twitter:data2\" content=\"2 minute\" \/>\n<script type=\"application\/ld+json\" class=\"yoast-schema-graph\">{\"@context\":\"https:\/\/schema.org\",\"@graph\":[{\"@type\":\"WebPage\",\"@id\":\"https:\/\/www.vegaintro-projekti.com\/pilar-stari\/2015\/04\/spomen-dan-zrtvama-komunistickog-terora-u-vukovaru-12-travnja-2015\/\",\"url\":\"https:\/\/www.vegaintro-projekti.com\/pilar-stari\/2015\/04\/spomen-dan-zrtvama-komunistickog-terora-u-vukovaru-12-travnja-2015\/\",\"name\":\"Spomen-dan \u017ertvama komunisti\u010dkog terora u Vukovaru, 12. travnja 2015. - Institut dru&scaron;tvenih znanosti Ivo Pilar\",\"isPartOf\":{\"@id\":\"https:\/\/www.vegaintro-projekti.com\/pilar-stari\/#website\"},\"datePublished\":\"2015-04-09T17:35:39+00:00\",\"dateModified\":\"2017-12-08T14:14:18+00:00\",\"author\":{\"@id\":\"https:\/\/www.vegaintro-projekti.com\/pilar-stari\/#\/schema\/person\/c0db50ebd77c4409e19b18044bbf10c1\"},\"breadcrumb\":{\"@id\":\"https:\/\/www.vegaintro-projekti.com\/pilar-stari\/2015\/04\/spomen-dan-zrtvama-komunistickog-terora-u-vukovaru-12-travnja-2015\/#breadcrumb\"},\"inLanguage\":\"hr\",\"potentialAction\":[{\"@type\":\"ReadAction\",\"target\":[\"https:\/\/www.vegaintro-projekti.com\/pilar-stari\/2015\/04\/spomen-dan-zrtvama-komunistickog-terora-u-vukovaru-12-travnja-2015\/\"]}]},{\"@type\":\"BreadcrumbList\",\"@id\":\"https:\/\/www.vegaintro-projekti.com\/pilar-stari\/2015\/04\/spomen-dan-zrtvama-komunistickog-terora-u-vukovaru-12-travnja-2015\/#breadcrumb\",\"itemListElement\":[{\"@type\":\"ListItem\",\"position\":1,\"name\":\"Home\",\"item\":\"https:\/\/www.vegaintro-projekti.com\/pilar-stari\/\"},{\"@type\":\"ListItem\",\"position\":2,\"name\":\"Spomen-dan \u017ertvama komunisti\u010dkog terora u Vukovaru, 12. travnja 2015.\"}]},{\"@type\":\"WebSite\",\"@id\":\"https:\/\/www.vegaintro-projekti.com\/pilar-stari\/#website\",\"url\":\"https:\/\/www.vegaintro-projekti.com\/pilar-stari\/\",\"name\":\"Institut dru&scaron;tvenih znanosti Ivo Pilar\",\"description\":\"Pilar\",\"potentialAction\":[{\"@type\":\"SearchAction\",\"target\":{\"@type\":\"EntryPoint\",\"urlTemplate\":\"https:\/\/www.vegaintro-projekti.com\/pilar-stari\/?s={search_term_string}\"},\"query-input\":\"required name=search_term_string\"}],\"inLanguage\":\"hr\"},{\"@type\":\"Person\",\"@id\":\"https:\/\/www.vegaintro-projekti.com\/pilar-stari\/#\/schema\/person\/c0db50ebd77c4409e19b18044bbf10c1\",\"name\":\"pilar-admin\",\"image\":{\"@type\":\"ImageObject\",\"inLanguage\":\"hr\",\"@id\":\"https:\/\/www.vegaintro-projekti.com\/pilar-stari\/#\/schema\/person\/image\/\",\"url\":\"https:\/\/secure.gravatar.com\/avatar\/fac9e03c4db0011b9c1ad8b5e9c74b8c?s=96&d=mm&r=g\",\"contentUrl\":\"https:\/\/secure.gravatar.com\/avatar\/fac9e03c4db0011b9c1ad8b5e9c74b8c?s=96&d=mm&r=g\",\"caption\":\"pilar-admin\"},\"url\":\"https:\/\/www.vegaintro-projekti.com\/pilar-stari\/author\/pilar-admin\/\"}]}<\/script>\n<!-- \/ Yoast SEO plugin. -->","yoast_head_json":{"title":"Spomen-dan \u017ertvama komunisti\u010dkog terora u Vukovaru, 12. travnja 2015. - Institut dru&scaron;tvenih znanosti Ivo Pilar","robots":{"index":"noindex","follow":"follow","max-snippet":"max-snippet:-1","max-image-preview":"max-image-preview:large","max-video-preview":"max-video-preview:-1"},"og_locale":"hr_HR","og_type":"article","og_title":"Spomen-dan \u017ertvama komunisti\u010dkog terora u Vukovaru, 12. travnja 2015. - Institut dru&scaron;tvenih znanosti Ivo Pilar","og_description":"U organizaciji Franjeva\u010dkog samostana u Vukovaru, Ogranka Matice hrvatske Vukovar, Udruge Nijemaca i Austrijanaca Vukovar i Podru\u010dnoga centra Instituta Pilar u Vukovaru 12. travnja 2015. odr\u017eano je tradicionalno obilje\u017eavanje Spomen-dana \u017ertvama komunisti\u010dkog terora u Vukovaru 1945. godine &#8220;Spomen-dana \u017ertvama komunisti\u010dkog terora u Vukovaru (12. travnja 1945.)&#8221;; Vukovar, 12. travnja 2015. Nakon polaganja vijenaca i molitve&hellip; Pro\u010ditaj vi\u0161e o Spomen-dan \u017ertvama komunisti\u010dkog terora u Vukovaru, 12. travnja 2015.","og_url":"https:\/\/www.vegaintro-projekti.com\/pilar-stari\/2015\/04\/spomen-dan-zrtvama-komunistickog-terora-u-vukovaru-12-travnja-2015\/","og_site_name":"Institut dru&scaron;tvenih znanosti Ivo Pilar","article_published_time":"2015-04-09T17:35:39+00:00","article_modified_time":"2017-12-08T14:14:18+00:00","og_image":[{"url":"https:\/\/www.vegaintro-projekti.com\/pilar-stari\/wp-content\/images\/stories\/fotografije\/podrucni\/vukovar\/spomen_2015\/IMG_5367_s.JPG"}],"author":"pilar-admin","twitter_card":"summary_large_image","twitter_misc":{"Napisao\/la":"pilar-admin","Procijenjeno vrijeme \u010ditanja":"2 minute"},"schema":{"@context":"https:\/\/schema.org","@graph":[{"@type":"WebPage","@id":"https:\/\/www.vegaintro-projekti.com\/pilar-stari\/2015\/04\/spomen-dan-zrtvama-komunistickog-terora-u-vukovaru-12-travnja-2015\/","url":"https:\/\/www.vegaintro-projekti.com\/pilar-stari\/2015\/04\/spomen-dan-zrtvama-komunistickog-terora-u-vukovaru-12-travnja-2015\/","name":"Spomen-dan \u017ertvama komunisti\u010dkog terora u Vukovaru, 12. travnja 2015. - Institut dru&scaron;tvenih znanosti Ivo Pilar","isPartOf":{"@id":"https:\/\/www.vegaintro-projekti.com\/pilar-stari\/#website"},"datePublished":"2015-04-09T17:35:39+00:00","dateModified":"2017-12-08T14:14:18+00:00","author":{"@id":"https:\/\/www.vegaintro-projekti.com\/pilar-stari\/#\/schema\/person\/c0db50ebd77c4409e19b18044bbf10c1"},"breadcrumb":{"@id":"https:\/\/www.vegaintro-projekti.com\/pilar-stari\/2015\/04\/spomen-dan-zrtvama-komunistickog-terora-u-vukovaru-12-travnja-2015\/#breadcrumb"},"inLanguage":"hr","potentialAction":[{"@type":"ReadAction","target":["https:\/\/www.vegaintro-projekti.com\/pilar-stari\/2015\/04\/spomen-dan-zrtvama-komunistickog-terora-u-vukovaru-12-travnja-2015\/"]}]},{"@type":"BreadcrumbList","@id":"https:\/\/www.vegaintro-projekti.com\/pilar-stari\/2015\/04\/spomen-dan-zrtvama-komunistickog-terora-u-vukovaru-12-travnja-2015\/#breadcrumb","itemListElement":[{"@type":"ListItem","position":1,"name":"Home","item":"https:\/\/www.vegaintro-projekti.com\/pilar-stari\/"},{"@type":"ListItem","position":2,"name":"Spomen-dan \u017ertvama komunisti\u010dkog terora u Vukovaru, 12. travnja 2015."}]},{"@type":"WebSite","@id":"https:\/\/www.vegaintro-projekti.com\/pilar-stari\/#website","url":"https:\/\/www.vegaintro-projekti.com\/pilar-stari\/","name":"Institut dru&scaron;tvenih znanosti Ivo Pilar","description":"Pilar","potentialAction":[{"@type":"SearchAction","target":{"@type":"EntryPoint","urlTemplate":"https:\/\/www.vegaintro-projekti.com\/pilar-stari\/?s={search_term_string}"},"query-input":"required name=search_term_string"}],"inLanguage":"hr"},{"@type":"Person","@id":"https:\/\/www.vegaintro-projekti.com\/pilar-stari\/#\/schema\/person\/c0db50ebd77c4409e19b18044bbf10c1","name":"pilar-admin","image":{"@type":"ImageObject","inLanguage":"hr","@id":"https:\/\/www.vegaintro-projekti.com\/pilar-stari\/#\/schema\/person\/image\/","url":"https:\/\/secure.gravatar.com\/avatar\/fac9e03c4db0011b9c1ad8b5e9c74b8c?s=96&d=mm&r=g","contentUrl":"https:\/\/secure.gravatar.com\/avatar\/fac9e03c4db0011b9c1ad8b5e9c74b8c?s=96&d=mm&r=g","caption":"pilar-admin"},"url":"https:\/\/www.vegaintro-projekti.com\/pilar-stari\/author\/pilar-admin\/"}]}},"_links":{"self":[{"href":"https:\/\/www.vegaintro-projekti.com\/pilar-stari\/wp-json\/wp\/v2\/posts\/783"}],"collection":[{"href":"https:\/\/www.vegaintro-projekti.com\/pilar-stari\/wp-json\/wp\/v2\/posts"}],"about":[{"href":"https:\/\/www.vegaintro-projekti.com\/pilar-stari\/wp-json\/wp\/v2\/types\/post"}],"author":[{"embeddable":true,"href":"https:\/\/www.vegaintro-projekti.com\/pilar-stari\/wp-json\/wp\/v2\/users\/1"}],"replies":[{"embeddable":true,"href":"https:\/\/www.vegaintro-projekti.com\/pilar-stari\/wp-json\/wp\/v2\/comments?post=783"}],"version-history":[{"count":6,"href":"https:\/\/www.vegaintro-projekti.com\/pilar-stari\/wp-json\/wp\/v2\/posts\/783\/revisions"}],"predecessor-version":[{"id":7915,"href":"https:\/\/www.vegaintro-projekti.com\/pilar-stari\/wp-json\/wp\/v2\/posts\/783\/revisions\/7915"}],"wp:attachment":[{"href":"https:\/\/www.vegaintro-projekti.com\/pilar-stari\/wp-json\/wp\/v2\/media?parent=783"}],"wp:term":[{"taxonomy":"category","embeddable":true,"href":"https:\/\/www.vegaintro-projekti.com\/pilar-stari\/wp-json\/wp\/v2\/categories?post=783"},{"taxonomy":"post_tag","embeddable":true,"href":"https:\/\/www.vegaintro-projekti.com\/pilar-stari\/wp-json\/wp\/v2\/tags?post=783"}],"curies":[{"name":"wp","href":"https:\/\/api.w.org\/{rel}","templated":true}]}}