{"id":793,"date":"2015-05-15T20:11:44","date_gmt":"2015-05-15T20:11:44","guid":{"rendered":"https:\/\/www.vegaintro-projekti.com\/pilar-stari\/2015\/05\/15\/dubrovnik-predstavljanje-kataloga-sv-vlaho-u-povijesti-i-sadasnjosti\/"},"modified":"2017-12-08T08:25:44","modified_gmt":"2017-12-08T08:25:44","slug":"dubrovnik-predstavljanje-kataloga-sv-vlaho-u-povijesti-i-sadasnjosti","status":"publish","type":"post","link":"https:\/\/www.vegaintro-projekti.com\/pilar-stari\/2015\/05\/dubrovnik-predstavljanje-kataloga-sv-vlaho-u-povijesti-i-sadasnjosti\/","title":{"rendered":"DUBROVNIK: Predstavljanje kataloga &#8220;Sv. VLAHO u povijesti i sada\u0161njosti&#8221;"},"content":{"rendered":"<p><strong>Dubrova\u010dki muzeji organizirali su predstavljanje velikog kataloga izlo\u017ebe &#8220;SVETI &nbsp;VLAHO u povijesti i sada\u0161njosti&#8221; koje se odr\u017ealo 18. svibnja 2015. u Kne\u017eevu dvoru u Dubrovniku. Katalog su predstavili: akademik Radoslav Tomi\u0107, mr. sc. Maja Nodari, dr. sc. Vinicije Lupis i ravnateljica Dubrova\u010dkih muzeja Pavica Vila\u0107. &#8211; <a href=\"https:\/\/www.vegaintro-projekti.com\/pilar-stari\/wp-content\/images\/stories\/dokumenti\/podrucni\/dubrovnik\/Katalog_SvVlaho.pdf\">Pozivnica<\/a><\/strong><\/p>\n<p><a href=\"https:\/\/www.vegaintro-projekti.com\/pilar-stari\/wp-content\/images\/stories\/dokumenti\/podrucni\/dubrovnik\/Katalog_SvVlaho.pdf\"><img decoding=\"async\" loading=\"lazy\" src=\"https:\/\/www.vegaintro-projekti.com\/pilar-stari\/wp-content\/images\/stories\/fotografije\/podrucni\/dubrovnik\/SvVlaho\/Katalog_SvVlaho.jpg\" alt=\"Katalog SvVlaho\" width=\"640\" height=\"305\" \/><\/a><\/p>\n<p>&#8211; <a href=\"https:\/\/www.vegaintro-projekti.com\/pilar-stari\/wp-content\/images\/stories\/dokumenti\/podrucni\/dubrovnik\/Katalog_SvVlaho.pdf\">Pozivnica za&nbsp;predstavljanje kataloga izlo\u017ebe &#8220;SVETI &nbsp;VLAHO u povijesti i sada\u0161njosti&#8221;; Dubrovnik, 18. svibnja 2015.<\/a><\/p>\n<p><span style=\"font-size: 12pt;\">Rije\u010d je o vrijednom izdanju koje na 536 stranica s vi\u0161e od 450 fotografija i ilustracija u boji te s katalogom u kojem je detaljno obra\u0111eno 297 predmeta predstavljenih na izlo\u017ebi, prvi puta sveobuhvatno obra\u0111uje temu stoljetnog dubrova\u010dkog svetog za\u0161titnika i simbola Grada. Na katalogu je sura\u0111ivalo 16 autora, me\u0111u kojima i vanjski suradnici, mahom ugledni znanstvenici, vrsni poznavatelji dubrova\u010dke ba\u0161tine<\/span><\/p>\n<p><strong>&#8211; Dubrova\u010dki muzeji:<\/strong> <a href=\"http:\/\/dumus.hr\/hr\/kulturno-povijesni-muzej\/novosti\/edukativna-akcija-mala-skola-etnologije-i-promocija-velikog-kataloga-izlozbe,81.html\">Me\u0111unarodni dan muzeja u Dubrova\u010dkim muzejima: Edukativna akcija, mala \u0161kola etnologije i promocija velikog kataloga izlo\u017ebe Sv. Vlaho, 14. svibnja 2015.<\/a><\/p>\n<p>&gt;&gt;&gt; <a href=\"http:\/\/dumus.hr\/hr\/dubrovacki-muzeji\/\">Dubrova\u010dki muzeji<\/a><\/p>\n<p>&gt;&gt;&gt; <a href=\"https:\/\/www.vegaintro-projekti.com\/pilar-stari\/2008\/11\/podruni-centar-dubrovnik\/\">PODRU\u010cNI CENTAR DUBROVNIK<\/a><\/p>\n","protected":false},"excerpt":{"rendered":"<p>Dubrova\u010dki muzeji organizirali su predstavljanje velikog kataloga izlo\u017ebe &#8220;SVETI &nbsp;VLAHO u povijesti i sada\u0161njosti&#8221; koje se odr\u017ealo 18. svibnja 2015. u Kne\u017eevu dvoru u Dubrovniku. Katalog su predstavili: akademik Radoslav Tomi\u0107, mr. sc. Maja Nodari, dr. sc. Vinicije Lupis i ravnateljica Dubrova\u010dkih muzeja Pavica Vila\u0107. &#8211; Pozivnica &#8211; Pozivnica za&nbsp;predstavljanje kataloga izlo\u017ebe &#8220;SVETI &nbsp;VLAHO u&hellip; <a class=\"continue\" href=\"https:\/\/www.vegaintro-projekti.com\/pilar-stari\/2015\/05\/dubrovnik-predstavljanje-kataloga-sv-vlaho-u-povijesti-i-sadasnjosti\/\">Pro\u010ditaj vi\u0161e o<span> DUBROVNIK: Predstavljanje kataloga &#8220;Sv. VLAHO u povijesti i sada\u0161njosti&#8221;<\/span><\/a><\/p>\n","protected":false},"author":1,"featured_media":0,"comment_status":"open","ping_status":"open","sticky":false,"template":"","format":"standard","meta":{"inline_featured_image":false,"ngg_post_thumbnail":0,"footnotes":""},"categories":[11],"tags":[],"yoast_head":"<!-- This site is optimized with the Yoast SEO plugin v21.2 - https:\/\/yoast.com\/wordpress\/plugins\/seo\/ -->\n<title>DUBROVNIK: Predstavljanje kataloga &quot;Sv. VLAHO u povijesti i sada\u0161njosti&quot; - Institut dru&scaron;tvenih znanosti Ivo Pilar<\/title>\n<meta name=\"robots\" content=\"noindex, follow, max-snippet:-1, max-image-preview:large, max-video-preview:-1\" \/>\n<meta property=\"og:locale\" content=\"hr_HR\" \/>\n<meta property=\"og:type\" content=\"article\" \/>\n<meta property=\"og:title\" content=\"DUBROVNIK: Predstavljanje kataloga &quot;Sv. VLAHO u povijesti i sada\u0161njosti&quot; - Institut dru&scaron;tvenih znanosti Ivo Pilar\" \/>\n<meta property=\"og:description\" content=\"Dubrova\u010dki muzeji organizirali su predstavljanje velikog kataloga izlo\u017ebe &#8220;SVETI &nbsp;VLAHO u povijesti i sada\u0161njosti&#8221; koje se odr\u017ealo 18. svibnja 2015. u Kne\u017eevu dvoru u Dubrovniku. Katalog su predstavili: akademik Radoslav Tomi\u0107, mr. sc. Maja Nodari, dr. sc. Vinicije Lupis i ravnateljica Dubrova\u010dkih muzeja Pavica Vila\u0107. &#8211; Pozivnica &#8211; Pozivnica za&nbsp;predstavljanje kataloga izlo\u017ebe &#8220;SVETI &nbsp;VLAHO u&hellip; Pro\u010ditaj vi\u0161e o DUBROVNIK: Predstavljanje kataloga &#8220;Sv. VLAHO u povijesti i sada\u0161njosti&#8221;\" \/>\n<meta property=\"og:url\" content=\"https:\/\/www.vegaintro-projekti.com\/pilar-stari\/2015\/05\/dubrovnik-predstavljanje-kataloga-sv-vlaho-u-povijesti-i-sadasnjosti\/\" \/>\n<meta property=\"og:site_name\" content=\"Institut dru&scaron;tvenih znanosti Ivo Pilar\" \/>\n<meta property=\"article:published_time\" content=\"2015-05-15T20:11:44+00:00\" \/>\n<meta property=\"article:modified_time\" content=\"2017-12-08T08:25:44+00:00\" \/>\n<meta property=\"og:image\" content=\"https:\/\/www.vegaintro-projekti.com\/pilar-stari\/wp-content\/images\/stories\/fotografije\/podrucni\/dubrovnik\/SvVlaho\/Katalog_SvVlaho.jpg\" \/>\n<meta name=\"author\" content=\"pilar-admin\" \/>\n<meta name=\"twitter:card\" content=\"summary_large_image\" \/>\n<meta name=\"twitter:label1\" content=\"Napisao\/la\" \/>\n\t<meta name=\"twitter:data1\" content=\"pilar-admin\" \/>\n\t<meta name=\"twitter:label2\" content=\"Procijenjeno vrijeme \u010ditanja\" \/>\n\t<meta name=\"twitter:data2\" content=\"1 minuta\" \/>\n<script type=\"application\/ld+json\" class=\"yoast-schema-graph\">{\"@context\":\"https:\/\/schema.org\",\"@graph\":[{\"@type\":\"WebPage\",\"@id\":\"https:\/\/www.vegaintro-projekti.com\/pilar-stari\/2015\/05\/dubrovnik-predstavljanje-kataloga-sv-vlaho-u-povijesti-i-sadasnjosti\/\",\"url\":\"https:\/\/www.vegaintro-projekti.com\/pilar-stari\/2015\/05\/dubrovnik-predstavljanje-kataloga-sv-vlaho-u-povijesti-i-sadasnjosti\/\",\"name\":\"DUBROVNIK: Predstavljanje kataloga \\\"Sv. VLAHO u povijesti i sada\u0161njosti\\\" - Institut dru&scaron;tvenih znanosti Ivo Pilar\",\"isPartOf\":{\"@id\":\"https:\/\/www.vegaintro-projekti.com\/pilar-stari\/#website\"},\"datePublished\":\"2015-05-15T20:11:44+00:00\",\"dateModified\":\"2017-12-08T08:25:44+00:00\",\"author\":{\"@id\":\"https:\/\/www.vegaintro-projekti.com\/pilar-stari\/#\/schema\/person\/c0db50ebd77c4409e19b18044bbf10c1\"},\"breadcrumb\":{\"@id\":\"https:\/\/www.vegaintro-projekti.com\/pilar-stari\/2015\/05\/dubrovnik-predstavljanje-kataloga-sv-vlaho-u-povijesti-i-sadasnjosti\/#breadcrumb\"},\"inLanguage\":\"hr\",\"potentialAction\":[{\"@type\":\"ReadAction\",\"target\":[\"https:\/\/www.vegaintro-projekti.com\/pilar-stari\/2015\/05\/dubrovnik-predstavljanje-kataloga-sv-vlaho-u-povijesti-i-sadasnjosti\/\"]}]},{\"@type\":\"BreadcrumbList\",\"@id\":\"https:\/\/www.vegaintro-projekti.com\/pilar-stari\/2015\/05\/dubrovnik-predstavljanje-kataloga-sv-vlaho-u-povijesti-i-sadasnjosti\/#breadcrumb\",\"itemListElement\":[{\"@type\":\"ListItem\",\"position\":1,\"name\":\"Home\",\"item\":\"https:\/\/www.vegaintro-projekti.com\/pilar-stari\/\"},{\"@type\":\"ListItem\",\"position\":2,\"name\":\"DUBROVNIK: Predstavljanje kataloga &#8220;Sv. VLAHO u povijesti i sada\u0161njosti&#8221;\"}]},{\"@type\":\"WebSite\",\"@id\":\"https:\/\/www.vegaintro-projekti.com\/pilar-stari\/#website\",\"url\":\"https:\/\/www.vegaintro-projekti.com\/pilar-stari\/\",\"name\":\"Institut dru&scaron;tvenih znanosti Ivo Pilar\",\"description\":\"Pilar\",\"potentialAction\":[{\"@type\":\"SearchAction\",\"target\":{\"@type\":\"EntryPoint\",\"urlTemplate\":\"https:\/\/www.vegaintro-projekti.com\/pilar-stari\/?s={search_term_string}\"},\"query-input\":\"required name=search_term_string\"}],\"inLanguage\":\"hr\"},{\"@type\":\"Person\",\"@id\":\"https:\/\/www.vegaintro-projekti.com\/pilar-stari\/#\/schema\/person\/c0db50ebd77c4409e19b18044bbf10c1\",\"name\":\"pilar-admin\",\"image\":{\"@type\":\"ImageObject\",\"inLanguage\":\"hr\",\"@id\":\"https:\/\/www.vegaintro-projekti.com\/pilar-stari\/#\/schema\/person\/image\/\",\"url\":\"https:\/\/secure.gravatar.com\/avatar\/fac9e03c4db0011b9c1ad8b5e9c74b8c?s=96&d=mm&r=g\",\"contentUrl\":\"https:\/\/secure.gravatar.com\/avatar\/fac9e03c4db0011b9c1ad8b5e9c74b8c?s=96&d=mm&r=g\",\"caption\":\"pilar-admin\"},\"url\":\"https:\/\/www.vegaintro-projekti.com\/pilar-stari\/author\/pilar-admin\/\"}]}<\/script>\n<!-- \/ Yoast SEO plugin. -->","yoast_head_json":{"title":"DUBROVNIK: Predstavljanje kataloga \"Sv. VLAHO u povijesti i sada\u0161njosti\" - Institut dru&scaron;tvenih znanosti Ivo Pilar","robots":{"index":"noindex","follow":"follow","max-snippet":"max-snippet:-1","max-image-preview":"max-image-preview:large","max-video-preview":"max-video-preview:-1"},"og_locale":"hr_HR","og_type":"article","og_title":"DUBROVNIK: Predstavljanje kataloga \"Sv. VLAHO u povijesti i sada\u0161njosti\" - Institut dru&scaron;tvenih znanosti Ivo Pilar","og_description":"Dubrova\u010dki muzeji organizirali su predstavljanje velikog kataloga izlo\u017ebe &#8220;SVETI &nbsp;VLAHO u povijesti i sada\u0161njosti&#8221; koje se odr\u017ealo 18. svibnja 2015. u Kne\u017eevu dvoru u Dubrovniku. Katalog su predstavili: akademik Radoslav Tomi\u0107, mr. sc. Maja Nodari, dr. sc. Vinicije Lupis i ravnateljica Dubrova\u010dkih muzeja Pavica Vila\u0107. &#8211; Pozivnica &#8211; Pozivnica za&nbsp;predstavljanje kataloga izlo\u017ebe &#8220;SVETI &nbsp;VLAHO u&hellip; Pro\u010ditaj vi\u0161e o DUBROVNIK: Predstavljanje kataloga &#8220;Sv. VLAHO u povijesti i sada\u0161njosti&#8221;","og_url":"https:\/\/www.vegaintro-projekti.com\/pilar-stari\/2015\/05\/dubrovnik-predstavljanje-kataloga-sv-vlaho-u-povijesti-i-sadasnjosti\/","og_site_name":"Institut dru&scaron;tvenih znanosti Ivo Pilar","article_published_time":"2015-05-15T20:11:44+00:00","article_modified_time":"2017-12-08T08:25:44+00:00","og_image":[{"url":"https:\/\/www.vegaintro-projekti.com\/pilar-stari\/wp-content\/images\/stories\/fotografije\/podrucni\/dubrovnik\/SvVlaho\/Katalog_SvVlaho.jpg"}],"author":"pilar-admin","twitter_card":"summary_large_image","twitter_misc":{"Napisao\/la":"pilar-admin","Procijenjeno vrijeme \u010ditanja":"1 minuta"},"schema":{"@context":"https:\/\/schema.org","@graph":[{"@type":"WebPage","@id":"https:\/\/www.vegaintro-projekti.com\/pilar-stari\/2015\/05\/dubrovnik-predstavljanje-kataloga-sv-vlaho-u-povijesti-i-sadasnjosti\/","url":"https:\/\/www.vegaintro-projekti.com\/pilar-stari\/2015\/05\/dubrovnik-predstavljanje-kataloga-sv-vlaho-u-povijesti-i-sadasnjosti\/","name":"DUBROVNIK: Predstavljanje kataloga \"Sv. VLAHO u povijesti i sada\u0161njosti\" - Institut dru&scaron;tvenih znanosti Ivo Pilar","isPartOf":{"@id":"https:\/\/www.vegaintro-projekti.com\/pilar-stari\/#website"},"datePublished":"2015-05-15T20:11:44+00:00","dateModified":"2017-12-08T08:25:44+00:00","author":{"@id":"https:\/\/www.vegaintro-projekti.com\/pilar-stari\/#\/schema\/person\/c0db50ebd77c4409e19b18044bbf10c1"},"breadcrumb":{"@id":"https:\/\/www.vegaintro-projekti.com\/pilar-stari\/2015\/05\/dubrovnik-predstavljanje-kataloga-sv-vlaho-u-povijesti-i-sadasnjosti\/#breadcrumb"},"inLanguage":"hr","potentialAction":[{"@type":"ReadAction","target":["https:\/\/www.vegaintro-projekti.com\/pilar-stari\/2015\/05\/dubrovnik-predstavljanje-kataloga-sv-vlaho-u-povijesti-i-sadasnjosti\/"]}]},{"@type":"BreadcrumbList","@id":"https:\/\/www.vegaintro-projekti.com\/pilar-stari\/2015\/05\/dubrovnik-predstavljanje-kataloga-sv-vlaho-u-povijesti-i-sadasnjosti\/#breadcrumb","itemListElement":[{"@type":"ListItem","position":1,"name":"Home","item":"https:\/\/www.vegaintro-projekti.com\/pilar-stari\/"},{"@type":"ListItem","position":2,"name":"DUBROVNIK: Predstavljanje kataloga &#8220;Sv. VLAHO u povijesti i sada\u0161njosti&#8221;"}]},{"@type":"WebSite","@id":"https:\/\/www.vegaintro-projekti.com\/pilar-stari\/#website","url":"https:\/\/www.vegaintro-projekti.com\/pilar-stari\/","name":"Institut dru&scaron;tvenih znanosti Ivo Pilar","description":"Pilar","potentialAction":[{"@type":"SearchAction","target":{"@type":"EntryPoint","urlTemplate":"https:\/\/www.vegaintro-projekti.com\/pilar-stari\/?s={search_term_string}"},"query-input":"required name=search_term_string"}],"inLanguage":"hr"},{"@type":"Person","@id":"https:\/\/www.vegaintro-projekti.com\/pilar-stari\/#\/schema\/person\/c0db50ebd77c4409e19b18044bbf10c1","name":"pilar-admin","image":{"@type":"ImageObject","inLanguage":"hr","@id":"https:\/\/www.vegaintro-projekti.com\/pilar-stari\/#\/schema\/person\/image\/","url":"https:\/\/secure.gravatar.com\/avatar\/fac9e03c4db0011b9c1ad8b5e9c74b8c?s=96&d=mm&r=g","contentUrl":"https:\/\/secure.gravatar.com\/avatar\/fac9e03c4db0011b9c1ad8b5e9c74b8c?s=96&d=mm&r=g","caption":"pilar-admin"},"url":"https:\/\/www.vegaintro-projekti.com\/pilar-stari\/author\/pilar-admin\/"}]}},"_links":{"self":[{"href":"https:\/\/www.vegaintro-projekti.com\/pilar-stari\/wp-json\/wp\/v2\/posts\/793"}],"collection":[{"href":"https:\/\/www.vegaintro-projekti.com\/pilar-stari\/wp-json\/wp\/v2\/posts"}],"about":[{"href":"https:\/\/www.vegaintro-projekti.com\/pilar-stari\/wp-json\/wp\/v2\/types\/post"}],"author":[{"embeddable":true,"href":"https:\/\/www.vegaintro-projekti.com\/pilar-stari\/wp-json\/wp\/v2\/users\/1"}],"replies":[{"embeddable":true,"href":"https:\/\/www.vegaintro-projekti.com\/pilar-stari\/wp-json\/wp\/v2\/comments?post=793"}],"version-history":[{"count":2,"href":"https:\/\/www.vegaintro-projekti.com\/pilar-stari\/wp-json\/wp\/v2\/posts\/793\/revisions"}],"predecessor-version":[{"id":7337,"href":"https:\/\/www.vegaintro-projekti.com\/pilar-stari\/wp-json\/wp\/v2\/posts\/793\/revisions\/7337"}],"wp:attachment":[{"href":"https:\/\/www.vegaintro-projekti.com\/pilar-stari\/wp-json\/wp\/v2\/media?parent=793"}],"wp:term":[{"taxonomy":"category","embeddable":true,"href":"https:\/\/www.vegaintro-projekti.com\/pilar-stari\/wp-json\/wp\/v2\/categories?post=793"},{"taxonomy":"post_tag","embeddable":true,"href":"https:\/\/www.vegaintro-projekti.com\/pilar-stari\/wp-json\/wp\/v2\/tags?post=793"}],"curies":[{"name":"wp","href":"https:\/\/api.w.org\/{rel}","templated":true}]}}