{"id":802,"date":"2015-06-03T15:32:46","date_gmt":"2015-06-03T15:32:46","guid":{"rendered":"https:\/\/www.vegaintro-projekti.com\/pilar-stari\/2015\/06\/03\/vukovar-medunarodni-dan-arhiva-2015\/"},"modified":"2017-12-07T13:33:22","modified_gmt":"2017-12-07T13:33:22","slug":"vukovar-medunarodni-dan-arhiva-2015","status":"publish","type":"post","link":"https:\/\/www.vegaintro-projekti.com\/pilar-stari\/2015\/06\/vukovar-medunarodni-dan-arhiva-2015\/","title":{"rendered":"VUKOVAR: Me\u0111unarodni dan arhiva 2015."},"content":{"rendered":"<p><strong>U prigodi obilje\u017eavanja Me\u0111unarodnog dana arhiva Podru\u010dni centar Instituta Ivo Pilar u Vukovaru suorganizirao je znanstveni skup &#8220;Srijem u Prvom svjetskom ratu 1914. &#8211; 1918.&#8221;, koji se odr\u017eao 9. lipnja 2015. u Gradskom muzeju u Vukovaru u dvorcu Eltz, kao i predstavljanje knjige Ivice \u0106osi\u0107a Bukvina &#8220;Vrbanjci u Velikom ratu 1914. &#8211; 1918.&#8221;, koje se odr\u017ealo 12. lipnja 2015. u Gradskoj knji\u017enici u Vukovaru &#8211; <a href=\"https:\/\/www.vegaintro-projekti.com\/pilar-stari\/wp-content\/images\/stories\/dokumenti\/podrucni\/vukovar\/MDA_2015\/plakatB2.pdf\">Plakat<\/a> | <a href=\"https:\/\/www.vegaintro-projekti.com\/pilar-stari\/wp-content\/images\/stories\/dokumenti\/podrucni\/vukovar\/MDA_2015\/pozivnica-skup.pdf\">Pozivnica za skup<\/a> | <a href=\"https:\/\/www.vegaintro-projekti.com\/pilar-stari\/wp-content\/images\/stories\/dokumenti\/podrucni\/vukovar\/MDA_2015\/DAVU-program_skupa.pdf\">Program skupa<\/a> |&nbsp;<a href=\"https:\/\/www.vegaintro-projekti.com\/pilar-stari\/wp-content\/images\/stories\/dokumenti\/podrucni\/vukovar\/MDA_2015\/vrbanjci_u_velikom_ratu.pdf\">Pozivnica za predstavljanje knjige<\/a><\/strong><\/p>\n<p><a href=\"https:\/\/www.vegaintro-projekti.com\/pilar-stari\/wp-content\/images\/stories\/dokumenti\/podrucni\/vukovar\/MDA_2015\/plakatB2.pdf\"><img decoding=\"async\" loading=\"lazy\" src=\"https:\/\/www.vegaintro-projekti.com\/pilar-stari\/wp-content\/images\/stories\/fotografije\/podrucni\/vukovar\/MDA_2015\/plakatB2_s.jpg\" alt=\"plakatB2 s\" width=\"640\" height=\"896\" \/><\/a><\/p>\n<p>&#8211; <a href=\"https:\/\/www.vegaintro-projekti.com\/pilar-stari\/wp-content\/images\/stories\/dokumenti\/podrucni\/vukovar\/MDA_2015\/pozivnica-skup.pdf\">Pozivnica za znanstveni skup &#8220;Srijem u Prvom svjetskom ratu 1914. &#8211; 1918.&#8221;; Vukovar, 9. lipnja 2015.<\/a><\/p>\n<p>&#8211; <a href=\"https:\/\/www.vegaintro-projekti.com\/pilar-stari\/wp-content\/images\/stories\/dokumenti\/podrucni\/vukovar\/MDA_2015\/DAVU-program_skupa.pdf\">Program znanstvenoga skupa &#8220;Srijem u Prvom svjetskom ratu 1914. &#8211; 1918.&#8221;; Vukovar, 9. lipnja 2015.<\/a><\/p>\n<p>&#8211; <a href=\"https:\/\/www.vegaintro-projekti.com\/pilar-stari\/wp-content\/images\/stories\/dokumenti\/podrucni\/vukovar\/MDA_2015\/vrbanjci_u_velikom_ratu.pdf\">Pozivnica za predstavljanja knjige Ivice \u0106osi\u0107a Bukvina &#8220;Vrbanjci u Velikom ratu 1914. &#8211; 1918.&#8221;; Vukovar, 12. lipnja 2015.<\/a><\/p>\n<p>&gt;&gt;&gt; <a href=\"https:\/\/www.vegaintro-projekti.com\/pilar-stari\/2008\/10\/podruni-centar-vukovar\/\">PODRU\u010cNI CENTAR VUKOVAR<\/a><\/p>\n","protected":false},"excerpt":{"rendered":"<p>U prigodi obilje\u017eavanja Me\u0111unarodnog dana arhiva Podru\u010dni centar Instituta Ivo Pilar u Vukovaru suorganizirao je znanstveni skup &#8220;Srijem u Prvom svjetskom ratu 1914. &#8211; 1918.&#8221;, koji se odr\u017eao 9. lipnja 2015. u Gradskom muzeju u Vukovaru u dvorcu Eltz, kao i predstavljanje knjige Ivice \u0106osi\u0107a Bukvina &#8220;Vrbanjci u Velikom ratu 1914. &#8211; 1918.&#8221;, koje se&hellip; <a class=\"continue\" href=\"https:\/\/www.vegaintro-projekti.com\/pilar-stari\/2015\/06\/vukovar-medunarodni-dan-arhiva-2015\/\">Pro\u010ditaj vi\u0161e o<span> VUKOVAR: Me\u0111unarodni dan arhiva 2015.<\/span><\/a><\/p>\n","protected":false},"author":1,"featured_media":0,"comment_status":"open","ping_status":"open","sticky":false,"template":"","format":"standard","meta":{"inline_featured_image":false,"ngg_post_thumbnail":0,"footnotes":""},"categories":[11],"tags":[],"yoast_head":"<!-- This site is optimized with the Yoast SEO plugin v21.2 - https:\/\/yoast.com\/wordpress\/plugins\/seo\/ -->\n<title>VUKOVAR: Me\u0111unarodni dan arhiva 2015. - Institut dru&scaron;tvenih znanosti Ivo Pilar<\/title>\n<meta name=\"robots\" content=\"noindex, follow, max-snippet:-1, max-image-preview:large, max-video-preview:-1\" \/>\n<meta property=\"og:locale\" content=\"hr_HR\" \/>\n<meta property=\"og:type\" content=\"article\" \/>\n<meta property=\"og:title\" content=\"VUKOVAR: Me\u0111unarodni dan arhiva 2015. - Institut dru&scaron;tvenih znanosti Ivo Pilar\" \/>\n<meta property=\"og:description\" content=\"U prigodi obilje\u017eavanja Me\u0111unarodnog dana arhiva Podru\u010dni centar Instituta Ivo Pilar u Vukovaru suorganizirao je znanstveni skup &#8220;Srijem u Prvom svjetskom ratu 1914. &#8211; 1918.&#8221;, koji se odr\u017eao 9. lipnja 2015. u Gradskom muzeju u Vukovaru u dvorcu Eltz, kao i predstavljanje knjige Ivice \u0106osi\u0107a Bukvina &#8220;Vrbanjci u Velikom ratu 1914. &#8211; 1918.&#8221;, koje se&hellip; Pro\u010ditaj vi\u0161e o VUKOVAR: Me\u0111unarodni dan arhiva 2015.\" \/>\n<meta property=\"og:url\" content=\"https:\/\/www.vegaintro-projekti.com\/pilar-stari\/2015\/06\/vukovar-medunarodni-dan-arhiva-2015\/\" \/>\n<meta property=\"og:site_name\" content=\"Institut dru&scaron;tvenih znanosti Ivo Pilar\" \/>\n<meta property=\"article:published_time\" content=\"2015-06-03T15:32:46+00:00\" \/>\n<meta property=\"article:modified_time\" content=\"2017-12-07T13:33:22+00:00\" \/>\n<meta property=\"og:image\" content=\"https:\/\/www.vegaintro-projekti.com\/pilar-stari\/wp-content\/images\/stories\/fotografije\/podrucni\/vukovar\/MDA_2015\/plakatB2_s.jpg\" \/>\n<meta name=\"author\" content=\"pilar-admin\" \/>\n<meta name=\"twitter:card\" content=\"summary_large_image\" \/>\n<meta name=\"twitter:label1\" content=\"Napisao\/la\" \/>\n\t<meta name=\"twitter:data1\" content=\"pilar-admin\" \/>\n\t<meta name=\"twitter:label2\" content=\"Procijenjeno vrijeme \u010ditanja\" \/>\n\t<meta name=\"twitter:data2\" content=\"1 minuta\" \/>\n<script type=\"application\/ld+json\" class=\"yoast-schema-graph\">{\"@context\":\"https:\/\/schema.org\",\"@graph\":[{\"@type\":\"WebPage\",\"@id\":\"https:\/\/www.vegaintro-projekti.com\/pilar-stari\/2015\/06\/vukovar-medunarodni-dan-arhiva-2015\/\",\"url\":\"https:\/\/www.vegaintro-projekti.com\/pilar-stari\/2015\/06\/vukovar-medunarodni-dan-arhiva-2015\/\",\"name\":\"VUKOVAR: Me\u0111unarodni dan arhiva 2015. - Institut dru&scaron;tvenih znanosti Ivo Pilar\",\"isPartOf\":{\"@id\":\"https:\/\/www.vegaintro-projekti.com\/pilar-stari\/#website\"},\"datePublished\":\"2015-06-03T15:32:46+00:00\",\"dateModified\":\"2017-12-07T13:33:22+00:00\",\"author\":{\"@id\":\"https:\/\/www.vegaintro-projekti.com\/pilar-stari\/#\/schema\/person\/c0db50ebd77c4409e19b18044bbf10c1\"},\"breadcrumb\":{\"@id\":\"https:\/\/www.vegaintro-projekti.com\/pilar-stari\/2015\/06\/vukovar-medunarodni-dan-arhiva-2015\/#breadcrumb\"},\"inLanguage\":\"hr\",\"potentialAction\":[{\"@type\":\"ReadAction\",\"target\":[\"https:\/\/www.vegaintro-projekti.com\/pilar-stari\/2015\/06\/vukovar-medunarodni-dan-arhiva-2015\/\"]}]},{\"@type\":\"BreadcrumbList\",\"@id\":\"https:\/\/www.vegaintro-projekti.com\/pilar-stari\/2015\/06\/vukovar-medunarodni-dan-arhiva-2015\/#breadcrumb\",\"itemListElement\":[{\"@type\":\"ListItem\",\"position\":1,\"name\":\"Home\",\"item\":\"https:\/\/www.vegaintro-projekti.com\/pilar-stari\/\"},{\"@type\":\"ListItem\",\"position\":2,\"name\":\"VUKOVAR: Me\u0111unarodni dan arhiva 2015.\"}]},{\"@type\":\"WebSite\",\"@id\":\"https:\/\/www.vegaintro-projekti.com\/pilar-stari\/#website\",\"url\":\"https:\/\/www.vegaintro-projekti.com\/pilar-stari\/\",\"name\":\"Institut dru&scaron;tvenih znanosti Ivo Pilar\",\"description\":\"Pilar\",\"potentialAction\":[{\"@type\":\"SearchAction\",\"target\":{\"@type\":\"EntryPoint\",\"urlTemplate\":\"https:\/\/www.vegaintro-projekti.com\/pilar-stari\/?s={search_term_string}\"},\"query-input\":\"required name=search_term_string\"}],\"inLanguage\":\"hr\"},{\"@type\":\"Person\",\"@id\":\"https:\/\/www.vegaintro-projekti.com\/pilar-stari\/#\/schema\/person\/c0db50ebd77c4409e19b18044bbf10c1\",\"name\":\"pilar-admin\",\"image\":{\"@type\":\"ImageObject\",\"inLanguage\":\"hr\",\"@id\":\"https:\/\/www.vegaintro-projekti.com\/pilar-stari\/#\/schema\/person\/image\/\",\"url\":\"https:\/\/secure.gravatar.com\/avatar\/fac9e03c4db0011b9c1ad8b5e9c74b8c?s=96&d=mm&r=g\",\"contentUrl\":\"https:\/\/secure.gravatar.com\/avatar\/fac9e03c4db0011b9c1ad8b5e9c74b8c?s=96&d=mm&r=g\",\"caption\":\"pilar-admin\"},\"url\":\"https:\/\/www.vegaintro-projekti.com\/pilar-stari\/author\/pilar-admin\/\"}]}<\/script>\n<!-- \/ Yoast SEO plugin. -->","yoast_head_json":{"title":"VUKOVAR: Me\u0111unarodni dan arhiva 2015. - Institut dru&scaron;tvenih znanosti Ivo Pilar","robots":{"index":"noindex","follow":"follow","max-snippet":"max-snippet:-1","max-image-preview":"max-image-preview:large","max-video-preview":"max-video-preview:-1"},"og_locale":"hr_HR","og_type":"article","og_title":"VUKOVAR: Me\u0111unarodni dan arhiva 2015. - Institut dru&scaron;tvenih znanosti Ivo Pilar","og_description":"U prigodi obilje\u017eavanja Me\u0111unarodnog dana arhiva Podru\u010dni centar Instituta Ivo Pilar u Vukovaru suorganizirao je znanstveni skup &#8220;Srijem u Prvom svjetskom ratu 1914. &#8211; 1918.&#8221;, koji se odr\u017eao 9. lipnja 2015. u Gradskom muzeju u Vukovaru u dvorcu Eltz, kao i predstavljanje knjige Ivice \u0106osi\u0107a Bukvina &#8220;Vrbanjci u Velikom ratu 1914. &#8211; 1918.&#8221;, koje se&hellip; Pro\u010ditaj vi\u0161e o VUKOVAR: Me\u0111unarodni dan arhiva 2015.","og_url":"https:\/\/www.vegaintro-projekti.com\/pilar-stari\/2015\/06\/vukovar-medunarodni-dan-arhiva-2015\/","og_site_name":"Institut dru&scaron;tvenih znanosti Ivo Pilar","article_published_time":"2015-06-03T15:32:46+00:00","article_modified_time":"2017-12-07T13:33:22+00:00","og_image":[{"url":"https:\/\/www.vegaintro-projekti.com\/pilar-stari\/wp-content\/images\/stories\/fotografije\/podrucni\/vukovar\/MDA_2015\/plakatB2_s.jpg"}],"author":"pilar-admin","twitter_card":"summary_large_image","twitter_misc":{"Napisao\/la":"pilar-admin","Procijenjeno vrijeme \u010ditanja":"1 minuta"},"schema":{"@context":"https:\/\/schema.org","@graph":[{"@type":"WebPage","@id":"https:\/\/www.vegaintro-projekti.com\/pilar-stari\/2015\/06\/vukovar-medunarodni-dan-arhiva-2015\/","url":"https:\/\/www.vegaintro-projekti.com\/pilar-stari\/2015\/06\/vukovar-medunarodni-dan-arhiva-2015\/","name":"VUKOVAR: Me\u0111unarodni dan arhiva 2015. - Institut dru&scaron;tvenih znanosti Ivo Pilar","isPartOf":{"@id":"https:\/\/www.vegaintro-projekti.com\/pilar-stari\/#website"},"datePublished":"2015-06-03T15:32:46+00:00","dateModified":"2017-12-07T13:33:22+00:00","author":{"@id":"https:\/\/www.vegaintro-projekti.com\/pilar-stari\/#\/schema\/person\/c0db50ebd77c4409e19b18044bbf10c1"},"breadcrumb":{"@id":"https:\/\/www.vegaintro-projekti.com\/pilar-stari\/2015\/06\/vukovar-medunarodni-dan-arhiva-2015\/#breadcrumb"},"inLanguage":"hr","potentialAction":[{"@type":"ReadAction","target":["https:\/\/www.vegaintro-projekti.com\/pilar-stari\/2015\/06\/vukovar-medunarodni-dan-arhiva-2015\/"]}]},{"@type":"BreadcrumbList","@id":"https:\/\/www.vegaintro-projekti.com\/pilar-stari\/2015\/06\/vukovar-medunarodni-dan-arhiva-2015\/#breadcrumb","itemListElement":[{"@type":"ListItem","position":1,"name":"Home","item":"https:\/\/www.vegaintro-projekti.com\/pilar-stari\/"},{"@type":"ListItem","position":2,"name":"VUKOVAR: Me\u0111unarodni dan arhiva 2015."}]},{"@type":"WebSite","@id":"https:\/\/www.vegaintro-projekti.com\/pilar-stari\/#website","url":"https:\/\/www.vegaintro-projekti.com\/pilar-stari\/","name":"Institut dru&scaron;tvenih znanosti Ivo Pilar","description":"Pilar","potentialAction":[{"@type":"SearchAction","target":{"@type":"EntryPoint","urlTemplate":"https:\/\/www.vegaintro-projekti.com\/pilar-stari\/?s={search_term_string}"},"query-input":"required name=search_term_string"}],"inLanguage":"hr"},{"@type":"Person","@id":"https:\/\/www.vegaintro-projekti.com\/pilar-stari\/#\/schema\/person\/c0db50ebd77c4409e19b18044bbf10c1","name":"pilar-admin","image":{"@type":"ImageObject","inLanguage":"hr","@id":"https:\/\/www.vegaintro-projekti.com\/pilar-stari\/#\/schema\/person\/image\/","url":"https:\/\/secure.gravatar.com\/avatar\/fac9e03c4db0011b9c1ad8b5e9c74b8c?s=96&d=mm&r=g","contentUrl":"https:\/\/secure.gravatar.com\/avatar\/fac9e03c4db0011b9c1ad8b5e9c74b8c?s=96&d=mm&r=g","caption":"pilar-admin"},"url":"https:\/\/www.vegaintro-projekti.com\/pilar-stari\/author\/pilar-admin\/"}]}},"_links":{"self":[{"href":"https:\/\/www.vegaintro-projekti.com\/pilar-stari\/wp-json\/wp\/v2\/posts\/802"}],"collection":[{"href":"https:\/\/www.vegaintro-projekti.com\/pilar-stari\/wp-json\/wp\/v2\/posts"}],"about":[{"href":"https:\/\/www.vegaintro-projekti.com\/pilar-stari\/wp-json\/wp\/v2\/types\/post"}],"author":[{"embeddable":true,"href":"https:\/\/www.vegaintro-projekti.com\/pilar-stari\/wp-json\/wp\/v2\/users\/1"}],"replies":[{"embeddable":true,"href":"https:\/\/www.vegaintro-projekti.com\/pilar-stari\/wp-json\/wp\/v2\/comments?post=802"}],"version-history":[{"count":2,"href":"https:\/\/www.vegaintro-projekti.com\/pilar-stari\/wp-json\/wp\/v2\/posts\/802\/revisions"}],"predecessor-version":[{"id":6905,"href":"https:\/\/www.vegaintro-projekti.com\/pilar-stari\/wp-json\/wp\/v2\/posts\/802\/revisions\/6905"}],"wp:attachment":[{"href":"https:\/\/www.vegaintro-projekti.com\/pilar-stari\/wp-json\/wp\/v2\/media?parent=802"}],"wp:term":[{"taxonomy":"category","embeddable":true,"href":"https:\/\/www.vegaintro-projekti.com\/pilar-stari\/wp-json\/wp\/v2\/categories?post=802"},{"taxonomy":"post_tag","embeddable":true,"href":"https:\/\/www.vegaintro-projekti.com\/pilar-stari\/wp-json\/wp\/v2\/tags?post=802"}],"curies":[{"name":"wp","href":"https:\/\/api.w.org\/{rel}","templated":true}]}}