{"id":804,"date":"2015-06-09T20:52:47","date_gmt":"2015-06-09T20:52:47","guid":{"rendered":"https:\/\/www.vegaintro-projekti.com\/pilar-stari\/2015\/06\/09\/cost-action-is-1205-summer-school-conference\/"},"modified":"2017-12-05T15:36:09","modified_gmt":"2017-12-05T15:36:09","slug":"cost-action-is-1205-summer-school-conference","status":"publish","type":"post","link":"https:\/\/www.vegaintro-projekti.com\/pilar-stari\/2015\/06\/cost-action-is-1205-summer-school-conference\/","title":{"rendered":"COST ACTION IS 1205: Summer School &#038; Conference; 7-12 September 2015"},"content":{"rendered":"<p><strong>U okviru COST akcije IS 1205: <em>Social psychological dynamics of historical representations in the enlarged European Union<\/em> u razdoblju od 7 do 12. rujna 2015. u prostorijama Filozofskog fakulteta Sveu\u010dili\u0161ta u Splitu odr\u017eana je ljetna \u0161kola pod nazivom &#8220;Confronting Collective Historical Memory and emotions&#8221; a konferencija pod nazivom &#8220;History Education and Political Conflicts: Dealing with the Past and Facing the Future&#8221; odr\u017eana je 12. rujna 2015. &#8211; <a href=\"http:\/\/costis1205.wix.com\/home#!training-schools\/ckqc\">Summer School<\/a> | <a href=\"http:\/\/costis1205.wix.com\/home#!conference\/cbns\">Conference<\/a><\/strong><\/p>\n<p><a href=\"https:\/\/www.vegaintro-projekti.com\/pilar-stari\/wp-content\/images\/stories\/dokumenti\/razno\/projekti\/cost_1205\/COST_IS1205_summer_school_Split2015.pdf\"><img decoding=\"async\" loading=\"lazy\" src=\"https:\/\/www.vegaintro-projekti.com\/pilar-stari\/wp-content\/images\/stories\/fotografije\/razno\/projekti\/cost_1205\/COST_IS1205_summer_school_Split2015.jpg\" alt=\"COST IS1205 summer school Split2015\" width=\"640\" height=\"480\" \/><\/a><\/p>\n<p>&#8211; <a href=\"https:\/\/www.vegaintro-projekti.com\/pilar-stari\/wp-content\/images\/stories\/dokumenti\/razno\/projekti\/cost_1205\/COST_IS1205_summer_school_Split2015.pdf\">Oglas za&nbsp;COST action IS1205 Summer School &#8220;Confronting Collective Historical Memory and Emotion&#8221;;&nbsp;Split, Croatia \u2013 7-12 September 2015<\/a><\/p>\n<p><strong>Ljetna \u0161kola<\/strong><\/p>\n<p>Ljetna \u0161kola bila je namijenjena studentima doktorskih studija iz povijesti i psihologije te postdoktorantima iz istih disciplina. &#8211; Vi\u0161e informacija o sadr\u017eajima, predava\u010dima i organizaciji na stranici COST akcije <a href=\"http:\/\/costis1205.wix.com\/home#!training-schools\/ckqc.\">http:\/\/costis1205.wix.com\/home#!training-schools\/ckqc.<\/a><\/p>\n<p><strong>Konferencija<\/strong><\/p>\n<p>Poziv za konferenciju pod nazivom &#8220;History Education and Political Conflicts: Dealing with the Past and Facing the Future&#8221; (koja je mogla biti posebno zanimljiva povjesni\u010darima i psiholozima) objavljen je na na stranici akcije&nbsp;<a href=\"http:\/\/costis1205.wix.com\/home#!conference\/cbns\">http:\/\/costis1205.wix.com\/home#!conference\/cbns<\/a>.<\/p>\n<p>&gt;&gt;&gt;&nbsp;<a href=\"https:\/\/www.vegaintro-projekti.com\/pilar-stari\/2015\/02\/cost-isch-action-is1205\/\">COST-ISCH Action IS1205<\/a><\/p>\n","protected":false},"excerpt":{"rendered":"<p>U okviru COST akcije IS 1205: Social psychological dynamics of historical representations in the enlarged European Union u razdoblju od 7 do 12. rujna 2015. u prostorijama Filozofskog fakulteta Sveu\u010dili\u0161ta u Splitu odr\u017eana je ljetna \u0161kola pod nazivom &#8220;Confronting Collective Historical Memory and emotions&#8221; a konferencija pod nazivom &#8220;History Education and Political Conflicts: Dealing with&hellip; <a class=\"continue\" href=\"https:\/\/www.vegaintro-projekti.com\/pilar-stari\/2015\/06\/cost-action-is-1205-summer-school-conference\/\">Pro\u010ditaj vi\u0161e o<span> COST ACTION IS 1205: Summer School &#038; Conference; 7-12 September 2015<\/span><\/a><\/p>\n","protected":false},"author":1,"featured_media":0,"comment_status":"open","ping_status":"open","sticky":false,"template":"","format":"standard","meta":{"inline_featured_image":false,"ngg_post_thumbnail":0,"footnotes":""},"categories":[11],"tags":[],"yoast_head":"<!-- This site is optimized with the Yoast SEO plugin v21.2 - https:\/\/yoast.com\/wordpress\/plugins\/seo\/ -->\n<title>COST ACTION IS 1205: Summer School &amp; Conference; 7-12 September 2015 - Institut dru&scaron;tvenih znanosti Ivo Pilar<\/title>\n<meta name=\"robots\" content=\"noindex, follow, max-snippet:-1, max-image-preview:large, max-video-preview:-1\" \/>\n<meta property=\"og:locale\" content=\"hr_HR\" \/>\n<meta property=\"og:type\" content=\"article\" \/>\n<meta property=\"og:title\" content=\"COST ACTION IS 1205: Summer School &amp; Conference; 7-12 September 2015 - Institut dru&scaron;tvenih znanosti Ivo Pilar\" \/>\n<meta property=\"og:description\" content=\"U okviru COST akcije IS 1205: Social psychological dynamics of historical representations in the enlarged European Union u razdoblju od 7 do 12. rujna 2015. u prostorijama Filozofskog fakulteta Sveu\u010dili\u0161ta u Splitu odr\u017eana je ljetna \u0161kola pod nazivom &#8220;Confronting Collective Historical Memory and emotions&#8221; a konferencija pod nazivom &#8220;History Education and Political Conflicts: Dealing with&hellip; Pro\u010ditaj vi\u0161e o COST ACTION IS 1205: Summer School &#038; Conference; 7-12 September 2015\" \/>\n<meta property=\"og:url\" content=\"https:\/\/www.vegaintro-projekti.com\/pilar-stari\/2015\/06\/cost-action-is-1205-summer-school-conference\/\" \/>\n<meta property=\"og:site_name\" content=\"Institut dru&scaron;tvenih znanosti Ivo Pilar\" \/>\n<meta property=\"article:published_time\" content=\"2015-06-09T20:52:47+00:00\" \/>\n<meta property=\"article:modified_time\" content=\"2017-12-05T15:36:09+00:00\" \/>\n<meta property=\"og:image\" content=\"https:\/\/www.vegaintro-projekti.com\/pilar-stari\/wp-content\/images\/stories\/fotografije\/razno\/projekti\/cost_1205\/COST_IS1205_summer_school_Split2015.jpg\" \/>\n<meta name=\"author\" content=\"pilar-admin\" \/>\n<meta name=\"twitter:card\" content=\"summary_large_image\" \/>\n<meta name=\"twitter:label1\" content=\"Napisao\/la\" \/>\n\t<meta name=\"twitter:data1\" content=\"pilar-admin\" \/>\n\t<meta name=\"twitter:label2\" content=\"Procijenjeno vrijeme \u010ditanja\" \/>\n\t<meta name=\"twitter:data2\" content=\"1 minuta\" \/>\n<script type=\"application\/ld+json\" class=\"yoast-schema-graph\">{\"@context\":\"https:\/\/schema.org\",\"@graph\":[{\"@type\":\"WebPage\",\"@id\":\"https:\/\/www.vegaintro-projekti.com\/pilar-stari\/2015\/06\/cost-action-is-1205-summer-school-conference\/\",\"url\":\"https:\/\/www.vegaintro-projekti.com\/pilar-stari\/2015\/06\/cost-action-is-1205-summer-school-conference\/\",\"name\":\"COST ACTION IS 1205: Summer School & Conference; 7-12 September 2015 - Institut dru&scaron;tvenih znanosti Ivo Pilar\",\"isPartOf\":{\"@id\":\"https:\/\/www.vegaintro-projekti.com\/pilar-stari\/#website\"},\"datePublished\":\"2015-06-09T20:52:47+00:00\",\"dateModified\":\"2017-12-05T15:36:09+00:00\",\"author\":{\"@id\":\"https:\/\/www.vegaintro-projekti.com\/pilar-stari\/#\/schema\/person\/c0db50ebd77c4409e19b18044bbf10c1\"},\"breadcrumb\":{\"@id\":\"https:\/\/www.vegaintro-projekti.com\/pilar-stari\/2015\/06\/cost-action-is-1205-summer-school-conference\/#breadcrumb\"},\"inLanguage\":\"hr\",\"potentialAction\":[{\"@type\":\"ReadAction\",\"target\":[\"https:\/\/www.vegaintro-projekti.com\/pilar-stari\/2015\/06\/cost-action-is-1205-summer-school-conference\/\"]}]},{\"@type\":\"BreadcrumbList\",\"@id\":\"https:\/\/www.vegaintro-projekti.com\/pilar-stari\/2015\/06\/cost-action-is-1205-summer-school-conference\/#breadcrumb\",\"itemListElement\":[{\"@type\":\"ListItem\",\"position\":1,\"name\":\"Home\",\"item\":\"https:\/\/www.vegaintro-projekti.com\/pilar-stari\/\"},{\"@type\":\"ListItem\",\"position\":2,\"name\":\"COST ACTION IS 1205: Summer School &#038; Conference; 7-12 September 2015\"}]},{\"@type\":\"WebSite\",\"@id\":\"https:\/\/www.vegaintro-projekti.com\/pilar-stari\/#website\",\"url\":\"https:\/\/www.vegaintro-projekti.com\/pilar-stari\/\",\"name\":\"Institut dru&scaron;tvenih znanosti Ivo Pilar\",\"description\":\"Pilar\",\"potentialAction\":[{\"@type\":\"SearchAction\",\"target\":{\"@type\":\"EntryPoint\",\"urlTemplate\":\"https:\/\/www.vegaintro-projekti.com\/pilar-stari\/?s={search_term_string}\"},\"query-input\":\"required name=search_term_string\"}],\"inLanguage\":\"hr\"},{\"@type\":\"Person\",\"@id\":\"https:\/\/www.vegaintro-projekti.com\/pilar-stari\/#\/schema\/person\/c0db50ebd77c4409e19b18044bbf10c1\",\"name\":\"pilar-admin\",\"image\":{\"@type\":\"ImageObject\",\"inLanguage\":\"hr\",\"@id\":\"https:\/\/www.vegaintro-projekti.com\/pilar-stari\/#\/schema\/person\/image\/\",\"url\":\"https:\/\/secure.gravatar.com\/avatar\/fac9e03c4db0011b9c1ad8b5e9c74b8c?s=96&d=mm&r=g\",\"contentUrl\":\"https:\/\/secure.gravatar.com\/avatar\/fac9e03c4db0011b9c1ad8b5e9c74b8c?s=96&d=mm&r=g\",\"caption\":\"pilar-admin\"},\"url\":\"https:\/\/www.vegaintro-projekti.com\/pilar-stari\/author\/pilar-admin\/\"}]}<\/script>\n<!-- \/ Yoast SEO plugin. -->","yoast_head_json":{"title":"COST ACTION IS 1205: Summer School & Conference; 7-12 September 2015 - Institut dru&scaron;tvenih znanosti Ivo Pilar","robots":{"index":"noindex","follow":"follow","max-snippet":"max-snippet:-1","max-image-preview":"max-image-preview:large","max-video-preview":"max-video-preview:-1"},"og_locale":"hr_HR","og_type":"article","og_title":"COST ACTION IS 1205: Summer School & Conference; 7-12 September 2015 - Institut dru&scaron;tvenih znanosti Ivo Pilar","og_description":"U okviru COST akcije IS 1205: Social psychological dynamics of historical representations in the enlarged European Union u razdoblju od 7 do 12. rujna 2015. u prostorijama Filozofskog fakulteta Sveu\u010dili\u0161ta u Splitu odr\u017eana je ljetna \u0161kola pod nazivom &#8220;Confronting Collective Historical Memory and emotions&#8221; a konferencija pod nazivom &#8220;History Education and Political Conflicts: Dealing with&hellip; Pro\u010ditaj vi\u0161e o COST ACTION IS 1205: Summer School &#038; Conference; 7-12 September 2015","og_url":"https:\/\/www.vegaintro-projekti.com\/pilar-stari\/2015\/06\/cost-action-is-1205-summer-school-conference\/","og_site_name":"Institut dru&scaron;tvenih znanosti Ivo Pilar","article_published_time":"2015-06-09T20:52:47+00:00","article_modified_time":"2017-12-05T15:36:09+00:00","og_image":[{"url":"https:\/\/www.vegaintro-projekti.com\/pilar-stari\/wp-content\/images\/stories\/fotografije\/razno\/projekti\/cost_1205\/COST_IS1205_summer_school_Split2015.jpg"}],"author":"pilar-admin","twitter_card":"summary_large_image","twitter_misc":{"Napisao\/la":"pilar-admin","Procijenjeno vrijeme \u010ditanja":"1 minuta"},"schema":{"@context":"https:\/\/schema.org","@graph":[{"@type":"WebPage","@id":"https:\/\/www.vegaintro-projekti.com\/pilar-stari\/2015\/06\/cost-action-is-1205-summer-school-conference\/","url":"https:\/\/www.vegaintro-projekti.com\/pilar-stari\/2015\/06\/cost-action-is-1205-summer-school-conference\/","name":"COST ACTION IS 1205: Summer School & Conference; 7-12 September 2015 - Institut dru&scaron;tvenih znanosti Ivo Pilar","isPartOf":{"@id":"https:\/\/www.vegaintro-projekti.com\/pilar-stari\/#website"},"datePublished":"2015-06-09T20:52:47+00:00","dateModified":"2017-12-05T15:36:09+00:00","author":{"@id":"https:\/\/www.vegaintro-projekti.com\/pilar-stari\/#\/schema\/person\/c0db50ebd77c4409e19b18044bbf10c1"},"breadcrumb":{"@id":"https:\/\/www.vegaintro-projekti.com\/pilar-stari\/2015\/06\/cost-action-is-1205-summer-school-conference\/#breadcrumb"},"inLanguage":"hr","potentialAction":[{"@type":"ReadAction","target":["https:\/\/www.vegaintro-projekti.com\/pilar-stari\/2015\/06\/cost-action-is-1205-summer-school-conference\/"]}]},{"@type":"BreadcrumbList","@id":"https:\/\/www.vegaintro-projekti.com\/pilar-stari\/2015\/06\/cost-action-is-1205-summer-school-conference\/#breadcrumb","itemListElement":[{"@type":"ListItem","position":1,"name":"Home","item":"https:\/\/www.vegaintro-projekti.com\/pilar-stari\/"},{"@type":"ListItem","position":2,"name":"COST ACTION IS 1205: Summer School &#038; Conference; 7-12 September 2015"}]},{"@type":"WebSite","@id":"https:\/\/www.vegaintro-projekti.com\/pilar-stari\/#website","url":"https:\/\/www.vegaintro-projekti.com\/pilar-stari\/","name":"Institut dru&scaron;tvenih znanosti Ivo Pilar","description":"Pilar","potentialAction":[{"@type":"SearchAction","target":{"@type":"EntryPoint","urlTemplate":"https:\/\/www.vegaintro-projekti.com\/pilar-stari\/?s={search_term_string}"},"query-input":"required name=search_term_string"}],"inLanguage":"hr"},{"@type":"Person","@id":"https:\/\/www.vegaintro-projekti.com\/pilar-stari\/#\/schema\/person\/c0db50ebd77c4409e19b18044bbf10c1","name":"pilar-admin","image":{"@type":"ImageObject","inLanguage":"hr","@id":"https:\/\/www.vegaintro-projekti.com\/pilar-stari\/#\/schema\/person\/image\/","url":"https:\/\/secure.gravatar.com\/avatar\/fac9e03c4db0011b9c1ad8b5e9c74b8c?s=96&d=mm&r=g","contentUrl":"https:\/\/secure.gravatar.com\/avatar\/fac9e03c4db0011b9c1ad8b5e9c74b8c?s=96&d=mm&r=g","caption":"pilar-admin"},"url":"https:\/\/www.vegaintro-projekti.com\/pilar-stari\/author\/pilar-admin\/"}]}},"_links":{"self":[{"href":"https:\/\/www.vegaintro-projekti.com\/pilar-stari\/wp-json\/wp\/v2\/posts\/804"}],"collection":[{"href":"https:\/\/www.vegaintro-projekti.com\/pilar-stari\/wp-json\/wp\/v2\/posts"}],"about":[{"href":"https:\/\/www.vegaintro-projekti.com\/pilar-stari\/wp-json\/wp\/v2\/types\/post"}],"author":[{"embeddable":true,"href":"https:\/\/www.vegaintro-projekti.com\/pilar-stari\/wp-json\/wp\/v2\/users\/1"}],"replies":[{"embeddable":true,"href":"https:\/\/www.vegaintro-projekti.com\/pilar-stari\/wp-json\/wp\/v2\/comments?post=804"}],"version-history":[{"count":2,"href":"https:\/\/www.vegaintro-projekti.com\/pilar-stari\/wp-json\/wp\/v2\/posts\/804\/revisions"}],"predecessor-version":[{"id":5628,"href":"https:\/\/www.vegaintro-projekti.com\/pilar-stari\/wp-json\/wp\/v2\/posts\/804\/revisions\/5628"}],"wp:attachment":[{"href":"https:\/\/www.vegaintro-projekti.com\/pilar-stari\/wp-json\/wp\/v2\/media?parent=804"}],"wp:term":[{"taxonomy":"category","embeddable":true,"href":"https:\/\/www.vegaintro-projekti.com\/pilar-stari\/wp-json\/wp\/v2\/categories?post=804"},{"taxonomy":"post_tag","embeddable":true,"href":"https:\/\/www.vegaintro-projekti.com\/pilar-stari\/wp-json\/wp\/v2\/tags?post=804"}],"curies":[{"name":"wp","href":"https:\/\/api.w.org\/{rel}","templated":true}]}}