{"id":806,"date":"2015-06-10T11:15:37","date_gmt":"2015-06-10T11:15:37","guid":{"rendered":"https:\/\/www.vegaintro-projekti.com\/pilar-stari\/2015\/06\/10\/konferencija-movements-narratives-and-landscapes-zadar-5-7-6-2015\/"},"modified":"2017-12-08T14:22:47","modified_gmt":"2017-12-08T14:22:47","slug":"konferencija-movements-narratives-and-landscapes-zadar-5-7-6-2015","status":"publish","type":"post","link":"https:\/\/www.vegaintro-projekti.com\/pilar-stari\/2015\/06\/konferencija-movements-narratives-and-landscapes-zadar-5-7-6-2015\/","title":{"rendered":"Konferencija: MOVEMENTS, NARRATIVES AND LANDSCAPES, 5.-7. 6. 2015."},"content":{"rendered":"<p><strong>Na konferenciji MOVEMENTS, NARRATIVES AND LANDSCAPES odr\u017eanoj u Zadru od 5. do 7. lipnja 2015. sudjelovali su \u010dlanovi istra\u017eiva\u010dkog tima projekta <em>Second Homes and Social Sustainability of Local Communities in Croatia<\/em> s dva izlaganja u kojima su prezentirani rezultati do sada obavljenih analiza na projektu Instituta Ivo Pilar \u2013<\/strong> <a href=\"https:\/\/www.vegaintro-projekti.com\/pilar-stari\/2015\/02\/shsslcc-second-homes-and-social-sustainability-of-local-communities\/\">O projektu<\/a><\/p>\n<p><img decoding=\"async\" loading=\"lazy\" src=\"https:\/\/www.vegaintro-projekti.com\/pilar-stari\/wp-content\/images\/stories\/fotografije\/razno\/projekti\/second_homes\/Konferencija.jpg\" alt=\"Konferencija\" width=\"640\" height=\"329\" \/><\/p>\n<p>&#8211; Web stranica konferencije&nbsp;MOVEMENTS, NARRATIVES AND LANDSCAPES; Zadar, 5.-7. lipnja 2015.<\/p>\n<p>U Zadru je od 5. do 7. lipnja je odr\u017eana konferencija MOVEMENTS, NARRATIVES AND LANDSCAPES u organizaciji Sveu\u010dili\u0161ta u Zadru, Scientific Research Centre of the Slovenian Academy of Sciences and Arts (Slovenija), University of Roehampton (UK), University of Maine (USA). Na konferenciji su sudjelovali \u010dlanovi istra\u017eiva\u010dkog tima projekta <em>Second Homes and Social Sustainability of Local Communities in Croatia<\/em> s dva izlaganja u kojima su prezentirani rezultati do sada obavljenih analiza na projektu. Roko Mi\u0161eti\u0107, Nenad Pokos i Mario Bara sudjelovali su s izlaganjem &#8220;Changes in Features of Housing Units: Croatia 2001 \u2013 2011&#8221; dok su Geran-Marko Mileti\u0107, Kre\u0161imir Pera\u010dkovi\u0107 i Marica Marinovi\u0107 Golubi\u0107 imali izlaganje pod naslovom &#8220;Dwelling in Multiple Landscapes: A Sociospatial Analysis of Second Home Phenomenon&#8221;.<br \/>&#8211; Program |&nbsp;Keynote Speakers<\/p>\n<p><img decoding=\"async\" loading=\"lazy\" src=\"https:\/\/www.vegaintro-projekti.com\/pilar-stari\/wp-content\/images\/stories\/fotografije\/razno\/projekti\/second_homes\/UniZD.jpg\" alt=\"UniZD\" width=\"640\" height=\"241\" \/><\/p>\n<p><span style=\"font-size: 14pt;\">Sa\u017eetci izlaganja<\/span><\/p>\n<p><span style=\"font-size: 12pt;\">1. Changes in features of housing units: Croatia 2001 \u2013 2011<\/span><\/p>\n<p><em>Roko Mi\u0161eti\u0107, Catholic University of Croatia<\/em> (<a href=\"mailto:roko.misetic@unicath.hr\">roko.misetic@unicath.hr<\/a>)<br \/><em>Nenad Pokos, Institute of Social Sciences Ivo Pilar<\/em> (<a href=\"mailto:nenad.pokos@vegaintro-projekti.com\/pilar-stari\">nenad.pokos@vegaintro-projekti.com\/pilar-stari<\/a>)<br \/><em>Mario Bara, Catholic University of Croatia<\/em> (<a href=\"mailto:mario.bara@unicath.hr\">mario.bara@unicath.hr<\/a>)<\/p>\n<p>The paper analyses functional and physiognomic changes of housing units on city and municipality level in the Republic of Croatia from 2001 up to 2011. Functional changes are analysed according to statistical categories of housing units, while for analysis of physiognomic changes the authors used data on number and sizes of the units. During the past few decades the total number of housing units in Croatia is continuously growing as well as the number of units within specific statistical categories. The same trend exists when analysing the size of the units \u2013 in addition to absolute growth, records show increase in average size of housing units as well. The analysis of last inter-census period, when the total number of housing units increased by 19.7%, shows that the change in total number of housing units, as well as change in the number of lower level statistical categories is spatially differentiated. While coastal region and the capital city register a relatively strong increase in the number of housing units, central Croatia stands out at the other end with the lowest increase rate. Among changes that affected lower category housing units, increase in apartments for secondary housing stands out. Between 2001 and 2011 their number increased by 36.6%, with highest rate recorded in coastal cities and municipalities. Census data also indicate the expansion of number of temporarily vacant housing units during the analysed period, which is also a continued trend from earlier periods. The significant increase in temporarily vacant housing units during previous decade can be in one part associated with the economical crisis and recession that created an excess of units on the market. On the other hand, the reasons can also be found in the fact that registered changes are not following the rate of demographic development of Croatia. Increase in the number of developed units does not reflect real needs for housing, but can instead be interpreted as a sort of preservation of value when considering citizen\u2019s savings. This, however, represents the &#8220;occupation&#8221; of space and its permanent dilapidation.<\/p>\n<p><strong>&#8211; Prezentacija:<\/strong> <a href=\"https:\/\/www.vegaintro-projekti.com\/pilar-stari\/wp-content\/images\/stories\/dokumenti\/razno\/projekti\/second_homes\/Changes_in_features_of_housing_units.pdf\">Changes in features of housing units: Croatia 2001 \u2013 2011<\/a><\/p>\n<p><span style=\"font-size: 12pt;\">2. Dwelling in multiple landscapes: a socio-spatial analysis of second home phenomenon in Croatia<\/span><\/p>\n<p><em>Geran-Marko Mileti\u0107, Institute of Social Sciences Ivo Pilar<\/em> (<a href=\"mailto:geran@vegaintro-projekti.com\/pilar-stari\">geran@vegaintro-projekti.com\/pilar-stari<\/a>)<br \/><em>Kre\u0161imir Pera\u010dkovi\u0107, Institute of Social Sciences Ivo Pilar<\/em> (<a href=\"mailto:kreso@vegaintro-projekti.com\/pilar-stari\">kreso@vegaintro-projekti.com\/pilar-stari<\/a>)<br \/><em>Marica Marinovi\u0107 Golubi\u0107, Institute of Social Sciences Ivo Pilar<\/em> (<a href=\"mailto:Marica.MarinovicGolubic@vegaintro-projekti.com\/pilar-stari\">Marica.MarinovicGolubic@vegaintro-projekti.com\/pilar-stari<\/a>)<\/p>\n<p>The number of second homes in Croatia grew rapidly in the last intercensal period (from approx. 182.000 in 2001 to 250.000 in 2011) and as a result, second home expansion continues to be one of the strongest factors of spatial transformation in Croatia with coastal regions being most affected. Having that in mind, focus of this analysis will be on social and spatial patterns of second home expansion in Croatia. Starting from the fact that second home use implies not only (temporary) change in place of residence, but also, very often, movement to different landscape, the main aim of the analysis is to find out what kind of landscape do owners of second homes in Croatia prefer and what are basic characteristics of Croatian households that have a second home. <br \/>Specific objectives of the analysis are as follows: first, to describe spatial distribution of second homes (settlement size; type of settlement: rural\/urban, core\/peripheral, developed\/developing; location: Continental\/Adriatic region); second, to get insight into main features of places of primary residence (places where families with second homes permanently live); and third objective is to compare households with and without second home based on their family, economic and housing status. Part of data for the analysis will be taken from the 2011 Census. However, as the data about second home owners in Croatia aren\u2019t collected with the Census, data from an empirical research on the national representative sample conducted in the autumn of 2014 (N=3000) will be used for getting insight into socio-spatial background of Croatian households with a second home.<\/p>\n<p><strong>&#8211; Prezentacija:<\/strong> <a href=\"https:\/\/prezi.com\/psmaqa6nr2ut\/zadar2015\/\">Dwelling in multiple landscapes: a socio-spatial analysis of second home phenomenon in Croatia<\/a><\/p>\n<p><\/p>\n<p>&gt;&gt;&gt; PROJEKT: <a href=\"https:\/\/www.vegaintro-projekti.com\/pilar-stari\/2015\/02\/shsslcc-second-homes-and-social-sustainability-of-local-communities\/\">Second Homes and Social Sustainability of Local Communities in Croatia<\/a><\/p>\n","protected":false},"excerpt":{"rendered":"<p>Na konferenciji MOVEMENTS, NARRATIVES AND LANDSCAPES odr\u017eanoj u Zadru od 5. do 7. lipnja 2015. sudjelovali su \u010dlanovi istra\u017eiva\u010dkog tima projekta Second Homes and Social Sustainability of Local Communities in Croatia s dva izlaganja u kojima su prezentirani rezultati do sada obavljenih analiza na projektu Instituta Ivo Pilar \u2013 O projektu &#8211; Web stranica konferencije&nbsp;MOVEMENTS,&hellip; <a class=\"continue\" href=\"https:\/\/www.vegaintro-projekti.com\/pilar-stari\/2015\/06\/konferencija-movements-narratives-and-landscapes-zadar-5-7-6-2015\/\">Pro\u010ditaj vi\u0161e o<span> Konferencija: MOVEMENTS, NARRATIVES AND LANDSCAPES, 5.-7. 6. 2015.<\/span><\/a><\/p>\n","protected":false},"author":1,"featured_media":0,"comment_status":"open","ping_status":"open","sticky":false,"template":"","format":"standard","meta":{"inline_featured_image":false,"ngg_post_thumbnail":0,"footnotes":""},"categories":[11],"tags":[],"yoast_head":"<!-- This site is optimized with the Yoast SEO plugin v21.2 - https:\/\/yoast.com\/wordpress\/plugins\/seo\/ -->\n<title>Konferencija: MOVEMENTS, NARRATIVES AND LANDSCAPES, 5.-7. 6. 2015. - Institut dru&scaron;tvenih znanosti Ivo Pilar<\/title>\n<meta name=\"robots\" content=\"noindex, follow, max-snippet:-1, max-image-preview:large, max-video-preview:-1\" \/>\n<meta property=\"og:locale\" content=\"hr_HR\" \/>\n<meta property=\"og:type\" content=\"article\" \/>\n<meta property=\"og:title\" content=\"Konferencija: MOVEMENTS, NARRATIVES AND LANDSCAPES, 5.-7. 6. 2015. - Institut dru&scaron;tvenih znanosti Ivo Pilar\" \/>\n<meta property=\"og:description\" content=\"Na konferenciji MOVEMENTS, NARRATIVES AND LANDSCAPES odr\u017eanoj u Zadru od 5. do 7. lipnja 2015. sudjelovali su \u010dlanovi istra\u017eiva\u010dkog tima projekta Second Homes and Social Sustainability of Local Communities in Croatia s dva izlaganja u kojima su prezentirani rezultati do sada obavljenih analiza na projektu Instituta Ivo Pilar \u2013 O projektu &#8211; Web stranica konferencije&nbsp;MOVEMENTS,&hellip; Pro\u010ditaj vi\u0161e o Konferencija: MOVEMENTS, NARRATIVES AND LANDSCAPES, 5.-7. 6. 2015.\" \/>\n<meta property=\"og:url\" content=\"https:\/\/www.vegaintro-projekti.com\/pilar-stari\/2015\/06\/konferencija-movements-narratives-and-landscapes-zadar-5-7-6-2015\/\" \/>\n<meta property=\"og:site_name\" content=\"Institut dru&scaron;tvenih znanosti Ivo Pilar\" \/>\n<meta property=\"article:published_time\" content=\"2015-06-10T11:15:37+00:00\" \/>\n<meta property=\"article:modified_time\" content=\"2017-12-08T14:22:47+00:00\" \/>\n<meta property=\"og:image\" content=\"https:\/\/www.vegaintro-projekti.com\/pilar-stari\/wp-content\/images\/stories\/fotografije\/razno\/projekti\/second_homes\/Konferencija.jpg\" \/>\n<meta name=\"author\" content=\"pilar-admin\" \/>\n<meta name=\"twitter:card\" content=\"summary_large_image\" \/>\n<meta name=\"twitter:label1\" content=\"Napisao\/la\" \/>\n\t<meta name=\"twitter:data1\" content=\"pilar-admin\" \/>\n\t<meta name=\"twitter:label2\" content=\"Procijenjeno vrijeme \u010ditanja\" \/>\n\t<meta name=\"twitter:data2\" content=\"5 minuta\" \/>\n<script type=\"application\/ld+json\" class=\"yoast-schema-graph\">{\"@context\":\"https:\/\/schema.org\",\"@graph\":[{\"@type\":\"WebPage\",\"@id\":\"https:\/\/www.vegaintro-projekti.com\/pilar-stari\/2015\/06\/konferencija-movements-narratives-and-landscapes-zadar-5-7-6-2015\/\",\"url\":\"https:\/\/www.vegaintro-projekti.com\/pilar-stari\/2015\/06\/konferencija-movements-narratives-and-landscapes-zadar-5-7-6-2015\/\",\"name\":\"Konferencija: MOVEMENTS, NARRATIVES AND LANDSCAPES, 5.-7. 6. 2015. - Institut dru&scaron;tvenih znanosti Ivo Pilar\",\"isPartOf\":{\"@id\":\"https:\/\/www.vegaintro-projekti.com\/pilar-stari\/#website\"},\"datePublished\":\"2015-06-10T11:15:37+00:00\",\"dateModified\":\"2017-12-08T14:22:47+00:00\",\"author\":{\"@id\":\"https:\/\/www.vegaintro-projekti.com\/pilar-stari\/#\/schema\/person\/c0db50ebd77c4409e19b18044bbf10c1\"},\"breadcrumb\":{\"@id\":\"https:\/\/www.vegaintro-projekti.com\/pilar-stari\/2015\/06\/konferencija-movements-narratives-and-landscapes-zadar-5-7-6-2015\/#breadcrumb\"},\"inLanguage\":\"hr\",\"potentialAction\":[{\"@type\":\"ReadAction\",\"target\":[\"https:\/\/www.vegaintro-projekti.com\/pilar-stari\/2015\/06\/konferencija-movements-narratives-and-landscapes-zadar-5-7-6-2015\/\"]}]},{\"@type\":\"BreadcrumbList\",\"@id\":\"https:\/\/www.vegaintro-projekti.com\/pilar-stari\/2015\/06\/konferencija-movements-narratives-and-landscapes-zadar-5-7-6-2015\/#breadcrumb\",\"itemListElement\":[{\"@type\":\"ListItem\",\"position\":1,\"name\":\"Home\",\"item\":\"https:\/\/www.vegaintro-projekti.com\/pilar-stari\/\"},{\"@type\":\"ListItem\",\"position\":2,\"name\":\"Konferencija: MOVEMENTS, NARRATIVES AND LANDSCAPES, 5.-7. 6. 2015.\"}]},{\"@type\":\"WebSite\",\"@id\":\"https:\/\/www.vegaintro-projekti.com\/pilar-stari\/#website\",\"url\":\"https:\/\/www.vegaintro-projekti.com\/pilar-stari\/\",\"name\":\"Institut dru&scaron;tvenih znanosti Ivo Pilar\",\"description\":\"Pilar\",\"potentialAction\":[{\"@type\":\"SearchAction\",\"target\":{\"@type\":\"EntryPoint\",\"urlTemplate\":\"https:\/\/www.vegaintro-projekti.com\/pilar-stari\/?s={search_term_string}\"},\"query-input\":\"required name=search_term_string\"}],\"inLanguage\":\"hr\"},{\"@type\":\"Person\",\"@id\":\"https:\/\/www.vegaintro-projekti.com\/pilar-stari\/#\/schema\/person\/c0db50ebd77c4409e19b18044bbf10c1\",\"name\":\"pilar-admin\",\"image\":{\"@type\":\"ImageObject\",\"inLanguage\":\"hr\",\"@id\":\"https:\/\/www.vegaintro-projekti.com\/pilar-stari\/#\/schema\/person\/image\/\",\"url\":\"https:\/\/secure.gravatar.com\/avatar\/fac9e03c4db0011b9c1ad8b5e9c74b8c?s=96&d=mm&r=g\",\"contentUrl\":\"https:\/\/secure.gravatar.com\/avatar\/fac9e03c4db0011b9c1ad8b5e9c74b8c?s=96&d=mm&r=g\",\"caption\":\"pilar-admin\"},\"url\":\"https:\/\/www.vegaintro-projekti.com\/pilar-stari\/author\/pilar-admin\/\"}]}<\/script>\n<!-- \/ Yoast SEO plugin. -->","yoast_head_json":{"title":"Konferencija: MOVEMENTS, NARRATIVES AND LANDSCAPES, 5.-7. 6. 2015. - Institut dru&scaron;tvenih znanosti Ivo Pilar","robots":{"index":"noindex","follow":"follow","max-snippet":"max-snippet:-1","max-image-preview":"max-image-preview:large","max-video-preview":"max-video-preview:-1"},"og_locale":"hr_HR","og_type":"article","og_title":"Konferencija: MOVEMENTS, NARRATIVES AND LANDSCAPES, 5.-7. 6. 2015. - Institut dru&scaron;tvenih znanosti Ivo Pilar","og_description":"Na konferenciji MOVEMENTS, NARRATIVES AND LANDSCAPES odr\u017eanoj u Zadru od 5. do 7. lipnja 2015. sudjelovali su \u010dlanovi istra\u017eiva\u010dkog tima projekta Second Homes and Social Sustainability of Local Communities in Croatia s dva izlaganja u kojima su prezentirani rezultati do sada obavljenih analiza na projektu Instituta Ivo Pilar \u2013 O projektu &#8211; Web stranica konferencije&nbsp;MOVEMENTS,&hellip; Pro\u010ditaj vi\u0161e o Konferencija: MOVEMENTS, NARRATIVES AND LANDSCAPES, 5.-7. 6. 2015.","og_url":"https:\/\/www.vegaintro-projekti.com\/pilar-stari\/2015\/06\/konferencija-movements-narratives-and-landscapes-zadar-5-7-6-2015\/","og_site_name":"Institut dru&scaron;tvenih znanosti Ivo Pilar","article_published_time":"2015-06-10T11:15:37+00:00","article_modified_time":"2017-12-08T14:22:47+00:00","og_image":[{"url":"https:\/\/www.vegaintro-projekti.com\/pilar-stari\/wp-content\/images\/stories\/fotografije\/razno\/projekti\/second_homes\/Konferencija.jpg"}],"author":"pilar-admin","twitter_card":"summary_large_image","twitter_misc":{"Napisao\/la":"pilar-admin","Procijenjeno vrijeme \u010ditanja":"5 minuta"},"schema":{"@context":"https:\/\/schema.org","@graph":[{"@type":"WebPage","@id":"https:\/\/www.vegaintro-projekti.com\/pilar-stari\/2015\/06\/konferencija-movements-narratives-and-landscapes-zadar-5-7-6-2015\/","url":"https:\/\/www.vegaintro-projekti.com\/pilar-stari\/2015\/06\/konferencija-movements-narratives-and-landscapes-zadar-5-7-6-2015\/","name":"Konferencija: MOVEMENTS, NARRATIVES AND LANDSCAPES, 5.-7. 6. 2015. - Institut dru&scaron;tvenih znanosti Ivo Pilar","isPartOf":{"@id":"https:\/\/www.vegaintro-projekti.com\/pilar-stari\/#website"},"datePublished":"2015-06-10T11:15:37+00:00","dateModified":"2017-12-08T14:22:47+00:00","author":{"@id":"https:\/\/www.vegaintro-projekti.com\/pilar-stari\/#\/schema\/person\/c0db50ebd77c4409e19b18044bbf10c1"},"breadcrumb":{"@id":"https:\/\/www.vegaintro-projekti.com\/pilar-stari\/2015\/06\/konferencija-movements-narratives-and-landscapes-zadar-5-7-6-2015\/#breadcrumb"},"inLanguage":"hr","potentialAction":[{"@type":"ReadAction","target":["https:\/\/www.vegaintro-projekti.com\/pilar-stari\/2015\/06\/konferencija-movements-narratives-and-landscapes-zadar-5-7-6-2015\/"]}]},{"@type":"BreadcrumbList","@id":"https:\/\/www.vegaintro-projekti.com\/pilar-stari\/2015\/06\/konferencija-movements-narratives-and-landscapes-zadar-5-7-6-2015\/#breadcrumb","itemListElement":[{"@type":"ListItem","position":1,"name":"Home","item":"https:\/\/www.vegaintro-projekti.com\/pilar-stari\/"},{"@type":"ListItem","position":2,"name":"Konferencija: MOVEMENTS, NARRATIVES AND LANDSCAPES, 5.-7. 6. 2015."}]},{"@type":"WebSite","@id":"https:\/\/www.vegaintro-projekti.com\/pilar-stari\/#website","url":"https:\/\/www.vegaintro-projekti.com\/pilar-stari\/","name":"Institut dru&scaron;tvenih znanosti Ivo Pilar","description":"Pilar","potentialAction":[{"@type":"SearchAction","target":{"@type":"EntryPoint","urlTemplate":"https:\/\/www.vegaintro-projekti.com\/pilar-stari\/?s={search_term_string}"},"query-input":"required name=search_term_string"}],"inLanguage":"hr"},{"@type":"Person","@id":"https:\/\/www.vegaintro-projekti.com\/pilar-stari\/#\/schema\/person\/c0db50ebd77c4409e19b18044bbf10c1","name":"pilar-admin","image":{"@type":"ImageObject","inLanguage":"hr","@id":"https:\/\/www.vegaintro-projekti.com\/pilar-stari\/#\/schema\/person\/image\/","url":"https:\/\/secure.gravatar.com\/avatar\/fac9e03c4db0011b9c1ad8b5e9c74b8c?s=96&d=mm&r=g","contentUrl":"https:\/\/secure.gravatar.com\/avatar\/fac9e03c4db0011b9c1ad8b5e9c74b8c?s=96&d=mm&r=g","caption":"pilar-admin"},"url":"https:\/\/www.vegaintro-projekti.com\/pilar-stari\/author\/pilar-admin\/"}]}},"_links":{"self":[{"href":"https:\/\/www.vegaintro-projekti.com\/pilar-stari\/wp-json\/wp\/v2\/posts\/806"}],"collection":[{"href":"https:\/\/www.vegaintro-projekti.com\/pilar-stari\/wp-json\/wp\/v2\/posts"}],"about":[{"href":"https:\/\/www.vegaintro-projekti.com\/pilar-stari\/wp-json\/wp\/v2\/types\/post"}],"author":[{"embeddable":true,"href":"https:\/\/www.vegaintro-projekti.com\/pilar-stari\/wp-json\/wp\/v2\/users\/1"}],"replies":[{"embeddable":true,"href":"https:\/\/www.vegaintro-projekti.com\/pilar-stari\/wp-json\/wp\/v2\/comments?post=806"}],"version-history":[{"count":5,"href":"https:\/\/www.vegaintro-projekti.com\/pilar-stari\/wp-json\/wp\/v2\/posts\/806\/revisions"}],"predecessor-version":[{"id":7944,"href":"https:\/\/www.vegaintro-projekti.com\/pilar-stari\/wp-json\/wp\/v2\/posts\/806\/revisions\/7944"}],"wp:attachment":[{"href":"https:\/\/www.vegaintro-projekti.com\/pilar-stari\/wp-json\/wp\/v2\/media?parent=806"}],"wp:term":[{"taxonomy":"category","embeddable":true,"href":"https:\/\/www.vegaintro-projekti.com\/pilar-stari\/wp-json\/wp\/v2\/categories?post=806"},{"taxonomy":"post_tag","embeddable":true,"href":"https:\/\/www.vegaintro-projekti.com\/pilar-stari\/wp-json\/wp\/v2\/tags?post=806"}],"curies":[{"name":"wp","href":"https:\/\/api.w.org\/{rel}","templated":true}]}}