{"id":811,"date":"2015-07-04T09:34:57","date_gmt":"2015-07-04T09:34:57","guid":{"rendered":"https:\/\/www.vegaintro-projekti.com\/pilar-stari\/2015\/07\/04\/svjetski-kongres-etnologa-u-zagrebu-etnografije-za-21-stoljece\/"},"modified":"2017-12-08T14:46:22","modified_gmt":"2017-12-08T14:46:22","slug":"svjetski-kongres-etnologa-u-zagrebu-etnografije-za-21-stoljece","status":"publish","type":"post","link":"https:\/\/www.vegaintro-projekti.com\/pilar-stari\/2015\/07\/svjetski-kongres-etnologa-u-zagrebu-etnografije-za-21-stoljece\/","title":{"rendered":"Svjetski kongres etnologa u Zagrebu: ETNOGRAFIJE ZA 21. STOLJE\u0106E"},"content":{"rendered":"<p><strong>Od 21. do 24. lipnja 2015. odr\u017ean je u Zagrebu dvanaesti kongres Me\u0111unarodnog udru\u017eenja etnologa i folklorista (SIEF), sredi\u0161nje europske udruge etnologa, antropologa i folklorista. Na skup pod \u0161iroko zacrtanim naslovom &#8220;Utopije, stvarnosti, ba\u0161tine: etnografije za 21. stolje\u0107e&#8221; stiglo je ne\u0161to vi\u0161e od devetsto sudionika iz 57 zemalja svijeta &#8211;<\/strong> <a href=\"http:\/\/www.siefhome.org\/congresses\/sief2015\/index.shtml\">Program kongresa<\/a><\/p>\n<p><a href=\"https:\/\/www.vegaintro-projekti.com\/pilar-stari\/wp-content\/images\/stories\/dokumenti\/skupovi\/etnologije\/SIEF_PLAKAT.pdf\"><img decoding=\"async\" loading=\"lazy\" src=\"https:\/\/www.vegaintro-projekti.com\/pilar-stari\/wp-content\/images\/stories\/fotografije\/skupovi\/etnologije\/rightbg.jpg\" alt=\"rightbg\" width=\"615\" height=\"480\" \/><\/a><\/p>\n<p>&#8211; <a href=\"https:\/\/www.vegaintro-projekti.com\/pilar-stari\/wp-content\/images\/stories\/dokumenti\/skupovi\/etnologije\/SIEF_PLAKAT.pdf\">Plakat kongresa<\/a> | <a href=\"http:\/\/www.siefhome.org\/congresses\/sief2015\/index.shtml\">Program kongresa SIEFA 2015.<\/a><\/p>\n<p>Na kongresu je odr\u017eano je 112 paralelnih tematskih panela s izlaganjima, 4 plenarna predavanja, 10 sastanaka radnih grupa SIEF-a, festival etnografskog filma, nekoliko izlo\u017eaba plakata i knjiga te promocija \u010dasopisa Cultural Analysis i Ethnologia Europea, glasila te me\u0111unarodne udruge. Ovogodi\u0161nja je zanimljivost \u0161to je doma\u0107in bila Hrvatska uz doma\u0107e organizatore kongresa \u2013 Institut za etnologiju i folkloristiku (IEF) u Zagrebu te Odsjek za etnologiju i kulturnu antropologiju Filozofskoga fakulteta Sveu\u010dili\u0161ta u Zagrebu. Na kongresu je sudjelovalo 93 hrvatskih znanstvenika od \u010dega pet iz Instituta Pilar: dr. sc. Marija Geiger Zeman, dr. sc. Caroline Hornstein-Tomi\u0107, dr. sc. Marica Marinovi\u0107 Golubi\u0107, dr. sc. Lyn \u0160iki\u0107-Mi\u0107anovi\u0107, dr. sc. Jelka Vince Pallua te dr. sc. Zdenko Zeman.<\/p>\n<p>&gt;&gt;&gt; <a href=\"http:\/\/www.siefhome.org\/congresses\/sief2015\/index.shtml\">Web stranica kongresa SIEFA 2015.<\/a><\/p>\n<p>&gt;&gt;&gt; Jasna \u010capo: Na\u0161a o\u010daranost ba\u0161tinom rezultat je pokopanih vizija budu\u0107nosti, Nacional, 7. lipnja 2015.<\/p><\/p>\n","protected":false},"excerpt":{"rendered":"<p>Od 21. do 24. lipnja 2015. odr\u017ean je u Zagrebu dvanaesti kongres Me\u0111unarodnog udru\u017eenja etnologa i folklorista (SIEF), sredi\u0161nje europske udruge etnologa, antropologa i folklorista. Na skup pod \u0161iroko zacrtanim naslovom &#8220;Utopije, stvarnosti, ba\u0161tine: etnografije za 21. stolje\u0107e&#8221; stiglo je ne\u0161to vi\u0161e od devetsto sudionika iz 57 zemalja svijeta &#8211; Program kongresa &#8211; Plakat kongresa&hellip; <a class=\"continue\" href=\"https:\/\/www.vegaintro-projekti.com\/pilar-stari\/2015\/07\/svjetski-kongres-etnologa-u-zagrebu-etnografije-za-21-stoljece\/\">Pro\u010ditaj vi\u0161e o<span> Svjetski kongres etnologa u Zagrebu: ETNOGRAFIJE ZA 21. STOLJE\u0106E<\/span><\/a><\/p>\n","protected":false},"author":1,"featured_media":0,"comment_status":"open","ping_status":"open","sticky":false,"template":"","format":"standard","meta":{"inline_featured_image":false,"ngg_post_thumbnail":0,"footnotes":""},"categories":[11],"tags":[],"yoast_head":"<!-- This site is optimized with the Yoast SEO plugin v21.2 - https:\/\/yoast.com\/wordpress\/plugins\/seo\/ -->\n<title>Svjetski kongres etnologa u Zagrebu: ETNOGRAFIJE ZA 21. STOLJE\u0106E - Institut dru&scaron;tvenih znanosti Ivo Pilar<\/title>\n<meta name=\"robots\" content=\"noindex, follow, max-snippet:-1, max-image-preview:large, max-video-preview:-1\" \/>\n<meta property=\"og:locale\" content=\"hr_HR\" \/>\n<meta property=\"og:type\" content=\"article\" \/>\n<meta property=\"og:title\" content=\"Svjetski kongres etnologa u Zagrebu: ETNOGRAFIJE ZA 21. STOLJE\u0106E - Institut dru&scaron;tvenih znanosti Ivo Pilar\" \/>\n<meta property=\"og:description\" content=\"Od 21. do 24. lipnja 2015. odr\u017ean je u Zagrebu dvanaesti kongres Me\u0111unarodnog udru\u017eenja etnologa i folklorista (SIEF), sredi\u0161nje europske udruge etnologa, antropologa i folklorista. Na skup pod \u0161iroko zacrtanim naslovom &#8220;Utopije, stvarnosti, ba\u0161tine: etnografije za 21. stolje\u0107e&#8221; stiglo je ne\u0161to vi\u0161e od devetsto sudionika iz 57 zemalja svijeta &#8211; Program kongresa &#8211; Plakat kongresa&hellip; Pro\u010ditaj vi\u0161e o Svjetski kongres etnologa u Zagrebu: ETNOGRAFIJE ZA 21. STOLJE\u0106E\" \/>\n<meta property=\"og:url\" content=\"https:\/\/www.vegaintro-projekti.com\/pilar-stari\/2015\/07\/svjetski-kongres-etnologa-u-zagrebu-etnografije-za-21-stoljece\/\" \/>\n<meta property=\"og:site_name\" content=\"Institut dru&scaron;tvenih znanosti Ivo Pilar\" \/>\n<meta property=\"article:published_time\" content=\"2015-07-04T09:34:57+00:00\" \/>\n<meta property=\"article:modified_time\" content=\"2017-12-08T14:46:22+00:00\" \/>\n<meta property=\"og:image\" content=\"https:\/\/www.vegaintro-projekti.com\/pilar-stari\/wp-content\/images\/stories\/fotografije\/skupovi\/etnologije\/rightbg.jpg\" \/>\n<meta name=\"author\" content=\"pilar-admin\" \/>\n<meta name=\"twitter:card\" content=\"summary_large_image\" \/>\n<meta name=\"twitter:label1\" content=\"Napisao\/la\" \/>\n\t<meta name=\"twitter:data1\" content=\"pilar-admin\" \/>\n\t<meta name=\"twitter:label2\" content=\"Procijenjeno vrijeme \u010ditanja\" \/>\n\t<meta name=\"twitter:data2\" content=\"1 minuta\" \/>\n<script type=\"application\/ld+json\" class=\"yoast-schema-graph\">{\"@context\":\"https:\/\/schema.org\",\"@graph\":[{\"@type\":\"WebPage\",\"@id\":\"https:\/\/www.vegaintro-projekti.com\/pilar-stari\/2015\/07\/svjetski-kongres-etnologa-u-zagrebu-etnografije-za-21-stoljece\/\",\"url\":\"https:\/\/www.vegaintro-projekti.com\/pilar-stari\/2015\/07\/svjetski-kongres-etnologa-u-zagrebu-etnografije-za-21-stoljece\/\",\"name\":\"Svjetski kongres etnologa u Zagrebu: ETNOGRAFIJE ZA 21. STOLJE\u0106E - Institut dru&scaron;tvenih znanosti Ivo Pilar\",\"isPartOf\":{\"@id\":\"https:\/\/www.vegaintro-projekti.com\/pilar-stari\/#website\"},\"datePublished\":\"2015-07-04T09:34:57+00:00\",\"dateModified\":\"2017-12-08T14:46:22+00:00\",\"author\":{\"@id\":\"https:\/\/www.vegaintro-projekti.com\/pilar-stari\/#\/schema\/person\/c0db50ebd77c4409e19b18044bbf10c1\"},\"breadcrumb\":{\"@id\":\"https:\/\/www.vegaintro-projekti.com\/pilar-stari\/2015\/07\/svjetski-kongres-etnologa-u-zagrebu-etnografije-za-21-stoljece\/#breadcrumb\"},\"inLanguage\":\"hr\",\"potentialAction\":[{\"@type\":\"ReadAction\",\"target\":[\"https:\/\/www.vegaintro-projekti.com\/pilar-stari\/2015\/07\/svjetski-kongres-etnologa-u-zagrebu-etnografije-za-21-stoljece\/\"]}]},{\"@type\":\"BreadcrumbList\",\"@id\":\"https:\/\/www.vegaintro-projekti.com\/pilar-stari\/2015\/07\/svjetski-kongres-etnologa-u-zagrebu-etnografije-za-21-stoljece\/#breadcrumb\",\"itemListElement\":[{\"@type\":\"ListItem\",\"position\":1,\"name\":\"Home\",\"item\":\"https:\/\/www.vegaintro-projekti.com\/pilar-stari\/\"},{\"@type\":\"ListItem\",\"position\":2,\"name\":\"Svjetski kongres etnologa u Zagrebu: ETNOGRAFIJE ZA 21. STOLJE\u0106E\"}]},{\"@type\":\"WebSite\",\"@id\":\"https:\/\/www.vegaintro-projekti.com\/pilar-stari\/#website\",\"url\":\"https:\/\/www.vegaintro-projekti.com\/pilar-stari\/\",\"name\":\"Institut dru&scaron;tvenih znanosti Ivo Pilar\",\"description\":\"Pilar\",\"potentialAction\":[{\"@type\":\"SearchAction\",\"target\":{\"@type\":\"EntryPoint\",\"urlTemplate\":\"https:\/\/www.vegaintro-projekti.com\/pilar-stari\/?s={search_term_string}\"},\"query-input\":\"required name=search_term_string\"}],\"inLanguage\":\"hr\"},{\"@type\":\"Person\",\"@id\":\"https:\/\/www.vegaintro-projekti.com\/pilar-stari\/#\/schema\/person\/c0db50ebd77c4409e19b18044bbf10c1\",\"name\":\"pilar-admin\",\"image\":{\"@type\":\"ImageObject\",\"inLanguage\":\"hr\",\"@id\":\"https:\/\/www.vegaintro-projekti.com\/pilar-stari\/#\/schema\/person\/image\/\",\"url\":\"https:\/\/secure.gravatar.com\/avatar\/fac9e03c4db0011b9c1ad8b5e9c74b8c?s=96&d=mm&r=g\",\"contentUrl\":\"https:\/\/secure.gravatar.com\/avatar\/fac9e03c4db0011b9c1ad8b5e9c74b8c?s=96&d=mm&r=g\",\"caption\":\"pilar-admin\"},\"url\":\"https:\/\/www.vegaintro-projekti.com\/pilar-stari\/author\/pilar-admin\/\"}]}<\/script>\n<!-- \/ Yoast SEO plugin. -->","yoast_head_json":{"title":"Svjetski kongres etnologa u Zagrebu: ETNOGRAFIJE ZA 21. STOLJE\u0106E - Institut dru&scaron;tvenih znanosti Ivo Pilar","robots":{"index":"noindex","follow":"follow","max-snippet":"max-snippet:-1","max-image-preview":"max-image-preview:large","max-video-preview":"max-video-preview:-1"},"og_locale":"hr_HR","og_type":"article","og_title":"Svjetski kongres etnologa u Zagrebu: ETNOGRAFIJE ZA 21. STOLJE\u0106E - Institut dru&scaron;tvenih znanosti Ivo Pilar","og_description":"Od 21. do 24. lipnja 2015. odr\u017ean je u Zagrebu dvanaesti kongres Me\u0111unarodnog udru\u017eenja etnologa i folklorista (SIEF), sredi\u0161nje europske udruge etnologa, antropologa i folklorista. Na skup pod \u0161iroko zacrtanim naslovom &#8220;Utopije, stvarnosti, ba\u0161tine: etnografije za 21. stolje\u0107e&#8221; stiglo je ne\u0161to vi\u0161e od devetsto sudionika iz 57 zemalja svijeta &#8211; Program kongresa &#8211; Plakat kongresa&hellip; Pro\u010ditaj vi\u0161e o Svjetski kongres etnologa u Zagrebu: ETNOGRAFIJE ZA 21. STOLJE\u0106E","og_url":"https:\/\/www.vegaintro-projekti.com\/pilar-stari\/2015\/07\/svjetski-kongres-etnologa-u-zagrebu-etnografije-za-21-stoljece\/","og_site_name":"Institut dru&scaron;tvenih znanosti Ivo Pilar","article_published_time":"2015-07-04T09:34:57+00:00","article_modified_time":"2017-12-08T14:46:22+00:00","og_image":[{"url":"https:\/\/www.vegaintro-projekti.com\/pilar-stari\/wp-content\/images\/stories\/fotografije\/skupovi\/etnologije\/rightbg.jpg"}],"author":"pilar-admin","twitter_card":"summary_large_image","twitter_misc":{"Napisao\/la":"pilar-admin","Procijenjeno vrijeme \u010ditanja":"1 minuta"},"schema":{"@context":"https:\/\/schema.org","@graph":[{"@type":"WebPage","@id":"https:\/\/www.vegaintro-projekti.com\/pilar-stari\/2015\/07\/svjetski-kongres-etnologa-u-zagrebu-etnografije-za-21-stoljece\/","url":"https:\/\/www.vegaintro-projekti.com\/pilar-stari\/2015\/07\/svjetski-kongres-etnologa-u-zagrebu-etnografije-za-21-stoljece\/","name":"Svjetski kongres etnologa u Zagrebu: ETNOGRAFIJE ZA 21. STOLJE\u0106E - Institut dru&scaron;tvenih znanosti Ivo Pilar","isPartOf":{"@id":"https:\/\/www.vegaintro-projekti.com\/pilar-stari\/#website"},"datePublished":"2015-07-04T09:34:57+00:00","dateModified":"2017-12-08T14:46:22+00:00","author":{"@id":"https:\/\/www.vegaintro-projekti.com\/pilar-stari\/#\/schema\/person\/c0db50ebd77c4409e19b18044bbf10c1"},"breadcrumb":{"@id":"https:\/\/www.vegaintro-projekti.com\/pilar-stari\/2015\/07\/svjetski-kongres-etnologa-u-zagrebu-etnografije-za-21-stoljece\/#breadcrumb"},"inLanguage":"hr","potentialAction":[{"@type":"ReadAction","target":["https:\/\/www.vegaintro-projekti.com\/pilar-stari\/2015\/07\/svjetski-kongres-etnologa-u-zagrebu-etnografije-za-21-stoljece\/"]}]},{"@type":"BreadcrumbList","@id":"https:\/\/www.vegaintro-projekti.com\/pilar-stari\/2015\/07\/svjetski-kongres-etnologa-u-zagrebu-etnografije-za-21-stoljece\/#breadcrumb","itemListElement":[{"@type":"ListItem","position":1,"name":"Home","item":"https:\/\/www.vegaintro-projekti.com\/pilar-stari\/"},{"@type":"ListItem","position":2,"name":"Svjetski kongres etnologa u Zagrebu: ETNOGRAFIJE ZA 21. STOLJE\u0106E"}]},{"@type":"WebSite","@id":"https:\/\/www.vegaintro-projekti.com\/pilar-stari\/#website","url":"https:\/\/www.vegaintro-projekti.com\/pilar-stari\/","name":"Institut dru&scaron;tvenih znanosti Ivo Pilar","description":"Pilar","potentialAction":[{"@type":"SearchAction","target":{"@type":"EntryPoint","urlTemplate":"https:\/\/www.vegaintro-projekti.com\/pilar-stari\/?s={search_term_string}"},"query-input":"required name=search_term_string"}],"inLanguage":"hr"},{"@type":"Person","@id":"https:\/\/www.vegaintro-projekti.com\/pilar-stari\/#\/schema\/person\/c0db50ebd77c4409e19b18044bbf10c1","name":"pilar-admin","image":{"@type":"ImageObject","inLanguage":"hr","@id":"https:\/\/www.vegaintro-projekti.com\/pilar-stari\/#\/schema\/person\/image\/","url":"https:\/\/secure.gravatar.com\/avatar\/fac9e03c4db0011b9c1ad8b5e9c74b8c?s=96&d=mm&r=g","contentUrl":"https:\/\/secure.gravatar.com\/avatar\/fac9e03c4db0011b9c1ad8b5e9c74b8c?s=96&d=mm&r=g","caption":"pilar-admin"},"url":"https:\/\/www.vegaintro-projekti.com\/pilar-stari\/author\/pilar-admin\/"}]}},"_links":{"self":[{"href":"https:\/\/www.vegaintro-projekti.com\/pilar-stari\/wp-json\/wp\/v2\/posts\/811"}],"collection":[{"href":"https:\/\/www.vegaintro-projekti.com\/pilar-stari\/wp-json\/wp\/v2\/posts"}],"about":[{"href":"https:\/\/www.vegaintro-projekti.com\/pilar-stari\/wp-json\/wp\/v2\/types\/post"}],"author":[{"embeddable":true,"href":"https:\/\/www.vegaintro-projekti.com\/pilar-stari\/wp-json\/wp\/v2\/users\/1"}],"replies":[{"embeddable":true,"href":"https:\/\/www.vegaintro-projekti.com\/pilar-stari\/wp-json\/wp\/v2\/comments?post=811"}],"version-history":[{"count":1,"href":"https:\/\/www.vegaintro-projekti.com\/pilar-stari\/wp-json\/wp\/v2\/posts\/811\/revisions"}],"predecessor-version":[{"id":7955,"href":"https:\/\/www.vegaintro-projekti.com\/pilar-stari\/wp-json\/wp\/v2\/posts\/811\/revisions\/7955"}],"wp:attachment":[{"href":"https:\/\/www.vegaintro-projekti.com\/pilar-stari\/wp-json\/wp\/v2\/media?parent=811"}],"wp:term":[{"taxonomy":"category","embeddable":true,"href":"https:\/\/www.vegaintro-projekti.com\/pilar-stari\/wp-json\/wp\/v2\/categories?post=811"},{"taxonomy":"post_tag","embeddable":true,"href":"https:\/\/www.vegaintro-projekti.com\/pilar-stari\/wp-json\/wp\/v2\/tags?post=811"}],"curies":[{"name":"wp","href":"https:\/\/api.w.org\/{rel}","templated":true}]}}