{"id":813,"date":"2015-07-09T04:51:22","date_gmt":"2015-07-09T04:51:22","guid":{"rendered":"https:\/\/www.vegaintro-projekti.com\/pilar-stari\/2015\/07\/09\/konferencija-za-medije-pilarov-barometar-2015\/"},"modified":"2017-12-08T14:46:28","modified_gmt":"2017-12-08T14:46:28","slug":"konferencija-za-medije-pilarov-barometar-2015","status":"publish","type":"post","link":"https:\/\/www.vegaintro-projekti.com\/pilar-stari\/2015\/07\/konferencija-za-medije-pilarov-barometar-2015\/","title":{"rendered":"Konferencija za medije: PILAROV BAROMETAR 2015."},"content":{"rendered":"<p><strong>Institut dru\u0161tvenih znanosti Ivo Pilar organizirao je predstavljanje rezultata istra\u017eivanja&nbsp;javnosti PILAROV BAROMETAR HRVATSKOGA DRU\u0160TVA 2015. koje se odr\u017ealo 15.&nbsp;srpnja 2015. u Multimedijalnoj dvorani Instituta Ivo Pilar, Zagreb, Maruli\u0107ev&nbsp;trg 19\/1. &#8211; <a href=\"#odjeci\">Odjeci u medijima<\/a><\/strong><\/p>\n<p><a href=\"https:\/\/www.vegaintro-projekti.com\/pilar-stari\/wp-content\/images\/stories\/dokumenti\/barometar\/pb2015_pozivnica.pdf\"><img decoding=\"async\" loading=\"lazy\" src=\"https:\/\/www.vegaintro-projekti.com\/pilar-stari\/wp-content\/images\/stories\/fotografije\/barometar\/pb2015_pozivnica.jpg\" alt=\"pb2015 pozivnica\" width=\"640\" height=\"453\" \/><\/a><\/p>\n<p>&#8211; <a href=\"https:\/\/www.vegaintro-projekti.com\/pilar-stari\/wp-content\/images\/stories\/dokumenti\/barometar\/pb2015_pozivnica.pdf\">Pozivnica za predstvljanje rezultata istra\u017eivanja javnosti PILAROV BAROMETAR HRVATSKOGA&nbsp;DRU\u0160TVA 2015.; Zagreb, 15. srpnja 2015.<\/a><\/p>\n<p><a name=\"odjeci\">&nbsp;<\/a><br \/><span style=\"font-size: 14pt;\">Odjeci u medijima<\/span><\/p>\n<p>&#8211; <a href=\"http:\/\/www.vecernji.hr\/hrvatska\/unatoc-politicarima-kojima-se-ne-vjeruje-i-krizi-60-optimista-1015309\">http:\/\/www.vecernji.hr\/hrvatska\/unatoc-politicarima-kojima-se-ne-vjeruje-i-krizi-60-optimista-1015309<\/a><br \/>&#8211; <a href=\"http:\/\/www.vecernji.hr\/hrvatska\/zagovaranje-lustracije-i-propagiranje-straha-od-fasizacije-drustva-promasaji-su-hdz-a-i-sdp-a-1014933\">http:\/\/www.vecernji.hr\/hrvatska\/zagovaranje-lustracije-i-propagiranje-straha-od-fasizacije-drustva-promasaji-su-hdz-a-i-sdp-a-1014933<\/a><br \/>&#8211; <a href=\"http:\/\/profitiraj.hr\/pilarov-barometar-hrvatskoga-drustva-2015\/\">http:\/\/profitiraj.hr\/pilarov-barometar-hrvatskoga-drustva-2015\/<\/a><br \/>&#8211; http:\/\/hrube.eu\/2-uncategorised\/52-pilarov-barometar-par-zanimljivih-statistika<br \/>&#8211; <a href=\"http:\/\/www.gosucker.com\/1\/Hrvatska\/0\/11\/Gospodarstvo\/327\/Profitirajhr\/Pilarov-barometar-hrvatskoga-drustva-2015-320393.html\">http:\/\/www.gosucker.com\/1\/Hrvatska\/0\/11\/Gospodarstvo\/327\/Profitirajhr\/Pilarov-barometar-hrvatskoga-drustva-2015-320393.html<\/a><br \/>&#8211; <a href=\"https:\/\/www.pixsell.hr\/agencija\/pxl-standard-news\/zagreb-zelimo-ostati-u-hrvatskoj-iako-situaciju-ocijenjujemo-losom-pokazao-je-pilarov-barometar-galerija-488448\/\">https:\/\/www.pixsell.hr\/agencija\/pxl-standard-news\/zagreb-zelimo-ostati-u-hrvatskoj-iako-situaciju-ocijenjujemo-losom-pokazao-je-pilarov-barometar-galerija-488448\/<\/a><br \/>&#8211; <a href=\"http:\/\/radio.hrt.hr\/ep\/dnevnik-radio-osijeka\/120758\/\">http:\/\/radio.hrt.hr\/ep\/dnevnik-radio-osijeka\/120758\/<\/a><br \/>&#8211; http:\/\/www.slavonskibrod.info\/rssindex\/vijest140225.html<br \/>&#8211; <a href=\"http:\/\/poskok.info\/wp\/?p=101166\">http:\/\/poskok.info\/wp\/?p=101166<\/a><br \/>&#8211; <a href=\"http:\/\/www.dnevno.hr\/vijesti\/hrvatska\/gradani-ocijenili-stanje-u-hrvatskoj-pesimizam-izvire-iz-svih-pora-128058\">http:\/\/www.dnevno.hr\/vijesti\/hrvatska\/gradani-ocijenili-stanje-u-hrvatskoj-pesimizam-izvire-iz-svih-pora-128058<\/a><br \/>&#8211; <a href=\"http:\/\/www.glas-slavonije.hr\/274953\/1\/Najvise-vjeruju-vojsci-61--je-religioznih-trecina-su-desnicari\">http:\/\/www.glas-slavonije.hr\/274953\/1\/Najvise-vjeruju-vojsci-61&#8211;je-religioznih-trecina-su-desnicari<\/a><br \/>&#8211; <a href=\"http:\/\/www.index.hr\/vijesti\/clanak\/korupcija-nezaposlenost-krah-gospodarstva-gradjani-ne-vide-izlaz-iz-katastrofalnog-stanja-u-hrvatskoj\/761167.aspx\">http:\/\/www.index.hr\/vijesti\/clanak\/korupcija-nezaposlenost-krah-gospodarstva-gradjani-ne-vide-izlaz-iz-katastrofalnog-stanja-u-hrvatskoj\/761167.aspx<\/a><br \/>&#8211; <a href=\"http:\/\/h-alter.org\/vijesti\/nista-se-ne-mijenja-osim-statista\">http:\/\/h-alter.org\/vijesti\/nista-se-ne-mijenja-osim-statista<\/a><br \/>&#8211; <a href=\"http:\/\/www.slobodnadalmacija.hr\/Hrvatska\/tabid\/66\/articleType\/ArticleView\/articleId\/251718\/Default.aspx\">http:\/\/www.slobodnadalmacija.hr\/Hrvatska\/tabid\/66\/articleType\/ArticleView\/articleId\/251718\/Default.aspx<\/a><br \/>&#8211; <a href=\"http:\/\/croexpress.eu\/vijest.php?vijest=4638\">http:\/\/croexpress.eu\/vijest.php?vijest=4638<\/a><br \/>&#8211; <a href=\"http:\/\/www.pressreader.com\/croatia\/vecernji-list-hrvatska\/20150716\/281595239213430\/TextView\">http:\/\/www.pressreader.com\/croatia\/vecernji-list-hrvatska\/20150716\/281595239213430\/TextView<\/a><br \/>&#8211; <a href=\"http:\/\/www.poslovni.hr\/hrvatska\/hrvati-najmanje-povjerenja-imaju-u-politicke-stranke-299159\">http:\/\/www.poslovni.hr\/hrvatska\/hrvati-najmanje-povjerenja-imaju-u-politicke-stranke-299159<\/a><\/p>\n<p>&gt;&gt;&gt; <a href=\"http:\/\/barometar.vegaintro-projekti.com\/pilar-stari\/\">Portal PILAROV BAROMETAR HRVATSKOGA DRU\u0160TVA<\/a><\/p>\n<p>&gt;&gt;&gt; <a href=\"http:\/\/barometar.vegaintro-projekti.com\/pilar-stari\/\">PILAROV BAROMETAR &#8211; Rezultati 2014.<\/a>&nbsp;<\/p>\n<p>&gt;&gt;&gt;&nbsp;<a href=\"https:\/\/www.vegaintro-projekti.com\/pilar-stari\/2014\/07\/pilarov-barometar-rezultati-i-odjeci\/\">PILAROV BAROMETAR &#8211; Rezultati 2014. i odjeci u medijima<\/a><\/p>\n<p>&gt;&gt;&gt; <a href=\"https:\/\/www.vegaintro-projekti.com\/pilar-stari\/2015\/02\/pilarov-barometar-proljece-2015\/\">Projekt PILAROV BAROMETAR HRVATSKOGA DRU\u0160TVA<\/a><\/p>\n<p><\/p>\n","protected":false},"excerpt":{"rendered":"<p>Institut dru\u0161tvenih znanosti Ivo Pilar organizirao je predstavljanje rezultata istra\u017eivanja&nbsp;javnosti PILAROV BAROMETAR HRVATSKOGA DRU\u0160TVA 2015. koje se odr\u017ealo 15.&nbsp;srpnja 2015. u Multimedijalnoj dvorani Instituta Ivo Pilar, Zagreb, Maruli\u0107ev&nbsp;trg 19\/1. &#8211; Odjeci u medijima &#8211; Pozivnica za predstvljanje rezultata istra\u017eivanja javnosti PILAROV BAROMETAR HRVATSKOGA&nbsp;DRU\u0160TVA 2015.; Zagreb, 15. srpnja 2015. &nbsp;Odjeci u medijima &#8211; http:\/\/www.vecernji.hr\/hrvatska\/unatoc-politicarima-kojima-se-ne-vjeruje-i-krizi-60-optimista-1015309&#8211; http:\/\/www.vecernji.hr\/hrvatska\/zagovaranje-lustracije-i-propagiranje-straha-od-fasizacije-drustva-promasaji-su-hdz-a-i-sdp-a-1014933&#8211; http:\/\/profitiraj.hr\/pilarov-barometar-hrvatskoga-drustva-2015\/&#8211;&hellip; <a class=\"continue\" href=\"https:\/\/www.vegaintro-projekti.com\/pilar-stari\/2015\/07\/konferencija-za-medije-pilarov-barometar-2015\/\">Pro\u010ditaj vi\u0161e o<span> Konferencija za medije: PILAROV BAROMETAR 2015.<\/span><\/a><\/p>\n","protected":false},"author":1,"featured_media":0,"comment_status":"open","ping_status":"open","sticky":false,"template":"","format":"standard","meta":{"inline_featured_image":false,"ngg_post_thumbnail":0,"footnotes":""},"categories":[11],"tags":[],"yoast_head":"<!-- This site is optimized with the Yoast SEO plugin v21.2 - https:\/\/yoast.com\/wordpress\/plugins\/seo\/ -->\n<title>Konferencija za medije: PILAROV BAROMETAR 2015. - Institut dru&scaron;tvenih znanosti Ivo Pilar<\/title>\n<meta name=\"robots\" content=\"noindex, follow, max-snippet:-1, max-image-preview:large, max-video-preview:-1\" \/>\n<meta property=\"og:locale\" content=\"hr_HR\" \/>\n<meta property=\"og:type\" content=\"article\" \/>\n<meta property=\"og:title\" content=\"Konferencija za medije: PILAROV BAROMETAR 2015. - Institut dru&scaron;tvenih znanosti Ivo Pilar\" \/>\n<meta property=\"og:description\" content=\"Institut dru\u0161tvenih znanosti Ivo Pilar organizirao je predstavljanje rezultata istra\u017eivanja&nbsp;javnosti PILAROV BAROMETAR HRVATSKOGA DRU\u0160TVA 2015. koje se odr\u017ealo 15.&nbsp;srpnja 2015. u Multimedijalnoj dvorani Instituta Ivo Pilar, Zagreb, Maruli\u0107ev&nbsp;trg 19\/1. &#8211; Odjeci u medijima &#8211; Pozivnica za predstvljanje rezultata istra\u017eivanja javnosti PILAROV BAROMETAR HRVATSKOGA&nbsp;DRU\u0160TVA 2015.; Zagreb, 15. srpnja 2015. &nbsp;Odjeci u medijima &#8211; http:\/\/www.vecernji.hr\/hrvatska\/unatoc-politicarima-kojima-se-ne-vjeruje-i-krizi-60-optimista-1015309&#8211; http:\/\/www.vecernji.hr\/hrvatska\/zagovaranje-lustracije-i-propagiranje-straha-od-fasizacije-drustva-promasaji-su-hdz-a-i-sdp-a-1014933&#8211; http:\/\/profitiraj.hr\/pilarov-barometar-hrvatskoga-drustva-2015\/&#8211;&hellip; Pro\u010ditaj vi\u0161e o Konferencija za medije: PILAROV BAROMETAR 2015.\" \/>\n<meta property=\"og:url\" content=\"https:\/\/www.vegaintro-projekti.com\/pilar-stari\/2015\/07\/konferencija-za-medije-pilarov-barometar-2015\/\" \/>\n<meta property=\"og:site_name\" content=\"Institut dru&scaron;tvenih znanosti Ivo Pilar\" \/>\n<meta property=\"article:published_time\" content=\"2015-07-09T04:51:22+00:00\" \/>\n<meta property=\"article:modified_time\" content=\"2017-12-08T14:46:28+00:00\" \/>\n<meta property=\"og:image\" content=\"https:\/\/www.vegaintro-projekti.com\/pilar-stari\/wp-content\/images\/stories\/fotografije\/barometar\/pb2015_pozivnica.jpg\" \/>\n<meta name=\"author\" content=\"pilar-admin\" \/>\n<meta name=\"twitter:card\" content=\"summary_large_image\" \/>\n<meta name=\"twitter:label1\" content=\"Napisao\/la\" \/>\n\t<meta name=\"twitter:data1\" content=\"pilar-admin\" \/>\n\t<meta name=\"twitter:label2\" content=\"Procijenjeno vrijeme \u010ditanja\" \/>\n\t<meta name=\"twitter:data2\" content=\"1 minuta\" \/>\n<script type=\"application\/ld+json\" class=\"yoast-schema-graph\">{\"@context\":\"https:\/\/schema.org\",\"@graph\":[{\"@type\":\"WebPage\",\"@id\":\"https:\/\/www.vegaintro-projekti.com\/pilar-stari\/2015\/07\/konferencija-za-medije-pilarov-barometar-2015\/\",\"url\":\"https:\/\/www.vegaintro-projekti.com\/pilar-stari\/2015\/07\/konferencija-za-medije-pilarov-barometar-2015\/\",\"name\":\"Konferencija za medije: PILAROV BAROMETAR 2015. - Institut dru&scaron;tvenih znanosti Ivo Pilar\",\"isPartOf\":{\"@id\":\"https:\/\/www.vegaintro-projekti.com\/pilar-stari\/#website\"},\"datePublished\":\"2015-07-09T04:51:22+00:00\",\"dateModified\":\"2017-12-08T14:46:28+00:00\",\"author\":{\"@id\":\"https:\/\/www.vegaintro-projekti.com\/pilar-stari\/#\/schema\/person\/c0db50ebd77c4409e19b18044bbf10c1\"},\"breadcrumb\":{\"@id\":\"https:\/\/www.vegaintro-projekti.com\/pilar-stari\/2015\/07\/konferencija-za-medije-pilarov-barometar-2015\/#breadcrumb\"},\"inLanguage\":\"hr\",\"potentialAction\":[{\"@type\":\"ReadAction\",\"target\":[\"https:\/\/www.vegaintro-projekti.com\/pilar-stari\/2015\/07\/konferencija-za-medije-pilarov-barometar-2015\/\"]}]},{\"@type\":\"BreadcrumbList\",\"@id\":\"https:\/\/www.vegaintro-projekti.com\/pilar-stari\/2015\/07\/konferencija-za-medije-pilarov-barometar-2015\/#breadcrumb\",\"itemListElement\":[{\"@type\":\"ListItem\",\"position\":1,\"name\":\"Home\",\"item\":\"https:\/\/www.vegaintro-projekti.com\/pilar-stari\/\"},{\"@type\":\"ListItem\",\"position\":2,\"name\":\"Konferencija za medije: PILAROV BAROMETAR 2015.\"}]},{\"@type\":\"WebSite\",\"@id\":\"https:\/\/www.vegaintro-projekti.com\/pilar-stari\/#website\",\"url\":\"https:\/\/www.vegaintro-projekti.com\/pilar-stari\/\",\"name\":\"Institut dru&scaron;tvenih znanosti Ivo Pilar\",\"description\":\"Pilar\",\"potentialAction\":[{\"@type\":\"SearchAction\",\"target\":{\"@type\":\"EntryPoint\",\"urlTemplate\":\"https:\/\/www.vegaintro-projekti.com\/pilar-stari\/?s={search_term_string}\"},\"query-input\":\"required name=search_term_string\"}],\"inLanguage\":\"hr\"},{\"@type\":\"Person\",\"@id\":\"https:\/\/www.vegaintro-projekti.com\/pilar-stari\/#\/schema\/person\/c0db50ebd77c4409e19b18044bbf10c1\",\"name\":\"pilar-admin\",\"image\":{\"@type\":\"ImageObject\",\"inLanguage\":\"hr\",\"@id\":\"https:\/\/www.vegaintro-projekti.com\/pilar-stari\/#\/schema\/person\/image\/\",\"url\":\"https:\/\/secure.gravatar.com\/avatar\/fac9e03c4db0011b9c1ad8b5e9c74b8c?s=96&d=mm&r=g\",\"contentUrl\":\"https:\/\/secure.gravatar.com\/avatar\/fac9e03c4db0011b9c1ad8b5e9c74b8c?s=96&d=mm&r=g\",\"caption\":\"pilar-admin\"},\"url\":\"https:\/\/www.vegaintro-projekti.com\/pilar-stari\/author\/pilar-admin\/\"}]}<\/script>\n<!-- \/ Yoast SEO plugin. -->","yoast_head_json":{"title":"Konferencija za medije: PILAROV BAROMETAR 2015. - Institut dru&scaron;tvenih znanosti Ivo Pilar","robots":{"index":"noindex","follow":"follow","max-snippet":"max-snippet:-1","max-image-preview":"max-image-preview:large","max-video-preview":"max-video-preview:-1"},"og_locale":"hr_HR","og_type":"article","og_title":"Konferencija za medije: PILAROV BAROMETAR 2015. - Institut dru&scaron;tvenih znanosti Ivo Pilar","og_description":"Institut dru\u0161tvenih znanosti Ivo Pilar organizirao je predstavljanje rezultata istra\u017eivanja&nbsp;javnosti PILAROV BAROMETAR HRVATSKOGA DRU\u0160TVA 2015. koje se odr\u017ealo 15.&nbsp;srpnja 2015. u Multimedijalnoj dvorani Instituta Ivo Pilar, Zagreb, Maruli\u0107ev&nbsp;trg 19\/1. &#8211; Odjeci u medijima &#8211; Pozivnica za predstvljanje rezultata istra\u017eivanja javnosti PILAROV BAROMETAR HRVATSKOGA&nbsp;DRU\u0160TVA 2015.; Zagreb, 15. srpnja 2015. &nbsp;Odjeci u medijima &#8211; http:\/\/www.vecernji.hr\/hrvatska\/unatoc-politicarima-kojima-se-ne-vjeruje-i-krizi-60-optimista-1015309&#8211; http:\/\/www.vecernji.hr\/hrvatska\/zagovaranje-lustracije-i-propagiranje-straha-od-fasizacije-drustva-promasaji-su-hdz-a-i-sdp-a-1014933&#8211; http:\/\/profitiraj.hr\/pilarov-barometar-hrvatskoga-drustva-2015\/&#8211;&hellip; Pro\u010ditaj vi\u0161e o Konferencija za medije: PILAROV BAROMETAR 2015.","og_url":"https:\/\/www.vegaintro-projekti.com\/pilar-stari\/2015\/07\/konferencija-za-medije-pilarov-barometar-2015\/","og_site_name":"Institut dru&scaron;tvenih znanosti Ivo Pilar","article_published_time":"2015-07-09T04:51:22+00:00","article_modified_time":"2017-12-08T14:46:28+00:00","og_image":[{"url":"https:\/\/www.vegaintro-projekti.com\/pilar-stari\/wp-content\/images\/stories\/fotografije\/barometar\/pb2015_pozivnica.jpg"}],"author":"pilar-admin","twitter_card":"summary_large_image","twitter_misc":{"Napisao\/la":"pilar-admin","Procijenjeno vrijeme \u010ditanja":"1 minuta"},"schema":{"@context":"https:\/\/schema.org","@graph":[{"@type":"WebPage","@id":"https:\/\/www.vegaintro-projekti.com\/pilar-stari\/2015\/07\/konferencija-za-medije-pilarov-barometar-2015\/","url":"https:\/\/www.vegaintro-projekti.com\/pilar-stari\/2015\/07\/konferencija-za-medije-pilarov-barometar-2015\/","name":"Konferencija za medije: PILAROV BAROMETAR 2015. - Institut dru&scaron;tvenih znanosti Ivo Pilar","isPartOf":{"@id":"https:\/\/www.vegaintro-projekti.com\/pilar-stari\/#website"},"datePublished":"2015-07-09T04:51:22+00:00","dateModified":"2017-12-08T14:46:28+00:00","author":{"@id":"https:\/\/www.vegaintro-projekti.com\/pilar-stari\/#\/schema\/person\/c0db50ebd77c4409e19b18044bbf10c1"},"breadcrumb":{"@id":"https:\/\/www.vegaintro-projekti.com\/pilar-stari\/2015\/07\/konferencija-za-medije-pilarov-barometar-2015\/#breadcrumb"},"inLanguage":"hr","potentialAction":[{"@type":"ReadAction","target":["https:\/\/www.vegaintro-projekti.com\/pilar-stari\/2015\/07\/konferencija-za-medije-pilarov-barometar-2015\/"]}]},{"@type":"BreadcrumbList","@id":"https:\/\/www.vegaintro-projekti.com\/pilar-stari\/2015\/07\/konferencija-za-medije-pilarov-barometar-2015\/#breadcrumb","itemListElement":[{"@type":"ListItem","position":1,"name":"Home","item":"https:\/\/www.vegaintro-projekti.com\/pilar-stari\/"},{"@type":"ListItem","position":2,"name":"Konferencija za medije: PILAROV BAROMETAR 2015."}]},{"@type":"WebSite","@id":"https:\/\/www.vegaintro-projekti.com\/pilar-stari\/#website","url":"https:\/\/www.vegaintro-projekti.com\/pilar-stari\/","name":"Institut dru&scaron;tvenih znanosti Ivo Pilar","description":"Pilar","potentialAction":[{"@type":"SearchAction","target":{"@type":"EntryPoint","urlTemplate":"https:\/\/www.vegaintro-projekti.com\/pilar-stari\/?s={search_term_string}"},"query-input":"required name=search_term_string"}],"inLanguage":"hr"},{"@type":"Person","@id":"https:\/\/www.vegaintro-projekti.com\/pilar-stari\/#\/schema\/person\/c0db50ebd77c4409e19b18044bbf10c1","name":"pilar-admin","image":{"@type":"ImageObject","inLanguage":"hr","@id":"https:\/\/www.vegaintro-projekti.com\/pilar-stari\/#\/schema\/person\/image\/","url":"https:\/\/secure.gravatar.com\/avatar\/fac9e03c4db0011b9c1ad8b5e9c74b8c?s=96&d=mm&r=g","contentUrl":"https:\/\/secure.gravatar.com\/avatar\/fac9e03c4db0011b9c1ad8b5e9c74b8c?s=96&d=mm&r=g","caption":"pilar-admin"},"url":"https:\/\/www.vegaintro-projekti.com\/pilar-stari\/author\/pilar-admin\/"}]}},"_links":{"self":[{"href":"https:\/\/www.vegaintro-projekti.com\/pilar-stari\/wp-json\/wp\/v2\/posts\/813"}],"collection":[{"href":"https:\/\/www.vegaintro-projekti.com\/pilar-stari\/wp-json\/wp\/v2\/posts"}],"about":[{"href":"https:\/\/www.vegaintro-projekti.com\/pilar-stari\/wp-json\/wp\/v2\/types\/post"}],"author":[{"embeddable":true,"href":"https:\/\/www.vegaintro-projekti.com\/pilar-stari\/wp-json\/wp\/v2\/users\/1"}],"replies":[{"embeddable":true,"href":"https:\/\/www.vegaintro-projekti.com\/pilar-stari\/wp-json\/wp\/v2\/comments?post=813"}],"version-history":[{"count":6,"href":"https:\/\/www.vegaintro-projekti.com\/pilar-stari\/wp-json\/wp\/v2\/posts\/813\/revisions"}],"predecessor-version":[{"id":7957,"href":"https:\/\/www.vegaintro-projekti.com\/pilar-stari\/wp-json\/wp\/v2\/posts\/813\/revisions\/7957"}],"wp:attachment":[{"href":"https:\/\/www.vegaintro-projekti.com\/pilar-stari\/wp-json\/wp\/v2\/media?parent=813"}],"wp:term":[{"taxonomy":"category","embeddable":true,"href":"https:\/\/www.vegaintro-projekti.com\/pilar-stari\/wp-json\/wp\/v2\/categories?post=813"},{"taxonomy":"post_tag","embeddable":true,"href":"https:\/\/www.vegaintro-projekti.com\/pilar-stari\/wp-json\/wp\/v2\/tags?post=813"}],"curies":[{"name":"wp","href":"https:\/\/api.w.org\/{rel}","templated":true}]}}