{"id":839,"date":"2015-11-03T12:59:42","date_gmt":"2015-11-03T12:59:42","guid":{"rendered":"https:\/\/www.vegaintro-projekti.com\/pilar-stari\/2015\/11\/03\/18-vukovar-91-24-godina-poslije-12-13-11-2015\/"},"modified":"2017-12-08T14:54:52","modified_gmt":"2017-12-08T14:54:52","slug":"18-vukovar-91-24-godina-poslije-12-13-11-2015","status":"publish","type":"post","link":"https:\/\/www.vegaintro-projekti.com\/pilar-stari\/2015\/11\/18-vukovar-91-24-godina-poslije-12-13-11-2015\/","title":{"rendered":"18. &#8220;VUKOVAR \u201891. \u2013 24. godina poslije&#8221;, 12.-13. 11. 2015."},"content":{"rendered":"<p><strong>Pod visokim pokroviteljstvom Predsjednice Republike Hrvatske g\u0111e Kolinde Grabar Kitarovi\u0107, u sve\u010danoj dvorani Hrvatskoga doma u Vukovaru odr\u017ean je 13. studenoga 2015. tradicionalni 18. znanstveno-stru\u010dni skup &#8220;Vukovar &#8217;91. \u2013 dvadeset i \u010detvrta godina poslije&#8221;, na temu: &#8220;Vukovar &#8217;91.: domovinska (i europska) sigurnost. Kriza sigurnosti i politike manipuliranja suverenitetom&#8221;. Na skupu su govorili ugledni hrvatski znanstvenici: sociolozi, povjesni\u010dari, filozofi, demografi, antropolozi, teolozi, geografi, vojni analiti\u010dari&#8230;<br \/>\u2013 <a href=\"https:\/\/www.vegaintro-projekti.com\/pilar-stari\/wp-content\/images\/stories\/dokumenti\/podrucni\/vukovar\/18Vu91\/Pozivnica_18Vu91.pdf\">Pozivnica i program<\/a>&nbsp;| <a href=\"https:\/\/www.vegaintro-projekti.com\/pilar-stari\/wp-content\/images\/stories\/dokumenti\/podrucni\/vukovar\/18Vu91\/18Vu91_knjiga-sazetaka.pdf\">Knjiga sa\u017eetaka<\/a><\/strong><\/p>\n<table border=\"0\">\n<tbody>\n<tr>\n<td><img decoding=\"async\" loading=\"lazy\" src=\"https:\/\/www.vegaintro-projekti.com\/pilar-stari\/wp-content\/images\/stories\/fotografije\/podrucni\/vukovar\/18Vu91\/18Vu91_1s.JPG\" alt=\"18Vu91 1s\" width=\"212\" height=\"159\" \/><\/td>\n<td><img decoding=\"async\" loading=\"lazy\" src=\"https:\/\/www.vegaintro-projekti.com\/pilar-stari\/wp-content\/images\/stories\/fotografije\/podrucni\/vukovar\/18Vu91\/18Vu91_2s.JPG\" alt=\"18Vu91 2s\" width=\"212\" height=\"159\" \/><\/td>\n<td><img decoding=\"async\" loading=\"lazy\" src=\"https:\/\/www.vegaintro-projekti.com\/pilar-stari\/wp-content\/images\/stories\/fotografije\/podrucni\/vukovar\/18Vu91\/18Vu91_3s.JPG\" alt=\"18Vu91 3s\" width=\"212\" height=\"159\" \/><\/td>\n<\/tr>\n<\/tbody>\n<\/table>\n<table style=\"height: 306px; width: 652px;\" border=\"0\">\n<tbody>\n<tr>\n<td><img decoding=\"async\" loading=\"lazy\" src=\"https:\/\/www.vegaintro-projekti.com\/pilar-stari\/wp-content\/images\/stories\/fotografije\/podrucni\/vukovar\/18Vu91\/18Vu91_0s.JPG\" alt=\"18Vu91 0s\" width=\"646\" height=\"303\" \/><\/td>\n<\/tr>\n<\/tbody>\n<\/table>\n<p><span style=\"font-size: 8pt;\"><strong>18. &#8220;VUKOVAR \u201891. \u2013 24. godina poslije&#8221;; Vukovar, 12.-13. studenoga 2015.<\/strong><\/span><\/p>\n<p>U motivacijskom izvori\u0161tu skup je bio uokviren, s jedne strane, presudom Me\u0111unarodnog suda kojom su odba\u010dene hrvatska tu\u017eba i srpska protutu\u017eba za genocid, a s druge strane, migrantskom krizom koja, nedavni teroristi\u010dki napadi u Parizu to nedvojbeno pokazuju, sve vi\u0161e postaje i sigurnosni europski, pa i hrvatski problem. Skup je po ocjeni sudionika bio vrlo uspje\u0161an, \u0161to potvr\u0111uje plodna i sadr\u017eajna dvosatna rasprava nakon prezentiranih priop\u0107enja. Nazo\u010dne govornike i goste u protokolarnom dijelu skupa pozdravili su prof. dr. sc. Dra\u017een \u017divi\u0107, predsjednik Programsko-organizacijskog odbora i voditelj Podru\u010dnoga centra Instituta Pilar u Vukovaru, g\u0111a Ivana Aramba\u0161i\u0107, pro\u010delnica Upravnog odjela za prostorno ure\u0111enje i upravljanje gradskom imovinom Grada Vukovara i dr. Jadranka Mustapi\u0107 Karli\u0107, pro\u010delnica Upravnog odjela za obrazovanje i \u0161port Vukovarsko-srijemske \u017eupanije. Skup je prigodnim rije\u010dima otvorio prof. dr. sc. Vlado \u0160aki\u0107, ravnatelj Instituta Pilar. Me\u0111u cijenjenim uzvanicima bili su i prof. dr. sc. Gordan \u010crpi\u0107, prorektor Hrvatskoga katoli\u010dkog sveu\u010dili\u0161ta te u ime Nadbiskupije \u0110akova\u010dko-osje\u010dke prof. dr. sc. Vladimir Dugali\u0107, predstojnik Instituta za novu evangelizaciju &#8220;Sveti Ivan Pavao II.&#8221; iz Osijeka. Dan prije, 12. studenoga 2015., sudionici su skupa, molitvom, polaganjem vijenaca i paljenjem svije\u0107a, odali po\u010dast poginulim hrvatskim braniteljima i civilima kod masovne grobnice na Ov\u010dari i kod spomen-kri\u017ea na Memorijalnom groblju \u017ertava iz Domovinskog rata. Molitvu na Memorijalnom groblju predvodio je fra Ivica Jagodi\u0107, gvardijan Franjeva\u010dkog samostana u Vukovaru, a na Ov\u010dari fr. Henrik Ivan Damjanovi\u0107, \u0111akon. U ve\u010dernjim satima sudionici skupa posjetili su i Podru\u010dni centar Instituta Pilar koji od prije nekoliko mjeseci djeluje u novim prostorima u Ru\u017ei\u010dkinoj ku\u0107i u Vukovaru. 18. znanstveno-stru\u010dnim skupom &#8220;Vukovar &#8217;91. \u2013 dvadeset i \u010detvrta godina poslije&#8221; zapo\u010deo je ovogodi\u0161nji Glavni program obilje\u017eavanja Dana sje\u0107anja na \u017ertvu Vukovara 1991. \u2013 2015. godine. Skup su financijski i logisti\u010dki pomogli Ministarstvo znanosti, obrazovanja i sporta, Vukovarsko-srijemska \u017eupanija, Turisti\u010dka zajednica Grada Vukovara i hotel &#8220;Lav&#8221; u Vukovaru.<\/p>\n<p><em>D. \u017divi\u0107<\/em><\/p>\n<p><a href=\"https:\/\/www.vegaintro-projekti.com\/pilar-stari\/wp-content\/images\/stories\/dokumenti\/podrucni\/vukovar\/18Vu91\/Pozivnica_18Vu91.pdf\"><img decoding=\"async\" loading=\"lazy\" src=\"https:\/\/www.vegaintro-projekti.com\/pilar-stari\/wp-content\/images\/stories\/fotografije\/podrucni\/vukovar\/18Vu91\/Pozivnica_18Vu91-logo.jpg\" alt=\"Pozivnica 18Vu91-logo\" width=\"640\" height=\"602\" \/><\/a><\/p>\n<p>&#8211; <a href=\"https:\/\/www.vegaintro-projekti.com\/pilar-stari\/wp-content\/images\/stories\/dokumenti\/podrucni\/vukovar\/18Vu91\/Pozivnica_18Vu91.pdf\">Pozivnica i program za 18. ZNANSTVENO-STRU\u010cNI SKUP VUKOVAR \u201891. \u2013 DVADESET I \u010cETVRTA GODINA POSLIJE: Vukovar \u201891.: domovinska (i europska) sigurnost. Kriza sigurnosti i politike manipuliranja suverenitetom; Vukovar, 12.-13. studenoga 2015.<\/a><\/p>\n<p>&#8211; <a href=\"https:\/\/www.vegaintro-projekti.com\/pilar-stari\/wp-content\/images\/stories\/dokumenti\/podrucni\/vukovar\/18Vu91\/18Vu91_knjiga-sazetaka.pdf\">Knjiga sa\u017eetaka za&nbsp;18. ZNANSTVENO-STRU\u010cNI SKUP VUKOVAR \u201891. \u2013 DVADESET I \u010cETVRTA GODINA POSLIJE: Vukovar \u201891.: domovinska (i europska) sigurnost. Kriza sigurnosti i politike manipuliranja suverenitetom; Vukovar, 12.-13. studenoga 2015.<\/a><\/p>\n<p><\/p>\n<p><span style=\"font-size: 12pt;\">&#8220;Pod pretpostavkom da su uspje\u0161ne demokracije jedino mogu\u0107e ukoliko se temelje na suverenitetu, patriotskom&nbsp;dugu spram najzaslu\u017enijih za opstanak i osvije\u0161tenom stavu o domovinskoj sigurnosti, ovogodi\u0161nji je skup, kontekstualno odre\u0111en presudama Me\u0111unarodnoga suda pravde u Hagu, tematski usmjeren prema pitanjima: \u0160to su Europa i svijet Vukovaru? \u0160to je ostali dio Hrvatske Vukovaru? Zalog odr\u017eive demokracije i vladavine prava ili gubitak sigurnosti i suvereniteta uslijed nametnutih tranzicijskih obrazaca funkcionalnog memoricida, socijalne konstrukcije identiteta i\/ili revizije povijesti? U tom kontekstu \u017eeli se upozoriti na uzroke, modele i posljedice umjetno stvorenih kriza identiteta, dru\u0161tva, politike i gospodarstva, a koje su osobito&nbsp;vidljive na primjeru Vukovara, kojim se i dalje manipulira kao sigurnosnim problemom. Mo\u017ee li se i u kojoj mjeri &#8216;neodlu\u010dnost&#8217;, &#8216;nenadle\u017enost&#8217; i &#8216;zaka\u0161njela reakcija&#8217; smatrati paradigmatskim pona\u0161anjem Europe prema Vukovaru 1991., ali i prema dana\u0161njim europskim geopoliti\u010dkim izazovima?&#8221; &#8211; Iz Knjige sa\u017eetaka<\/span><\/p>\n<p>&gt;&gt;&gt; <a href=\"https:\/\/www.vegaintro-projekti.com\/pilar-stari\/2008\/10\/podruni-centar-vukovar\/\">PODRU\u010cNI CENTAR VUKOVAR<\/a><\/p>\n","protected":false},"excerpt":{"rendered":"<p>Pod visokim pokroviteljstvom Predsjednice Republike Hrvatske g\u0111e Kolinde Grabar Kitarovi\u0107, u sve\u010danoj dvorani Hrvatskoga doma u Vukovaru odr\u017ean je 13. studenoga 2015. tradicionalni 18. znanstveno-stru\u010dni skup &#8220;Vukovar &#8217;91. \u2013 dvadeset i \u010detvrta godina poslije&#8221;, na temu: &#8220;Vukovar &#8217;91.: domovinska (i europska) sigurnost. Kriza sigurnosti i politike manipuliranja suverenitetom&#8221;. Na skupu su govorili ugledni hrvatski znanstvenici:&hellip; <a class=\"continue\" href=\"https:\/\/www.vegaintro-projekti.com\/pilar-stari\/2015\/11\/18-vukovar-91-24-godina-poslije-12-13-11-2015\/\">Pro\u010ditaj vi\u0161e o<span> 18. &#8220;VUKOVAR \u201891. \u2013 24. godina poslije&#8221;, 12.-13. 11. 2015.<\/span><\/a><\/p>\n","protected":false},"author":1,"featured_media":0,"comment_status":"open","ping_status":"open","sticky":false,"template":"","format":"standard","meta":{"inline_featured_image":false,"ngg_post_thumbnail":0,"footnotes":""},"categories":[11],"tags":[],"yoast_head":"<!-- This site is optimized with the Yoast SEO plugin v21.2 - https:\/\/yoast.com\/wordpress\/plugins\/seo\/ -->\n<title>18. &quot;VUKOVAR \u201891. \u2013 24. godina poslije&quot;, 12.-13. 11. 2015. - Institut dru&scaron;tvenih znanosti Ivo Pilar<\/title>\n<meta name=\"robots\" content=\"noindex, follow, max-snippet:-1, max-image-preview:large, max-video-preview:-1\" \/>\n<meta property=\"og:locale\" content=\"hr_HR\" \/>\n<meta property=\"og:type\" content=\"article\" \/>\n<meta property=\"og:title\" content=\"18. &quot;VUKOVAR \u201891. \u2013 24. godina poslije&quot;, 12.-13. 11. 2015. - Institut dru&scaron;tvenih znanosti Ivo Pilar\" \/>\n<meta property=\"og:description\" content=\"Pod visokim pokroviteljstvom Predsjednice Republike Hrvatske g\u0111e Kolinde Grabar Kitarovi\u0107, u sve\u010danoj dvorani Hrvatskoga doma u Vukovaru odr\u017ean je 13. studenoga 2015. tradicionalni 18. znanstveno-stru\u010dni skup &#8220;Vukovar &#8217;91. \u2013 dvadeset i \u010detvrta godina poslije&#8221;, na temu: &#8220;Vukovar &#8217;91.: domovinska (i europska) sigurnost. Kriza sigurnosti i politike manipuliranja suverenitetom&#8221;. Na skupu su govorili ugledni hrvatski znanstvenici:&hellip; Pro\u010ditaj vi\u0161e o 18. &#8220;VUKOVAR \u201891. \u2013 24. godina poslije&#8221;, 12.-13. 11. 2015.\" \/>\n<meta property=\"og:url\" content=\"https:\/\/www.vegaintro-projekti.com\/pilar-stari\/2015\/11\/18-vukovar-91-24-godina-poslije-12-13-11-2015\/\" \/>\n<meta property=\"og:site_name\" content=\"Institut dru&scaron;tvenih znanosti Ivo Pilar\" \/>\n<meta property=\"article:published_time\" content=\"2015-11-03T12:59:42+00:00\" \/>\n<meta property=\"article:modified_time\" content=\"2017-12-08T14:54:52+00:00\" \/>\n<meta property=\"og:image\" content=\"https:\/\/www.vegaintro-projekti.com\/pilar-stari\/wp-content\/images\/stories\/fotografije\/podrucni\/vukovar\/18Vu91\/18Vu91_1s.JPG\" \/>\n<meta name=\"author\" content=\"pilar-admin\" \/>\n<meta name=\"twitter:card\" content=\"summary_large_image\" \/>\n<meta name=\"twitter:label1\" content=\"Napisao\/la\" \/>\n\t<meta name=\"twitter:data1\" content=\"pilar-admin\" \/>\n\t<meta name=\"twitter:label2\" content=\"Procijenjeno vrijeme \u010ditanja\" \/>\n\t<meta name=\"twitter:data2\" content=\"3 minute\" \/>\n<script type=\"application\/ld+json\" class=\"yoast-schema-graph\">{\"@context\":\"https:\/\/schema.org\",\"@graph\":[{\"@type\":\"WebPage\",\"@id\":\"https:\/\/www.vegaintro-projekti.com\/pilar-stari\/2015\/11\/18-vukovar-91-24-godina-poslije-12-13-11-2015\/\",\"url\":\"https:\/\/www.vegaintro-projekti.com\/pilar-stari\/2015\/11\/18-vukovar-91-24-godina-poslije-12-13-11-2015\/\",\"name\":\"18. \\\"VUKOVAR \u201891. \u2013 24. godina poslije\\\", 12.-13. 11. 2015. - Institut dru&scaron;tvenih znanosti Ivo Pilar\",\"isPartOf\":{\"@id\":\"https:\/\/www.vegaintro-projekti.com\/pilar-stari\/#website\"},\"datePublished\":\"2015-11-03T12:59:42+00:00\",\"dateModified\":\"2017-12-08T14:54:52+00:00\",\"author\":{\"@id\":\"https:\/\/www.vegaintro-projekti.com\/pilar-stari\/#\/schema\/person\/c0db50ebd77c4409e19b18044bbf10c1\"},\"breadcrumb\":{\"@id\":\"https:\/\/www.vegaintro-projekti.com\/pilar-stari\/2015\/11\/18-vukovar-91-24-godina-poslije-12-13-11-2015\/#breadcrumb\"},\"inLanguage\":\"hr\",\"potentialAction\":[{\"@type\":\"ReadAction\",\"target\":[\"https:\/\/www.vegaintro-projekti.com\/pilar-stari\/2015\/11\/18-vukovar-91-24-godina-poslije-12-13-11-2015\/\"]}]},{\"@type\":\"BreadcrumbList\",\"@id\":\"https:\/\/www.vegaintro-projekti.com\/pilar-stari\/2015\/11\/18-vukovar-91-24-godina-poslije-12-13-11-2015\/#breadcrumb\",\"itemListElement\":[{\"@type\":\"ListItem\",\"position\":1,\"name\":\"Home\",\"item\":\"https:\/\/www.vegaintro-projekti.com\/pilar-stari\/\"},{\"@type\":\"ListItem\",\"position\":2,\"name\":\"18. &#8220;VUKOVAR \u201891. \u2013 24. godina poslije&#8221;, 12.-13. 11. 2015.\"}]},{\"@type\":\"WebSite\",\"@id\":\"https:\/\/www.vegaintro-projekti.com\/pilar-stari\/#website\",\"url\":\"https:\/\/www.vegaintro-projekti.com\/pilar-stari\/\",\"name\":\"Institut dru&scaron;tvenih znanosti Ivo Pilar\",\"description\":\"Pilar\",\"potentialAction\":[{\"@type\":\"SearchAction\",\"target\":{\"@type\":\"EntryPoint\",\"urlTemplate\":\"https:\/\/www.vegaintro-projekti.com\/pilar-stari\/?s={search_term_string}\"},\"query-input\":\"required name=search_term_string\"}],\"inLanguage\":\"hr\"},{\"@type\":\"Person\",\"@id\":\"https:\/\/www.vegaintro-projekti.com\/pilar-stari\/#\/schema\/person\/c0db50ebd77c4409e19b18044bbf10c1\",\"name\":\"pilar-admin\",\"image\":{\"@type\":\"ImageObject\",\"inLanguage\":\"hr\",\"@id\":\"https:\/\/www.vegaintro-projekti.com\/pilar-stari\/#\/schema\/person\/image\/\",\"url\":\"https:\/\/secure.gravatar.com\/avatar\/fac9e03c4db0011b9c1ad8b5e9c74b8c?s=96&d=mm&r=g\",\"contentUrl\":\"https:\/\/secure.gravatar.com\/avatar\/fac9e03c4db0011b9c1ad8b5e9c74b8c?s=96&d=mm&r=g\",\"caption\":\"pilar-admin\"},\"url\":\"https:\/\/www.vegaintro-projekti.com\/pilar-stari\/author\/pilar-admin\/\"}]}<\/script>\n<!-- \/ Yoast SEO plugin. -->","yoast_head_json":{"title":"18. \"VUKOVAR \u201891. \u2013 24. godina poslije\", 12.-13. 11. 2015. - Institut dru&scaron;tvenih znanosti Ivo Pilar","robots":{"index":"noindex","follow":"follow","max-snippet":"max-snippet:-1","max-image-preview":"max-image-preview:large","max-video-preview":"max-video-preview:-1"},"og_locale":"hr_HR","og_type":"article","og_title":"18. \"VUKOVAR \u201891. \u2013 24. godina poslije\", 12.-13. 11. 2015. - Institut dru&scaron;tvenih znanosti Ivo Pilar","og_description":"Pod visokim pokroviteljstvom Predsjednice Republike Hrvatske g\u0111e Kolinde Grabar Kitarovi\u0107, u sve\u010danoj dvorani Hrvatskoga doma u Vukovaru odr\u017ean je 13. studenoga 2015. tradicionalni 18. znanstveno-stru\u010dni skup &#8220;Vukovar &#8217;91. \u2013 dvadeset i \u010detvrta godina poslije&#8221;, na temu: &#8220;Vukovar &#8217;91.: domovinska (i europska) sigurnost. Kriza sigurnosti i politike manipuliranja suverenitetom&#8221;. Na skupu su govorili ugledni hrvatski znanstvenici:&hellip; Pro\u010ditaj vi\u0161e o 18. &#8220;VUKOVAR \u201891. \u2013 24. godina poslije&#8221;, 12.-13. 11. 2015.","og_url":"https:\/\/www.vegaintro-projekti.com\/pilar-stari\/2015\/11\/18-vukovar-91-24-godina-poslije-12-13-11-2015\/","og_site_name":"Institut dru&scaron;tvenih znanosti Ivo Pilar","article_published_time":"2015-11-03T12:59:42+00:00","article_modified_time":"2017-12-08T14:54:52+00:00","og_image":[{"url":"https:\/\/www.vegaintro-projekti.com\/pilar-stari\/wp-content\/images\/stories\/fotografije\/podrucni\/vukovar\/18Vu91\/18Vu91_1s.JPG"}],"author":"pilar-admin","twitter_card":"summary_large_image","twitter_misc":{"Napisao\/la":"pilar-admin","Procijenjeno vrijeme \u010ditanja":"3 minute"},"schema":{"@context":"https:\/\/schema.org","@graph":[{"@type":"WebPage","@id":"https:\/\/www.vegaintro-projekti.com\/pilar-stari\/2015\/11\/18-vukovar-91-24-godina-poslije-12-13-11-2015\/","url":"https:\/\/www.vegaintro-projekti.com\/pilar-stari\/2015\/11\/18-vukovar-91-24-godina-poslije-12-13-11-2015\/","name":"18. \"VUKOVAR \u201891. \u2013 24. godina poslije\", 12.-13. 11. 2015. - Institut dru&scaron;tvenih znanosti Ivo Pilar","isPartOf":{"@id":"https:\/\/www.vegaintro-projekti.com\/pilar-stari\/#website"},"datePublished":"2015-11-03T12:59:42+00:00","dateModified":"2017-12-08T14:54:52+00:00","author":{"@id":"https:\/\/www.vegaintro-projekti.com\/pilar-stari\/#\/schema\/person\/c0db50ebd77c4409e19b18044bbf10c1"},"breadcrumb":{"@id":"https:\/\/www.vegaintro-projekti.com\/pilar-stari\/2015\/11\/18-vukovar-91-24-godina-poslije-12-13-11-2015\/#breadcrumb"},"inLanguage":"hr","potentialAction":[{"@type":"ReadAction","target":["https:\/\/www.vegaintro-projekti.com\/pilar-stari\/2015\/11\/18-vukovar-91-24-godina-poslije-12-13-11-2015\/"]}]},{"@type":"BreadcrumbList","@id":"https:\/\/www.vegaintro-projekti.com\/pilar-stari\/2015\/11\/18-vukovar-91-24-godina-poslije-12-13-11-2015\/#breadcrumb","itemListElement":[{"@type":"ListItem","position":1,"name":"Home","item":"https:\/\/www.vegaintro-projekti.com\/pilar-stari\/"},{"@type":"ListItem","position":2,"name":"18. &#8220;VUKOVAR \u201891. \u2013 24. godina poslije&#8221;, 12.-13. 11. 2015."}]},{"@type":"WebSite","@id":"https:\/\/www.vegaintro-projekti.com\/pilar-stari\/#website","url":"https:\/\/www.vegaintro-projekti.com\/pilar-stari\/","name":"Institut dru&scaron;tvenih znanosti Ivo Pilar","description":"Pilar","potentialAction":[{"@type":"SearchAction","target":{"@type":"EntryPoint","urlTemplate":"https:\/\/www.vegaintro-projekti.com\/pilar-stari\/?s={search_term_string}"},"query-input":"required name=search_term_string"}],"inLanguage":"hr"},{"@type":"Person","@id":"https:\/\/www.vegaintro-projekti.com\/pilar-stari\/#\/schema\/person\/c0db50ebd77c4409e19b18044bbf10c1","name":"pilar-admin","image":{"@type":"ImageObject","inLanguage":"hr","@id":"https:\/\/www.vegaintro-projekti.com\/pilar-stari\/#\/schema\/person\/image\/","url":"https:\/\/secure.gravatar.com\/avatar\/fac9e03c4db0011b9c1ad8b5e9c74b8c?s=96&d=mm&r=g","contentUrl":"https:\/\/secure.gravatar.com\/avatar\/fac9e03c4db0011b9c1ad8b5e9c74b8c?s=96&d=mm&r=g","caption":"pilar-admin"},"url":"https:\/\/www.vegaintro-projekti.com\/pilar-stari\/author\/pilar-admin\/"}]}},"_links":{"self":[{"href":"https:\/\/www.vegaintro-projekti.com\/pilar-stari\/wp-json\/wp\/v2\/posts\/839"}],"collection":[{"href":"https:\/\/www.vegaintro-projekti.com\/pilar-stari\/wp-json\/wp\/v2\/posts"}],"about":[{"href":"https:\/\/www.vegaintro-projekti.com\/pilar-stari\/wp-json\/wp\/v2\/types\/post"}],"author":[{"embeddable":true,"href":"https:\/\/www.vegaintro-projekti.com\/pilar-stari\/wp-json\/wp\/v2\/users\/1"}],"replies":[{"embeddable":true,"href":"https:\/\/www.vegaintro-projekti.com\/pilar-stari\/wp-json\/wp\/v2\/comments?post=839"}],"version-history":[{"count":6,"href":"https:\/\/www.vegaintro-projekti.com\/pilar-stari\/wp-json\/wp\/v2\/posts\/839\/revisions"}],"predecessor-version":[{"id":7989,"href":"https:\/\/www.vegaintro-projekti.com\/pilar-stari\/wp-json\/wp\/v2\/posts\/839\/revisions\/7989"}],"wp:attachment":[{"href":"https:\/\/www.vegaintro-projekti.com\/pilar-stari\/wp-json\/wp\/v2\/media?parent=839"}],"wp:term":[{"taxonomy":"category","embeddable":true,"href":"https:\/\/www.vegaintro-projekti.com\/pilar-stari\/wp-json\/wp\/v2\/categories?post=839"},{"taxonomy":"post_tag","embeddable":true,"href":"https:\/\/www.vegaintro-projekti.com\/pilar-stari\/wp-json\/wp\/v2\/tags?post=839"}],"curies":[{"name":"wp","href":"https:\/\/api.w.org\/{rel}","templated":true}]}}