{"id":843,"date":"2015-11-25T21:24:17","date_gmt":"2015-11-25T21:24:17","guid":{"rendered":"https:\/\/www.vegaintro-projekti.com\/pilar-stari\/2015\/11\/25\/predstavljena-knjiga-dr-sc-josipa-jurcevica-stogodisnji-teror\/"},"modified":"2017-12-08T14:55:29","modified_gmt":"2017-12-08T14:55:29","slug":"predstavljena-knjiga-dr-sc-josipa-jurcevica-stogodisnji-teror","status":"publish","type":"post","link":"https:\/\/www.vegaintro-projekti.com\/pilar-stari\/2015\/11\/predstavljena-knjiga-dr-sc-josipa-jurcevica-stogodisnji-teror\/","title":{"rendered":"Predstavljena knjiga dr. sc. Josipa Jur\u010devi\u0107a STOGODI\u0160NJI TEROR"},"content":{"rendered":"<p style=\"text-align: left;\"><strong>Dokumentacijsko informacijsko sredi\u0161te i Hrvatski klub organizirali su 4. studenog 2015. u Zagrebu&nbsp;predstavljanje knjige znanstvenog savjetnika Instituta Ivo Pilar dr. sc. Josipa Jur\u010devi\u0107a STOGODI\u0160NJI TEROR&nbsp;JUGOSLAVENSTVA I KOMUNIZMA U HRVATSKOJ. O knjizi su govorili akademik Dubravko Jel\u010di\u0107, prof. dr. sc.&nbsp;Zvonimir \u0160eparovi\u0107, mr. sc. Antun Abramovi\u0107 i prof. dr. sc. Josip Jur\u010devi\u0107<br \/>&#8211; <a href=\"#pred\">Predgovor knjizi<\/a><\/strong><\/p>\n<p><img decoding=\"async\" loading=\"lazy\" src=\"https:\/\/www.vegaintro-projekti.com\/pilar-stari\/wp-content\/images\/stories\/fotografije\/publikacije\/promocije\/jucevic\/jurcevic_teror_s.jpg\" alt=\"jurcevic teror s\" width=\"640\" height=\"295\" \/><\/p>\n<p><span style=\"font-size: 8pt;\"><strong>Predstavljanje knjige dr. sc. Josipa Jur\u010devi\u0107a STOGODI\u0160NJI TEROR JUGOSLAVENSTVA I KOMUNIZMA U HRVATSKOJ;&nbsp;Zagreb, 4. studenog 2015.<\/strong><\/span><\/p>\n<p>&nbsp;<\/p>\n<p>&#8211; <a href=\"https:\/\/www.vegaintro-projekti.com\/pilar-stari\/wp-content\/images\/stories\/dokumenti\/razno\/jurcevic\/pozivnica_zg.pdf\">Pozivnica za predstavljanje knjige dr. sc. Josipa Jur\u010devi\u0107a STOGODI\u0160NJI TEROR JUGOSLAVENSTVA I KOMUNIZMA U HRVATSKOJ; Zagreb, 4. studenog 2015.<\/a><\/p>\n<p><a href=\"https:\/\/www.vegaintro-projekti.com\/pilar-stari\/wp-content\/images\/stories\/dokumenti\/razno\/jurcevic\/pozivnica_zg.pdf\"><img decoding=\"async\" loading=\"lazy\" src=\"https:\/\/www.vegaintro-projekti.com\/pilar-stari\/wp-content\/images\/stories\/fotografije\/publikacije\/promocije\/jucevic\/pozivnica_zg.jpg\" alt=\"pozivnica zg\" width=\"568\" height=\"803\" \/><\/a><\/p>\n<p>&#8211; <a href=\"https:\/\/www.vegaintro-projekti.com\/pilar-stari\/wp-content\/images\/stories\/dokumenti\/razno\/jurcevic\/korice.pdf\">Knjiga dr. sc. Josipa Jur\u010devi\u0107a STOGODI\u0160NJI TEROR JUGOSLAVENSTVA I KOMUNIZMA U HRVATSKOJ<\/a><\/p>\n<p><a href=\"https:\/\/www.vegaintro-projekti.com\/pilar-stari\/wp-content\/images\/stories\/dokumenti\/razno\/jurcevic\/korice.pdf\"><img decoding=\"async\" loading=\"lazy\" src=\"https:\/\/www.vegaintro-projekti.com\/pilar-stari\/wp-content\/images\/stories\/fotografije\/publikacije\/promocije\/jucevic\/korice.jpg\" alt=\"korice\" width=\"640\" height=\"422\" \/><\/a><\/p>\n<p><em id=\"__mceDel\"><br \/><a name=\"pred\">&nbsp;<\/a><br \/><\/em><span style=\"font-size: 12pt;\">Predgovor<\/span><\/p>\n<p>Ovu je knjigu, ovakvu kakvu dr\u017eimo u ruci, mogao napisati samo vjerodostojni povjesnik, svjestan svoje <br \/>profesionalne du\u017enosti i moralne odgovornosti, povjesnik koji zna da hrvatsku povijest nakon \u010detvrt stolje\u0107a <br \/>na\u0161e nacionalne slobode i dr\u017eavne neovisnosti, valja najzad zauvijek o\u010distiti i osloboditi desetlje\u0107ima <br \/>smi\u0161ljanih manipulacija i gomilanih krivotvorina, la\u017ei i srbokomunisti\u010dke ideologizacije, povjesnik koji zna <br \/>i osje\u0107a da tu temeljnu du\u017enost svakog povjesni\u010dara mo\u017ee ostvariti samo istra\u017eivanjem i svjedo\u010denjem istine <br \/>i samo istine, kao \u0161to prise\u017ee svaki svjedok pred sudom. A povjesnik je svjedok pro\u0161lih doga\u0111aja pred sudom <br \/>javnosti. Jur\u010devi\u0107 se predao toj zada\u0107i i prije Rezolucije 1481 Vije\u0107a Europe, koja poziva na utvr\u0111ivanje i <br \/>razotkrivanje zlo\u010dina totalitaristi\u010dkih komunisti\u010dkih re\u017eima.<br \/>Znatan broj hrvatskih povjesni\u010dara nije se na\u017ealost odazvao tom pozivu i toj preporuci, stoje\u0107i i nadalje &#8211; <br \/>pre\u0161utno ili izrijekom \u2013 na tvrdnjama i stajali\u0161tima jugokomunisti\u010dke historiografije. Davno sam, ure\u0111uju\u0107i <br \/>u Nakladnom zavodu \u201eZnanje\u201c biblioteku Hrvatska politi\u010dka misao XIX i XX stolje\u0107a, kao uvod u nju, napisao <br \/>\u010dlanak Slu\u017ebouljudni povjesni\u010dari (\u201eVjesnik\u201c, 9. velja\u010de 1971.), u kojem sam kritizirao na\u0161e povjesnike jer <br \/>pi\u0161u hrvatsku povijest onako kako tada\u0161nja totalitaristi\u010dka vlast od njih tra\u017ei, ignoriraju\u0107i sve \u0161to je <br \/>bilo nepo\u0107udno toj vlasti, ne izuzimaju\u0107i ni bjelodane \u010dinjenice. Zastra\u0161uju\u0107e je, me\u0111utim, \u0161to ti isti <br \/>povjesni\u010dari, kao i oni koji su ih kao njihovi \u0111aci u me\u0111uvremenu naslijedili, stoje i danas na istim <br \/>(jugokomunisti\u010dkim) stajali\u0161tima. I danas nam oni name\u0107u jugokomunisti\u010dke la\u017ei kao povijesnu istinu. Ako se <br \/>to tada, sedamdesetih godina pro\u0161loga stolje\u0107a, u doba jugoslavenskoga srbokomunisti\u010dkog totalitarizma, <br \/>moglo shvatiti kao ljudska slabost, danas je to moralna pokvarenost koja ih, u slobodnom dru\u0161tvu, <br \/>diskvalificira za svaku javnu ulogu, a ne samo znanstveni\u010dku.<br \/>Od svojih prvih znanstveno-istra\u017eiva\u010dkih po\u010detaka Jur\u010devi\u0107 ne kro\u010di utabanim stazama, ne ponavlja tvrdnje <br \/>koje su ve\u0107 re\u010dene, ne prepri\u010dava misli \u0161to ih je ve\u0107 netko napisao; on zna da hrvatsku povijest valja <br \/>istra\u017eivati i ponovno pisati, pa to i \u010dini. Zna i da je to te\u017eak, dugotrajan ali i neizbje\u017ean rad, ako <br \/>ho\u0107emo odgovoriti zahtjevima svoga vremena i biti dostojni njegova povijesnog zna\u010denja. On je dakle doista <br \/>revizionist povijesti, ali revizionist u najboljem, najpozitivnijem smislu te rije\u010di. I zato je <br \/>vjerodostojan: ni jedna njegova tvrdnja nije proizvoljna nego je potkrijepljena dokumentacijom. Biblioteke i <br \/>arhivi su njegov istra\u017eiva\u010dki laboratorij. Stoga ne iznena\u0111uje da \u010desto i dobri poznavatelji tema o kojima <br \/>on pi\u0161e nailaze u njegovim tekstovima na poneki detalj koji jo\u0161 nisu znali. A da ogromna ve\u0107ina Hrvata nije <br \/>znala bitne \u010dinjenice, koje utje\u010du na kvalifikaciju i spoznaju istine o svojoj davnoj i nedavnoj pro\u0161losti, <br \/>to valjda ne moramo danas nikome dokazivati. U obje Jugoslavije, primjerice, slu\u017ebena historiografija, <br \/>kojoj su slu\u017eili i na\u0161i \u201eslu\u017ebouljudni povjesni\u010dari\u201c, tajila je, a njeni sljedbenici taje i danas, povijesnu <br \/>istinu, da je ujedinjenje 1. prosinca 1918. za Hrvatsku i hrvatski narod bilo formalno-pravno nezakonito, <br \/>jer taj \u010din nikada nije odobrio, potvrdio i na kraju izglasao Sabor Kraljevine Hrvatske, Slavonije i <br \/>Dalmacije, koji je to jedini imao pravo odlu\u010diti. Izaslanstvo Narodnog vije\u0107a u Beogradu nije imalo ovlasti <br \/>da to izvede i zubar Ante Paveli\u0107 pro\u010ditao je onu adresu regentu Aleksandru Kara\u0111or\u0111evi\u0107u samovoljno i <br \/>neovla\u0161teno. A ratni i poslijeratni zlo\u010dini komunisti\u010dke vojne i civilne vlasti u Hrvatskoj nisu bili <br \/>pojedina\u010dni ekscesi, kako i danas tvrde komunisti\u010dki vjernici u Socijaldemokratskoj partiji Hrvatske, nego <br \/>bri\u017eno smi\u0161ljen i sustavno organiziran projekt uni\u0161tenja \u201enarodnih neprijatelja\u201c, koji su OZN-a i UDB-a <br \/>striktno i neumoljivo provodili po osobnom nare\u0111enju Josipa Broza, kao \u0161to dokazuju dokumenti koje Jur\u010devi\u0107 <br \/>objelodanjuje u ovoj knjizi, u \u010dlanku\/poglavlju Ustrojavanje represivnog sustava komunisti\u010dke Jugoslavije.<br \/>Jur\u010devi\u0107 zna razliku izme\u0111u povijesti i politike, razumije njihov odnos i zato ih nikada ne poistovje\u0107uje. <br \/>Povijest su znanstveno utvr\u0111ene \u010dinjenice, ona je dakle objektivna istina, a politika je subjektivna <br \/>interpretacija tih \u010dinjenica i te istine, koja mo\u017ee biti sukladna smislu i duhu tih \u010dinjenica, ali u <br \/>drasti\u010dnim slu\u010dajevima mo\u017ee zna\u010diti i njihovo krivotvorenje ili potpuno ignoriranje. Jur\u010devi\u0107eve <br \/>interpretacije povijesnih \u010dinjenica, rekao bih, proizlaze iz njih samih, one se uvijek name\u0107u kao prirodni, <br \/>jedini mogu\u0107i logi\u010dni zaklju\u010dak. Zato one i ostavljaju dojam objektivnosti i samo se rijetki, veoma rijetki <br \/>\u010ditatelji ove knjige, ako im je do istine, ne \u0107e slo\u017eiti s Jur\u010devi\u0107evim shva\u0107anjima i prosudbama koje ovdje <br \/>izla\u017ee. A isto se mo\u017ee re\u0107i i za sve njegove studije i rasprave.<br \/>Jur\u010devi\u0107 je, re\u0107i \u0107u tako, kompletni povjesni\u010dar, on vidi povijest kao integralnu cjelinu, tako je <br \/>do\u017eivljava, tako razumijeva i tako je istra\u017euje. Po tom je osebujan i uzoran. Kulturna povijest je dio op\u0107e <br \/>povijesti jednoga naroda, koja je ponekad gotovo i nepotpuna ako je izdvojimo iz konteksta op\u0107e povijesti. <br \/>Prolozi te vrste u ovoj knjizi to najbolje potvr\u0111uju.<br \/>Zbog svega toga primjereno je apelirati na na\u0161e u pro\u0161lom vremenu zaostale povjesni\u010dare, koji se nazivaju <br \/>lijevima, a nisu lijevi nego la\u017eni, upozoriti ih na Jur\u010devi\u0107eve rije\u010di na kraju jedne od rasprava u ovoj <br \/>knjizi kako je ve\u0107 \u201ekrajnje vrijeme da \u2013 \u010detvrt stolje\u0107a nakon sloma komunisti\u010dke Jugoslavije \u2013 napokon <br \/>zapo\u010dne najozbiljnije i najdublje suo\u010davanje s vrijednosnim porukama i zlo\u010dina\u010dkim posljedicama <br \/>jugoslavenske komunisti\u010dke osatav\u0161tine.\u201c To im je njegova i na\u0161a poruka i preporuka, koju ova knjiga <br \/>uvjerljivo ilustrira i zagovara.<\/p>\n<p><em>akademik Dubravko Jel\u010di\u0107<\/em><\/p>\n<p>&nbsp;<\/p>\n<p><\/p>\n","protected":false},"excerpt":{"rendered":"<p>Dokumentacijsko informacijsko sredi\u0161te i Hrvatski klub organizirali su 4. studenog 2015. u Zagrebu&nbsp;predstavljanje knjige znanstvenog savjetnika Instituta Ivo Pilar dr. sc. Josipa Jur\u010devi\u0107a STOGODI\u0160NJI TEROR&nbsp;JUGOSLAVENSTVA I KOMUNIZMA U HRVATSKOJ. O knjizi su govorili akademik Dubravko Jel\u010di\u0107, prof. dr. sc.&nbsp;Zvonimir \u0160eparovi\u0107, mr. sc. Antun Abramovi\u0107 i prof. dr. sc. Josip Jur\u010devi\u0107&#8211; Predgovor knjizi Predstavljanje knjige dr.&hellip; <a class=\"continue\" href=\"https:\/\/www.vegaintro-projekti.com\/pilar-stari\/2015\/11\/predstavljena-knjiga-dr-sc-josipa-jurcevica-stogodisnji-teror\/\">Pro\u010ditaj vi\u0161e o<span> Predstavljena knjiga dr. sc. Josipa Jur\u010devi\u0107a STOGODI\u0160NJI TEROR<\/span><\/a><\/p>\n","protected":false},"author":1,"featured_media":0,"comment_status":"open","ping_status":"open","sticky":false,"template":"","format":"standard","meta":{"inline_featured_image":false,"ngg_post_thumbnail":0,"footnotes":""},"categories":[11],"tags":[],"yoast_head":"<!-- This site is optimized with the Yoast SEO plugin v21.2 - https:\/\/yoast.com\/wordpress\/plugins\/seo\/ -->\n<title>Predstavljena knjiga dr. sc. Josipa Jur\u010devi\u0107a STOGODI\u0160NJI TEROR - Institut dru&scaron;tvenih znanosti Ivo Pilar<\/title>\n<meta name=\"robots\" content=\"noindex, follow, max-snippet:-1, max-image-preview:large, max-video-preview:-1\" \/>\n<meta property=\"og:locale\" content=\"hr_HR\" \/>\n<meta property=\"og:type\" content=\"article\" \/>\n<meta property=\"og:title\" content=\"Predstavljena knjiga dr. sc. Josipa Jur\u010devi\u0107a STOGODI\u0160NJI TEROR - Institut dru&scaron;tvenih znanosti Ivo Pilar\" \/>\n<meta property=\"og:description\" content=\"Dokumentacijsko informacijsko sredi\u0161te i Hrvatski klub organizirali su 4. studenog 2015. u Zagrebu&nbsp;predstavljanje knjige znanstvenog savjetnika Instituta Ivo Pilar dr. sc. Josipa Jur\u010devi\u0107a STOGODI\u0160NJI TEROR&nbsp;JUGOSLAVENSTVA I KOMUNIZMA U HRVATSKOJ. O knjizi su govorili akademik Dubravko Jel\u010di\u0107, prof. dr. sc.&nbsp;Zvonimir \u0160eparovi\u0107, mr. sc. Antun Abramovi\u0107 i prof. dr. sc. Josip Jur\u010devi\u0107&#8211; Predgovor knjizi Predstavljanje knjige dr.&hellip; Pro\u010ditaj vi\u0161e o Predstavljena knjiga dr. sc. Josipa Jur\u010devi\u0107a STOGODI\u0160NJI TEROR\" \/>\n<meta property=\"og:url\" content=\"https:\/\/www.vegaintro-projekti.com\/pilar-stari\/2015\/11\/predstavljena-knjiga-dr-sc-josipa-jurcevica-stogodisnji-teror\/\" \/>\n<meta property=\"og:site_name\" content=\"Institut dru&scaron;tvenih znanosti Ivo Pilar\" \/>\n<meta property=\"article:published_time\" content=\"2015-11-25T21:24:17+00:00\" \/>\n<meta property=\"article:modified_time\" content=\"2017-12-08T14:55:29+00:00\" \/>\n<meta property=\"og:image\" content=\"https:\/\/www.vegaintro-projekti.com\/pilar-stari\/wp-content\/images\/stories\/fotografije\/publikacije\/promocije\/jucevic\/jurcevic_teror_s.jpg\" \/>\n<meta name=\"author\" content=\"pilar-admin\" \/>\n<meta name=\"twitter:card\" content=\"summary_large_image\" \/>\n<meta name=\"twitter:label1\" content=\"Napisao\/la\" \/>\n\t<meta name=\"twitter:data1\" content=\"pilar-admin\" \/>\n\t<meta name=\"twitter:label2\" content=\"Procijenjeno vrijeme \u010ditanja\" \/>\n\t<meta name=\"twitter:data2\" content=\"5 minuta\" \/>\n<script type=\"application\/ld+json\" class=\"yoast-schema-graph\">{\"@context\":\"https:\/\/schema.org\",\"@graph\":[{\"@type\":\"WebPage\",\"@id\":\"https:\/\/www.vegaintro-projekti.com\/pilar-stari\/2015\/11\/predstavljena-knjiga-dr-sc-josipa-jurcevica-stogodisnji-teror\/\",\"url\":\"https:\/\/www.vegaintro-projekti.com\/pilar-stari\/2015\/11\/predstavljena-knjiga-dr-sc-josipa-jurcevica-stogodisnji-teror\/\",\"name\":\"Predstavljena knjiga dr. sc. Josipa Jur\u010devi\u0107a STOGODI\u0160NJI TEROR - Institut dru&scaron;tvenih znanosti Ivo Pilar\",\"isPartOf\":{\"@id\":\"https:\/\/www.vegaintro-projekti.com\/pilar-stari\/#website\"},\"datePublished\":\"2015-11-25T21:24:17+00:00\",\"dateModified\":\"2017-12-08T14:55:29+00:00\",\"author\":{\"@id\":\"https:\/\/www.vegaintro-projekti.com\/pilar-stari\/#\/schema\/person\/c0db50ebd77c4409e19b18044bbf10c1\"},\"breadcrumb\":{\"@id\":\"https:\/\/www.vegaintro-projekti.com\/pilar-stari\/2015\/11\/predstavljena-knjiga-dr-sc-josipa-jurcevica-stogodisnji-teror\/#breadcrumb\"},\"inLanguage\":\"hr\",\"potentialAction\":[{\"@type\":\"ReadAction\",\"target\":[\"https:\/\/www.vegaintro-projekti.com\/pilar-stari\/2015\/11\/predstavljena-knjiga-dr-sc-josipa-jurcevica-stogodisnji-teror\/\"]}]},{\"@type\":\"BreadcrumbList\",\"@id\":\"https:\/\/www.vegaintro-projekti.com\/pilar-stari\/2015\/11\/predstavljena-knjiga-dr-sc-josipa-jurcevica-stogodisnji-teror\/#breadcrumb\",\"itemListElement\":[{\"@type\":\"ListItem\",\"position\":1,\"name\":\"Home\",\"item\":\"https:\/\/www.vegaintro-projekti.com\/pilar-stari\/\"},{\"@type\":\"ListItem\",\"position\":2,\"name\":\"Predstavljena knjiga dr. sc. Josipa Jur\u010devi\u0107a STOGODI\u0160NJI TEROR\"}]},{\"@type\":\"WebSite\",\"@id\":\"https:\/\/www.vegaintro-projekti.com\/pilar-stari\/#website\",\"url\":\"https:\/\/www.vegaintro-projekti.com\/pilar-stari\/\",\"name\":\"Institut dru&scaron;tvenih znanosti Ivo Pilar\",\"description\":\"Pilar\",\"potentialAction\":[{\"@type\":\"SearchAction\",\"target\":{\"@type\":\"EntryPoint\",\"urlTemplate\":\"https:\/\/www.vegaintro-projekti.com\/pilar-stari\/?s={search_term_string}\"},\"query-input\":\"required name=search_term_string\"}],\"inLanguage\":\"hr\"},{\"@type\":\"Person\",\"@id\":\"https:\/\/www.vegaintro-projekti.com\/pilar-stari\/#\/schema\/person\/c0db50ebd77c4409e19b18044bbf10c1\",\"name\":\"pilar-admin\",\"image\":{\"@type\":\"ImageObject\",\"inLanguage\":\"hr\",\"@id\":\"https:\/\/www.vegaintro-projekti.com\/pilar-stari\/#\/schema\/person\/image\/\",\"url\":\"https:\/\/secure.gravatar.com\/avatar\/fac9e03c4db0011b9c1ad8b5e9c74b8c?s=96&d=mm&r=g\",\"contentUrl\":\"https:\/\/secure.gravatar.com\/avatar\/fac9e03c4db0011b9c1ad8b5e9c74b8c?s=96&d=mm&r=g\",\"caption\":\"pilar-admin\"},\"url\":\"https:\/\/www.vegaintro-projekti.com\/pilar-stari\/author\/pilar-admin\/\"}]}<\/script>\n<!-- \/ Yoast SEO plugin. -->","yoast_head_json":{"title":"Predstavljena knjiga dr. sc. Josipa Jur\u010devi\u0107a STOGODI\u0160NJI TEROR - Institut dru&scaron;tvenih znanosti Ivo Pilar","robots":{"index":"noindex","follow":"follow","max-snippet":"max-snippet:-1","max-image-preview":"max-image-preview:large","max-video-preview":"max-video-preview:-1"},"og_locale":"hr_HR","og_type":"article","og_title":"Predstavljena knjiga dr. sc. Josipa Jur\u010devi\u0107a STOGODI\u0160NJI TEROR - Institut dru&scaron;tvenih znanosti Ivo Pilar","og_description":"Dokumentacijsko informacijsko sredi\u0161te i Hrvatski klub organizirali su 4. studenog 2015. u Zagrebu&nbsp;predstavljanje knjige znanstvenog savjetnika Instituta Ivo Pilar dr. sc. Josipa Jur\u010devi\u0107a STOGODI\u0160NJI TEROR&nbsp;JUGOSLAVENSTVA I KOMUNIZMA U HRVATSKOJ. O knjizi su govorili akademik Dubravko Jel\u010di\u0107, prof. dr. sc.&nbsp;Zvonimir \u0160eparovi\u0107, mr. sc. Antun Abramovi\u0107 i prof. dr. sc. Josip Jur\u010devi\u0107&#8211; Predgovor knjizi Predstavljanje knjige dr.&hellip; Pro\u010ditaj vi\u0161e o Predstavljena knjiga dr. sc. Josipa Jur\u010devi\u0107a STOGODI\u0160NJI TEROR","og_url":"https:\/\/www.vegaintro-projekti.com\/pilar-stari\/2015\/11\/predstavljena-knjiga-dr-sc-josipa-jurcevica-stogodisnji-teror\/","og_site_name":"Institut dru&scaron;tvenih znanosti Ivo Pilar","article_published_time":"2015-11-25T21:24:17+00:00","article_modified_time":"2017-12-08T14:55:29+00:00","og_image":[{"url":"https:\/\/www.vegaintro-projekti.com\/pilar-stari\/wp-content\/images\/stories\/fotografije\/publikacije\/promocije\/jucevic\/jurcevic_teror_s.jpg"}],"author":"pilar-admin","twitter_card":"summary_large_image","twitter_misc":{"Napisao\/la":"pilar-admin","Procijenjeno vrijeme \u010ditanja":"5 minuta"},"schema":{"@context":"https:\/\/schema.org","@graph":[{"@type":"WebPage","@id":"https:\/\/www.vegaintro-projekti.com\/pilar-stari\/2015\/11\/predstavljena-knjiga-dr-sc-josipa-jurcevica-stogodisnji-teror\/","url":"https:\/\/www.vegaintro-projekti.com\/pilar-stari\/2015\/11\/predstavljena-knjiga-dr-sc-josipa-jurcevica-stogodisnji-teror\/","name":"Predstavljena knjiga dr. sc. Josipa Jur\u010devi\u0107a STOGODI\u0160NJI TEROR - Institut dru&scaron;tvenih znanosti Ivo Pilar","isPartOf":{"@id":"https:\/\/www.vegaintro-projekti.com\/pilar-stari\/#website"},"datePublished":"2015-11-25T21:24:17+00:00","dateModified":"2017-12-08T14:55:29+00:00","author":{"@id":"https:\/\/www.vegaintro-projekti.com\/pilar-stari\/#\/schema\/person\/c0db50ebd77c4409e19b18044bbf10c1"},"breadcrumb":{"@id":"https:\/\/www.vegaintro-projekti.com\/pilar-stari\/2015\/11\/predstavljena-knjiga-dr-sc-josipa-jurcevica-stogodisnji-teror\/#breadcrumb"},"inLanguage":"hr","potentialAction":[{"@type":"ReadAction","target":["https:\/\/www.vegaintro-projekti.com\/pilar-stari\/2015\/11\/predstavljena-knjiga-dr-sc-josipa-jurcevica-stogodisnji-teror\/"]}]},{"@type":"BreadcrumbList","@id":"https:\/\/www.vegaintro-projekti.com\/pilar-stari\/2015\/11\/predstavljena-knjiga-dr-sc-josipa-jurcevica-stogodisnji-teror\/#breadcrumb","itemListElement":[{"@type":"ListItem","position":1,"name":"Home","item":"https:\/\/www.vegaintro-projekti.com\/pilar-stari\/"},{"@type":"ListItem","position":2,"name":"Predstavljena knjiga dr. sc. Josipa Jur\u010devi\u0107a STOGODI\u0160NJI TEROR"}]},{"@type":"WebSite","@id":"https:\/\/www.vegaintro-projekti.com\/pilar-stari\/#website","url":"https:\/\/www.vegaintro-projekti.com\/pilar-stari\/","name":"Institut dru&scaron;tvenih znanosti Ivo Pilar","description":"Pilar","potentialAction":[{"@type":"SearchAction","target":{"@type":"EntryPoint","urlTemplate":"https:\/\/www.vegaintro-projekti.com\/pilar-stari\/?s={search_term_string}"},"query-input":"required name=search_term_string"}],"inLanguage":"hr"},{"@type":"Person","@id":"https:\/\/www.vegaintro-projekti.com\/pilar-stari\/#\/schema\/person\/c0db50ebd77c4409e19b18044bbf10c1","name":"pilar-admin","image":{"@type":"ImageObject","inLanguage":"hr","@id":"https:\/\/www.vegaintro-projekti.com\/pilar-stari\/#\/schema\/person\/image\/","url":"https:\/\/secure.gravatar.com\/avatar\/fac9e03c4db0011b9c1ad8b5e9c74b8c?s=96&d=mm&r=g","contentUrl":"https:\/\/secure.gravatar.com\/avatar\/fac9e03c4db0011b9c1ad8b5e9c74b8c?s=96&d=mm&r=g","caption":"pilar-admin"},"url":"https:\/\/www.vegaintro-projekti.com\/pilar-stari\/author\/pilar-admin\/"}]}},"_links":{"self":[{"href":"https:\/\/www.vegaintro-projekti.com\/pilar-stari\/wp-json\/wp\/v2\/posts\/843"}],"collection":[{"href":"https:\/\/www.vegaintro-projekti.com\/pilar-stari\/wp-json\/wp\/v2\/posts"}],"about":[{"href":"https:\/\/www.vegaintro-projekti.com\/pilar-stari\/wp-json\/wp\/v2\/types\/post"}],"author":[{"embeddable":true,"href":"https:\/\/www.vegaintro-projekti.com\/pilar-stari\/wp-json\/wp\/v2\/users\/1"}],"replies":[{"embeddable":true,"href":"https:\/\/www.vegaintro-projekti.com\/pilar-stari\/wp-json\/wp\/v2\/comments?post=843"}],"version-history":[{"count":3,"href":"https:\/\/www.vegaintro-projekti.com\/pilar-stari\/wp-json\/wp\/v2\/posts\/843\/revisions"}],"predecessor-version":[{"id":8002,"href":"https:\/\/www.vegaintro-projekti.com\/pilar-stari\/wp-json\/wp\/v2\/posts\/843\/revisions\/8002"}],"wp:attachment":[{"href":"https:\/\/www.vegaintro-projekti.com\/pilar-stari\/wp-json\/wp\/v2\/media?parent=843"}],"wp:term":[{"taxonomy":"category","embeddable":true,"href":"https:\/\/www.vegaintro-projekti.com\/pilar-stari\/wp-json\/wp\/v2\/categories?post=843"},{"taxonomy":"post_tag","embeddable":true,"href":"https:\/\/www.vegaintro-projekti.com\/pilar-stari\/wp-json\/wp\/v2\/tags?post=843"}],"curies":[{"name":"wp","href":"https:\/\/api.w.org\/{rel}","templated":true}]}}