{"id":849,"date":"2015-12-04T22:33:28","date_gmt":"2015-12-04T22:33:28","guid":{"rendered":"https:\/\/www.vegaintro-projekti.com\/pilar-stari\/2015\/12\/04\/izlozba-zidovi-u-krizevcima-povijest-znacaj-i-naslijede\/"},"modified":"2017-12-08T14:56:23","modified_gmt":"2017-12-08T14:56:23","slug":"izlozba-zidovi-u-krizevcima-povijest-znacaj-i-naslijede","status":"publish","type":"post","link":"https:\/\/www.vegaintro-projekti.com\/pilar-stari\/2015\/12\/izlozba-zidovi-u-krizevcima-povijest-znacaj-i-naslijede\/","title":{"rendered":"IZLO\u017dBA: \u017didovi u Kri\u017eevcima \u2013 povijest, zna\u010daj i naslije\u0111e"},"content":{"rendered":"<p><strong>U Likovnoj galeriji Gradskog muzeja Kri\u017eevci otvorena je 1. prosinca 2015. izlo\u017eba &#8220;\u017didovi u Kri\u017eevcima \u2013 povijest, zna\u010daj i naslije\u0111e&#8221;. Uvodno je nazo\u010dne pozdravio ravnatelj Muzeja Zoran Homen, a o zna\u010daju \u017didova u Kri\u017eevcima govorila je dr. sc. Ljiljana Dobrov\u0161ak iz Instituta dru\u0161tvenih znanosti Ivo Pilar, koja je u suautorstvu s Dejanom Penjakom napisala katalog izlo\u017ebe &#8211;<\/strong> <a href=\"#mediji\">Iz medija<\/a><\/p>\n<p>&nbsp;<\/p>\n<table border=\"0\">\n<tbody>\n<tr>\n<td><img decoding=\"async\" loading=\"lazy\" src=\"https:\/\/www.vegaintro-projekti.com\/pilar-stari\/wp-content\/images\/zidovi_krizevci\/zidovi_3s.jpg\" alt=\"zidovi 3s\" width=\"317\" height=\"179\" \/><\/td>\n<td><img decoding=\"async\" loading=\"lazy\" src=\"https:\/\/www.vegaintro-projekti.com\/pilar-stari\/wp-content\/images\/zidovi_krizevci\/zidovi_1s.jpg\" alt=\"zidovi 1s\" width=\"317\" height=\"179\" \/><\/td>\n<\/tr>\n<\/tbody>\n<\/table>\n<table border=\"0\">\n<tbody>\n<tr>\n<td><img decoding=\"async\" loading=\"lazy\" src=\"https:\/\/www.vegaintro-projekti.com\/pilar-stari\/wp-content\/images\/zidovi_krizevci\/zidovi_2s.jpg\" alt=\"zidovi 2s\" width=\"640\" height=\"439\" \/><\/td>\n<\/tr>\n<\/tbody>\n<\/table>\n<p>Na izlo\u017ebi se mo\u017ee doznati vi\u0161e o prvom dolasku \u017didova u Kri\u017eevce, njihovim obi\u010dajima, naslije\u0111u, kao i o \u017eidovstvu u \u0161irem smislu te o zna\u010dajnim pripadnicima njihove zajednice. Nazo\u010dni na otvorenju, me\u0111u kojima je bio i Luciano Mo\u0161e Prelevi\u0107, glavni rabin u Hrvatskoj, mogli su razgledati vrijedan izvor gra\u0111e iz fundusa Muzeja koji se odnosi na \u017eidovsku zajednicu.<\/p>\n<p>O ostav\u0161tini, \u017eivotu i djelovanju \u017didova u Kri\u017eevcima te o osobnim iskustvima za vrijeme rata govorila je dr. sc. Ren\u00e9e Weisz-Male\u010dek, koja je za izlo\u017ebu posudila dio gra\u0111e iz privatne arhive. Otvorenju izlo\u017ebe nazo\u010dio je i zamjenik gradona\u010delnika Tomislav Katanovi\u0107.<\/p>\n<p><a name=\"mediji\">&nbsp;<\/a><br \/><span style=\"font-size: 12pt;\">Iz medija<\/span><\/p>\n<p><strong>&#8211; Prigorski.hr:<\/strong> <a href=\"http:\/\/prigorski.hr\/otvorena-izlozba-zidovi-u-krizevcima-povijest-znacaj-i-naslijede\/\">Otvorena izlo\u017eba \u201c\u017didovi u Kri\u017eevcima \u2013 povijest, zna\u010daj i naslije\u0111e\u201d, 1. prosinca 2015.<\/a><\/p>\n<p><strong>&#8211; Grad Kri\u017eevci:<\/strong> <a href=\"http:\/\/www.krizevci.hr\/index.php\/33-vijesti\/1252-otvorena-izlozba-o-zidovima-u-krizevcima\">Otvorena izlo\u017eba o \u017didovima u Kri\u017eevcima, 1. prosinca 2015.<\/a><\/p>\n<\/p>\n<p>&nbsp;<\/p>\n","protected":false},"excerpt":{"rendered":"<p>U Likovnoj galeriji Gradskog muzeja Kri\u017eevci otvorena je 1. prosinca 2015. izlo\u017eba &#8220;\u017didovi u Kri\u017eevcima \u2013 povijest, zna\u010daj i naslije\u0111e&#8221;. Uvodno je nazo\u010dne pozdravio ravnatelj Muzeja Zoran Homen, a o zna\u010daju \u017didova u Kri\u017eevcima govorila je dr. sc. Ljiljana Dobrov\u0161ak iz Instituta dru\u0161tvenih znanosti Ivo Pilar, koja je u suautorstvu s Dejanom Penjakom napisala katalog&hellip; <a class=\"continue\" href=\"https:\/\/www.vegaintro-projekti.com\/pilar-stari\/2015\/12\/izlozba-zidovi-u-krizevcima-povijest-znacaj-i-naslijede\/\">Pro\u010ditaj vi\u0161e o<span> IZLO\u017dBA: \u017didovi u Kri\u017eevcima \u2013 povijest, zna\u010daj i naslije\u0111e<\/span><\/a><\/p>\n","protected":false},"author":1,"featured_media":0,"comment_status":"open","ping_status":"open","sticky":false,"template":"","format":"standard","meta":{"inline_featured_image":false,"ngg_post_thumbnail":0,"footnotes":""},"categories":[11],"tags":[],"yoast_head":"<!-- This site is optimized with the Yoast SEO plugin v21.2 - https:\/\/yoast.com\/wordpress\/plugins\/seo\/ -->\n<title>IZLO\u017dBA: \u017didovi u Kri\u017eevcima \u2013 povijest, zna\u010daj i naslije\u0111e - Institut dru&scaron;tvenih znanosti Ivo Pilar<\/title>\n<meta name=\"robots\" content=\"noindex, follow, max-snippet:-1, max-image-preview:large, max-video-preview:-1\" \/>\n<meta property=\"og:locale\" content=\"hr_HR\" \/>\n<meta property=\"og:type\" content=\"article\" \/>\n<meta property=\"og:title\" content=\"IZLO\u017dBA: \u017didovi u Kri\u017eevcima \u2013 povijest, zna\u010daj i naslije\u0111e - Institut dru&scaron;tvenih znanosti Ivo Pilar\" \/>\n<meta property=\"og:description\" content=\"U Likovnoj galeriji Gradskog muzeja Kri\u017eevci otvorena je 1. prosinca 2015. izlo\u017eba &#8220;\u017didovi u Kri\u017eevcima \u2013 povijest, zna\u010daj i naslije\u0111e&#8221;. Uvodno je nazo\u010dne pozdravio ravnatelj Muzeja Zoran Homen, a o zna\u010daju \u017didova u Kri\u017eevcima govorila je dr. sc. Ljiljana Dobrov\u0161ak iz Instituta dru\u0161tvenih znanosti Ivo Pilar, koja je u suautorstvu s Dejanom Penjakom napisala katalog&hellip; Pro\u010ditaj vi\u0161e o IZLO\u017dBA: \u017didovi u Kri\u017eevcima \u2013 povijest, zna\u010daj i naslije\u0111e\" \/>\n<meta property=\"og:url\" content=\"https:\/\/www.vegaintro-projekti.com\/pilar-stari\/2015\/12\/izlozba-zidovi-u-krizevcima-povijest-znacaj-i-naslijede\/\" \/>\n<meta property=\"og:site_name\" content=\"Institut dru&scaron;tvenih znanosti Ivo Pilar\" \/>\n<meta property=\"article:published_time\" content=\"2015-12-04T22:33:28+00:00\" \/>\n<meta property=\"article:modified_time\" content=\"2017-12-08T14:56:23+00:00\" \/>\n<meta property=\"og:image\" content=\"https:\/\/www.vegaintro-projekti.com\/pilar-stari\/wp-content\/images\/zidovi_krizevci\/zidovi_3s.jpg\" \/>\n<meta name=\"author\" content=\"pilar-admin\" \/>\n<meta name=\"twitter:card\" content=\"summary_large_image\" \/>\n<meta name=\"twitter:label1\" content=\"Napisao\/la\" \/>\n\t<meta name=\"twitter:data1\" content=\"pilar-admin\" \/>\n\t<meta name=\"twitter:label2\" content=\"Procijenjeno vrijeme \u010ditanja\" \/>\n\t<meta name=\"twitter:data2\" content=\"1 minuta\" \/>\n<script type=\"application\/ld+json\" class=\"yoast-schema-graph\">{\"@context\":\"https:\/\/schema.org\",\"@graph\":[{\"@type\":\"WebPage\",\"@id\":\"https:\/\/www.vegaintro-projekti.com\/pilar-stari\/2015\/12\/izlozba-zidovi-u-krizevcima-povijest-znacaj-i-naslijede\/\",\"url\":\"https:\/\/www.vegaintro-projekti.com\/pilar-stari\/2015\/12\/izlozba-zidovi-u-krizevcima-povijest-znacaj-i-naslijede\/\",\"name\":\"IZLO\u017dBA: \u017didovi u Kri\u017eevcima \u2013 povijest, zna\u010daj i naslije\u0111e - Institut dru&scaron;tvenih znanosti Ivo Pilar\",\"isPartOf\":{\"@id\":\"https:\/\/www.vegaintro-projekti.com\/pilar-stari\/#website\"},\"datePublished\":\"2015-12-04T22:33:28+00:00\",\"dateModified\":\"2017-12-08T14:56:23+00:00\",\"author\":{\"@id\":\"https:\/\/www.vegaintro-projekti.com\/pilar-stari\/#\/schema\/person\/c0db50ebd77c4409e19b18044bbf10c1\"},\"breadcrumb\":{\"@id\":\"https:\/\/www.vegaintro-projekti.com\/pilar-stari\/2015\/12\/izlozba-zidovi-u-krizevcima-povijest-znacaj-i-naslijede\/#breadcrumb\"},\"inLanguage\":\"hr\",\"potentialAction\":[{\"@type\":\"ReadAction\",\"target\":[\"https:\/\/www.vegaintro-projekti.com\/pilar-stari\/2015\/12\/izlozba-zidovi-u-krizevcima-povijest-znacaj-i-naslijede\/\"]}]},{\"@type\":\"BreadcrumbList\",\"@id\":\"https:\/\/www.vegaintro-projekti.com\/pilar-stari\/2015\/12\/izlozba-zidovi-u-krizevcima-povijest-znacaj-i-naslijede\/#breadcrumb\",\"itemListElement\":[{\"@type\":\"ListItem\",\"position\":1,\"name\":\"Home\",\"item\":\"https:\/\/www.vegaintro-projekti.com\/pilar-stari\/\"},{\"@type\":\"ListItem\",\"position\":2,\"name\":\"IZLO\u017dBA: \u017didovi u Kri\u017eevcima \u2013 povijest, zna\u010daj i naslije\u0111e\"}]},{\"@type\":\"WebSite\",\"@id\":\"https:\/\/www.vegaintro-projekti.com\/pilar-stari\/#website\",\"url\":\"https:\/\/www.vegaintro-projekti.com\/pilar-stari\/\",\"name\":\"Institut dru&scaron;tvenih znanosti Ivo Pilar\",\"description\":\"Pilar\",\"potentialAction\":[{\"@type\":\"SearchAction\",\"target\":{\"@type\":\"EntryPoint\",\"urlTemplate\":\"https:\/\/www.vegaintro-projekti.com\/pilar-stari\/?s={search_term_string}\"},\"query-input\":\"required name=search_term_string\"}],\"inLanguage\":\"hr\"},{\"@type\":\"Person\",\"@id\":\"https:\/\/www.vegaintro-projekti.com\/pilar-stari\/#\/schema\/person\/c0db50ebd77c4409e19b18044bbf10c1\",\"name\":\"pilar-admin\",\"image\":{\"@type\":\"ImageObject\",\"inLanguage\":\"hr\",\"@id\":\"https:\/\/www.vegaintro-projekti.com\/pilar-stari\/#\/schema\/person\/image\/\",\"url\":\"https:\/\/secure.gravatar.com\/avatar\/fac9e03c4db0011b9c1ad8b5e9c74b8c?s=96&d=mm&r=g\",\"contentUrl\":\"https:\/\/secure.gravatar.com\/avatar\/fac9e03c4db0011b9c1ad8b5e9c74b8c?s=96&d=mm&r=g\",\"caption\":\"pilar-admin\"},\"url\":\"https:\/\/www.vegaintro-projekti.com\/pilar-stari\/author\/pilar-admin\/\"}]}<\/script>\n<!-- \/ Yoast SEO plugin. -->","yoast_head_json":{"title":"IZLO\u017dBA: \u017didovi u Kri\u017eevcima \u2013 povijest, zna\u010daj i naslije\u0111e - Institut dru&scaron;tvenih znanosti Ivo Pilar","robots":{"index":"noindex","follow":"follow","max-snippet":"max-snippet:-1","max-image-preview":"max-image-preview:large","max-video-preview":"max-video-preview:-1"},"og_locale":"hr_HR","og_type":"article","og_title":"IZLO\u017dBA: \u017didovi u Kri\u017eevcima \u2013 povijest, zna\u010daj i naslije\u0111e - Institut dru&scaron;tvenih znanosti Ivo Pilar","og_description":"U Likovnoj galeriji Gradskog muzeja Kri\u017eevci otvorena je 1. prosinca 2015. izlo\u017eba &#8220;\u017didovi u Kri\u017eevcima \u2013 povijest, zna\u010daj i naslije\u0111e&#8221;. Uvodno je nazo\u010dne pozdravio ravnatelj Muzeja Zoran Homen, a o zna\u010daju \u017didova u Kri\u017eevcima govorila je dr. sc. Ljiljana Dobrov\u0161ak iz Instituta dru\u0161tvenih znanosti Ivo Pilar, koja je u suautorstvu s Dejanom Penjakom napisala katalog&hellip; Pro\u010ditaj vi\u0161e o IZLO\u017dBA: \u017didovi u Kri\u017eevcima \u2013 povijest, zna\u010daj i naslije\u0111e","og_url":"https:\/\/www.vegaintro-projekti.com\/pilar-stari\/2015\/12\/izlozba-zidovi-u-krizevcima-povijest-znacaj-i-naslijede\/","og_site_name":"Institut dru&scaron;tvenih znanosti Ivo Pilar","article_published_time":"2015-12-04T22:33:28+00:00","article_modified_time":"2017-12-08T14:56:23+00:00","og_image":[{"url":"https:\/\/www.vegaintro-projekti.com\/pilar-stari\/wp-content\/images\/zidovi_krizevci\/zidovi_3s.jpg"}],"author":"pilar-admin","twitter_card":"summary_large_image","twitter_misc":{"Napisao\/la":"pilar-admin","Procijenjeno vrijeme \u010ditanja":"1 minuta"},"schema":{"@context":"https:\/\/schema.org","@graph":[{"@type":"WebPage","@id":"https:\/\/www.vegaintro-projekti.com\/pilar-stari\/2015\/12\/izlozba-zidovi-u-krizevcima-povijest-znacaj-i-naslijede\/","url":"https:\/\/www.vegaintro-projekti.com\/pilar-stari\/2015\/12\/izlozba-zidovi-u-krizevcima-povijest-znacaj-i-naslijede\/","name":"IZLO\u017dBA: \u017didovi u Kri\u017eevcima \u2013 povijest, zna\u010daj i naslije\u0111e - Institut dru&scaron;tvenih znanosti Ivo Pilar","isPartOf":{"@id":"https:\/\/www.vegaintro-projekti.com\/pilar-stari\/#website"},"datePublished":"2015-12-04T22:33:28+00:00","dateModified":"2017-12-08T14:56:23+00:00","author":{"@id":"https:\/\/www.vegaintro-projekti.com\/pilar-stari\/#\/schema\/person\/c0db50ebd77c4409e19b18044bbf10c1"},"breadcrumb":{"@id":"https:\/\/www.vegaintro-projekti.com\/pilar-stari\/2015\/12\/izlozba-zidovi-u-krizevcima-povijest-znacaj-i-naslijede\/#breadcrumb"},"inLanguage":"hr","potentialAction":[{"@type":"ReadAction","target":["https:\/\/www.vegaintro-projekti.com\/pilar-stari\/2015\/12\/izlozba-zidovi-u-krizevcima-povijest-znacaj-i-naslijede\/"]}]},{"@type":"BreadcrumbList","@id":"https:\/\/www.vegaintro-projekti.com\/pilar-stari\/2015\/12\/izlozba-zidovi-u-krizevcima-povijest-znacaj-i-naslijede\/#breadcrumb","itemListElement":[{"@type":"ListItem","position":1,"name":"Home","item":"https:\/\/www.vegaintro-projekti.com\/pilar-stari\/"},{"@type":"ListItem","position":2,"name":"IZLO\u017dBA: \u017didovi u Kri\u017eevcima \u2013 povijest, zna\u010daj i naslije\u0111e"}]},{"@type":"WebSite","@id":"https:\/\/www.vegaintro-projekti.com\/pilar-stari\/#website","url":"https:\/\/www.vegaintro-projekti.com\/pilar-stari\/","name":"Institut dru&scaron;tvenih znanosti Ivo Pilar","description":"Pilar","potentialAction":[{"@type":"SearchAction","target":{"@type":"EntryPoint","urlTemplate":"https:\/\/www.vegaintro-projekti.com\/pilar-stari\/?s={search_term_string}"},"query-input":"required name=search_term_string"}],"inLanguage":"hr"},{"@type":"Person","@id":"https:\/\/www.vegaintro-projekti.com\/pilar-stari\/#\/schema\/person\/c0db50ebd77c4409e19b18044bbf10c1","name":"pilar-admin","image":{"@type":"ImageObject","inLanguage":"hr","@id":"https:\/\/www.vegaintro-projekti.com\/pilar-stari\/#\/schema\/person\/image\/","url":"https:\/\/secure.gravatar.com\/avatar\/fac9e03c4db0011b9c1ad8b5e9c74b8c?s=96&d=mm&r=g","contentUrl":"https:\/\/secure.gravatar.com\/avatar\/fac9e03c4db0011b9c1ad8b5e9c74b8c?s=96&d=mm&r=g","caption":"pilar-admin"},"url":"https:\/\/www.vegaintro-projekti.com\/pilar-stari\/author\/pilar-admin\/"}]}},"_links":{"self":[{"href":"https:\/\/www.vegaintro-projekti.com\/pilar-stari\/wp-json\/wp\/v2\/posts\/849"}],"collection":[{"href":"https:\/\/www.vegaintro-projekti.com\/pilar-stari\/wp-json\/wp\/v2\/posts"}],"about":[{"href":"https:\/\/www.vegaintro-projekti.com\/pilar-stari\/wp-json\/wp\/v2\/types\/post"}],"author":[{"embeddable":true,"href":"https:\/\/www.vegaintro-projekti.com\/pilar-stari\/wp-json\/wp\/v2\/users\/1"}],"replies":[{"embeddable":true,"href":"https:\/\/www.vegaintro-projekti.com\/pilar-stari\/wp-json\/wp\/v2\/comments?post=849"}],"version-history":[{"count":5,"href":"https:\/\/www.vegaintro-projekti.com\/pilar-stari\/wp-json\/wp\/v2\/posts\/849\/revisions"}],"predecessor-version":[{"id":8015,"href":"https:\/\/www.vegaintro-projekti.com\/pilar-stari\/wp-json\/wp\/v2\/posts\/849\/revisions\/8015"}],"wp:attachment":[{"href":"https:\/\/www.vegaintro-projekti.com\/pilar-stari\/wp-json\/wp\/v2\/media?parent=849"}],"wp:term":[{"taxonomy":"category","embeddable":true,"href":"https:\/\/www.vegaintro-projekti.com\/pilar-stari\/wp-json\/wp\/v2\/categories?post=849"},{"taxonomy":"post_tag","embeddable":true,"href":"https:\/\/www.vegaintro-projekti.com\/pilar-stari\/wp-json\/wp\/v2\/tags?post=849"}],"curies":[{"name":"wp","href":"https:\/\/api.w.org\/{rel}","templated":true}]}}