{"id":860,"date":"2016-02-08T09:01:57","date_gmt":"2016-02-08T09:01:57","guid":{"rendered":"https:\/\/www.vegaintro-projekti.com\/pilar-stari\/2016\/02\/08\/otvorena-izlozba-armenska-arhitektura-i-genocid\/"},"modified":"2017-12-08T08:25:46","modified_gmt":"2017-12-08T08:25:46","slug":"otvorena-izlozba-armenska-arhitektura-i-genocid","status":"publish","type":"post","link":"https:\/\/www.vegaintro-projekti.com\/pilar-stari\/2016\/02\/otvorena-izlozba-armenska-arhitektura-i-genocid\/","title":{"rendered":"Otvorena izlo\u017eba ARMENSKA ARHITEKTURA I GENOCID"},"content":{"rendered":"<p><strong>&#8220;Armenska arhitektura i genocid&#8221; naziv je izlo\u017ebe Njema\u010dko-armenskog dru\u0161tva iz K\u00f6lna, otvorene u predvorju kina Visia u Dubrovniku u \u010detvrtak, 4. velja\u010de 2016. Na otvorenju&nbsp;su govorili: predsjednica Dru\u0161tva prijatelja Armenije Naira Asatryan, voditelj dubrova\u010dke podru\u017enice Instituta Ivo Pilar iz Zagreba dr. sc. Vinicije Lupis i nadbiskup Kegham&nbsp;Khatcherian iz Libanona. Otvorenju izlo\u017ebe nazo\u010dio je i dubrova\u010dki biskup mons. Mate Uzini\u0107<\/strong><\/p>\n<p><img decoding=\"async\" loading=\"lazy\" src=\"https:\/\/www.vegaintro-projekti.com\/pilar-stari\/wp-content\/images\/stories\/fotografije\/podrucni\/dubrovnik\/Ar_arh\/Arm_arhitektura_s.jpg\" alt=\"Arm arhitektura s\" width=\"600\" height=\"255\" \/><\/p>\n<p>&#8211; <a href=\"http:\/\/www.dubrovacka-biskupija.hr\/portal\/index.php?option=com_k2&amp;view=item&amp;id=3828:otvorena-izlo%C5%BEba-armenska-arhitektura-i-genocid&amp;Itemid=466\">Galerija slika s otvorenja izlo\u017ebe &#8220;Armenska arhitektura i genocid&#8221;; Dubrovnik, 4. velja\u010de 2016.<\/a><\/p>\n<p>Izlo\u017ebu je otvorio Alfrand Bedros, potomak armenske zajednice iz Sebaste, koji je okupljenima pokazao prekrasna djela armenske kulture, me\u0111u kojima je veliki broj crkava i&nbsp;samostana, koja su, nakon genocida na Armencima po\u010detkom pro\u0161log stolje\u0107a, o\u0161te\u0107ena, prenamijenjena ili sravnjena sa zemljom tako da od njih danas nema nikakvog traga osim&nbsp;fotografija iz pro\u0161losti. Uz genocid ovaj kulturocid tako\u0111er je ostavio duboke tragove u armenskom narodu, koji i na ovaj na\u010din svoju kulturno-povijesnu ba\u0161tinu \u017eeli sa\u010duvati&nbsp;od zaborava te upoznati i druge s njezinom ljepotom i vrijedno\u0161\u0107u.<\/p>\n<p>Na izlo\u017ebi je, me\u0111u ostalim gradovima, prikazana i Sebasta (Sivas), u kojem se stolje\u0107ima nalazio grob sv. Vlaha. Preko groba je kasnije napravljena ulica. U novije vrijeme&nbsp;mjesto groba je ipak ozna\u010deno, iako ne postoje nikakvi natpisi. Nadgrobna plo\u010da groba sv. Vlaha se \u010duva u muzeju, tako\u0111er bez adekvatnih oznaka o \u010demu je to\u010dno rije\u010d.<\/p>\n<p><span style=\"font-size: 12pt;\">Iz medija<\/span><\/p>\n<p><strong>&#8211; Dubrova\u010dka biskupija:<\/strong> <a href=\"http:\/\/www.dubrovacka-biskupija.hr\/portal\/index.php?option=com_k2&amp;view=item&amp;id=3828:otvorena-izlo%C5%BEba-armenska-arhitektura-i-genocid&amp;Itemid=466\">Otvorena izlo\u017eba &#8220;Armenska arhitektura i genocid&#8221;; Dubrovnik, 4. velja\u010de 2016.<\/a><\/p>\n<p><a href=\"http:\/\/www.dubrovacka-biskupija.hr\/portal\/index.php?option=com_k2&amp;view=item&amp;id=3828\">&nbsp;<\/a><\/p>\n<p>&gt;&gt;&gt; <a href=\"https:\/\/www.vegaintro-projekti.com\/pilar-stari\/2008\/11\/podruni-centar-dubrovnik\/\">PODRU\u010cNI CENTAR DUBROVNIK<\/a><\/p>\n<p>&nbsp;<\/p>\n<p>&nbsp;<\/p>\n","protected":false},"excerpt":{"rendered":"<p>&#8220;Armenska arhitektura i genocid&#8221; naziv je izlo\u017ebe Njema\u010dko-armenskog dru\u0161tva iz K\u00f6lna, otvorene u predvorju kina Visia u Dubrovniku u \u010detvrtak, 4. velja\u010de 2016. Na otvorenju&nbsp;su govorili: predsjednica Dru\u0161tva prijatelja Armenije Naira Asatryan, voditelj dubrova\u010dke podru\u017enice Instituta Ivo Pilar iz Zagreba dr. sc. Vinicije Lupis i nadbiskup Kegham&nbsp;Khatcherian iz Libanona. Otvorenju izlo\u017ebe nazo\u010dio je i dubrova\u010dki&hellip; <a class=\"continue\" href=\"https:\/\/www.vegaintro-projekti.com\/pilar-stari\/2016\/02\/otvorena-izlozba-armenska-arhitektura-i-genocid\/\">Pro\u010ditaj vi\u0161e o<span> Otvorena izlo\u017eba ARMENSKA ARHITEKTURA I GENOCID<\/span><\/a><\/p>\n","protected":false},"author":1,"featured_media":0,"comment_status":"open","ping_status":"open","sticky":false,"template":"","format":"standard","meta":{"inline_featured_image":false,"ngg_post_thumbnail":0,"footnotes":""},"categories":[11],"tags":[],"yoast_head":"<!-- This site is optimized with the Yoast SEO plugin v21.2 - https:\/\/yoast.com\/wordpress\/plugins\/seo\/ -->\n<title>Otvorena izlo\u017eba ARMENSKA ARHITEKTURA I GENOCID - Institut dru&scaron;tvenih znanosti Ivo Pilar<\/title>\n<meta name=\"robots\" content=\"noindex, follow, max-snippet:-1, max-image-preview:large, max-video-preview:-1\" \/>\n<meta property=\"og:locale\" content=\"hr_HR\" \/>\n<meta property=\"og:type\" content=\"article\" \/>\n<meta property=\"og:title\" content=\"Otvorena izlo\u017eba ARMENSKA ARHITEKTURA I GENOCID - Institut dru&scaron;tvenih znanosti Ivo Pilar\" \/>\n<meta property=\"og:description\" content=\"&#8220;Armenska arhitektura i genocid&#8221; naziv je izlo\u017ebe Njema\u010dko-armenskog dru\u0161tva iz K\u00f6lna, otvorene u predvorju kina Visia u Dubrovniku u \u010detvrtak, 4. velja\u010de 2016. Na otvorenju&nbsp;su govorili: predsjednica Dru\u0161tva prijatelja Armenije Naira Asatryan, voditelj dubrova\u010dke podru\u017enice Instituta Ivo Pilar iz Zagreba dr. sc. Vinicije Lupis i nadbiskup Kegham&nbsp;Khatcherian iz Libanona. Otvorenju izlo\u017ebe nazo\u010dio je i dubrova\u010dki&hellip; Pro\u010ditaj vi\u0161e o Otvorena izlo\u017eba ARMENSKA ARHITEKTURA I GENOCID\" \/>\n<meta property=\"og:url\" content=\"https:\/\/www.vegaintro-projekti.com\/pilar-stari\/2016\/02\/otvorena-izlozba-armenska-arhitektura-i-genocid\/\" \/>\n<meta property=\"og:site_name\" content=\"Institut dru&scaron;tvenih znanosti Ivo Pilar\" \/>\n<meta property=\"article:published_time\" content=\"2016-02-08T09:01:57+00:00\" \/>\n<meta property=\"article:modified_time\" content=\"2017-12-08T08:25:46+00:00\" \/>\n<meta property=\"og:image\" content=\"https:\/\/www.vegaintro-projekti.com\/pilar-stari\/wp-content\/images\/stories\/fotografije\/podrucni\/dubrovnik\/Ar_arh\/Arm_arhitektura_s.jpg\" \/>\n<meta name=\"author\" content=\"pilar-admin\" \/>\n<meta name=\"twitter:card\" content=\"summary_large_image\" \/>\n<meta name=\"twitter:label1\" content=\"Napisao\/la\" \/>\n\t<meta name=\"twitter:data1\" content=\"pilar-admin\" \/>\n\t<meta name=\"twitter:label2\" content=\"Procijenjeno vrijeme \u010ditanja\" \/>\n\t<meta name=\"twitter:data2\" content=\"1 minuta\" \/>\n<script type=\"application\/ld+json\" class=\"yoast-schema-graph\">{\"@context\":\"https:\/\/schema.org\",\"@graph\":[{\"@type\":\"WebPage\",\"@id\":\"https:\/\/www.vegaintro-projekti.com\/pilar-stari\/2016\/02\/otvorena-izlozba-armenska-arhitektura-i-genocid\/\",\"url\":\"https:\/\/www.vegaintro-projekti.com\/pilar-stari\/2016\/02\/otvorena-izlozba-armenska-arhitektura-i-genocid\/\",\"name\":\"Otvorena izlo\u017eba ARMENSKA ARHITEKTURA I GENOCID - Institut dru&scaron;tvenih znanosti Ivo Pilar\",\"isPartOf\":{\"@id\":\"https:\/\/www.vegaintro-projekti.com\/pilar-stari\/#website\"},\"datePublished\":\"2016-02-08T09:01:57+00:00\",\"dateModified\":\"2017-12-08T08:25:46+00:00\",\"author\":{\"@id\":\"https:\/\/www.vegaintro-projekti.com\/pilar-stari\/#\/schema\/person\/c0db50ebd77c4409e19b18044bbf10c1\"},\"breadcrumb\":{\"@id\":\"https:\/\/www.vegaintro-projekti.com\/pilar-stari\/2016\/02\/otvorena-izlozba-armenska-arhitektura-i-genocid\/#breadcrumb\"},\"inLanguage\":\"hr\",\"potentialAction\":[{\"@type\":\"ReadAction\",\"target\":[\"https:\/\/www.vegaintro-projekti.com\/pilar-stari\/2016\/02\/otvorena-izlozba-armenska-arhitektura-i-genocid\/\"]}]},{\"@type\":\"BreadcrumbList\",\"@id\":\"https:\/\/www.vegaintro-projekti.com\/pilar-stari\/2016\/02\/otvorena-izlozba-armenska-arhitektura-i-genocid\/#breadcrumb\",\"itemListElement\":[{\"@type\":\"ListItem\",\"position\":1,\"name\":\"Home\",\"item\":\"https:\/\/www.vegaintro-projekti.com\/pilar-stari\/\"},{\"@type\":\"ListItem\",\"position\":2,\"name\":\"Otvorena izlo\u017eba ARMENSKA ARHITEKTURA I GENOCID\"}]},{\"@type\":\"WebSite\",\"@id\":\"https:\/\/www.vegaintro-projekti.com\/pilar-stari\/#website\",\"url\":\"https:\/\/www.vegaintro-projekti.com\/pilar-stari\/\",\"name\":\"Institut dru&scaron;tvenih znanosti Ivo Pilar\",\"description\":\"Pilar\",\"potentialAction\":[{\"@type\":\"SearchAction\",\"target\":{\"@type\":\"EntryPoint\",\"urlTemplate\":\"https:\/\/www.vegaintro-projekti.com\/pilar-stari\/?s={search_term_string}\"},\"query-input\":\"required name=search_term_string\"}],\"inLanguage\":\"hr\"},{\"@type\":\"Person\",\"@id\":\"https:\/\/www.vegaintro-projekti.com\/pilar-stari\/#\/schema\/person\/c0db50ebd77c4409e19b18044bbf10c1\",\"name\":\"pilar-admin\",\"image\":{\"@type\":\"ImageObject\",\"inLanguage\":\"hr\",\"@id\":\"https:\/\/www.vegaintro-projekti.com\/pilar-stari\/#\/schema\/person\/image\/\",\"url\":\"https:\/\/secure.gravatar.com\/avatar\/fac9e03c4db0011b9c1ad8b5e9c74b8c?s=96&d=mm&r=g\",\"contentUrl\":\"https:\/\/secure.gravatar.com\/avatar\/fac9e03c4db0011b9c1ad8b5e9c74b8c?s=96&d=mm&r=g\",\"caption\":\"pilar-admin\"},\"url\":\"https:\/\/www.vegaintro-projekti.com\/pilar-stari\/author\/pilar-admin\/\"}]}<\/script>\n<!-- \/ Yoast SEO plugin. -->","yoast_head_json":{"title":"Otvorena izlo\u017eba ARMENSKA ARHITEKTURA I GENOCID - Institut dru&scaron;tvenih znanosti Ivo Pilar","robots":{"index":"noindex","follow":"follow","max-snippet":"max-snippet:-1","max-image-preview":"max-image-preview:large","max-video-preview":"max-video-preview:-1"},"og_locale":"hr_HR","og_type":"article","og_title":"Otvorena izlo\u017eba ARMENSKA ARHITEKTURA I GENOCID - Institut dru&scaron;tvenih znanosti Ivo Pilar","og_description":"&#8220;Armenska arhitektura i genocid&#8221; naziv je izlo\u017ebe Njema\u010dko-armenskog dru\u0161tva iz K\u00f6lna, otvorene u predvorju kina Visia u Dubrovniku u \u010detvrtak, 4. velja\u010de 2016. Na otvorenju&nbsp;su govorili: predsjednica Dru\u0161tva prijatelja Armenije Naira Asatryan, voditelj dubrova\u010dke podru\u017enice Instituta Ivo Pilar iz Zagreba dr. sc. Vinicije Lupis i nadbiskup Kegham&nbsp;Khatcherian iz Libanona. Otvorenju izlo\u017ebe nazo\u010dio je i dubrova\u010dki&hellip; Pro\u010ditaj vi\u0161e o Otvorena izlo\u017eba ARMENSKA ARHITEKTURA I GENOCID","og_url":"https:\/\/www.vegaintro-projekti.com\/pilar-stari\/2016\/02\/otvorena-izlozba-armenska-arhitektura-i-genocid\/","og_site_name":"Institut dru&scaron;tvenih znanosti Ivo Pilar","article_published_time":"2016-02-08T09:01:57+00:00","article_modified_time":"2017-12-08T08:25:46+00:00","og_image":[{"url":"https:\/\/www.vegaintro-projekti.com\/pilar-stari\/wp-content\/images\/stories\/fotografije\/podrucni\/dubrovnik\/Ar_arh\/Arm_arhitektura_s.jpg"}],"author":"pilar-admin","twitter_card":"summary_large_image","twitter_misc":{"Napisao\/la":"pilar-admin","Procijenjeno vrijeme \u010ditanja":"1 minuta"},"schema":{"@context":"https:\/\/schema.org","@graph":[{"@type":"WebPage","@id":"https:\/\/www.vegaintro-projekti.com\/pilar-stari\/2016\/02\/otvorena-izlozba-armenska-arhitektura-i-genocid\/","url":"https:\/\/www.vegaintro-projekti.com\/pilar-stari\/2016\/02\/otvorena-izlozba-armenska-arhitektura-i-genocid\/","name":"Otvorena izlo\u017eba ARMENSKA ARHITEKTURA I GENOCID - Institut dru&scaron;tvenih znanosti Ivo Pilar","isPartOf":{"@id":"https:\/\/www.vegaintro-projekti.com\/pilar-stari\/#website"},"datePublished":"2016-02-08T09:01:57+00:00","dateModified":"2017-12-08T08:25:46+00:00","author":{"@id":"https:\/\/www.vegaintro-projekti.com\/pilar-stari\/#\/schema\/person\/c0db50ebd77c4409e19b18044bbf10c1"},"breadcrumb":{"@id":"https:\/\/www.vegaintro-projekti.com\/pilar-stari\/2016\/02\/otvorena-izlozba-armenska-arhitektura-i-genocid\/#breadcrumb"},"inLanguage":"hr","potentialAction":[{"@type":"ReadAction","target":["https:\/\/www.vegaintro-projekti.com\/pilar-stari\/2016\/02\/otvorena-izlozba-armenska-arhitektura-i-genocid\/"]}]},{"@type":"BreadcrumbList","@id":"https:\/\/www.vegaintro-projekti.com\/pilar-stari\/2016\/02\/otvorena-izlozba-armenska-arhitektura-i-genocid\/#breadcrumb","itemListElement":[{"@type":"ListItem","position":1,"name":"Home","item":"https:\/\/www.vegaintro-projekti.com\/pilar-stari\/"},{"@type":"ListItem","position":2,"name":"Otvorena izlo\u017eba ARMENSKA ARHITEKTURA I GENOCID"}]},{"@type":"WebSite","@id":"https:\/\/www.vegaintro-projekti.com\/pilar-stari\/#website","url":"https:\/\/www.vegaintro-projekti.com\/pilar-stari\/","name":"Institut dru&scaron;tvenih znanosti Ivo Pilar","description":"Pilar","potentialAction":[{"@type":"SearchAction","target":{"@type":"EntryPoint","urlTemplate":"https:\/\/www.vegaintro-projekti.com\/pilar-stari\/?s={search_term_string}"},"query-input":"required name=search_term_string"}],"inLanguage":"hr"},{"@type":"Person","@id":"https:\/\/www.vegaintro-projekti.com\/pilar-stari\/#\/schema\/person\/c0db50ebd77c4409e19b18044bbf10c1","name":"pilar-admin","image":{"@type":"ImageObject","inLanguage":"hr","@id":"https:\/\/www.vegaintro-projekti.com\/pilar-stari\/#\/schema\/person\/image\/","url":"https:\/\/secure.gravatar.com\/avatar\/fac9e03c4db0011b9c1ad8b5e9c74b8c?s=96&d=mm&r=g","contentUrl":"https:\/\/secure.gravatar.com\/avatar\/fac9e03c4db0011b9c1ad8b5e9c74b8c?s=96&d=mm&r=g","caption":"pilar-admin"},"url":"https:\/\/www.vegaintro-projekti.com\/pilar-stari\/author\/pilar-admin\/"}]}},"_links":{"self":[{"href":"https:\/\/www.vegaintro-projekti.com\/pilar-stari\/wp-json\/wp\/v2\/posts\/860"}],"collection":[{"href":"https:\/\/www.vegaintro-projekti.com\/pilar-stari\/wp-json\/wp\/v2\/posts"}],"about":[{"href":"https:\/\/www.vegaintro-projekti.com\/pilar-stari\/wp-json\/wp\/v2\/types\/post"}],"author":[{"embeddable":true,"href":"https:\/\/www.vegaintro-projekti.com\/pilar-stari\/wp-json\/wp\/v2\/users\/1"}],"replies":[{"embeddable":true,"href":"https:\/\/www.vegaintro-projekti.com\/pilar-stari\/wp-json\/wp\/v2\/comments?post=860"}],"version-history":[{"count":2,"href":"https:\/\/www.vegaintro-projekti.com\/pilar-stari\/wp-json\/wp\/v2\/posts\/860\/revisions"}],"predecessor-version":[{"id":7346,"href":"https:\/\/www.vegaintro-projekti.com\/pilar-stari\/wp-json\/wp\/v2\/posts\/860\/revisions\/7346"}],"wp:attachment":[{"href":"https:\/\/www.vegaintro-projekti.com\/pilar-stari\/wp-json\/wp\/v2\/media?parent=860"}],"wp:term":[{"taxonomy":"category","embeddable":true,"href":"https:\/\/www.vegaintro-projekti.com\/pilar-stari\/wp-json\/wp\/v2\/categories?post=860"},{"taxonomy":"post_tag","embeddable":true,"href":"https:\/\/www.vegaintro-projekti.com\/pilar-stari\/wp-json\/wp\/v2\/tags?post=860"}],"curies":[{"name":"wp","href":"https:\/\/api.w.org\/{rel}","templated":true}]}}