{"id":865,"date":"2016-03-03T14:47:38","date_gmt":"2016-03-03T14:47:38","guid":{"rendered":"https:\/\/www.vegaintro-projekti.com\/pilar-stari\/2016\/03\/03\/dr-sc-nenad-pokos-nuznost-nove-obiteljske-politike\/"},"modified":"2017-12-08T14:58:08","modified_gmt":"2017-12-08T14:58:08","slug":"dr-sc-nenad-pokos-nuznost-nove-obiteljske-politike","status":"publish","type":"post","link":"https:\/\/www.vegaintro-projekti.com\/pilar-stari\/2016\/03\/dr-sc-nenad-pokos-nuznost-nove-obiteljske-politike\/","title":{"rendered":"Dr. sc. Nenad Pokos: NU\u017dNOST NOVE OBITELJSKE POLITIKE"},"content":{"rendered":"<p><strong>&#8220;Nova Vlada jednostavno mora \u0161to prije donijeti skup mjera obiteljske politike jer ako \u0107e se sve svesti samo na najavljeno pove\u0107anje jednokratne pomo\u0107i sa 2 328 na 7 500 kuna ne\u0107emo bilje\u017eiti znatno ve\u0107i broj ro\u0111ene djece&#8221;, istaknuo je u intervjuu za portal NAROD dr. sc. Nenad Pokos, demograf s Instituta za dru\u0161tvena istra\u017eivanja Ivo Pilar i predava\u010d na Hrvatskom katoli\u010dkom sveu\u010dili\u0161tu i Hrvatskim studijima.<br \/><\/strong>&#8211; <a href=\"http:\/\/narod.hr\/hrvatska\/dr-nenad-pokos-najavljenim-povecanjem-jednokratne-pomoci-na-7-500-kuna-necemo-biljeziti-znatno-veci-broj-rodene-djece\">Narod.hr<\/a><\/p>\n<p><img decoding=\"async\" loading=\"lazy\" src=\"https:\/\/www.vegaintro-projekti.com\/pilar-stari\/wp-content\/images\/stories\/fotografije\/tisak\/pokos\/Dr_Pokos.jpg\" alt=\"Dr Pokos\" width=\"600\" height=\"400\" \/><\/p>\n<p><strong>&#8211; Narod.hr:<\/strong>&nbsp;<a href=\"http:\/\/narod.hr\/hrvatska\/dr-nenad-pokos-najavljenim-povecanjem-jednokratne-pomoci-na-7-500-kuna-necemo-biljeziti-znatno-veci-broj-rodene-djece\">Dr. sc. Nenad Pokos: Pove\u0107anjem jednokratne pomo\u0107i na 7 500 kuna ne\u0107emo znatno pove\u0107ati broj ro\u0111ene djece, 28. velja\u010de 2016.<\/a><\/p>\n<p><span style=\"font-size: 12pt;\">Dr. Nenad Pokos: Pove\u0107anjem jednokratne pomo\u0107i na 7 500 kuna ne\u0107emo znatno pove\u0107ati broj ro\u0111ene djece<\/span><\/p>\n<p>&#8211; <strong>Od demografa stalno dolaze alarmantne brojke o vi\u0161e umrlih nego ro\u0111enih, starenju stanovni\u0161tva. Kojim intenzitetom Hrvatska gubi stanovni\u0161tvo?<\/strong><\/p>\n<p>U razdoblju nakon Drugog svjetskog rata stanovni\u0161tvo Hrvatske prvi puta bilje\u017ei smanjenje svog broja u me\u0111upopsinom razdoblju 1991. \u2013 2001. kada je ukupan broj stanovnika smanjen s 4 784 265 na 4 437 460 (za 346 805 stanovnika ili 7,2 %). Me\u0111utim, ta dva popisa provedena su po razli\u010ditoj metodologiji jer su 1991. u broj ukupnog stanovni\u0161tva mogli u\u0107i i stanovnici koji su godinama \u017eivjeli izvan Hrvatske, a imali su prijavljeno prebivali\u0161te u Hrvatskoj. Po me\u0111unarodnim preporukama 2001. dolazi do promjene jer se osim stanovni\u0161tva koje stalno \u017eivi u Hrvatskoj, u ukupno stanovni\u0161tvo mogu ubrojiti jo\u0161 samo oni koji su iselili iz Hrvatske godinu dana prije popisa.<\/p>\n<p>Me\u0111utim, osim njih, u inozemstvu je popisano jo\u0161 160-ak tisu\u0107a stanovnika koji je Dr\u017eavni zavod za statistiku uklju\u010dio u ukupno stanovni\u0161tvo jer su \u201eimali tijesnu gospodarsku, prometnu i u\u010destalu vezu s ku\u0107anstvom i obitelji u Republici Hrvatskoj (\u010de\u0161\u0107i ili rje\u0111i posjeti, uzdr\u017eavanje \u010dlanova obitelji, stalna komunikacija itd.)\u201c. Stoga bi realni pokazetlj bio broj uobi\u010dajenog borave\u0107eg stanovni\u0161tva odnosno rezidencijalnog stanovni\u0161tva tj. onog koje u Hrvatskoj ima prebivali\u0161te, ali tu i boravi. Po tim podacima broj stanovnika se izme\u0111u 1991. i 2001. smanjio za otprilike 295 tisu\u0107a ili 7%.<\/p>\n<p>U popisu 2011. tako\u0111er je u ukupan broj stanovnika uklju\u010den dio stanovnika koji stalno ne boravi u Hrvatskoj, ali sada po kriteriju da se su \u201eu mjesto stalnog stanovanja vra\u0107ale sezonski i mjese\u010dno (te osobe u popisu 2011. nisu uklju\u010dene u ukupan broj stanovnika)\u201c. Kako Dr\u017eavni zavod za statistiku nikada nije objavio o kolikom se broju tih osoba radi, jedino raspola\u017eemo s brojem od 4 284 889 stanovnika 2011. godine. Usporedimo li to s ukupnim brojem stanovnika 2001. (4 437 460) dolazi se do smanjenja od 152 571 (3,4%). Ponavljam, radi se o metodolo\u0161ki nejednakom obuhvatu broja ukupnog stanovni\u0161tva 2001. i 2011.<\/p>\n<p>Nakon popisa 2011. godine Hrvatska i dalje gubi stanovni\u0161tvo, ali ne znamo kojim intenzitetom. Podaci vitalne statistike kazuju da smo prirodnim putem izme\u0111u 2011. i 2014. izgubili 41 481 stanovnika jer je u te \u010detiri godine \u017eivoro\u0111eno 162 473 djece dok je umrlo 203 954 stanovnika Hrvatske. Nedavno objavljeni podaci za 2015. godinu, koji jo\u0161 nisu i slu\u017ebeni te \u0107e do\u017eivjeti manje izmjene, pak govore o 38 142 \u017eivoro\u0111ene djece te o 55 651 umrlih. Broj \u017eivoro\u0111enih iz 2015. najmanji je od kada se u hrvatskoj prati statistika ro\u0111enih, a to je od 1780. godine. S druge strane, broj umrlih je nakon zavr\u0161etka Drugog svjetskog rata bio ve\u0107i samo 1991. i 1992. godine. Premda \u0107e slu\u017ebeni broj umrlih iz 2015. uskoro biti donekle korigiran, on je \u010dak za 4 812 stanovnika ve\u0107i nego 2014. godine. Glavni razlog tome je ulazak generacija ro\u0111enih nakon Drugog svjetskog rata u sedamdesete godine \u017eivota, a u kojima se naglo pove\u0107ava rizik smrti. Podrobnije bi istra\u017eivanje pokazalo koliku je ulogu u naglom porastu broja umrlih imala i dugotrajna gospodarska kriza koja smanjuje \u017eivotni standard hrvatskih gra\u0111ana, a time mo\u017eda utje\u010de i na skra\u0107ivanje \u017eivotnog vijeka.<\/p>\n<p>Naravno da je ta kriza izme\u0111u ostalog utjecala i na smanjenje broja \u017eivoro\u0111enih \u010diji \u0107e broj ove godine vjerojatno biti jo\u0161 manji. Na to \u0107e uvelike utjecati nastavak iseljavanja iz Hrvatske, a \u010dije to\u010dne razmjere ne znamo. Naime, dobar dio gra\u0111ana jo\u0161 uvijek ne odjavljuje svoje prebivali\u0161te u Ministarstvu unutarnjih poslova prije iseljenja iz Hrvatske. Stoga podaci koje objavljuje Dr\u017eavni zavod za statistiku nisu realni, kao \u0161to nisu realni niti podaci koje dobivamo iz dr\u017eava u koje najvi\u0161e iseljavaju na\u0161i gra\u0111ani jer se ti podaci odnose na uglavnom na hrvatske dr\u017eavljane, a kojih dobar dio dolazi i iz Bosne i Hercegovine.<\/p>\n<p><strong>&#8211; Masovno iseljavanje mladih iz Hrvatske \u2013 kako to sprije\u010diti?<\/strong><\/p>\n<p>Visoka stopa nezaposlenosti, lo\u0161a egzistencijalna situacija, niske pla\u0107e, lo\u0161i uvjeti rada, nezdrava poslovna kultura, nerije\u0161eno stambeno pitanje itd. poti\u010du tisu\u0107e hrvatskih gra\u0111ana na iseljavanje, a koje je jo\u0161 vi\u0161e intenzivirano na\u0161im ulaskom u EU te otvaranjem tr\u017ei\u0161ta rada. U prosjeku trostruko ve\u0107a zarada u zapadnoeuropskim dr\u017eavama i dalje \u0107e masovno privla\u010diti ponajprije mlade, a dok se ne pokrene gospodarstvo, a time i ve\u0107a zaposlenost mladih te porast njihovog \u017eivotnog standarda, ne\u0107emo nikako mo\u0107i sprije\u010diti iseljavanje. Time \u0107e se jo\u0161 dodatno ubrzavati depopulacija i starenje hrvatskog stanovni\u0161tva.<\/p>\n<p><strong>&#8211; Pro\u0161la Vlada nije donijela novu obiteljsku politiku, ako se nova Vlada odlu\u010di na to \u2013 koje bi glavne zna\u010dajke nove obiteljske politike trebale biti? Koje su najzna\u010dajnije mjere obiteljske politike?<\/strong><\/p>\n<p>Nova Vlada jednostavno mora \u0161to prije donijeti skup mjera obiteljske politike jer ako \u0107e se sve svesti samo na najavljeno pove\u0107anje jednokratne pomo\u0107i sa 2 328 na 7 500 kuna ne\u0107emo bilje\u017eiti znatno ve\u0107i broj ro\u0111ene djece. Te se mjere moraju odnositi primjerice na delimitiranje roditeljskih naknada drugih \u0161est mjeseci porodiljskog dopusta, uvo\u0111enje obveznog o\u010dinskog dopusta, ve\u0107u dostupnost programa pred\u0161kolskog odgoja i obrazovanja, pru\u017eanja pomo\u0107i zaposlenim obiteljima, prije svega \u017eenama, jer mnoge rade subotom i nedjeljom, rje\u0161avanje stambene problematike naknadama za stanovanje, uvo\u0111enje univezalnog dje\u010djeg doplatka, poreznih olak\u0161ica itd.<\/p>\n<p>Napomenut \u0107u da maksimalna nov\u010dana naknada drugih \u0161est mjeseci porodiljskog dopusta iznosi 2 660 kuna \u0161to je oko 40% prosje\u010dne hrvatske pla\u0107e te da se zbog toga razloga mnoge majke vra\u0107aju na posao nakon prvih \u0161est mjeseci djetetova \u017eivota. S druge strane, mogu\u0107nost smje\u0161taja djece u jaslice izme\u0111u \u0161estog mjeseca i prve godine \u017eivota je veoma mala. Tako je u Zagrebu to mogu\u0107e u samo dvije ustanove pred\u0161kolskog odgoja. Op\u0107enito, na samom smo dnu dr\u017eava \u010dlanica Europske Unije po institucionalnom obuhvatu jasli\u010dke djece jer taj udio iznosi oko 19%. Jo\u0161 2002. godine EU je dr\u017eavama \u010dlanicama zadala cilj u smjernicama iz Barcelone da se do 2010. godine dosegne barem 33% obuhvata djece do 3. godine \u017eivota, a 90% djece od 3. godine do polaska u \u0161kolu (mi smo ovdje tek na oko 55%).<\/p>\n<p><strong>&#8211; Mo\u017eete li nam dati nekoliko primjera u\u010dinkovitih mjera iz drugih europskih zemalja?<\/strong><\/p>\n<p>Naravno da naju\u010dinkovitije mjere mogu donijeti najrazvijenije europske dr\u017eave, a me\u0111u kojima su i dr\u017eave koje ve\u0107 desetlje\u0107ima provode adekvatne mjere obiteljske politike (npr. Francuska i \u0160vedska). Stoga \u0107u iznijeti primjere po razvijenosti nama bli\u017eih dr\u017eava, Slovenije i Estonije, a \u010dije su modele obiteljske politike dvojica znanstvenika s Oxforda pro\u0161le godine ocijenili najsveobuhvatnijima u isto\u010dnoj Europi. Slovenija je izme\u0111u 1997. i 2005. bilje\u017eila prirodni pad stanovni\u0161tva \u0161to je potaknulo njihovu vladu da usvoji Program za djecu i mlade 2006.-2016. koji obuhva\u0107a \u010ditav skup mjera iz podru\u010dja prava djece i mladih te njihovog razvoja. Ta se obiteljska politika sastoji od tri glavne komponente; produ\u017eeni i vrlo dobro pla\u0107eni roditeljski dopusti, mre\u017ea ustanova za brigu o djeci koje imaju dobro podr\u017eane programe te relativno visoke naknade za djecu iz siroma\u0161nijih obitelji. Roditeljski se dopust sastoji od 105 dana maj\u010dinskog dopusta, 260 dana roditeljskog i 90 dana o\u010dinskog dopusta, a cijelo vrijeme kori\u0161tenja dobivaju 100% pla\u0107e koju su imali prije ro\u0111enja djeteta. Skrb za pred\u0161kolsku djecu gotovo u potpunosti odgovara potrebama djece od 1 do 6 godina starosti. Dje\u010dji doplatak dobivaju gotovo sva djeca do 18 godine, a ona koja se redovito \u0161koluju ga dobivaju do 26. godine. Postoje jo\u0161 neke izravne i neizravne beneficije koje obitelji dobivaju poput naknade za ro\u0111enje (280 eura), besplatnih ud\u017ebenika za djecu, stipendija, povla\u0161tene cijene javnog prijevoza za u\u010denike i studente te povla\u0161tene cijene obroka za \u0161kolsku djecu. Sve te mjere rezultirale su time da ve\u0107 2006. Slovenija bilje\u017ei prirodni prirast od 752 stanovnika, koji 2007. raste na 1 239, a 2008. ve\u0107 na 3 509 stanovnika. I nakon toga je on pozitivan, a podatak za 2014. godinu kazuje da je bilo 2 279 vi\u0161e ro\u0111enih nego umrlih. Ovdje treba napomenuti da za razliku od nas, Slovenija posljednjih godina ima pozitivnu migracijsku bilancu premda su 2013. i 2014., imali vi\u0161e iseljenih nego doseljenih stanovnika.<\/p>\n<p>Estonija je nakon raspada Sovjetskog saveza 1991. godine po\u010dela bilje\u017eiti prirodni pad stanovni\u0161tva, prvi puta nakon 1946. godine. Ve\u0107 1994. prirodni pad bio je ve\u0107i od 8 tisu\u0107a dok je po\u010detkom 2000-ih iznosio ne\u0161to vi\u0161e od pet tisu\u0107a godi\u0161nje. Totalna stopa fertiliteta (prosje\u010dan broj djece po \u017eeni u fertilnom razdoblju) 1998. godine pala je na najni\u017eu razinu te je iznosila svega 1,28. Takva situacija potaknula je njihovu vladu da 1. sije\u010dnja 2004. po\u010dinju primjenjivati Parental Benefit Act. Ve\u0107 iste godine prirodni pad je ubla\u017een na 3 700, 2005. na 3 000, a 2010. godine zabilje\u017een je \u010dak prirodni prirast od 35 stanovnika, a totalna stopa fertiliteta porasla je na 1,72. nakon toga ponovno bilje\u017ee prirodni pad, ali koji posljednje \u010detiri godine u prosjeku iznosi oko 1 550 stanovnika. Estonija ima oko 1,3 milijuna stanovnika pa bi to u hrvatskim prilikama bilo oko 4,5 tisu\u0107e (ranije je kazano da je prirodni pad u Hrvatskoj 2014. iznosio 17,5 tisu\u0107a). Obiteljskom politikom iz 2004. te njezinim kasnijim promjenama u Estoniji je omogu\u0107eno kori\u0161tenje porodiljnog dopusta do 18 mjeseci uz punu pla\u0107u. Osim financijskih poticaja uklju\u010dena je i institucionalna skrb za pred\u0161kolsku djecu pa je tako svakom djetetu zagarantirano mjesto u javnom vrti\u0107u. Na taj na\u010din Estonija s 95% djece obuhva\u0107ene pred\u0161kolskim programom (od 3. godine do obvezne \u0161kolske dobi) spada u sam vrh europskih dr\u017eava.<\/p>\n<p><strong>&#8211; Jaka populacijska politika mo\u017ee se ostvariti i u odnosu prema zaposlenim \u017eenama \u2013 mo\u017eete li nam re\u0107i ne\u0161to o tome? Koliko je to va\u017eno za pozitivne demografske trendove?<\/strong><\/p>\n<p>Obiteljska politika treba stvoriti razumne mjere za \u017eene kako bi se ubla\u017eile pote\u0161ko\u0107e s kojima se one suo\u010davaju prilikom raspodjele poslovnih i obiteljskih obveza. Te mjere ne obuhva\u0107aju samo financijske poticaje, nego uklju\u010duju i institucionalnu skrb za djecu. Ovdje treba spomenuti i jednakost spolova jer danas visoke stope nataliteta u Europi imaju zemlje u kojima su obiteljske norme fleksibilne, \u017eene imaju slobodu za rad, nov\u010dana podr\u0161ka je adekvatna i briga za djecu je dobro organizirana. Veliku ulogu ima i mogu\u0107nost kori\u0161tenja fleksibilnog te skra\u0107enog radnog vremena.<\/p>\n<p><strong>&#8211; Kako je to ure\u0111eno u drugim europskim zemljama i \u0161to Hrvatska mo\u017ee u\u010diniti na tom podru\u010dju?<\/strong><\/p>\n<p>Primjerice \u0160vedska je jo\u0161 1960. godine uvela fleksibilno radno vrijeme, a danas slovi kao dr\u017eava s najfleksibilnijim radnim vremenom u Europi. Vi\u0161e od polovice poslodavaca u privatnim sektorima dopustilo je svojim zaposlenicima da sami odrede svoje radno vrijeme, kako bi izme\u0111u ostalog vi\u0161e vremena proveli sa svojom djecom.<br \/>\u0160to se ti\u010de skra\u0107enog radnog vremena, u Nizozemskoj 77% \u017eena radi skra\u0107eno dok je u Austriji i Njema\u010dkoj taj udio oko 48%. Za Hrvatsku nemamo podatak samo za \u017eene ve\u0107 za cjelokupno stanovni\u0161tvo, a koji iznosi samo 5,3% stanovni\u0161tva koje radi nepuno radno vrijeme, po \u010demu smo u Europskoj Uniji bolji samo od Slova\u010dke i Bugarske.<\/p>\n<p><span style=\"font-size: 12pt;\">Izvor: <a href=\"http:\/\/narod.hr\/hrvatska\/dr-nenad-pokos-najavljenim-povecanjem-jednokratne-pomoci-na-7-500-kuna-necemo-biljeziti-znatno-veci-broj-rodene-djece\">Narod.hr<\/a><\/span><\/p>\n<p>&nbsp;<\/p>\n<p><span style=\"font-size: 12pt;\">&gt;&gt;&gt;<a href=\"https:\/\/www.vegaintro-projekti.com\/pilar-stari\/user-bio\/?my_user_id=78\"> Dr. sc. Nenad Pokos<\/a><\/span><\/p>\n<p>&nbsp;<\/p><\/p>\n","protected":false},"excerpt":{"rendered":"<p>&#8220;Nova Vlada jednostavno mora \u0161to prije donijeti skup mjera obiteljske politike jer ako \u0107e se sve svesti samo na najavljeno pove\u0107anje jednokratne pomo\u0107i sa 2 328 na 7 500 kuna ne\u0107emo bilje\u017eiti znatno ve\u0107i broj ro\u0111ene djece&#8221;, istaknuo je u intervjuu za portal NAROD dr. sc. Nenad Pokos, demograf s Instituta za dru\u0161tvena istra\u017eivanja Ivo&hellip; <a class=\"continue\" href=\"https:\/\/www.vegaintro-projekti.com\/pilar-stari\/2016\/03\/dr-sc-nenad-pokos-nuznost-nove-obiteljske-politike\/\">Pro\u010ditaj vi\u0161e o<span> Dr. sc. Nenad Pokos: NU\u017dNOST NOVE OBITELJSKE POLITIKE<\/span><\/a><\/p>\n","protected":false},"author":1,"featured_media":0,"comment_status":"open","ping_status":"open","sticky":false,"template":"","format":"standard","meta":{"inline_featured_image":false,"ngg_post_thumbnail":0,"footnotes":""},"categories":[12],"tags":[],"yoast_head":"<!-- This site is optimized with the Yoast SEO plugin v21.2 - https:\/\/yoast.com\/wordpress\/plugins\/seo\/ -->\n<title>Dr. sc. Nenad Pokos: NU\u017dNOST NOVE OBITELJSKE POLITIKE - Institut dru&scaron;tvenih znanosti Ivo Pilar<\/title>\n<meta name=\"robots\" content=\"noindex, follow, max-snippet:-1, max-image-preview:large, max-video-preview:-1\" \/>\n<meta property=\"og:locale\" content=\"hr_HR\" \/>\n<meta property=\"og:type\" content=\"article\" \/>\n<meta property=\"og:title\" content=\"Dr. sc. Nenad Pokos: NU\u017dNOST NOVE OBITELJSKE POLITIKE - Institut dru&scaron;tvenih znanosti Ivo Pilar\" \/>\n<meta property=\"og:description\" content=\"&#8220;Nova Vlada jednostavno mora \u0161to prije donijeti skup mjera obiteljske politike jer ako \u0107e se sve svesti samo na najavljeno pove\u0107anje jednokratne pomo\u0107i sa 2 328 na 7 500 kuna ne\u0107emo bilje\u017eiti znatno ve\u0107i broj ro\u0111ene djece&#8221;, istaknuo je u intervjuu za portal NAROD dr. sc. Nenad Pokos, demograf s Instituta za dru\u0161tvena istra\u017eivanja Ivo&hellip; Pro\u010ditaj vi\u0161e o Dr. sc. Nenad Pokos: NU\u017dNOST NOVE OBITELJSKE POLITIKE\" \/>\n<meta property=\"og:url\" content=\"https:\/\/www.vegaintro-projekti.com\/pilar-stari\/2016\/03\/dr-sc-nenad-pokos-nuznost-nove-obiteljske-politike\/\" \/>\n<meta property=\"og:site_name\" content=\"Institut dru&scaron;tvenih znanosti Ivo Pilar\" \/>\n<meta property=\"article:published_time\" content=\"2016-03-03T14:47:38+00:00\" \/>\n<meta property=\"article:modified_time\" content=\"2017-12-08T14:58:08+00:00\" \/>\n<meta property=\"og:image\" content=\"https:\/\/www.vegaintro-projekti.com\/pilar-stari\/wp-content\/images\/stories\/fotografije\/tisak\/pokos\/Dr_Pokos.jpg\" \/>\n<meta name=\"author\" content=\"pilar-admin\" \/>\n<meta name=\"twitter:card\" content=\"summary_large_image\" \/>\n<meta name=\"twitter:label1\" content=\"Napisao\/la\" \/>\n\t<meta name=\"twitter:data1\" content=\"pilar-admin\" \/>\n\t<meta name=\"twitter:label2\" content=\"Procijenjeno vrijeme \u010ditanja\" \/>\n\t<meta name=\"twitter:data2\" content=\"10 minuta\" \/>\n<script type=\"application\/ld+json\" class=\"yoast-schema-graph\">{\"@context\":\"https:\/\/schema.org\",\"@graph\":[{\"@type\":\"WebPage\",\"@id\":\"https:\/\/www.vegaintro-projekti.com\/pilar-stari\/2016\/03\/dr-sc-nenad-pokos-nuznost-nove-obiteljske-politike\/\",\"url\":\"https:\/\/www.vegaintro-projekti.com\/pilar-stari\/2016\/03\/dr-sc-nenad-pokos-nuznost-nove-obiteljske-politike\/\",\"name\":\"Dr. sc. Nenad Pokos: NU\u017dNOST NOVE OBITELJSKE POLITIKE - Institut dru&scaron;tvenih znanosti Ivo Pilar\",\"isPartOf\":{\"@id\":\"https:\/\/www.vegaintro-projekti.com\/pilar-stari\/#website\"},\"datePublished\":\"2016-03-03T14:47:38+00:00\",\"dateModified\":\"2017-12-08T14:58:08+00:00\",\"author\":{\"@id\":\"https:\/\/www.vegaintro-projekti.com\/pilar-stari\/#\/schema\/person\/c0db50ebd77c4409e19b18044bbf10c1\"},\"breadcrumb\":{\"@id\":\"https:\/\/www.vegaintro-projekti.com\/pilar-stari\/2016\/03\/dr-sc-nenad-pokos-nuznost-nove-obiteljske-politike\/#breadcrumb\"},\"inLanguage\":\"hr\",\"potentialAction\":[{\"@type\":\"ReadAction\",\"target\":[\"https:\/\/www.vegaintro-projekti.com\/pilar-stari\/2016\/03\/dr-sc-nenad-pokos-nuznost-nove-obiteljske-politike\/\"]}]},{\"@type\":\"BreadcrumbList\",\"@id\":\"https:\/\/www.vegaintro-projekti.com\/pilar-stari\/2016\/03\/dr-sc-nenad-pokos-nuznost-nove-obiteljske-politike\/#breadcrumb\",\"itemListElement\":[{\"@type\":\"ListItem\",\"position\":1,\"name\":\"Home\",\"item\":\"https:\/\/www.vegaintro-projekti.com\/pilar-stari\/\"},{\"@type\":\"ListItem\",\"position\":2,\"name\":\"Dr. sc. Nenad Pokos: NU\u017dNOST NOVE OBITELJSKE POLITIKE\"}]},{\"@type\":\"WebSite\",\"@id\":\"https:\/\/www.vegaintro-projekti.com\/pilar-stari\/#website\",\"url\":\"https:\/\/www.vegaintro-projekti.com\/pilar-stari\/\",\"name\":\"Institut dru&scaron;tvenih znanosti Ivo Pilar\",\"description\":\"Pilar\",\"potentialAction\":[{\"@type\":\"SearchAction\",\"target\":{\"@type\":\"EntryPoint\",\"urlTemplate\":\"https:\/\/www.vegaintro-projekti.com\/pilar-stari\/?s={search_term_string}\"},\"query-input\":\"required name=search_term_string\"}],\"inLanguage\":\"hr\"},{\"@type\":\"Person\",\"@id\":\"https:\/\/www.vegaintro-projekti.com\/pilar-stari\/#\/schema\/person\/c0db50ebd77c4409e19b18044bbf10c1\",\"name\":\"pilar-admin\",\"image\":{\"@type\":\"ImageObject\",\"inLanguage\":\"hr\",\"@id\":\"https:\/\/www.vegaintro-projekti.com\/pilar-stari\/#\/schema\/person\/image\/\",\"url\":\"https:\/\/secure.gravatar.com\/avatar\/fac9e03c4db0011b9c1ad8b5e9c74b8c?s=96&d=mm&r=g\",\"contentUrl\":\"https:\/\/secure.gravatar.com\/avatar\/fac9e03c4db0011b9c1ad8b5e9c74b8c?s=96&d=mm&r=g\",\"caption\":\"pilar-admin\"},\"url\":\"https:\/\/www.vegaintro-projekti.com\/pilar-stari\/author\/pilar-admin\/\"}]}<\/script>\n<!-- \/ Yoast SEO plugin. -->","yoast_head_json":{"title":"Dr. sc. Nenad Pokos: NU\u017dNOST NOVE OBITELJSKE POLITIKE - Institut dru&scaron;tvenih znanosti Ivo Pilar","robots":{"index":"noindex","follow":"follow","max-snippet":"max-snippet:-1","max-image-preview":"max-image-preview:large","max-video-preview":"max-video-preview:-1"},"og_locale":"hr_HR","og_type":"article","og_title":"Dr. sc. Nenad Pokos: NU\u017dNOST NOVE OBITELJSKE POLITIKE - Institut dru&scaron;tvenih znanosti Ivo Pilar","og_description":"&#8220;Nova Vlada jednostavno mora \u0161to prije donijeti skup mjera obiteljske politike jer ako \u0107e se sve svesti samo na najavljeno pove\u0107anje jednokratne pomo\u0107i sa 2 328 na 7 500 kuna ne\u0107emo bilje\u017eiti znatno ve\u0107i broj ro\u0111ene djece&#8221;, istaknuo je u intervjuu za portal NAROD dr. sc. Nenad Pokos, demograf s Instituta za dru\u0161tvena istra\u017eivanja Ivo&hellip; Pro\u010ditaj vi\u0161e o Dr. sc. Nenad Pokos: NU\u017dNOST NOVE OBITELJSKE POLITIKE","og_url":"https:\/\/www.vegaintro-projekti.com\/pilar-stari\/2016\/03\/dr-sc-nenad-pokos-nuznost-nove-obiteljske-politike\/","og_site_name":"Institut dru&scaron;tvenih znanosti Ivo Pilar","article_published_time":"2016-03-03T14:47:38+00:00","article_modified_time":"2017-12-08T14:58:08+00:00","og_image":[{"url":"https:\/\/www.vegaintro-projekti.com\/pilar-stari\/wp-content\/images\/stories\/fotografije\/tisak\/pokos\/Dr_Pokos.jpg"}],"author":"pilar-admin","twitter_card":"summary_large_image","twitter_misc":{"Napisao\/la":"pilar-admin","Procijenjeno vrijeme \u010ditanja":"10 minuta"},"schema":{"@context":"https:\/\/schema.org","@graph":[{"@type":"WebPage","@id":"https:\/\/www.vegaintro-projekti.com\/pilar-stari\/2016\/03\/dr-sc-nenad-pokos-nuznost-nove-obiteljske-politike\/","url":"https:\/\/www.vegaintro-projekti.com\/pilar-stari\/2016\/03\/dr-sc-nenad-pokos-nuznost-nove-obiteljske-politike\/","name":"Dr. sc. Nenad Pokos: NU\u017dNOST NOVE OBITELJSKE POLITIKE - Institut dru&scaron;tvenih znanosti Ivo Pilar","isPartOf":{"@id":"https:\/\/www.vegaintro-projekti.com\/pilar-stari\/#website"},"datePublished":"2016-03-03T14:47:38+00:00","dateModified":"2017-12-08T14:58:08+00:00","author":{"@id":"https:\/\/www.vegaintro-projekti.com\/pilar-stari\/#\/schema\/person\/c0db50ebd77c4409e19b18044bbf10c1"},"breadcrumb":{"@id":"https:\/\/www.vegaintro-projekti.com\/pilar-stari\/2016\/03\/dr-sc-nenad-pokos-nuznost-nove-obiteljske-politike\/#breadcrumb"},"inLanguage":"hr","potentialAction":[{"@type":"ReadAction","target":["https:\/\/www.vegaintro-projekti.com\/pilar-stari\/2016\/03\/dr-sc-nenad-pokos-nuznost-nove-obiteljske-politike\/"]}]},{"@type":"BreadcrumbList","@id":"https:\/\/www.vegaintro-projekti.com\/pilar-stari\/2016\/03\/dr-sc-nenad-pokos-nuznost-nove-obiteljske-politike\/#breadcrumb","itemListElement":[{"@type":"ListItem","position":1,"name":"Home","item":"https:\/\/www.vegaintro-projekti.com\/pilar-stari\/"},{"@type":"ListItem","position":2,"name":"Dr. sc. Nenad Pokos: NU\u017dNOST NOVE OBITELJSKE POLITIKE"}]},{"@type":"WebSite","@id":"https:\/\/www.vegaintro-projekti.com\/pilar-stari\/#website","url":"https:\/\/www.vegaintro-projekti.com\/pilar-stari\/","name":"Institut dru&scaron;tvenih znanosti Ivo Pilar","description":"Pilar","potentialAction":[{"@type":"SearchAction","target":{"@type":"EntryPoint","urlTemplate":"https:\/\/www.vegaintro-projekti.com\/pilar-stari\/?s={search_term_string}"},"query-input":"required name=search_term_string"}],"inLanguage":"hr"},{"@type":"Person","@id":"https:\/\/www.vegaintro-projekti.com\/pilar-stari\/#\/schema\/person\/c0db50ebd77c4409e19b18044bbf10c1","name":"pilar-admin","image":{"@type":"ImageObject","inLanguage":"hr","@id":"https:\/\/www.vegaintro-projekti.com\/pilar-stari\/#\/schema\/person\/image\/","url":"https:\/\/secure.gravatar.com\/avatar\/fac9e03c4db0011b9c1ad8b5e9c74b8c?s=96&d=mm&r=g","contentUrl":"https:\/\/secure.gravatar.com\/avatar\/fac9e03c4db0011b9c1ad8b5e9c74b8c?s=96&d=mm&r=g","caption":"pilar-admin"},"url":"https:\/\/www.vegaintro-projekti.com\/pilar-stari\/author\/pilar-admin\/"}]}},"_links":{"self":[{"href":"https:\/\/www.vegaintro-projekti.com\/pilar-stari\/wp-json\/wp\/v2\/posts\/865"}],"collection":[{"href":"https:\/\/www.vegaintro-projekti.com\/pilar-stari\/wp-json\/wp\/v2\/posts"}],"about":[{"href":"https:\/\/www.vegaintro-projekti.com\/pilar-stari\/wp-json\/wp\/v2\/types\/post"}],"author":[{"embeddable":true,"href":"https:\/\/www.vegaintro-projekti.com\/pilar-stari\/wp-json\/wp\/v2\/users\/1"}],"replies":[{"embeddable":true,"href":"https:\/\/www.vegaintro-projekti.com\/pilar-stari\/wp-json\/wp\/v2\/comments?post=865"}],"version-history":[{"count":1,"href":"https:\/\/www.vegaintro-projekti.com\/pilar-stari\/wp-json\/wp\/v2\/posts\/865\/revisions"}],"predecessor-version":[{"id":8033,"href":"https:\/\/www.vegaintro-projekti.com\/pilar-stari\/wp-json\/wp\/v2\/posts\/865\/revisions\/8033"}],"wp:attachment":[{"href":"https:\/\/www.vegaintro-projekti.com\/pilar-stari\/wp-json\/wp\/v2\/media?parent=865"}],"wp:term":[{"taxonomy":"category","embeddable":true,"href":"https:\/\/www.vegaintro-projekti.com\/pilar-stari\/wp-json\/wp\/v2\/categories?post=865"},{"taxonomy":"post_tag","embeddable":true,"href":"https:\/\/www.vegaintro-projekti.com\/pilar-stari\/wp-json\/wp\/v2\/tags?post=865"}],"curies":[{"name":"wp","href":"https:\/\/api.w.org\/{rel}","templated":true}]}}