{"id":8761,"date":"2016-07-25T09:52:22","date_gmt":"2016-07-25T09:52:22","guid":{"rendered":"https:\/\/www.vegaintro-projekti.com\/pilar-stari\/?p=8761"},"modified":"2018-01-11T10:07:15","modified_gmt":"2018-01-11T10:07:15","slug":"potpisan-sporazum-o-suradnji-instituta-i-sleskog-sveucilista-u-katowicama","status":"publish","type":"post","link":"https:\/\/www.vegaintro-projekti.com\/pilar-stari\/2016\/07\/potpisan-sporazum-o-suradnji-instituta-i-sleskog-sveucilista-u-katowicama\/","title":{"rendered":"Potpisan sporazum o suradnji Instituta i \u0160leskog sveu\u010dili\u0161ta u Katowicama"},"content":{"rendered":"<p><strong>Ravnatelj Instituta dru\u0161tvenih znanosti Ivo Pilar prof. dr. sc. Vlado \u0160aki\u0107 i rektor \u0160leskog sveu\u010dili\u0161ta u Katowicama prof. dr. Wies\u0142aw Bany\u015b potpisali su 21. srpnja 2016. godine sporazum o suradnji Instituta i Sveu\u010dili\u0161ta.&nbsp;Obostrana \u017eelja za suradnjom izra\u017eena je godinu dana prije na me\u0111unarodnoj konferenciji &#8220;Kvaliteta \u017eivota \u2013 uvjeti, kriteriji i \u010dimbenici promjene&#8221; na kojoj su uz ravnatelja Instituta sudjelovali dr. sc. Vine Mihaljevi\u0107 i dr. sc. Vinicije Lupis. &#8211;&nbsp;<a href=\"https:\/\/www.vegaintro-projekti.com\/pilar-stari\/2015\/12\/znanstvenici-instituta-na-slezijskom-sveucilistu-u-katowicama\/\">Znanstvenici Instituta na \u0160leskom sveu\u010dili\u0161tu u Katowicama<\/a><\/strong>&nbsp;<\/p>\n<p>&nbsp;<\/p>\n<table border=\"0\">\n<tbody>\n<tr>\n<td><img decoding=\"async\" loading=\"lazy\" class=\"alignnone wp-image-8762\" src=\"https:\/\/www.vegaintro-projekti.com\/pilar-stari\/wp-content\/uploads\/2018\/01\/00_1-300x221.jpg\" alt=\"\" width=\"320\" height=\"236\" srcset=\"https:\/\/www.vegaintro-projekti.com\/pilar-stari\/wp-content\/uploads\/2018\/01\/00_1-300x221.jpg 300w, https:\/\/www.vegaintro-projekti.com\/pilar-stari\/wp-content\/uploads\/2018\/01\/00_1.jpg 588w\" sizes=\"(max-width: 320px) 100vw, 320px\" \/><\/td>\n<td><img decoding=\"async\" loading=\"lazy\" class=\"alignnone wp-image-8763\" src=\"https:\/\/www.vegaintro-projekti.com\/pilar-stari\/wp-content\/uploads\/2018\/01\/00_2-300x287.jpg\" alt=\"\" width=\"250\" height=\"239\" srcset=\"https:\/\/www.vegaintro-projekti.com\/pilar-stari\/wp-content\/uploads\/2018\/01\/00_2-300x287.jpg 300w, https:\/\/www.vegaintro-projekti.com\/pilar-stari\/wp-content\/uploads\/2018\/01\/00_2.jpg 400w\" sizes=\"(max-width: 250px) 100vw, 250px\" \/><\/td>\n<\/tr>\n<\/tbody>\n<\/table>\n<p><strong>Ravnatelj Instituta Ivo Pilar prof. dr. sc. Vlado \u0160aki\u0107 i rektor prof. dr. Wies\u0142aw Bany\u015b&nbsp;potpisali su 21. srpnja 2016. godine sporazum o suradnji Instituta i Sveu\u010dili\u0161ta<\/strong><br \/>\nRavnatelj Instituta dru\u0161tvenih znanosti Ivo Pilar prof. dr. sc. Vlado \u0160aki\u0107 i rektor prof. dr. Wies\u0142aw Bany\u015b dogovorili su se prirediti i potpisati sporazum o suradnji izme\u0111u Sveu\u010dili\u0161ta i Instituta&nbsp;na me\u0111unarodnoj konferencija &#8220;Kvaliteta \u017eivota \u2013 uvjeti, kriteriji i \u010dimbenici promjene&#8221; u Katowicama 19. studenog 2015. godine<\/p>\n<p>Sporazumom o suradnji predvi\u0111a se suradnja na zajedni\u010dkim edukacijskim i istra\u017eiva\u010dkim projektima koja \u0107e uklju\u010divati kako znanstvenike dviju institucija tako i studente u formi razmjene znanstvenika i studenata, seminara, istra\u017eiva\u010dkih programa, radionica i drugo.<\/p>\n<p>&gt;&gt;&gt;&nbsp;<a href=\"https:\/\/www.vegaintro-projekti.com\/pilar-stari\/2015\/12\/znanstvenici-instituta-na-slezijskom-sveucilistu-u-katowicama\/\">Znanstvenici Instituta na \u0160leskom sveu\u010dili\u0161tu u Katowicama<\/a><\/p>\n<p>&gt;&gt;&gt;&nbsp;<a href=\"https:\/\/www.vegaintro-projekti.com\/pilar-stari\/2017\/04\/dr-sc-benjamin-perasovic-predstavljanje-projekta-myplace-na-sleskom-sveucilistu\/\">Predavanje dr. sc. Benjamina Perasovi\u0107a na \u0160leskom sveu\u010dili\u0161tu, 23.-24. 3. 2017.<\/a><\/p>\n","protected":false},"excerpt":{"rendered":"<p>Ravnatelj Instituta dru\u0161tvenih znanosti Ivo Pilar prof. dr. sc. Vlado \u0160aki\u0107 i rektor \u0160leskog sveu\u010dili\u0161ta u Katowicama prof. dr. Wies\u0142aw Bany\u015b potpisali su 21. srpnja 2016. godine sporazum o suradnji Instituta i Sveu\u010dili\u0161ta.&nbsp;Obostrana \u017eelja za suradnjom izra\u017eena je godinu dana prije na me\u0111unarodnoj konferenciji &#8220;Kvaliteta \u017eivota \u2013 uvjeti, kriteriji i \u010dimbenici promjene&#8221; na kojoj su&hellip; <a class=\"continue\" href=\"https:\/\/www.vegaintro-projekti.com\/pilar-stari\/2016\/07\/potpisan-sporazum-o-suradnji-instituta-i-sleskog-sveucilista-u-katowicama\/\">Pro\u010ditaj vi\u0161e o<span> Potpisan sporazum o suradnji Instituta i \u0160leskog sveu\u010dili\u0161ta u Katowicama<\/span><\/a><\/p>\n","protected":false},"author":1,"featured_media":0,"comment_status":"open","ping_status":"open","sticky":false,"template":"","format":"standard","meta":{"inline_featured_image":false,"ngg_post_thumbnail":0,"footnotes":""},"categories":[9],"tags":[],"yoast_head":"<!-- This site is optimized with the Yoast SEO plugin v21.2 - https:\/\/yoast.com\/wordpress\/plugins\/seo\/ -->\n<title>Potpisan sporazum o suradnji Instituta i \u0160leskog sveu\u010dili\u0161ta u Katowicama - Institut dru&scaron;tvenih znanosti Ivo Pilar<\/title>\n<meta name=\"robots\" content=\"noindex, follow, max-snippet:-1, max-image-preview:large, max-video-preview:-1\" \/>\n<meta property=\"og:locale\" content=\"hr_HR\" \/>\n<meta property=\"og:type\" content=\"article\" \/>\n<meta property=\"og:title\" content=\"Potpisan sporazum o suradnji Instituta i \u0160leskog sveu\u010dili\u0161ta u Katowicama - Institut dru&scaron;tvenih znanosti Ivo Pilar\" \/>\n<meta property=\"og:description\" content=\"Ravnatelj Instituta dru\u0161tvenih znanosti Ivo Pilar prof. dr. sc. Vlado \u0160aki\u0107 i rektor \u0160leskog sveu\u010dili\u0161ta u Katowicama prof. dr. Wies\u0142aw Bany\u015b potpisali su 21. srpnja 2016. godine sporazum o suradnji Instituta i Sveu\u010dili\u0161ta.&nbsp;Obostrana \u017eelja za suradnjom izra\u017eena je godinu dana prije na me\u0111unarodnoj konferenciji &#8220;Kvaliteta \u017eivota \u2013 uvjeti, kriteriji i \u010dimbenici promjene&#8221; na kojoj su&hellip; Pro\u010ditaj vi\u0161e o Potpisan sporazum o suradnji Instituta i \u0160leskog sveu\u010dili\u0161ta u Katowicama\" \/>\n<meta property=\"og:url\" content=\"https:\/\/www.vegaintro-projekti.com\/pilar-stari\/2016\/07\/potpisan-sporazum-o-suradnji-instituta-i-sleskog-sveucilista-u-katowicama\/\" \/>\n<meta property=\"og:site_name\" content=\"Institut dru&scaron;tvenih znanosti Ivo Pilar\" \/>\n<meta property=\"article:published_time\" content=\"2016-07-25T09:52:22+00:00\" \/>\n<meta property=\"article:modified_time\" content=\"2018-01-11T10:07:15+00:00\" \/>\n<meta property=\"og:image\" content=\"https:\/\/www.vegaintro-projekti.com\/pilar-stari\/wp-content\/uploads\/2018\/01\/00_1-300x221.jpg\" \/>\n<meta name=\"author\" content=\"pilar-admin\" \/>\n<meta name=\"twitter:card\" content=\"summary_large_image\" \/>\n<meta name=\"twitter:label1\" content=\"Napisao\/la\" \/>\n\t<meta name=\"twitter:data1\" content=\"pilar-admin\" \/>\n\t<meta name=\"twitter:label2\" content=\"Procijenjeno vrijeme \u010ditanja\" \/>\n\t<meta name=\"twitter:data2\" content=\"1 minuta\" \/>\n<script type=\"application\/ld+json\" class=\"yoast-schema-graph\">{\"@context\":\"https:\/\/schema.org\",\"@graph\":[{\"@type\":\"WebPage\",\"@id\":\"https:\/\/www.vegaintro-projekti.com\/pilar-stari\/2016\/07\/potpisan-sporazum-o-suradnji-instituta-i-sleskog-sveucilista-u-katowicama\/\",\"url\":\"https:\/\/www.vegaintro-projekti.com\/pilar-stari\/2016\/07\/potpisan-sporazum-o-suradnji-instituta-i-sleskog-sveucilista-u-katowicama\/\",\"name\":\"Potpisan sporazum o suradnji Instituta i \u0160leskog sveu\u010dili\u0161ta u Katowicama - Institut dru&scaron;tvenih znanosti Ivo Pilar\",\"isPartOf\":{\"@id\":\"https:\/\/www.vegaintro-projekti.com\/pilar-stari\/#website\"},\"datePublished\":\"2016-07-25T09:52:22+00:00\",\"dateModified\":\"2018-01-11T10:07:15+00:00\",\"author\":{\"@id\":\"https:\/\/www.vegaintro-projekti.com\/pilar-stari\/#\/schema\/person\/c0db50ebd77c4409e19b18044bbf10c1\"},\"breadcrumb\":{\"@id\":\"https:\/\/www.vegaintro-projekti.com\/pilar-stari\/2016\/07\/potpisan-sporazum-o-suradnji-instituta-i-sleskog-sveucilista-u-katowicama\/#breadcrumb\"},\"inLanguage\":\"hr\",\"potentialAction\":[{\"@type\":\"ReadAction\",\"target\":[\"https:\/\/www.vegaintro-projekti.com\/pilar-stari\/2016\/07\/potpisan-sporazum-o-suradnji-instituta-i-sleskog-sveucilista-u-katowicama\/\"]}]},{\"@type\":\"BreadcrumbList\",\"@id\":\"https:\/\/www.vegaintro-projekti.com\/pilar-stari\/2016\/07\/potpisan-sporazum-o-suradnji-instituta-i-sleskog-sveucilista-u-katowicama\/#breadcrumb\",\"itemListElement\":[{\"@type\":\"ListItem\",\"position\":1,\"name\":\"Home\",\"item\":\"https:\/\/www.vegaintro-projekti.com\/pilar-stari\/\"},{\"@type\":\"ListItem\",\"position\":2,\"name\":\"Potpisan sporazum o suradnji Instituta i \u0160leskog sveu\u010dili\u0161ta u Katowicama\"}]},{\"@type\":\"WebSite\",\"@id\":\"https:\/\/www.vegaintro-projekti.com\/pilar-stari\/#website\",\"url\":\"https:\/\/www.vegaintro-projekti.com\/pilar-stari\/\",\"name\":\"Institut dru&scaron;tvenih znanosti Ivo Pilar\",\"description\":\"Pilar\",\"potentialAction\":[{\"@type\":\"SearchAction\",\"target\":{\"@type\":\"EntryPoint\",\"urlTemplate\":\"https:\/\/www.vegaintro-projekti.com\/pilar-stari\/?s={search_term_string}\"},\"query-input\":\"required name=search_term_string\"}],\"inLanguage\":\"hr\"},{\"@type\":\"Person\",\"@id\":\"https:\/\/www.vegaintro-projekti.com\/pilar-stari\/#\/schema\/person\/c0db50ebd77c4409e19b18044bbf10c1\",\"name\":\"pilar-admin\",\"image\":{\"@type\":\"ImageObject\",\"inLanguage\":\"hr\",\"@id\":\"https:\/\/www.vegaintro-projekti.com\/pilar-stari\/#\/schema\/person\/image\/\",\"url\":\"https:\/\/secure.gravatar.com\/avatar\/fac9e03c4db0011b9c1ad8b5e9c74b8c?s=96&d=mm&r=g\",\"contentUrl\":\"https:\/\/secure.gravatar.com\/avatar\/fac9e03c4db0011b9c1ad8b5e9c74b8c?s=96&d=mm&r=g\",\"caption\":\"pilar-admin\"},\"url\":\"https:\/\/www.vegaintro-projekti.com\/pilar-stari\/author\/pilar-admin\/\"}]}<\/script>\n<!-- \/ Yoast SEO plugin. -->","yoast_head_json":{"title":"Potpisan sporazum o suradnji Instituta i \u0160leskog sveu\u010dili\u0161ta u Katowicama - Institut dru&scaron;tvenih znanosti Ivo Pilar","robots":{"index":"noindex","follow":"follow","max-snippet":"max-snippet:-1","max-image-preview":"max-image-preview:large","max-video-preview":"max-video-preview:-1"},"og_locale":"hr_HR","og_type":"article","og_title":"Potpisan sporazum o suradnji Instituta i \u0160leskog sveu\u010dili\u0161ta u Katowicama - Institut dru&scaron;tvenih znanosti Ivo Pilar","og_description":"Ravnatelj Instituta dru\u0161tvenih znanosti Ivo Pilar prof. dr. sc. Vlado \u0160aki\u0107 i rektor \u0160leskog sveu\u010dili\u0161ta u Katowicama prof. dr. Wies\u0142aw Bany\u015b potpisali su 21. srpnja 2016. godine sporazum o suradnji Instituta i Sveu\u010dili\u0161ta.&nbsp;Obostrana \u017eelja za suradnjom izra\u017eena je godinu dana prije na me\u0111unarodnoj konferenciji &#8220;Kvaliteta \u017eivota \u2013 uvjeti, kriteriji i \u010dimbenici promjene&#8221; na kojoj su&hellip; Pro\u010ditaj vi\u0161e o Potpisan sporazum o suradnji Instituta i \u0160leskog sveu\u010dili\u0161ta u Katowicama","og_url":"https:\/\/www.vegaintro-projekti.com\/pilar-stari\/2016\/07\/potpisan-sporazum-o-suradnji-instituta-i-sleskog-sveucilista-u-katowicama\/","og_site_name":"Institut dru&scaron;tvenih znanosti Ivo Pilar","article_published_time":"2016-07-25T09:52:22+00:00","article_modified_time":"2018-01-11T10:07:15+00:00","og_image":[{"url":"https:\/\/www.vegaintro-projekti.com\/pilar-stari\/wp-content\/uploads\/2018\/01\/00_1-300x221.jpg"}],"author":"pilar-admin","twitter_card":"summary_large_image","twitter_misc":{"Napisao\/la":"pilar-admin","Procijenjeno vrijeme \u010ditanja":"1 minuta"},"schema":{"@context":"https:\/\/schema.org","@graph":[{"@type":"WebPage","@id":"https:\/\/www.vegaintro-projekti.com\/pilar-stari\/2016\/07\/potpisan-sporazum-o-suradnji-instituta-i-sleskog-sveucilista-u-katowicama\/","url":"https:\/\/www.vegaintro-projekti.com\/pilar-stari\/2016\/07\/potpisan-sporazum-o-suradnji-instituta-i-sleskog-sveucilista-u-katowicama\/","name":"Potpisan sporazum o suradnji Instituta i \u0160leskog sveu\u010dili\u0161ta u Katowicama - Institut dru&scaron;tvenih znanosti Ivo Pilar","isPartOf":{"@id":"https:\/\/www.vegaintro-projekti.com\/pilar-stari\/#website"},"datePublished":"2016-07-25T09:52:22+00:00","dateModified":"2018-01-11T10:07:15+00:00","author":{"@id":"https:\/\/www.vegaintro-projekti.com\/pilar-stari\/#\/schema\/person\/c0db50ebd77c4409e19b18044bbf10c1"},"breadcrumb":{"@id":"https:\/\/www.vegaintro-projekti.com\/pilar-stari\/2016\/07\/potpisan-sporazum-o-suradnji-instituta-i-sleskog-sveucilista-u-katowicama\/#breadcrumb"},"inLanguage":"hr","potentialAction":[{"@type":"ReadAction","target":["https:\/\/www.vegaintro-projekti.com\/pilar-stari\/2016\/07\/potpisan-sporazum-o-suradnji-instituta-i-sleskog-sveucilista-u-katowicama\/"]}]},{"@type":"BreadcrumbList","@id":"https:\/\/www.vegaintro-projekti.com\/pilar-stari\/2016\/07\/potpisan-sporazum-o-suradnji-instituta-i-sleskog-sveucilista-u-katowicama\/#breadcrumb","itemListElement":[{"@type":"ListItem","position":1,"name":"Home","item":"https:\/\/www.vegaintro-projekti.com\/pilar-stari\/"},{"@type":"ListItem","position":2,"name":"Potpisan sporazum o suradnji Instituta i \u0160leskog sveu\u010dili\u0161ta u Katowicama"}]},{"@type":"WebSite","@id":"https:\/\/www.vegaintro-projekti.com\/pilar-stari\/#website","url":"https:\/\/www.vegaintro-projekti.com\/pilar-stari\/","name":"Institut dru&scaron;tvenih znanosti Ivo Pilar","description":"Pilar","potentialAction":[{"@type":"SearchAction","target":{"@type":"EntryPoint","urlTemplate":"https:\/\/www.vegaintro-projekti.com\/pilar-stari\/?s={search_term_string}"},"query-input":"required name=search_term_string"}],"inLanguage":"hr"},{"@type":"Person","@id":"https:\/\/www.vegaintro-projekti.com\/pilar-stari\/#\/schema\/person\/c0db50ebd77c4409e19b18044bbf10c1","name":"pilar-admin","image":{"@type":"ImageObject","inLanguage":"hr","@id":"https:\/\/www.vegaintro-projekti.com\/pilar-stari\/#\/schema\/person\/image\/","url":"https:\/\/secure.gravatar.com\/avatar\/fac9e03c4db0011b9c1ad8b5e9c74b8c?s=96&d=mm&r=g","contentUrl":"https:\/\/secure.gravatar.com\/avatar\/fac9e03c4db0011b9c1ad8b5e9c74b8c?s=96&d=mm&r=g","caption":"pilar-admin"},"url":"https:\/\/www.vegaintro-projekti.com\/pilar-stari\/author\/pilar-admin\/"}]}},"_links":{"self":[{"href":"https:\/\/www.vegaintro-projekti.com\/pilar-stari\/wp-json\/wp\/v2\/posts\/8761"}],"collection":[{"href":"https:\/\/www.vegaintro-projekti.com\/pilar-stari\/wp-json\/wp\/v2\/posts"}],"about":[{"href":"https:\/\/www.vegaintro-projekti.com\/pilar-stari\/wp-json\/wp\/v2\/types\/post"}],"author":[{"embeddable":true,"href":"https:\/\/www.vegaintro-projekti.com\/pilar-stari\/wp-json\/wp\/v2\/users\/1"}],"replies":[{"embeddable":true,"href":"https:\/\/www.vegaintro-projekti.com\/pilar-stari\/wp-json\/wp\/v2\/comments?post=8761"}],"version-history":[{"count":1,"href":"https:\/\/www.vegaintro-projekti.com\/pilar-stari\/wp-json\/wp\/v2\/posts\/8761\/revisions"}],"predecessor-version":[{"id":8764,"href":"https:\/\/www.vegaintro-projekti.com\/pilar-stari\/wp-json\/wp\/v2\/posts\/8761\/revisions\/8764"}],"wp:attachment":[{"href":"https:\/\/www.vegaintro-projekti.com\/pilar-stari\/wp-json\/wp\/v2\/media?parent=8761"}],"wp:term":[{"taxonomy":"category","embeddable":true,"href":"https:\/\/www.vegaintro-projekti.com\/pilar-stari\/wp-json\/wp\/v2\/categories?post=8761"},{"taxonomy":"post_tag","embeddable":true,"href":"https:\/\/www.vegaintro-projekti.com\/pilar-stari\/wp-json\/wp\/v2\/tags?post=8761"}],"curies":[{"name":"wp","href":"https:\/\/api.w.org\/{rel}","templated":true}]}}