{"id":8768,"date":"2017-05-23T10:18:56","date_gmt":"2017-05-23T10:18:56","guid":{"rendered":"https:\/\/www.vegaintro-projekti.com\/pilar-stari\/?p=8768"},"modified":"2018-01-11T10:26:43","modified_gmt":"2018-01-11T10:26:43","slug":"dr-sc-ljiljana-dobrovsak-zidovska-zajednica-u-kutini-i-moslavini","status":"publish","type":"post","link":"https:\/\/www.vegaintro-projekti.com\/pilar-stari\/2017\/05\/dr-sc-ljiljana-dobrovsak-zidovska-zajednica-u-kutini-i-moslavini\/","title":{"rendered":"Dr. sc. Ljiljana Dobrov\u0161ak: &#8220;\u017didovska zajednica u Kutini i Moslavini&#8221;"},"content":{"rendered":"<p><strong>U sklopu teme Muzeji i sporne povijesti Me\u0111unarodnog dana muzeja dr. sc. Ljiljana Dobrov\u0161ak odr\u017eala je u Muzeju&nbsp;Moslavine Kutina 18. svibnja 2017. predavanje pod naslovom &#8220;\u017didovska&nbsp;zajednica u Kutini i Moslavini&#8221;. &#8211;&nbsp;<a href=\"https:\/\/www.vegaintro-projekti.com\/pilar-stari\/wp-content\/uploads\/2018\/01\/DAN_MUZEJA.jpg\">Pozivnica<\/a><\/strong><\/p>\n<p><img decoding=\"async\" loading=\"lazy\" class=\"alignnone wp-image-8769 size-large\" src=\"https:\/\/www.vegaintro-projekti.com\/pilar-stari\/wp-content\/uploads\/2018\/01\/DAN_MUZEJA-1024x512.jpg\" alt=\"\" width=\"618\" height=\"309\" srcset=\"https:\/\/www.vegaintro-projekti.com\/pilar-stari\/wp-content\/uploads\/2018\/01\/DAN_MUZEJA.jpg 1024w, https:\/\/www.vegaintro-projekti.com\/pilar-stari\/wp-content\/uploads\/2018\/01\/DAN_MUZEJA-300x150.jpg 300w, https:\/\/www.vegaintro-projekti.com\/pilar-stari\/wp-content\/uploads\/2018\/01\/DAN_MUZEJA-768x384.jpg 768w, https:\/\/www.vegaintro-projekti.com\/pilar-stari\/wp-content\/uploads\/2018\/01\/DAN_MUZEJA-660x330.jpg 660w\" sizes=\"(max-width: 618px) 100vw, 618px\" \/><\/p>\n<p>&#8211;&nbsp;<a href=\"https:\/\/www.vegaintro-projekti.com\/pilar-stari\/wp-content\/uploads\/2018\/01\/DAN_MUZEJA.jpg\">Pozivnica za predavanje dr. sc. Ljiljane Dobrov\u0161ak &#8220;\u017didovska zajednica u Kutini i Moslavini&#8221;; Kutina, 18. svibnja&nbsp;2017.<\/a><\/p>\n<p>&nbsp;<\/p>\n<p>&gt;&gt;&gt;&nbsp;<a href=\"https:\/\/www.vegaintro-projekti.com\/pilar-stari\/2016\/03\/dr-sc-ljiljana-dobrovsak-spomenici-holokausta-u-hrvatskoj\/\">Dr. sc. Ljiljana Dobrov\u0161ak: SPOMENICI HOLOKAUSTA U HRVATSKOJ<\/a><\/p>\n<p>&gt;&gt;&gt;&nbsp;<a href=\"https:\/\/www.vegaintro-projekti.com\/pilar-stari\/2015\/12\/izlozba-zidovi-u-krizevcima-povijest-znacaj-i-naslijede\/\">IZLO\u017dBA: \u017didovi u Kri\u017eevcima \u2013 povijest, zna\u010daj i naslije\u0111e<\/a><\/p>\n","protected":false},"excerpt":{"rendered":"<p>U sklopu teme Muzeji i sporne povijesti Me\u0111unarodnog dana muzeja dr. sc. Ljiljana Dobrov\u0161ak odr\u017eala je u Muzeju&nbsp;Moslavine Kutina 18. svibnja 2017. predavanje pod naslovom &#8220;\u017didovska&nbsp;zajednica u Kutini i Moslavini&#8221;. &#8211;&nbsp;Pozivnica &#8211;&nbsp;Pozivnica za predavanje dr. sc. Ljiljane Dobrov\u0161ak &#8220;\u017didovska zajednica u Kutini i Moslavini&#8221;; Kutina, 18. svibnja&nbsp;2017. &nbsp; &gt;&gt;&gt;&nbsp;Dr. sc. Ljiljana Dobrov\u0161ak: SPOMENICI HOLOKAUSTA U&hellip; <a class=\"continue\" href=\"https:\/\/www.vegaintro-projekti.com\/pilar-stari\/2017\/05\/dr-sc-ljiljana-dobrovsak-zidovska-zajednica-u-kutini-i-moslavini\/\">Pro\u010ditaj vi\u0161e o<span> Dr. sc. Ljiljana Dobrov\u0161ak: &#8220;\u017didovska zajednica u Kutini i Moslavini&#8221;<\/span><\/a><\/p>\n","protected":false},"author":1,"featured_media":8769,"comment_status":"open","ping_status":"open","sticky":false,"template":"","format":"standard","meta":{"inline_featured_image":false,"ngg_post_thumbnail":0,"footnotes":""},"categories":[11],"tags":[],"yoast_head":"<!-- This site is optimized with the Yoast SEO plugin v21.2 - https:\/\/yoast.com\/wordpress\/plugins\/seo\/ -->\n<title>Dr. sc. Ljiljana Dobrov\u0161ak: &quot;\u017didovska zajednica u Kutini i Moslavini&quot; - Institut dru&scaron;tvenih znanosti Ivo Pilar<\/title>\n<meta name=\"robots\" content=\"noindex, follow, max-snippet:-1, max-image-preview:large, max-video-preview:-1\" \/>\n<meta property=\"og:locale\" content=\"hr_HR\" \/>\n<meta property=\"og:type\" content=\"article\" \/>\n<meta property=\"og:title\" content=\"Dr. sc. Ljiljana Dobrov\u0161ak: &quot;\u017didovska zajednica u Kutini i Moslavini&quot; - Institut dru&scaron;tvenih znanosti Ivo Pilar\" \/>\n<meta property=\"og:description\" content=\"U sklopu teme Muzeji i sporne povijesti Me\u0111unarodnog dana muzeja dr. sc. Ljiljana Dobrov\u0161ak odr\u017eala je u Muzeju&nbsp;Moslavine Kutina 18. svibnja 2017. predavanje pod naslovom &#8220;\u017didovska&nbsp;zajednica u Kutini i Moslavini&#8221;. &#8211;&nbsp;Pozivnica &#8211;&nbsp;Pozivnica za predavanje dr. sc. Ljiljane Dobrov\u0161ak &#8220;\u017didovska zajednica u Kutini i Moslavini&#8221;; Kutina, 18. svibnja&nbsp;2017. &nbsp; &gt;&gt;&gt;&nbsp;Dr. sc. Ljiljana Dobrov\u0161ak: SPOMENICI HOLOKAUSTA U&hellip; Pro\u010ditaj vi\u0161e o Dr. sc. Ljiljana Dobrov\u0161ak: &#8220;\u017didovska zajednica u Kutini i Moslavini&#8221;\" \/>\n<meta property=\"og:url\" content=\"https:\/\/www.vegaintro-projekti.com\/pilar-stari\/2017\/05\/dr-sc-ljiljana-dobrovsak-zidovska-zajednica-u-kutini-i-moslavini\/\" \/>\n<meta property=\"og:site_name\" content=\"Institut dru&scaron;tvenih znanosti Ivo Pilar\" \/>\n<meta property=\"article:published_time\" content=\"2017-05-23T10:18:56+00:00\" \/>\n<meta property=\"article:modified_time\" content=\"2018-01-11T10:26:43+00:00\" \/>\n<meta property=\"og:image\" content=\"https:\/\/www.vegaintro-projekti.com\/pilar-stari\/wp-content\/uploads\/2018\/01\/DAN_MUZEJA.jpg\" \/>\n\t<meta property=\"og:image:width\" content=\"1024\" \/>\n\t<meta property=\"og:image:height\" content=\"512\" \/>\n\t<meta property=\"og:image:type\" content=\"image\/jpeg\" \/>\n<meta name=\"author\" content=\"pilar-admin\" \/>\n<meta name=\"twitter:card\" content=\"summary_large_image\" \/>\n<meta name=\"twitter:label1\" content=\"Napisao\/la\" \/>\n\t<meta name=\"twitter:data1\" content=\"pilar-admin\" \/>\n<script type=\"application\/ld+json\" class=\"yoast-schema-graph\">{\"@context\":\"https:\/\/schema.org\",\"@graph\":[{\"@type\":\"WebPage\",\"@id\":\"https:\/\/www.vegaintro-projekti.com\/pilar-stari\/2017\/05\/dr-sc-ljiljana-dobrovsak-zidovska-zajednica-u-kutini-i-moslavini\/\",\"url\":\"https:\/\/www.vegaintro-projekti.com\/pilar-stari\/2017\/05\/dr-sc-ljiljana-dobrovsak-zidovska-zajednica-u-kutini-i-moslavini\/\",\"name\":\"Dr. sc. Ljiljana Dobrov\u0161ak: \\\"\u017didovska zajednica u Kutini i Moslavini\\\" - Institut dru&scaron;tvenih znanosti Ivo Pilar\",\"isPartOf\":{\"@id\":\"https:\/\/www.vegaintro-projekti.com\/pilar-stari\/#website\"},\"datePublished\":\"2017-05-23T10:18:56+00:00\",\"dateModified\":\"2018-01-11T10:26:43+00:00\",\"author\":{\"@id\":\"https:\/\/www.vegaintro-projekti.com\/pilar-stari\/#\/schema\/person\/c0db50ebd77c4409e19b18044bbf10c1\"},\"breadcrumb\":{\"@id\":\"https:\/\/www.vegaintro-projekti.com\/pilar-stari\/2017\/05\/dr-sc-ljiljana-dobrovsak-zidovska-zajednica-u-kutini-i-moslavini\/#breadcrumb\"},\"inLanguage\":\"hr\",\"potentialAction\":[{\"@type\":\"ReadAction\",\"target\":[\"https:\/\/www.vegaintro-projekti.com\/pilar-stari\/2017\/05\/dr-sc-ljiljana-dobrovsak-zidovska-zajednica-u-kutini-i-moslavini\/\"]}]},{\"@type\":\"BreadcrumbList\",\"@id\":\"https:\/\/www.vegaintro-projekti.com\/pilar-stari\/2017\/05\/dr-sc-ljiljana-dobrovsak-zidovska-zajednica-u-kutini-i-moslavini\/#breadcrumb\",\"itemListElement\":[{\"@type\":\"ListItem\",\"position\":1,\"name\":\"Home\",\"item\":\"https:\/\/www.vegaintro-projekti.com\/pilar-stari\/\"},{\"@type\":\"ListItem\",\"position\":2,\"name\":\"Dr. sc. Ljiljana Dobrov\u0161ak: &#8220;\u017didovska zajednica u Kutini i Moslavini&#8221;\"}]},{\"@type\":\"WebSite\",\"@id\":\"https:\/\/www.vegaintro-projekti.com\/pilar-stari\/#website\",\"url\":\"https:\/\/www.vegaintro-projekti.com\/pilar-stari\/\",\"name\":\"Institut dru&scaron;tvenih znanosti Ivo Pilar\",\"description\":\"Pilar\",\"potentialAction\":[{\"@type\":\"SearchAction\",\"target\":{\"@type\":\"EntryPoint\",\"urlTemplate\":\"https:\/\/www.vegaintro-projekti.com\/pilar-stari\/?s={search_term_string}\"},\"query-input\":\"required name=search_term_string\"}],\"inLanguage\":\"hr\"},{\"@type\":\"Person\",\"@id\":\"https:\/\/www.vegaintro-projekti.com\/pilar-stari\/#\/schema\/person\/c0db50ebd77c4409e19b18044bbf10c1\",\"name\":\"pilar-admin\",\"image\":{\"@type\":\"ImageObject\",\"inLanguage\":\"hr\",\"@id\":\"https:\/\/www.vegaintro-projekti.com\/pilar-stari\/#\/schema\/person\/image\/\",\"url\":\"https:\/\/secure.gravatar.com\/avatar\/fac9e03c4db0011b9c1ad8b5e9c74b8c?s=96&d=mm&r=g\",\"contentUrl\":\"https:\/\/secure.gravatar.com\/avatar\/fac9e03c4db0011b9c1ad8b5e9c74b8c?s=96&d=mm&r=g\",\"caption\":\"pilar-admin\"},\"url\":\"https:\/\/www.vegaintro-projekti.com\/pilar-stari\/author\/pilar-admin\/\"}]}<\/script>\n<!-- \/ Yoast SEO plugin. -->","yoast_head_json":{"title":"Dr. sc. Ljiljana Dobrov\u0161ak: \"\u017didovska zajednica u Kutini i Moslavini\" - Institut dru&scaron;tvenih znanosti Ivo Pilar","robots":{"index":"noindex","follow":"follow","max-snippet":"max-snippet:-1","max-image-preview":"max-image-preview:large","max-video-preview":"max-video-preview:-1"},"og_locale":"hr_HR","og_type":"article","og_title":"Dr. sc. Ljiljana Dobrov\u0161ak: \"\u017didovska zajednica u Kutini i Moslavini\" - Institut dru&scaron;tvenih znanosti Ivo Pilar","og_description":"U sklopu teme Muzeji i sporne povijesti Me\u0111unarodnog dana muzeja dr. sc. Ljiljana Dobrov\u0161ak odr\u017eala je u Muzeju&nbsp;Moslavine Kutina 18. svibnja 2017. predavanje pod naslovom &#8220;\u017didovska&nbsp;zajednica u Kutini i Moslavini&#8221;. &#8211;&nbsp;Pozivnica &#8211;&nbsp;Pozivnica za predavanje dr. sc. Ljiljane Dobrov\u0161ak &#8220;\u017didovska zajednica u Kutini i Moslavini&#8221;; Kutina, 18. svibnja&nbsp;2017. &nbsp; &gt;&gt;&gt;&nbsp;Dr. sc. Ljiljana Dobrov\u0161ak: SPOMENICI HOLOKAUSTA U&hellip; Pro\u010ditaj vi\u0161e o Dr. sc. Ljiljana Dobrov\u0161ak: &#8220;\u017didovska zajednica u Kutini i Moslavini&#8221;","og_url":"https:\/\/www.vegaintro-projekti.com\/pilar-stari\/2017\/05\/dr-sc-ljiljana-dobrovsak-zidovska-zajednica-u-kutini-i-moslavini\/","og_site_name":"Institut dru&scaron;tvenih znanosti Ivo Pilar","article_published_time":"2017-05-23T10:18:56+00:00","article_modified_time":"2018-01-11T10:26:43+00:00","og_image":[{"width":1024,"height":512,"url":"https:\/\/www.vegaintro-projekti.com\/pilar-stari\/wp-content\/uploads\/2018\/01\/DAN_MUZEJA.jpg","type":"image\/jpeg"}],"author":"pilar-admin","twitter_card":"summary_large_image","twitter_misc":{"Napisao\/la":"pilar-admin"},"schema":{"@context":"https:\/\/schema.org","@graph":[{"@type":"WebPage","@id":"https:\/\/www.vegaintro-projekti.com\/pilar-stari\/2017\/05\/dr-sc-ljiljana-dobrovsak-zidovska-zajednica-u-kutini-i-moslavini\/","url":"https:\/\/www.vegaintro-projekti.com\/pilar-stari\/2017\/05\/dr-sc-ljiljana-dobrovsak-zidovska-zajednica-u-kutini-i-moslavini\/","name":"Dr. sc. Ljiljana Dobrov\u0161ak: \"\u017didovska zajednica u Kutini i Moslavini\" - Institut dru&scaron;tvenih znanosti Ivo Pilar","isPartOf":{"@id":"https:\/\/www.vegaintro-projekti.com\/pilar-stari\/#website"},"datePublished":"2017-05-23T10:18:56+00:00","dateModified":"2018-01-11T10:26:43+00:00","author":{"@id":"https:\/\/www.vegaintro-projekti.com\/pilar-stari\/#\/schema\/person\/c0db50ebd77c4409e19b18044bbf10c1"},"breadcrumb":{"@id":"https:\/\/www.vegaintro-projekti.com\/pilar-stari\/2017\/05\/dr-sc-ljiljana-dobrovsak-zidovska-zajednica-u-kutini-i-moslavini\/#breadcrumb"},"inLanguage":"hr","potentialAction":[{"@type":"ReadAction","target":["https:\/\/www.vegaintro-projekti.com\/pilar-stari\/2017\/05\/dr-sc-ljiljana-dobrovsak-zidovska-zajednica-u-kutini-i-moslavini\/"]}]},{"@type":"BreadcrumbList","@id":"https:\/\/www.vegaintro-projekti.com\/pilar-stari\/2017\/05\/dr-sc-ljiljana-dobrovsak-zidovska-zajednica-u-kutini-i-moslavini\/#breadcrumb","itemListElement":[{"@type":"ListItem","position":1,"name":"Home","item":"https:\/\/www.vegaintro-projekti.com\/pilar-stari\/"},{"@type":"ListItem","position":2,"name":"Dr. sc. Ljiljana Dobrov\u0161ak: &#8220;\u017didovska zajednica u Kutini i Moslavini&#8221;"}]},{"@type":"WebSite","@id":"https:\/\/www.vegaintro-projekti.com\/pilar-stari\/#website","url":"https:\/\/www.vegaintro-projekti.com\/pilar-stari\/","name":"Institut dru&scaron;tvenih znanosti Ivo Pilar","description":"Pilar","potentialAction":[{"@type":"SearchAction","target":{"@type":"EntryPoint","urlTemplate":"https:\/\/www.vegaintro-projekti.com\/pilar-stari\/?s={search_term_string}"},"query-input":"required name=search_term_string"}],"inLanguage":"hr"},{"@type":"Person","@id":"https:\/\/www.vegaintro-projekti.com\/pilar-stari\/#\/schema\/person\/c0db50ebd77c4409e19b18044bbf10c1","name":"pilar-admin","image":{"@type":"ImageObject","inLanguage":"hr","@id":"https:\/\/www.vegaintro-projekti.com\/pilar-stari\/#\/schema\/person\/image\/","url":"https:\/\/secure.gravatar.com\/avatar\/fac9e03c4db0011b9c1ad8b5e9c74b8c?s=96&d=mm&r=g","contentUrl":"https:\/\/secure.gravatar.com\/avatar\/fac9e03c4db0011b9c1ad8b5e9c74b8c?s=96&d=mm&r=g","caption":"pilar-admin"},"url":"https:\/\/www.vegaintro-projekti.com\/pilar-stari\/author\/pilar-admin\/"}]}},"_links":{"self":[{"href":"https:\/\/www.vegaintro-projekti.com\/pilar-stari\/wp-json\/wp\/v2\/posts\/8768"}],"collection":[{"href":"https:\/\/www.vegaintro-projekti.com\/pilar-stari\/wp-json\/wp\/v2\/posts"}],"about":[{"href":"https:\/\/www.vegaintro-projekti.com\/pilar-stari\/wp-json\/wp\/v2\/types\/post"}],"author":[{"embeddable":true,"href":"https:\/\/www.vegaintro-projekti.com\/pilar-stari\/wp-json\/wp\/v2\/users\/1"}],"replies":[{"embeddable":true,"href":"https:\/\/www.vegaintro-projekti.com\/pilar-stari\/wp-json\/wp\/v2\/comments?post=8768"}],"version-history":[{"count":1,"href":"https:\/\/www.vegaintro-projekti.com\/pilar-stari\/wp-json\/wp\/v2\/posts\/8768\/revisions"}],"predecessor-version":[{"id":8770,"href":"https:\/\/www.vegaintro-projekti.com\/pilar-stari\/wp-json\/wp\/v2\/posts\/8768\/revisions\/8770"}],"wp:featuredmedia":[{"embeddable":true,"href":"https:\/\/www.vegaintro-projekti.com\/pilar-stari\/wp-json\/wp\/v2\/media\/8769"}],"wp:attachment":[{"href":"https:\/\/www.vegaintro-projekti.com\/pilar-stari\/wp-json\/wp\/v2\/media?parent=8768"}],"wp:term":[{"taxonomy":"category","embeddable":true,"href":"https:\/\/www.vegaintro-projekti.com\/pilar-stari\/wp-json\/wp\/v2\/categories?post=8768"},{"taxonomy":"post_tag","embeddable":true,"href":"https:\/\/www.vegaintro-projekti.com\/pilar-stari\/wp-json\/wp\/v2\/tags?post=8768"}],"curies":[{"name":"wp","href":"https:\/\/api.w.org\/{rel}","templated":true}]}}