{"id":878,"date":"2016-04-26T13:34:58","date_gmt":"2016-04-26T13:34:58","guid":{"rendered":"https:\/\/www.vegaintro-projekti.com\/pilar-stari\/2016\/04\/26\/dr-sc-drazen-zivic-do-2050-godine-izgubit-cemo-300-000-ljudi\/"},"modified":"2017-12-07T13:33:26","modified_gmt":"2017-12-07T13:33:26","slug":"dr-sc-drazen-zivic-do-2050-godine-izgubit-cemo-300-000-ljudi","status":"publish","type":"post","link":"https:\/\/www.vegaintro-projekti.com\/pilar-stari\/2016\/04\/dr-sc-drazen-zivic-do-2050-godine-izgubit-cemo-300-000-ljudi\/","title":{"rendered":"Dr. sc. Dra\u017een \u017divi\u0107: DO 2050. IZGUBIT \u0106EMO 300.000 LJUDI"},"content":{"rendered":"<p><strong>Da nam se crno pi\u0161e kada je demografija u pitanju znamo iz medija i vlastitog iskustva kada ispra\u0107amo prijatelje i susjede koji odlaze u tu\u0111inu, ali da su trendovi i statisti\u010dke projekcije krajnje nepovoljni, to se saznalo u petak iz predavanja u vije\u0107nici Hrvatske gospodarske komore &#8211; \u017dupanijske komore Osijek demografa prof. dr. sc. Dra\u017eena \u017divi\u0107a, voditelja Podru\u010dnog centra Vukovar Instituta dru\u0161tvenih znanosti Ivo Pilar&#8230; &#8211;&nbsp;<a href=\"http:\/\/www.glas-slavonije.hr\/299694\/1\/Do-2050-godine-izgubit-cemo-300000-ljudi\">Glas Slavonije<\/a>&nbsp;<\/strong><\/p>\n<p><a href=\"https:\/\/www.vegaintro-projekti.com\/pilar-stari\/wp-content\/images\/stories\/dokumenti\/podrucni\/vukovar\/hde_program.pdf\"><img decoding=\"async\" loading=\"lazy\" src=\"https:\/\/www.vegaintro-projekti.com\/pilar-stari\/wp-content\/images\/stories\/fotografije\/podrucni\/vukovar\/Poljoprivreda\/236164.jpg\" alt=\"236164\" width=\"640\" height=\"426\" \/><\/a><\/p>\n<p>&#8211; <a href=\"https:\/\/www.vegaintro-projekti.com\/pilar-stari\/wp-content\/images\/stories\/dokumenti\/podrucni\/vukovar\/hde_program.pdf\">Program konferencije: Poljoprivreda, demografija i nove tehnologije; Osijek, 22. travnja 2016.<\/a><\/p>\n<p>Na skupu pod naslovom &#8220;Poljoprivreda, demografija i nove tehnologije&#8221;, koji su zajedni\u010dki priredili Hrvatsko dru\u0161tvo ekonomista, Sveu\u010dili\u0161te Josipa Jurja Strossmayera u Osijeku i HGK \u017dupanijska komora Osijek, govorili su neki od najupu\u0107enijih iz redova znanstvenika i stru\u010dnjaka.<\/p>\n<p>Nazo\u010dnim gospodarstvenicima, sveu\u010dili\u0161nim nastavnicima i novinarima obratili su se prof. dr. sc. Ljubo Jur\u010di\u0107, predsjednik Hrvatskog dru\u0161tva ekonomista, Ivan \u0160kori\u0107, dopredsjednik HGK za poljoprivredu, \u0161umarstvo i ribarstvo, prof. dr. sc. \u017deljko Turkalj, rektor Sveu\u010dili\u0161ta Josipa Jurja Strossmayera u Osijeku; dr. sc. \u017deljko Kralji\u010dak, zamjenik osje\u010dko-baranjskog \u017eupana i Zoran Kova\u010devi\u0107, predsjednik HGK \u017dupanijske komore Osijek. Goran Buturac s Ekonomskog fakulteta Sveu\u010dili\u0161ta u Zagrebu govorio je o makroekonomskoj slici doma\u0107e prehrambene industrije, a prof. dr. sc. Dra\u017een \u017divi\u0107 o depopulaciji Hrvatske.<\/p>\n<p>Demograf \u017divi\u0107 istaknuo je kako negativni statisti\u010dki trendovi po\u010dinju ve\u0107 1958. godine, a nakon 1991. Hrvatska aktivno i ubrzano izumire nakon \u0161to je broj mrtvih prema\u0161io broj ro\u0111enih. Najgore stanje zabilje\u017eeno je pro\u0161le godine, isti\u010de \u017divi\u0107, kada se u Hrvatskoj rodilo najmanje djece od kada se statisti\u010dka istra\u017eivanja provode. Kada se tomu pribroje podatci i procjene o broju iseljenih, tada se situacija doima jo\u0161 katastrofi\u010dnijom. Prema njegovim rije\u010dima, razlika izme\u0111u onih koji su se u Hrvatsku doselili i onih koji su je napustili godi\u0161nje iznosi 30.000 ljudi. Najoptimisti\u010dnije projekcije demografa govore da \u0107e Hrvatska do sredine stolje\u0107a izgubiti 300.000 ljudi, a one najgore &#8211; \u010dak 700.000 ljudi, istaknuo je \u017divi\u0107.<\/p>\n<p><strong>&#8211; Glas Slavonije:<\/strong>&nbsp;<a href=\"http:\/\/www.glas-slavonije.hr\/299694\/1\/Do-2050-godine-izgubit-cemo-300000-ljudi\">Do 2050. godine izgubit \u0107emo 300.000 ljudi, 23. travnja 2016.<\/a><\/p>\n<p><\/p>\n<p>&gt;&gt;&gt; <a href=\"https:\/\/www.vegaintro-projekti.com\/pilar-stari\/2008\/10\/podruni-centar-vukovar\/\">PODRU\u010cNI CENTAR VUKOVAR<\/a><\/p>\n<p><\/p>\n","protected":false},"excerpt":{"rendered":"<p>Da nam se crno pi\u0161e kada je demografija u pitanju znamo iz medija i vlastitog iskustva kada ispra\u0107amo prijatelje i susjede koji odlaze u tu\u0111inu, ali da su trendovi i statisti\u010dke projekcije krajnje nepovoljni, to se saznalo u petak iz predavanja u vije\u0107nici Hrvatske gospodarske komore &#8211; \u017dupanijske komore Osijek demografa prof. dr. sc. Dra\u017eena&hellip; <a class=\"continue\" href=\"https:\/\/www.vegaintro-projekti.com\/pilar-stari\/2016\/04\/dr-sc-drazen-zivic-do-2050-godine-izgubit-cemo-300-000-ljudi\/\">Pro\u010ditaj vi\u0161e o<span> Dr. sc. Dra\u017een \u017divi\u0107: DO 2050. IZGUBIT \u0106EMO 300.000 LJUDI<\/span><\/a><\/p>\n","protected":false},"author":1,"featured_media":0,"comment_status":"open","ping_status":"open","sticky":false,"template":"","format":"standard","meta":{"inline_featured_image":false,"ngg_post_thumbnail":0,"footnotes":""},"categories":[12],"tags":[],"yoast_head":"<!-- This site is optimized with the Yoast SEO plugin v21.2 - https:\/\/yoast.com\/wordpress\/plugins\/seo\/ -->\n<title>Dr. sc. Dra\u017een \u017divi\u0107: DO 2050. IZGUBIT \u0106EMO 300.000 LJUDI - Institut dru&scaron;tvenih znanosti Ivo Pilar<\/title>\n<meta name=\"robots\" content=\"noindex, follow, max-snippet:-1, max-image-preview:large, max-video-preview:-1\" \/>\n<meta property=\"og:locale\" content=\"hr_HR\" \/>\n<meta property=\"og:type\" content=\"article\" \/>\n<meta property=\"og:title\" content=\"Dr. sc. Dra\u017een \u017divi\u0107: DO 2050. IZGUBIT \u0106EMO 300.000 LJUDI - Institut dru&scaron;tvenih znanosti Ivo Pilar\" \/>\n<meta property=\"og:description\" content=\"Da nam se crno pi\u0161e kada je demografija u pitanju znamo iz medija i vlastitog iskustva kada ispra\u0107amo prijatelje i susjede koji odlaze u tu\u0111inu, ali da su trendovi i statisti\u010dke projekcije krajnje nepovoljni, to se saznalo u petak iz predavanja u vije\u0107nici Hrvatske gospodarske komore &#8211; \u017dupanijske komore Osijek demografa prof. dr. sc. Dra\u017eena&hellip; Pro\u010ditaj vi\u0161e o Dr. sc. Dra\u017een \u017divi\u0107: DO 2050. IZGUBIT \u0106EMO 300.000 LJUDI\" \/>\n<meta property=\"og:url\" content=\"https:\/\/www.vegaintro-projekti.com\/pilar-stari\/2016\/04\/dr-sc-drazen-zivic-do-2050-godine-izgubit-cemo-300-000-ljudi\/\" \/>\n<meta property=\"og:site_name\" content=\"Institut dru&scaron;tvenih znanosti Ivo Pilar\" \/>\n<meta property=\"article:published_time\" content=\"2016-04-26T13:34:58+00:00\" \/>\n<meta property=\"article:modified_time\" content=\"2017-12-07T13:33:26+00:00\" \/>\n<meta property=\"og:image\" content=\"https:\/\/www.vegaintro-projekti.com\/pilar-stari\/wp-content\/images\/stories\/fotografije\/podrucni\/vukovar\/Poljoprivreda\/236164.jpg\" \/>\n<meta name=\"author\" content=\"pilar-admin\" \/>\n<meta name=\"twitter:card\" content=\"summary_large_image\" \/>\n<meta name=\"twitter:label1\" content=\"Napisao\/la\" \/>\n\t<meta name=\"twitter:data1\" content=\"pilar-admin\" \/>\n\t<meta name=\"twitter:label2\" content=\"Procijenjeno vrijeme \u010ditanja\" \/>\n\t<meta name=\"twitter:data2\" content=\"2 minute\" \/>\n<script type=\"application\/ld+json\" class=\"yoast-schema-graph\">{\"@context\":\"https:\/\/schema.org\",\"@graph\":[{\"@type\":\"WebPage\",\"@id\":\"https:\/\/www.vegaintro-projekti.com\/pilar-stari\/2016\/04\/dr-sc-drazen-zivic-do-2050-godine-izgubit-cemo-300-000-ljudi\/\",\"url\":\"https:\/\/www.vegaintro-projekti.com\/pilar-stari\/2016\/04\/dr-sc-drazen-zivic-do-2050-godine-izgubit-cemo-300-000-ljudi\/\",\"name\":\"Dr. sc. Dra\u017een \u017divi\u0107: DO 2050. IZGUBIT \u0106EMO 300.000 LJUDI - Institut dru&scaron;tvenih znanosti Ivo Pilar\",\"isPartOf\":{\"@id\":\"https:\/\/www.vegaintro-projekti.com\/pilar-stari\/#website\"},\"datePublished\":\"2016-04-26T13:34:58+00:00\",\"dateModified\":\"2017-12-07T13:33:26+00:00\",\"author\":{\"@id\":\"https:\/\/www.vegaintro-projekti.com\/pilar-stari\/#\/schema\/person\/c0db50ebd77c4409e19b18044bbf10c1\"},\"breadcrumb\":{\"@id\":\"https:\/\/www.vegaintro-projekti.com\/pilar-stari\/2016\/04\/dr-sc-drazen-zivic-do-2050-godine-izgubit-cemo-300-000-ljudi\/#breadcrumb\"},\"inLanguage\":\"hr\",\"potentialAction\":[{\"@type\":\"ReadAction\",\"target\":[\"https:\/\/www.vegaintro-projekti.com\/pilar-stari\/2016\/04\/dr-sc-drazen-zivic-do-2050-godine-izgubit-cemo-300-000-ljudi\/\"]}]},{\"@type\":\"BreadcrumbList\",\"@id\":\"https:\/\/www.vegaintro-projekti.com\/pilar-stari\/2016\/04\/dr-sc-drazen-zivic-do-2050-godine-izgubit-cemo-300-000-ljudi\/#breadcrumb\",\"itemListElement\":[{\"@type\":\"ListItem\",\"position\":1,\"name\":\"Home\",\"item\":\"https:\/\/www.vegaintro-projekti.com\/pilar-stari\/\"},{\"@type\":\"ListItem\",\"position\":2,\"name\":\"Dr. sc. Dra\u017een \u017divi\u0107: DO 2050. IZGUBIT \u0106EMO 300.000 LJUDI\"}]},{\"@type\":\"WebSite\",\"@id\":\"https:\/\/www.vegaintro-projekti.com\/pilar-stari\/#website\",\"url\":\"https:\/\/www.vegaintro-projekti.com\/pilar-stari\/\",\"name\":\"Institut dru&scaron;tvenih znanosti Ivo Pilar\",\"description\":\"Pilar\",\"potentialAction\":[{\"@type\":\"SearchAction\",\"target\":{\"@type\":\"EntryPoint\",\"urlTemplate\":\"https:\/\/www.vegaintro-projekti.com\/pilar-stari\/?s={search_term_string}\"},\"query-input\":\"required name=search_term_string\"}],\"inLanguage\":\"hr\"},{\"@type\":\"Person\",\"@id\":\"https:\/\/www.vegaintro-projekti.com\/pilar-stari\/#\/schema\/person\/c0db50ebd77c4409e19b18044bbf10c1\",\"name\":\"pilar-admin\",\"image\":{\"@type\":\"ImageObject\",\"inLanguage\":\"hr\",\"@id\":\"https:\/\/www.vegaintro-projekti.com\/pilar-stari\/#\/schema\/person\/image\/\",\"url\":\"https:\/\/secure.gravatar.com\/avatar\/fac9e03c4db0011b9c1ad8b5e9c74b8c?s=96&d=mm&r=g\",\"contentUrl\":\"https:\/\/secure.gravatar.com\/avatar\/fac9e03c4db0011b9c1ad8b5e9c74b8c?s=96&d=mm&r=g\",\"caption\":\"pilar-admin\"},\"url\":\"https:\/\/www.vegaintro-projekti.com\/pilar-stari\/author\/pilar-admin\/\"}]}<\/script>\n<!-- \/ Yoast SEO plugin. -->","yoast_head_json":{"title":"Dr. sc. Dra\u017een \u017divi\u0107: DO 2050. IZGUBIT \u0106EMO 300.000 LJUDI - Institut dru&scaron;tvenih znanosti Ivo Pilar","robots":{"index":"noindex","follow":"follow","max-snippet":"max-snippet:-1","max-image-preview":"max-image-preview:large","max-video-preview":"max-video-preview:-1"},"og_locale":"hr_HR","og_type":"article","og_title":"Dr. sc. Dra\u017een \u017divi\u0107: DO 2050. IZGUBIT \u0106EMO 300.000 LJUDI - Institut dru&scaron;tvenih znanosti Ivo Pilar","og_description":"Da nam se crno pi\u0161e kada je demografija u pitanju znamo iz medija i vlastitog iskustva kada ispra\u0107amo prijatelje i susjede koji odlaze u tu\u0111inu, ali da su trendovi i statisti\u010dke projekcije krajnje nepovoljni, to se saznalo u petak iz predavanja u vije\u0107nici Hrvatske gospodarske komore &#8211; \u017dupanijske komore Osijek demografa prof. dr. sc. Dra\u017eena&hellip; Pro\u010ditaj vi\u0161e o Dr. sc. Dra\u017een \u017divi\u0107: DO 2050. IZGUBIT \u0106EMO 300.000 LJUDI","og_url":"https:\/\/www.vegaintro-projekti.com\/pilar-stari\/2016\/04\/dr-sc-drazen-zivic-do-2050-godine-izgubit-cemo-300-000-ljudi\/","og_site_name":"Institut dru&scaron;tvenih znanosti Ivo Pilar","article_published_time":"2016-04-26T13:34:58+00:00","article_modified_time":"2017-12-07T13:33:26+00:00","og_image":[{"url":"https:\/\/www.vegaintro-projekti.com\/pilar-stari\/wp-content\/images\/stories\/fotografije\/podrucni\/vukovar\/Poljoprivreda\/236164.jpg"}],"author":"pilar-admin","twitter_card":"summary_large_image","twitter_misc":{"Napisao\/la":"pilar-admin","Procijenjeno vrijeme \u010ditanja":"2 minute"},"schema":{"@context":"https:\/\/schema.org","@graph":[{"@type":"WebPage","@id":"https:\/\/www.vegaintro-projekti.com\/pilar-stari\/2016\/04\/dr-sc-drazen-zivic-do-2050-godine-izgubit-cemo-300-000-ljudi\/","url":"https:\/\/www.vegaintro-projekti.com\/pilar-stari\/2016\/04\/dr-sc-drazen-zivic-do-2050-godine-izgubit-cemo-300-000-ljudi\/","name":"Dr. sc. Dra\u017een \u017divi\u0107: DO 2050. IZGUBIT \u0106EMO 300.000 LJUDI - Institut dru&scaron;tvenih znanosti Ivo Pilar","isPartOf":{"@id":"https:\/\/www.vegaintro-projekti.com\/pilar-stari\/#website"},"datePublished":"2016-04-26T13:34:58+00:00","dateModified":"2017-12-07T13:33:26+00:00","author":{"@id":"https:\/\/www.vegaintro-projekti.com\/pilar-stari\/#\/schema\/person\/c0db50ebd77c4409e19b18044bbf10c1"},"breadcrumb":{"@id":"https:\/\/www.vegaintro-projekti.com\/pilar-stari\/2016\/04\/dr-sc-drazen-zivic-do-2050-godine-izgubit-cemo-300-000-ljudi\/#breadcrumb"},"inLanguage":"hr","potentialAction":[{"@type":"ReadAction","target":["https:\/\/www.vegaintro-projekti.com\/pilar-stari\/2016\/04\/dr-sc-drazen-zivic-do-2050-godine-izgubit-cemo-300-000-ljudi\/"]}]},{"@type":"BreadcrumbList","@id":"https:\/\/www.vegaintro-projekti.com\/pilar-stari\/2016\/04\/dr-sc-drazen-zivic-do-2050-godine-izgubit-cemo-300-000-ljudi\/#breadcrumb","itemListElement":[{"@type":"ListItem","position":1,"name":"Home","item":"https:\/\/www.vegaintro-projekti.com\/pilar-stari\/"},{"@type":"ListItem","position":2,"name":"Dr. sc. Dra\u017een \u017divi\u0107: DO 2050. IZGUBIT \u0106EMO 300.000 LJUDI"}]},{"@type":"WebSite","@id":"https:\/\/www.vegaintro-projekti.com\/pilar-stari\/#website","url":"https:\/\/www.vegaintro-projekti.com\/pilar-stari\/","name":"Institut dru&scaron;tvenih znanosti Ivo Pilar","description":"Pilar","potentialAction":[{"@type":"SearchAction","target":{"@type":"EntryPoint","urlTemplate":"https:\/\/www.vegaintro-projekti.com\/pilar-stari\/?s={search_term_string}"},"query-input":"required name=search_term_string"}],"inLanguage":"hr"},{"@type":"Person","@id":"https:\/\/www.vegaintro-projekti.com\/pilar-stari\/#\/schema\/person\/c0db50ebd77c4409e19b18044bbf10c1","name":"pilar-admin","image":{"@type":"ImageObject","inLanguage":"hr","@id":"https:\/\/www.vegaintro-projekti.com\/pilar-stari\/#\/schema\/person\/image\/","url":"https:\/\/secure.gravatar.com\/avatar\/fac9e03c4db0011b9c1ad8b5e9c74b8c?s=96&d=mm&r=g","contentUrl":"https:\/\/secure.gravatar.com\/avatar\/fac9e03c4db0011b9c1ad8b5e9c74b8c?s=96&d=mm&r=g","caption":"pilar-admin"},"url":"https:\/\/www.vegaintro-projekti.com\/pilar-stari\/author\/pilar-admin\/"}]}},"_links":{"self":[{"href":"https:\/\/www.vegaintro-projekti.com\/pilar-stari\/wp-json\/wp\/v2\/posts\/878"}],"collection":[{"href":"https:\/\/www.vegaintro-projekti.com\/pilar-stari\/wp-json\/wp\/v2\/posts"}],"about":[{"href":"https:\/\/www.vegaintro-projekti.com\/pilar-stari\/wp-json\/wp\/v2\/types\/post"}],"author":[{"embeddable":true,"href":"https:\/\/www.vegaintro-projekti.com\/pilar-stari\/wp-json\/wp\/v2\/users\/1"}],"replies":[{"embeddable":true,"href":"https:\/\/www.vegaintro-projekti.com\/pilar-stari\/wp-json\/wp\/v2\/comments?post=878"}],"version-history":[{"count":2,"href":"https:\/\/www.vegaintro-projekti.com\/pilar-stari\/wp-json\/wp\/v2\/posts\/878\/revisions"}],"predecessor-version":[{"id":6913,"href":"https:\/\/www.vegaintro-projekti.com\/pilar-stari\/wp-json\/wp\/v2\/posts\/878\/revisions\/6913"}],"wp:attachment":[{"href":"https:\/\/www.vegaintro-projekti.com\/pilar-stari\/wp-json\/wp\/v2\/media?parent=878"}],"wp:term":[{"taxonomy":"category","embeddable":true,"href":"https:\/\/www.vegaintro-projekti.com\/pilar-stari\/wp-json\/wp\/v2\/categories?post=878"},{"taxonomy":"post_tag","embeddable":true,"href":"https:\/\/www.vegaintro-projekti.com\/pilar-stari\/wp-json\/wp\/v2\/tags?post=878"}],"curies":[{"name":"wp","href":"https:\/\/api.w.org\/{rel}","templated":true}]}}