{"id":880,"date":"2016-04-28T09:23:19","date_gmt":"2016-04-28T09:23:19","guid":{"rendered":"https:\/\/www.vegaintro-projekti.com\/pilar-stari\/2016\/04\/28\/memorijal-borovo-selo-2-svibnja-1991-godine\/"},"modified":"2017-12-08T15:00:11","modified_gmt":"2017-12-08T15:00:11","slug":"memorijal-borovo-selo-2-svibnja-1991-godine","status":"publish","type":"post","link":"https:\/\/www.vegaintro-projekti.com\/pilar-stari\/2016\/04\/memorijal-borovo-selo-2-svibnja-1991-godine\/","title":{"rendered":"MEMORIJAL: Borovo Selo 2. svibnja 1991. godine"},"content":{"rendered":"<p><strong>U povodu 25. godi\u0161njice pogibije hrvatskih policajaca u Borovu Selu, u Velikoj \u017eupanijskoj vije\u0107nici u Vinkovcima, u organizaciji Zavoda za znanstvenoistra\u017eiva\u010dki i umjetni\u010dki rad HAZU iz Vukovara, Podru\u010dnoga centra Instituta Pilar u Vukovaru, Hrvatskog memorijalno-dokumentacijskog centra Domovinskog rata iz Zagreba i Memorijalnog centra Domovinskog rata Vukovar, odr\u017eana je znanstvena tribina naslovljena: &#8220;Borovo Selo 2. svibnja 1991. godine &#8211; memorijal povodom 25 godina pogibije hrvatskih redarstvenika u Borovu Selu&#8221;<\/strong><\/p>\n<table border=\"0\">\n<tbody>\n<tr>\n<td><img decoding=\"async\" loading=\"lazy\" src=\"https:\/\/www.vegaintro-projekti.com\/pilar-stari\/wp-content\/images\/stories\/fotografije\/podrucni\/vukovar\/Borovo91\/BS_1_s.JPG\" alt=\"BS 1 s\" width=\"212\" height=\"159\" \/><\/td>\n<td><img decoding=\"async\" loading=\"lazy\" src=\"https:\/\/www.vegaintro-projekti.com\/pilar-stari\/wp-content\/images\/stories\/fotografije\/podrucni\/vukovar\/Borovo91\/BS_2_s.JPG\" alt=\"BS 2 s\" width=\"212\" height=\"159\" \/><\/td>\n<td><img decoding=\"async\" loading=\"lazy\" src=\"https:\/\/www.vegaintro-projekti.com\/pilar-stari\/wp-content\/images\/stories\/fotografije\/podrucni\/vukovar\/Borovo91\/BS_3_s.JPG\" alt=\"BS 3 s\" width=\"212\" height=\"159\" \/><\/td>\n<\/tr>\n<\/tbody>\n<\/table>\n<table border=\"0\">\n<tbody>\n<tr>\n<td><img decoding=\"async\" loading=\"lazy\" src=\"https:\/\/www.vegaintro-projekti.com\/pilar-stari\/wp-content\/images\/stories\/fotografije\/podrucni\/vukovar\/Borovo91\/BS_0_s.JPG\" alt=\"BS 0 s\" width=\"645\" height=\"284\" \/><\/td>\n<\/tr>\n<\/tbody>\n<\/table>\n<p>&nbsp;<\/p>\n<p><span style=\"font-size: 8pt;\"><strong>Znanstvena tribina &#8220;Borovo Selo 2. svibnja 1991. godine &#8211; memorijal povodom 25 godina pogibije hrvatskih redarstvenika u Borovu Selu&#8221;; Vinkovci, 2. svibnja 2016.<\/strong><\/span><\/p>\n<p>U nazo\u010dnosti ve\u0107eg broja uzvanika, hrvatskih branitelja i stradalnika Domovinskog rata, me\u0111u kojima su bili ministar branitelja Tomo Medved, pomo\u0107nik ministra branitelja Stjepan Su\u010di\u0107 i \u017eupan vukovarsko-srijemski Bo\u017eo Gali\u0107, na tribini su uvodno govorili Ivan Brigovi\u0107, prof., Ante \u0106ori\u0107, dr. sc. Josip Jur\u010devi\u0107, dr. sc. Ante Nazor, Tomislav Ore\u010di\u0107, mag., dr. sc. Dra\u017een \u0160vagelj i dr. sc. Dra\u017een \u017divi\u0107.<\/p>\n<p>&#8211;&nbsp;<a href=\"https:\/\/www.vegaintro-projekti.com\/pilar-stari\/wp-content\/images\/stories\/dokumenti\/podrucni\/vukovar\/Borovo91\/BorovoSelo1991_pozivnica.pdf\">Pozivnica za znanstvenu tribinu &#8220;Borovo Selo 2. svibnja 1991. godine &#8211; memorijal povodom 25 godina pogibije hrvatskih redarstvenika u Borovu Selu&#8221;; Vinkovci, 2. svibnja 2016.<\/a><\/p>\n<p><a href=\"https:\/\/www.vegaintro-projekti.com\/pilar-stari\/wp-content\/images\/stories\/dokumenti\/podrucni\/vukovar\/Borovo91\/BorovoSelo1991_pozivnica.pdf\"><img decoding=\"async\" loading=\"lazy\" src=\"https:\/\/www.vegaintro-projekti.com\/pilar-stari\/wp-content\/images\/stories\/fotografije\/podrucni\/vukovar\/Borovo91\/BorovoSelo1991_pozivnica1.jpg\" alt=\"BorovoSelo1991 pozivnica1\" width=\"640\" height=\"905\" \/><\/a><\/p>\n<p><span style=\"font-size: 12pt;\">Prije dvadeset i pet godina, 2. svibnja 1991., u Borovu Selu nedaleko Vukovara, u zasjedi&nbsp;organiziranoj od strane srbijanskih terorista i lokalnog stanovni\u0161tva Borova Sela, napadnuti su&nbsp;pripadnici Specijalne policije PU Vinkovci. Pri tom su dvanaestorica hrvatskih redarstvenika&nbsp;usmr\u0107ena, a dvadeset i dva ranjena&#8230;<\/span><\/p>\n<p>&gt;&gt;&gt; <a href=\"https:\/\/www.vegaintro-projekti.com\/pilar-stari\/2008\/10\/podruni-centar-vukovar\/\">PODRU\u010cNI CENTAR VUKOVAR<\/a><\/p>\n<p><\/p>\n","protected":false},"excerpt":{"rendered":"<p>U povodu 25. godi\u0161njice pogibije hrvatskih policajaca u Borovu Selu, u Velikoj \u017eupanijskoj vije\u0107nici u Vinkovcima, u organizaciji Zavoda za znanstvenoistra\u017eiva\u010dki i umjetni\u010dki rad HAZU iz Vukovara, Podru\u010dnoga centra Instituta Pilar u Vukovaru, Hrvatskog memorijalno-dokumentacijskog centra Domovinskog rata iz Zagreba i Memorijalnog centra Domovinskog rata Vukovar, odr\u017eana je znanstvena tribina naslovljena: &#8220;Borovo Selo 2. svibnja&hellip; <a class=\"continue\" href=\"https:\/\/www.vegaintro-projekti.com\/pilar-stari\/2016\/04\/memorijal-borovo-selo-2-svibnja-1991-godine\/\">Pro\u010ditaj vi\u0161e o<span> MEMORIJAL: Borovo Selo 2. svibnja 1991. godine<\/span><\/a><\/p>\n","protected":false},"author":1,"featured_media":0,"comment_status":"open","ping_status":"open","sticky":false,"template":"","format":"standard","meta":{"inline_featured_image":false,"ngg_post_thumbnail":0,"footnotes":""},"categories":[11],"tags":[],"yoast_head":"<!-- This site is optimized with the Yoast SEO plugin v21.2 - https:\/\/yoast.com\/wordpress\/plugins\/seo\/ -->\n<title>MEMORIJAL: Borovo Selo 2. svibnja 1991. godine - Institut dru&scaron;tvenih znanosti Ivo Pilar<\/title>\n<meta name=\"robots\" content=\"noindex, follow, max-snippet:-1, max-image-preview:large, max-video-preview:-1\" \/>\n<meta property=\"og:locale\" content=\"hr_HR\" \/>\n<meta property=\"og:type\" content=\"article\" \/>\n<meta property=\"og:title\" content=\"MEMORIJAL: Borovo Selo 2. svibnja 1991. godine - Institut dru&scaron;tvenih znanosti Ivo Pilar\" \/>\n<meta property=\"og:description\" content=\"U povodu 25. godi\u0161njice pogibije hrvatskih policajaca u Borovu Selu, u Velikoj \u017eupanijskoj vije\u0107nici u Vinkovcima, u organizaciji Zavoda za znanstvenoistra\u017eiva\u010dki i umjetni\u010dki rad HAZU iz Vukovara, Podru\u010dnoga centra Instituta Pilar u Vukovaru, Hrvatskog memorijalno-dokumentacijskog centra Domovinskog rata iz Zagreba i Memorijalnog centra Domovinskog rata Vukovar, odr\u017eana je znanstvena tribina naslovljena: &#8220;Borovo Selo 2. svibnja&hellip; Pro\u010ditaj vi\u0161e o MEMORIJAL: Borovo Selo 2. svibnja 1991. godine\" \/>\n<meta property=\"og:url\" content=\"https:\/\/www.vegaintro-projekti.com\/pilar-stari\/2016\/04\/memorijal-borovo-selo-2-svibnja-1991-godine\/\" \/>\n<meta property=\"og:site_name\" content=\"Institut dru&scaron;tvenih znanosti Ivo Pilar\" \/>\n<meta property=\"article:published_time\" content=\"2016-04-28T09:23:19+00:00\" \/>\n<meta property=\"article:modified_time\" content=\"2017-12-08T15:00:11+00:00\" \/>\n<meta property=\"og:image\" content=\"https:\/\/www.vegaintro-projekti.com\/pilar-stari\/wp-content\/images\/stories\/fotografije\/podrucni\/vukovar\/Borovo91\/BS_1_s.JPG\" \/>\n<meta name=\"author\" content=\"pilar-admin\" \/>\n<meta name=\"twitter:card\" content=\"summary_large_image\" \/>\n<meta name=\"twitter:label1\" content=\"Napisao\/la\" \/>\n\t<meta name=\"twitter:data1\" content=\"pilar-admin\" \/>\n\t<meta name=\"twitter:label2\" content=\"Procijenjeno vrijeme \u010ditanja\" \/>\n\t<meta name=\"twitter:data2\" content=\"1 minuta\" \/>\n<script type=\"application\/ld+json\" class=\"yoast-schema-graph\">{\"@context\":\"https:\/\/schema.org\",\"@graph\":[{\"@type\":\"WebPage\",\"@id\":\"https:\/\/www.vegaintro-projekti.com\/pilar-stari\/2016\/04\/memorijal-borovo-selo-2-svibnja-1991-godine\/\",\"url\":\"https:\/\/www.vegaintro-projekti.com\/pilar-stari\/2016\/04\/memorijal-borovo-selo-2-svibnja-1991-godine\/\",\"name\":\"MEMORIJAL: Borovo Selo 2. svibnja 1991. godine - Institut dru&scaron;tvenih znanosti Ivo Pilar\",\"isPartOf\":{\"@id\":\"https:\/\/www.vegaintro-projekti.com\/pilar-stari\/#website\"},\"datePublished\":\"2016-04-28T09:23:19+00:00\",\"dateModified\":\"2017-12-08T15:00:11+00:00\",\"author\":{\"@id\":\"https:\/\/www.vegaintro-projekti.com\/pilar-stari\/#\/schema\/person\/c0db50ebd77c4409e19b18044bbf10c1\"},\"breadcrumb\":{\"@id\":\"https:\/\/www.vegaintro-projekti.com\/pilar-stari\/2016\/04\/memorijal-borovo-selo-2-svibnja-1991-godine\/#breadcrumb\"},\"inLanguage\":\"hr\",\"potentialAction\":[{\"@type\":\"ReadAction\",\"target\":[\"https:\/\/www.vegaintro-projekti.com\/pilar-stari\/2016\/04\/memorijal-borovo-selo-2-svibnja-1991-godine\/\"]}]},{\"@type\":\"BreadcrumbList\",\"@id\":\"https:\/\/www.vegaintro-projekti.com\/pilar-stari\/2016\/04\/memorijal-borovo-selo-2-svibnja-1991-godine\/#breadcrumb\",\"itemListElement\":[{\"@type\":\"ListItem\",\"position\":1,\"name\":\"Home\",\"item\":\"https:\/\/www.vegaintro-projekti.com\/pilar-stari\/\"},{\"@type\":\"ListItem\",\"position\":2,\"name\":\"MEMORIJAL: Borovo Selo 2. svibnja 1991. godine\"}]},{\"@type\":\"WebSite\",\"@id\":\"https:\/\/www.vegaintro-projekti.com\/pilar-stari\/#website\",\"url\":\"https:\/\/www.vegaintro-projekti.com\/pilar-stari\/\",\"name\":\"Institut dru&scaron;tvenih znanosti Ivo Pilar\",\"description\":\"Pilar\",\"potentialAction\":[{\"@type\":\"SearchAction\",\"target\":{\"@type\":\"EntryPoint\",\"urlTemplate\":\"https:\/\/www.vegaintro-projekti.com\/pilar-stari\/?s={search_term_string}\"},\"query-input\":\"required name=search_term_string\"}],\"inLanguage\":\"hr\"},{\"@type\":\"Person\",\"@id\":\"https:\/\/www.vegaintro-projekti.com\/pilar-stari\/#\/schema\/person\/c0db50ebd77c4409e19b18044bbf10c1\",\"name\":\"pilar-admin\",\"image\":{\"@type\":\"ImageObject\",\"inLanguage\":\"hr\",\"@id\":\"https:\/\/www.vegaintro-projekti.com\/pilar-stari\/#\/schema\/person\/image\/\",\"url\":\"https:\/\/secure.gravatar.com\/avatar\/fac9e03c4db0011b9c1ad8b5e9c74b8c?s=96&d=mm&r=g\",\"contentUrl\":\"https:\/\/secure.gravatar.com\/avatar\/fac9e03c4db0011b9c1ad8b5e9c74b8c?s=96&d=mm&r=g\",\"caption\":\"pilar-admin\"},\"url\":\"https:\/\/www.vegaintro-projekti.com\/pilar-stari\/author\/pilar-admin\/\"}]}<\/script>\n<!-- \/ Yoast SEO plugin. -->","yoast_head_json":{"title":"MEMORIJAL: Borovo Selo 2. svibnja 1991. godine - Institut dru&scaron;tvenih znanosti Ivo Pilar","robots":{"index":"noindex","follow":"follow","max-snippet":"max-snippet:-1","max-image-preview":"max-image-preview:large","max-video-preview":"max-video-preview:-1"},"og_locale":"hr_HR","og_type":"article","og_title":"MEMORIJAL: Borovo Selo 2. svibnja 1991. godine - Institut dru&scaron;tvenih znanosti Ivo Pilar","og_description":"U povodu 25. godi\u0161njice pogibije hrvatskih policajaca u Borovu Selu, u Velikoj \u017eupanijskoj vije\u0107nici u Vinkovcima, u organizaciji Zavoda za znanstvenoistra\u017eiva\u010dki i umjetni\u010dki rad HAZU iz Vukovara, Podru\u010dnoga centra Instituta Pilar u Vukovaru, Hrvatskog memorijalno-dokumentacijskog centra Domovinskog rata iz Zagreba i Memorijalnog centra Domovinskog rata Vukovar, odr\u017eana je znanstvena tribina naslovljena: &#8220;Borovo Selo 2. svibnja&hellip; Pro\u010ditaj vi\u0161e o MEMORIJAL: Borovo Selo 2. svibnja 1991. godine","og_url":"https:\/\/www.vegaintro-projekti.com\/pilar-stari\/2016\/04\/memorijal-borovo-selo-2-svibnja-1991-godine\/","og_site_name":"Institut dru&scaron;tvenih znanosti Ivo Pilar","article_published_time":"2016-04-28T09:23:19+00:00","article_modified_time":"2017-12-08T15:00:11+00:00","og_image":[{"url":"https:\/\/www.vegaintro-projekti.com\/pilar-stari\/wp-content\/images\/stories\/fotografije\/podrucni\/vukovar\/Borovo91\/BS_1_s.JPG"}],"author":"pilar-admin","twitter_card":"summary_large_image","twitter_misc":{"Napisao\/la":"pilar-admin","Procijenjeno vrijeme \u010ditanja":"1 minuta"},"schema":{"@context":"https:\/\/schema.org","@graph":[{"@type":"WebPage","@id":"https:\/\/www.vegaintro-projekti.com\/pilar-stari\/2016\/04\/memorijal-borovo-selo-2-svibnja-1991-godine\/","url":"https:\/\/www.vegaintro-projekti.com\/pilar-stari\/2016\/04\/memorijal-borovo-selo-2-svibnja-1991-godine\/","name":"MEMORIJAL: Borovo Selo 2. svibnja 1991. godine - Institut dru&scaron;tvenih znanosti Ivo Pilar","isPartOf":{"@id":"https:\/\/www.vegaintro-projekti.com\/pilar-stari\/#website"},"datePublished":"2016-04-28T09:23:19+00:00","dateModified":"2017-12-08T15:00:11+00:00","author":{"@id":"https:\/\/www.vegaintro-projekti.com\/pilar-stari\/#\/schema\/person\/c0db50ebd77c4409e19b18044bbf10c1"},"breadcrumb":{"@id":"https:\/\/www.vegaintro-projekti.com\/pilar-stari\/2016\/04\/memorijal-borovo-selo-2-svibnja-1991-godine\/#breadcrumb"},"inLanguage":"hr","potentialAction":[{"@type":"ReadAction","target":["https:\/\/www.vegaintro-projekti.com\/pilar-stari\/2016\/04\/memorijal-borovo-selo-2-svibnja-1991-godine\/"]}]},{"@type":"BreadcrumbList","@id":"https:\/\/www.vegaintro-projekti.com\/pilar-stari\/2016\/04\/memorijal-borovo-selo-2-svibnja-1991-godine\/#breadcrumb","itemListElement":[{"@type":"ListItem","position":1,"name":"Home","item":"https:\/\/www.vegaintro-projekti.com\/pilar-stari\/"},{"@type":"ListItem","position":2,"name":"MEMORIJAL: Borovo Selo 2. svibnja 1991. godine"}]},{"@type":"WebSite","@id":"https:\/\/www.vegaintro-projekti.com\/pilar-stari\/#website","url":"https:\/\/www.vegaintro-projekti.com\/pilar-stari\/","name":"Institut dru&scaron;tvenih znanosti Ivo Pilar","description":"Pilar","potentialAction":[{"@type":"SearchAction","target":{"@type":"EntryPoint","urlTemplate":"https:\/\/www.vegaintro-projekti.com\/pilar-stari\/?s={search_term_string}"},"query-input":"required name=search_term_string"}],"inLanguage":"hr"},{"@type":"Person","@id":"https:\/\/www.vegaintro-projekti.com\/pilar-stari\/#\/schema\/person\/c0db50ebd77c4409e19b18044bbf10c1","name":"pilar-admin","image":{"@type":"ImageObject","inLanguage":"hr","@id":"https:\/\/www.vegaintro-projekti.com\/pilar-stari\/#\/schema\/person\/image\/","url":"https:\/\/secure.gravatar.com\/avatar\/fac9e03c4db0011b9c1ad8b5e9c74b8c?s=96&d=mm&r=g","contentUrl":"https:\/\/secure.gravatar.com\/avatar\/fac9e03c4db0011b9c1ad8b5e9c74b8c?s=96&d=mm&r=g","caption":"pilar-admin"},"url":"https:\/\/www.vegaintro-projekti.com\/pilar-stari\/author\/pilar-admin\/"}]}},"_links":{"self":[{"href":"https:\/\/www.vegaintro-projekti.com\/pilar-stari\/wp-json\/wp\/v2\/posts\/880"}],"collection":[{"href":"https:\/\/www.vegaintro-projekti.com\/pilar-stari\/wp-json\/wp\/v2\/posts"}],"about":[{"href":"https:\/\/www.vegaintro-projekti.com\/pilar-stari\/wp-json\/wp\/v2\/types\/post"}],"author":[{"embeddable":true,"href":"https:\/\/www.vegaintro-projekti.com\/pilar-stari\/wp-json\/wp\/v2\/users\/1"}],"replies":[{"embeddable":true,"href":"https:\/\/www.vegaintro-projekti.com\/pilar-stari\/wp-json\/wp\/v2\/comments?post=880"}],"version-history":[{"count":6,"href":"https:\/\/www.vegaintro-projekti.com\/pilar-stari\/wp-json\/wp\/v2\/posts\/880\/revisions"}],"predecessor-version":[{"id":8044,"href":"https:\/\/www.vegaintro-projekti.com\/pilar-stari\/wp-json\/wp\/v2\/posts\/880\/revisions\/8044"}],"wp:attachment":[{"href":"https:\/\/www.vegaintro-projekti.com\/pilar-stari\/wp-json\/wp\/v2\/media?parent=880"}],"wp:term":[{"taxonomy":"category","embeddable":true,"href":"https:\/\/www.vegaintro-projekti.com\/pilar-stari\/wp-json\/wp\/v2\/categories?post=880"},{"taxonomy":"post_tag","embeddable":true,"href":"https:\/\/www.vegaintro-projekti.com\/pilar-stari\/wp-json\/wp\/v2\/tags?post=880"}],"curies":[{"name":"wp","href":"https:\/\/api.w.org\/{rel}","templated":true}]}}