{"id":881,"date":"2016-04-30T17:10:08","date_gmt":"2016-04-30T17:10:08","guid":{"rendered":"https:\/\/www.vegaintro-projekti.com\/pilar-stari\/2016\/04\/30\/objavljena-knjiga-ekonomska-elita-vladar-iz-sjene\/"},"modified":"2017-12-08T15:00:19","modified_gmt":"2017-12-08T15:00:19","slug":"objavljena-knjiga-ekonomska-elita-vladar-iz-sjene","status":"publish","type":"post","link":"https:\/\/www.vegaintro-projekti.com\/pilar-stari\/2016\/04\/objavljena-knjiga-ekonomska-elita-vladar-iz-sjene\/","title":{"rendered":"Objavljena knjiga EKONOMSKA ELITA: VLADAR IZ SJENE?"},"content":{"rendered":"<p><strong>Kao 26. knjiga Biblioteke Studije Instituta dru\u0161tvenih znanosti Ivo Pilar objavljena je knjiga dr. sc. Drage \u010cengi\u0107a EKONOMSKA ELITA: VLADAR IZ SJENE? Prilozi ekonomskoj sociologiji. \u2013 Svrha je ove knjige istra\u017eiti mjesto ekonomske elite u sociologiji (elita) te proces socio-ekonomske evolucije (novih) ekonomskih elita koje su se u europskim zemljama razvile uslijed financijalizacije globalnoga gospodarstva i sloma socijalizma (komunizma)\u2026 \u2013 <a href=\"#pred\">Iz predgovora<\/a><\/p>\n<p><\/strong><\/p>\n<table border=\"0\">\n<tbody>\n<tr>\n<td><img decoding=\"async\" loading=\"lazy\" src=\"https:\/\/www.vegaintro-projekti.com\/pilar-stari\/wp-content\/images\/stories\/fotografije\/publikacije\/naslovnice\/small\/Elite_nasl.jpg\" alt=\"Elite nasl\" width=\"219\" height=\"314\" \/><\/td>\n<td valign=\"bottom\">\n<p><span style=\"font-size: 12pt;\">Znanstveni doprinosi ovog djela su brojni\u2026 U cjelini, radi se o doista originalnom teorijsko-empirijskom djelu s detaljnom analizom poduzetni\u010dkih elita u Hrvatskoj. \u2013 Iz recenzije prof. dr. sc. Vjerana Katunari\u0107a<\/p>\n<p><\/span><\/p>\n<p><strong>Drago \u010cengi\u0107<\/strong><br \/><strong>EKONOMSKA ELITA: VLADAR IZ SJENE? Prilozi ekonomskoj sociologiji<\/strong><br \/><span style=\"font-size: 8pt;\"><strong>Biblioteka STUDIJE. \u2013 Knjiga 26.<\/strong><\/span><br \/><span style=\"font-size: 8pt;\"><strong>Institut dru\u0161tvenih znanosti Ivo Pilar<\/strong><\/span><br \/><span style=\"font-size: 8pt;\"><strong>Zagreb, 2016. \u2013 Str. 320.<\/strong><\/span><br \/><span style=\"font-size: 8pt;\"><strong>ISBN&nbsp;978-953-7964-24-5<\/strong><\/span><\/p>\n<p>\u2013&nbsp;<a href=\"https:\/\/www.vegaintro-projekti.com\/pilar-stari\/wp-content\/images\/stories\/dokumenti\/studije\/26\/Elite_omot.pdf\">Omot<\/a>&nbsp;|&nbsp;<a href=\"https:\/\/www.vegaintro-projekti.com\/pilar-stari\/wp-content\/images\/stories\/dokumenti\/studije\/26\/EkElite_impres.pdf\">Impresum<\/a>&nbsp;|&nbsp;<a href=\"#sadr\">Sadr\u017eaj<\/a>&nbsp;|&nbsp;<a href=\"#pred\">Iz predgovora<\/a><\/p>\n<\/td>\n<\/tr>\n<\/tbody>\n<\/table>\n<p>&gt;&gt;&gt;&nbsp;<a href=\"https:\/\/www.vegaintro-projekti.com\/pilar-stari\/2016\/09\/predstavljanje-ekonomska-elita-vladar-iz-sjene-26-9-2016\/\">Predstavljanje: EKONOMSKA ELITA: VLADAR IZ SJENE?; Zagreb, 26. rujna 2016.<\/a><\/p>\n<p><a name=\"sadr\">&nbsp;<\/a><br \/><span style=\"font-size: 12pt;\">Sadr\u017eaj<\/p>\n<p><\/span>&#8211;&nbsp;<a href=\"https:\/\/www.vegaintro-projekti.com\/pilar-stari\/wp-content\/images\/stories\/dokumenti\/studije\/26\/Elite_omot.pdf\">Omot<\/a>&nbsp;|&nbsp;<a href=\"https:\/\/www.vegaintro-projekti.com\/pilar-stari\/wp-content\/images\/stories\/dokumenti\/studije\/26\/EkElite_impres.pdf\">Impresum<\/a>&nbsp;|&nbsp;<a href=\"https:\/\/www.vegaintro-projekti.com\/pilar-stari\/wp-content\/images\/stories\/dokumenti\/studije\/26\/EkElite_sadrzaj.pdf\">Sadr\u017eaj<\/a><\/p>\n<p><a href=\"https:\/\/www.vegaintro-projekti.com\/pilar-stari\/wp-content\/images\/stories\/dokumenti\/studije\/26\/EkElite_predgovor.pdf\">Umjesto predgovora: \u010demu ova knjiga?<\/a><\/p>\n<p>I. SOCIOLOGIJA ELITA I EKONOMSKA ELITA<br \/>Uvodna odre\u0111enja: tko je elita?<br \/>Klasi\u010dni teoreti\u010dari elita: usmjerenost na politi\u010dku elitu<br \/>Funkcionalisti\u010dka paradigma: ekonomska elita kao dio strate\u0161kih elita<br \/>Ekonomska elita kao dio elite mo\u0107i<br \/>Razumijevanje ekonomske elite u P. Bourdieua<br \/>Ekonomska elita u istra\u017eivanjima M. Hartmanna<br \/>Dru\u0161tveno podrijetlo i obrazovanje europske korporacijske elite<br \/>Moderna korporacijska elita, financijalizacija i restrukturiranje poduze\u0107a<br \/>Ekonomske elite i korporacijsko upravljanje: neki empirijski uvidi<br \/>Ekonomska elita kao istra\u017eiva\u010dka tema: teorije elita i dru\u0161tvena stvarnost nakon sloma realnog socijalizma<\/p>\n<p>II. HRVATSKI SLU\u010cAJ: EKONOMSKA ELITA KAO SUDIONIK KAPITALIZMA PERIFERIJE<br \/>Postsocijalisti\u010dke ekonomske elite i poduzetni\u0161tvo: prilog analizi tipologije poduzetnika<br \/>Tipovi poduzetnika, strategije i percipirane granice rasta<br \/>Habitus, tr\u017ei\u0161te i proizvodnja tr\u017ei\u0161noga sudionika: slu\u010daj kutjeva\u010dkih proizvo\u0111a\u010da vina<br \/>Vinari Po\u017ee\u0161ko-slavonske \u017eupanije i izazovi europskog tr\u017ei\u0161ta vina<br \/>Menad\u017eerska elita i neke dimenzije socioekonomske kulture u Hrvatskoj<br \/>Hrvatski poduzetnici i tr\u017ei\u0161te: od euforije rasta do protukriznih strategija<br \/>Hrvatska mala i srednja poduze\u0107a i kriza rasta: u potrazi za novim nositeljima rasta?<br \/>Bez \u201esretnog zavr\u0161etka\u201c: tko je zapravo nova hrvatska ekonomska elita?<\/p>\n<p><a href=\"https:\/\/www.vegaintro-projekti.com\/pilar-stari\/wp-content\/images\/stories\/dokumenti\/studije\/26\/EkElite_sazetak.pdf\">Sa\u017eetak<\/a><br \/><a href=\"https:\/\/www.vegaintro-projekti.com\/pilar-stari\/wp-content\/images\/stories\/dokumenti\/studije\/26\/EkElite_summ.pdf\">Summary<\/a><br \/><a href=\"https:\/\/www.vegaintro-projekti.com\/pilar-stari\/wp-content\/images\/stories\/dokumenti\/studije\/26\/EkElite_napomena.pdf\">Napomena<\/a><br \/><a href=\"https:\/\/www.vegaintro-projekti.com\/pilar-stari\/wp-content\/images\/stories\/dokumenti\/studije\/26\/EkElite_autor.pdf\">O autoru<\/a><\/p>\n<p>&gt;&gt;&gt; Puni tekst knjige<\/p>\n<p><a name=\"pred\">&nbsp;<\/a><br \/><span style=\"font-size: 12pt;\">Iz predgovora<\/span><\/p>\n<p>&nbsp;<\/p>\n<p><em>Svrha je ove knjige istra\u017eiti mjesto ekonomske elite u sociologiji (elita) te proces socio-ekonomske evolucije (novih) ekonomskih elita koje su se u europskim zemljama razvile uslijed financijalizacije globalnoga gospodarstva i sloma socijalizma (komunizma)<\/em>, te njihovu vezu s poduzetni\u0161tvom, tr\u017ei\u0161tem i dru\u0161tvenom mo\u0107i.<\/p>\n<p>Na tragu te ideje u prvome dijelu obra\u0111ujemo temu &#8220;Sociologija elita i ekonomska elita&#8221;. Tema je razlo\u017eena kroz manje cjeline, kao \u0161to su: Uvodna odre\u0111enja: tko je elita?; Klasi\u010dni teoreti\u010dari elita: usmjerenost na politi\u010dku elitu; Funkcionalisti\u010dka paradigma: ekonomska elita kao dio strate\u0161kih elita; Ekonomska elita kao dio elite mo\u0107i; Razumijevanje ekonomske elite u P. Bourdieua; Ekonomska elita u istra\u017eivanjima M. Hartmanna; Dru\u0161tveno podrijetlo i obrazovanje europske korporacijske elite; Moderna korporacijska elita, financijalizacija i restrukturiranje poduze\u0107a; Ekonomska elita i korporacijsko upravljanje: neki empirijski uvidi; te Ekonomska elita kao istra\u017eiva\u010dka tema: teorije elita i dru\u0161tvena stvarnost nakon sloma realnog socijalizma.<\/p>\n<p>U drugome dijelu, &#8220;Hrvatski slu\u010daj: ekonomska elita kao sudionik kapitalizma periferije&#8221;, poku\u0161at \u0107emo ne\u0161to vi\u0161e re\u0107i o razvoju hrvatske ekonomske elite te o razvoju poduzetni\u0161tva i problemima legitimacije politi\u010dke i ekonomske mo\u0107i u na\u0161im prilikama. Slijedom takve nakane obra\u0111uju se teme kao \u0161to su: Postsocijalisti\u010dke ekonomske elite i poduzetni\u0161tvo: prilog analizi tipologije poduzetnika; Tipovi poduzetnika, strategije i percipirane granice rasta; Habitus, tr\u017ei\u0161te i proizvodnja tr\u017ei\u0161nih sudionika: slu\u010daj kutjeva\u010dkih proizvo\u0111a\u010da vina; Vinari Po\u017ee\u0161ko-slavonske \u017eupanije i izazovi europskog tr\u017ei\u0161ta vina; Menad\u017eerska elita i neke dimenzije socioekonomske kulture u Hrvatskoj;Hrvatski poduzetnici i tr\u017ei\u0161te: od euforije rasta do protukriznih strategija; Hrvatska mala i srednja poduze\u0107a i kriza rasta: u potrazi za novim nositeljima rasta?; Bez &#8220;sretnog zavr\u0161etka&#8221;: tko je zapravo nova hrvatska ekonomska elita? U tom dijelu svjesno smo analiti\u010dki naglasak stavili na mala i srednja poduze\u0107a jer ona \u010dine 99 posto poduze\u0107a u ukupnoj strukturi hrvatskoga gospodarstva.<\/p>\n<p>Jesmo li ovim temama odgovorili na neke od va\u017enijih dru\u0161tvenih tema koje nas mu\u010de kao istra\u017eiva\u010de dru\u0161tvenih pojava i procesa? Nadam se da jesmo. No kona\u010dnu ocjenu o tome re\u0107i \u0107e, kao i uvijek, zainteresirani \u010ditatelj. Kojemu \u017eelim ne samo kriti\u010dnosti pri ulasku u ove radove, ve\u0107 i strpljenja u njihovom \u010ditanju.<\/p>\n<p><em>Autor<\/p>\n<p><\/em><\/p>\n","protected":false},"excerpt":{"rendered":"<p>Kao 26. knjiga Biblioteke Studije Instituta dru\u0161tvenih znanosti Ivo Pilar objavljena je knjiga dr. sc. Drage \u010cengi\u0107a EKONOMSKA ELITA: VLADAR IZ SJENE? Prilozi ekonomskoj sociologiji. \u2013 Svrha je ove knjige istra\u017eiti mjesto ekonomske elite u sociologiji (elita) te proces socio-ekonomske evolucije (novih) ekonomskih elita koje su se u europskim zemljama razvile uslijed financijalizacije globalnoga gospodarstva&hellip; <a class=\"continue\" href=\"https:\/\/www.vegaintro-projekti.com\/pilar-stari\/2016\/04\/objavljena-knjiga-ekonomska-elita-vladar-iz-sjene\/\">Pro\u010ditaj vi\u0161e o<span> Objavljena knjiga EKONOMSKA ELITA: VLADAR IZ SJENE?<\/span><\/a><\/p>\n","protected":false},"author":1,"featured_media":0,"comment_status":"open","ping_status":"open","sticky":false,"template":"","format":"standard","meta":{"inline_featured_image":false,"ngg_post_thumbnail":0,"footnotes":""},"categories":[21],"tags":[],"yoast_head":"<!-- This site is optimized with the Yoast SEO plugin v21.2 - https:\/\/yoast.com\/wordpress\/plugins\/seo\/ -->\n<title>Objavljena knjiga EKONOMSKA ELITA: VLADAR IZ SJENE? - Institut dru&scaron;tvenih znanosti Ivo Pilar<\/title>\n<meta name=\"robots\" content=\"noindex, follow, max-snippet:-1, max-image-preview:large, max-video-preview:-1\" \/>\n<meta property=\"og:locale\" content=\"hr_HR\" \/>\n<meta property=\"og:type\" content=\"article\" \/>\n<meta property=\"og:title\" content=\"Objavljena knjiga EKONOMSKA ELITA: VLADAR IZ SJENE? - Institut dru&scaron;tvenih znanosti Ivo Pilar\" \/>\n<meta property=\"og:description\" content=\"Kao 26. knjiga Biblioteke Studije Instituta dru\u0161tvenih znanosti Ivo Pilar objavljena je knjiga dr. sc. Drage \u010cengi\u0107a EKONOMSKA ELITA: VLADAR IZ SJENE? Prilozi ekonomskoj sociologiji. \u2013 Svrha je ove knjige istra\u017eiti mjesto ekonomske elite u sociologiji (elita) te proces socio-ekonomske evolucije (novih) ekonomskih elita koje su se u europskim zemljama razvile uslijed financijalizacije globalnoga gospodarstva&hellip; Pro\u010ditaj vi\u0161e o Objavljena knjiga EKONOMSKA ELITA: VLADAR IZ SJENE?\" \/>\n<meta property=\"og:url\" content=\"https:\/\/www.vegaintro-projekti.com\/pilar-stari\/2016\/04\/objavljena-knjiga-ekonomska-elita-vladar-iz-sjene\/\" \/>\n<meta property=\"og:site_name\" content=\"Institut dru&scaron;tvenih znanosti Ivo Pilar\" \/>\n<meta property=\"article:published_time\" content=\"2016-04-30T17:10:08+00:00\" \/>\n<meta property=\"article:modified_time\" content=\"2017-12-08T15:00:19+00:00\" \/>\n<meta property=\"og:image\" content=\"https:\/\/www.vegaintro-projekti.com\/pilar-stari\/wp-content\/images\/stories\/fotografije\/publikacije\/naslovnice\/small\/Elite_nasl.jpg\" \/>\n<meta name=\"author\" content=\"pilar-admin\" \/>\n<meta name=\"twitter:card\" content=\"summary_large_image\" \/>\n<meta name=\"twitter:label1\" content=\"Napisao\/la\" \/>\n\t<meta name=\"twitter:data1\" content=\"pilar-admin\" \/>\n\t<meta name=\"twitter:label2\" content=\"Procijenjeno vrijeme \u010ditanja\" \/>\n\t<meta name=\"twitter:data2\" content=\"4 minute\" \/>\n<script type=\"application\/ld+json\" class=\"yoast-schema-graph\">{\"@context\":\"https:\/\/schema.org\",\"@graph\":[{\"@type\":\"WebPage\",\"@id\":\"https:\/\/www.vegaintro-projekti.com\/pilar-stari\/2016\/04\/objavljena-knjiga-ekonomska-elita-vladar-iz-sjene\/\",\"url\":\"https:\/\/www.vegaintro-projekti.com\/pilar-stari\/2016\/04\/objavljena-knjiga-ekonomska-elita-vladar-iz-sjene\/\",\"name\":\"Objavljena knjiga EKONOMSKA ELITA: VLADAR IZ SJENE? - Institut dru&scaron;tvenih znanosti Ivo Pilar\",\"isPartOf\":{\"@id\":\"https:\/\/www.vegaintro-projekti.com\/pilar-stari\/#website\"},\"datePublished\":\"2016-04-30T17:10:08+00:00\",\"dateModified\":\"2017-12-08T15:00:19+00:00\",\"author\":{\"@id\":\"https:\/\/www.vegaintro-projekti.com\/pilar-stari\/#\/schema\/person\/c0db50ebd77c4409e19b18044bbf10c1\"},\"breadcrumb\":{\"@id\":\"https:\/\/www.vegaintro-projekti.com\/pilar-stari\/2016\/04\/objavljena-knjiga-ekonomska-elita-vladar-iz-sjene\/#breadcrumb\"},\"inLanguage\":\"hr\",\"potentialAction\":[{\"@type\":\"ReadAction\",\"target\":[\"https:\/\/www.vegaintro-projekti.com\/pilar-stari\/2016\/04\/objavljena-knjiga-ekonomska-elita-vladar-iz-sjene\/\"]}]},{\"@type\":\"BreadcrumbList\",\"@id\":\"https:\/\/www.vegaintro-projekti.com\/pilar-stari\/2016\/04\/objavljena-knjiga-ekonomska-elita-vladar-iz-sjene\/#breadcrumb\",\"itemListElement\":[{\"@type\":\"ListItem\",\"position\":1,\"name\":\"Home\",\"item\":\"https:\/\/www.vegaintro-projekti.com\/pilar-stari\/\"},{\"@type\":\"ListItem\",\"position\":2,\"name\":\"Objavljena knjiga EKONOMSKA ELITA: VLADAR IZ SJENE?\"}]},{\"@type\":\"WebSite\",\"@id\":\"https:\/\/www.vegaintro-projekti.com\/pilar-stari\/#website\",\"url\":\"https:\/\/www.vegaintro-projekti.com\/pilar-stari\/\",\"name\":\"Institut dru&scaron;tvenih znanosti Ivo Pilar\",\"description\":\"Pilar\",\"potentialAction\":[{\"@type\":\"SearchAction\",\"target\":{\"@type\":\"EntryPoint\",\"urlTemplate\":\"https:\/\/www.vegaintro-projekti.com\/pilar-stari\/?s={search_term_string}\"},\"query-input\":\"required name=search_term_string\"}],\"inLanguage\":\"hr\"},{\"@type\":\"Person\",\"@id\":\"https:\/\/www.vegaintro-projekti.com\/pilar-stari\/#\/schema\/person\/c0db50ebd77c4409e19b18044bbf10c1\",\"name\":\"pilar-admin\",\"image\":{\"@type\":\"ImageObject\",\"inLanguage\":\"hr\",\"@id\":\"https:\/\/www.vegaintro-projekti.com\/pilar-stari\/#\/schema\/person\/image\/\",\"url\":\"https:\/\/secure.gravatar.com\/avatar\/fac9e03c4db0011b9c1ad8b5e9c74b8c?s=96&d=mm&r=g\",\"contentUrl\":\"https:\/\/secure.gravatar.com\/avatar\/fac9e03c4db0011b9c1ad8b5e9c74b8c?s=96&d=mm&r=g\",\"caption\":\"pilar-admin\"},\"url\":\"https:\/\/www.vegaintro-projekti.com\/pilar-stari\/author\/pilar-admin\/\"}]}<\/script>\n<!-- \/ Yoast SEO plugin. -->","yoast_head_json":{"title":"Objavljena knjiga EKONOMSKA ELITA: VLADAR IZ SJENE? - Institut dru&scaron;tvenih znanosti Ivo Pilar","robots":{"index":"noindex","follow":"follow","max-snippet":"max-snippet:-1","max-image-preview":"max-image-preview:large","max-video-preview":"max-video-preview:-1"},"og_locale":"hr_HR","og_type":"article","og_title":"Objavljena knjiga EKONOMSKA ELITA: VLADAR IZ SJENE? - Institut dru&scaron;tvenih znanosti Ivo Pilar","og_description":"Kao 26. knjiga Biblioteke Studije Instituta dru\u0161tvenih znanosti Ivo Pilar objavljena je knjiga dr. sc. Drage \u010cengi\u0107a EKONOMSKA ELITA: VLADAR IZ SJENE? Prilozi ekonomskoj sociologiji. \u2013 Svrha je ove knjige istra\u017eiti mjesto ekonomske elite u sociologiji (elita) te proces socio-ekonomske evolucije (novih) ekonomskih elita koje su se u europskim zemljama razvile uslijed financijalizacije globalnoga gospodarstva&hellip; Pro\u010ditaj vi\u0161e o Objavljena knjiga EKONOMSKA ELITA: VLADAR IZ SJENE?","og_url":"https:\/\/www.vegaintro-projekti.com\/pilar-stari\/2016\/04\/objavljena-knjiga-ekonomska-elita-vladar-iz-sjene\/","og_site_name":"Institut dru&scaron;tvenih znanosti Ivo Pilar","article_published_time":"2016-04-30T17:10:08+00:00","article_modified_time":"2017-12-08T15:00:19+00:00","og_image":[{"url":"https:\/\/www.vegaintro-projekti.com\/pilar-stari\/wp-content\/images\/stories\/fotografije\/publikacije\/naslovnice\/small\/Elite_nasl.jpg"}],"author":"pilar-admin","twitter_card":"summary_large_image","twitter_misc":{"Napisao\/la":"pilar-admin","Procijenjeno vrijeme \u010ditanja":"4 minute"},"schema":{"@context":"https:\/\/schema.org","@graph":[{"@type":"WebPage","@id":"https:\/\/www.vegaintro-projekti.com\/pilar-stari\/2016\/04\/objavljena-knjiga-ekonomska-elita-vladar-iz-sjene\/","url":"https:\/\/www.vegaintro-projekti.com\/pilar-stari\/2016\/04\/objavljena-knjiga-ekonomska-elita-vladar-iz-sjene\/","name":"Objavljena knjiga EKONOMSKA ELITA: VLADAR IZ SJENE? - Institut dru&scaron;tvenih znanosti Ivo Pilar","isPartOf":{"@id":"https:\/\/www.vegaintro-projekti.com\/pilar-stari\/#website"},"datePublished":"2016-04-30T17:10:08+00:00","dateModified":"2017-12-08T15:00:19+00:00","author":{"@id":"https:\/\/www.vegaintro-projekti.com\/pilar-stari\/#\/schema\/person\/c0db50ebd77c4409e19b18044bbf10c1"},"breadcrumb":{"@id":"https:\/\/www.vegaintro-projekti.com\/pilar-stari\/2016\/04\/objavljena-knjiga-ekonomska-elita-vladar-iz-sjene\/#breadcrumb"},"inLanguage":"hr","potentialAction":[{"@type":"ReadAction","target":["https:\/\/www.vegaintro-projekti.com\/pilar-stari\/2016\/04\/objavljena-knjiga-ekonomska-elita-vladar-iz-sjene\/"]}]},{"@type":"BreadcrumbList","@id":"https:\/\/www.vegaintro-projekti.com\/pilar-stari\/2016\/04\/objavljena-knjiga-ekonomska-elita-vladar-iz-sjene\/#breadcrumb","itemListElement":[{"@type":"ListItem","position":1,"name":"Home","item":"https:\/\/www.vegaintro-projekti.com\/pilar-stari\/"},{"@type":"ListItem","position":2,"name":"Objavljena knjiga EKONOMSKA ELITA: VLADAR IZ SJENE?"}]},{"@type":"WebSite","@id":"https:\/\/www.vegaintro-projekti.com\/pilar-stari\/#website","url":"https:\/\/www.vegaintro-projekti.com\/pilar-stari\/","name":"Institut dru&scaron;tvenih znanosti Ivo Pilar","description":"Pilar","potentialAction":[{"@type":"SearchAction","target":{"@type":"EntryPoint","urlTemplate":"https:\/\/www.vegaintro-projekti.com\/pilar-stari\/?s={search_term_string}"},"query-input":"required name=search_term_string"}],"inLanguage":"hr"},{"@type":"Person","@id":"https:\/\/www.vegaintro-projekti.com\/pilar-stari\/#\/schema\/person\/c0db50ebd77c4409e19b18044bbf10c1","name":"pilar-admin","image":{"@type":"ImageObject","inLanguage":"hr","@id":"https:\/\/www.vegaintro-projekti.com\/pilar-stari\/#\/schema\/person\/image\/","url":"https:\/\/secure.gravatar.com\/avatar\/fac9e03c4db0011b9c1ad8b5e9c74b8c?s=96&d=mm&r=g","contentUrl":"https:\/\/secure.gravatar.com\/avatar\/fac9e03c4db0011b9c1ad8b5e9c74b8c?s=96&d=mm&r=g","caption":"pilar-admin"},"url":"https:\/\/www.vegaintro-projekti.com\/pilar-stari\/author\/pilar-admin\/"}]}},"_links":{"self":[{"href":"https:\/\/www.vegaintro-projekti.com\/pilar-stari\/wp-json\/wp\/v2\/posts\/881"}],"collection":[{"href":"https:\/\/www.vegaintro-projekti.com\/pilar-stari\/wp-json\/wp\/v2\/posts"}],"about":[{"href":"https:\/\/www.vegaintro-projekti.com\/pilar-stari\/wp-json\/wp\/v2\/types\/post"}],"author":[{"embeddable":true,"href":"https:\/\/www.vegaintro-projekti.com\/pilar-stari\/wp-json\/wp\/v2\/users\/1"}],"replies":[{"embeddable":true,"href":"https:\/\/www.vegaintro-projekti.com\/pilar-stari\/wp-json\/wp\/v2\/comments?post=881"}],"version-history":[{"count":3,"href":"https:\/\/www.vegaintro-projekti.com\/pilar-stari\/wp-json\/wp\/v2\/posts\/881\/revisions"}],"predecessor-version":[{"id":8045,"href":"https:\/\/www.vegaintro-projekti.com\/pilar-stari\/wp-json\/wp\/v2\/posts\/881\/revisions\/8045"}],"wp:attachment":[{"href":"https:\/\/www.vegaintro-projekti.com\/pilar-stari\/wp-json\/wp\/v2\/media?parent=881"}],"wp:term":[{"taxonomy":"category","embeddable":true,"href":"https:\/\/www.vegaintro-projekti.com\/pilar-stari\/wp-json\/wp\/v2\/categories?post=881"},{"taxonomy":"post_tag","embeddable":true,"href":"https:\/\/www.vegaintro-projekti.com\/pilar-stari\/wp-json\/wp\/v2\/tags?post=881"}],"curies":[{"name":"wp","href":"https:\/\/api.w.org\/{rel}","templated":true}]}}