{"id":884,"date":"2016-05-03T10:27:07","date_gmt":"2016-05-03T10:27:07","guid":{"rendered":"https:\/\/www.vegaintro-projekti.com\/pilar-stari\/2016\/05\/03\/veleposlanica-izraela-zina-kalay-kleitman-u-osijeku\/"},"modified":"2017-12-08T15:00:40","modified_gmt":"2017-12-08T15:00:40","slug":"veleposlanica-izraela-zina-kalay-kleitman-u-osijeku","status":"publish","type":"post","link":"https:\/\/www.vegaintro-projekti.com\/pilar-stari\/2016\/05\/veleposlanica-izraela-zina-kalay-kleitman-u-osijeku\/","title":{"rendered":"VELEPOSLANICA IZRAELA ZINA KALAY-KLEITMAN U OSIJEKU"},"content":{"rendered":"<p><strong>U Institutu dru\u0161tvenih znanosti Ivo Pilar u Osijeku odr\u017eana je konferencija za novinare u povodu posjeta veleposlanice Dr\u017eave Izrael u Republici Hrvatskoj Zine Kalay-Kleitman. Tom su prigodom najavljena dva doga\u0111aja koja zajedno organiziraju Veleposlanstvo Dr\u017eave Izrael u RH, Matica hrvatska &#8211; Ogranak Osijek te Institut za dru\u0161tvene djelatnosti Ivo Pilar &#8211; Podru\u010dni centar Osijek: predavanje veleposlanice Zine Kalay-Kleitman o stanju na Bliskom istoku iz perspektive Izraela te otvorenje izlo\u017ebe fotografija &#8220;Papa Franjo u Izraelu&#8221; \u2013 <a href=\"#mediji\">Iz medija<\/a><\/strong><\/p>\n<table border=\"0\">\n<tbody>\n<tr>\n<td><img decoding=\"async\" loading=\"lazy\" src=\"https:\/\/www.vegaintro-projekti.com\/pilar-stari\/wp-content\/images\/stories\/fotografije\/podrucni\/osijek\/Izrael_veleposlanica\/ZKK_1_s.JPG\" alt=\"ZKK 1 s\" width=\"212\" height=\"159\" \/><\/td>\n<td><img decoding=\"async\" loading=\"lazy\" src=\"https:\/\/www.vegaintro-projekti.com\/pilar-stari\/wp-content\/images\/stories\/fotografije\/podrucni\/osijek\/Izrael_veleposlanica\/ZKK_2_s.JPG\" alt=\"ZKK 2 s\" width=\"212\" height=\"159\" \/><\/td>\n<td><img decoding=\"async\" loading=\"lazy\" src=\"https:\/\/www.vegaintro-projekti.com\/pilar-stari\/wp-content\/images\/stories\/fotografije\/podrucni\/osijek\/Izrael_veleposlanica\/ZKK_3_s.JPG\" alt=\"ZKK 3 s\" width=\"212\" height=\"159\" \/><\/td>\n<\/tr>\n<\/tbody>\n<\/table>\n<table border=\"0\">\n<tbody>\n<tr>\n<td><img decoding=\"async\" loading=\"lazy\" src=\"https:\/\/www.vegaintro-projekti.com\/pilar-stari\/wp-content\/images\/stories\/fotografije\/podrucni\/osijek\/Izrael_veleposlanica\/ZKK_0_s.JPG\" alt=\"ZKK 0 s\" width=\"644\" height=\"308\" \/><\/td>\n<\/tr>\n<\/tbody>\n<\/table>\n<p><span style=\"font-size: 8pt;\"><strong>Predavanje veleposlanice Dr\u017eave Izrael u Republici Hrvatskoj Zine Kalay-Kleitman i otvaranje izlo\u017ebe fotografija \u201cPapa Franjo u Izraelu\u201d; Osijek, 24. o\u017eujka 2016.<\/strong><\/span><\/p>\n<p>Predavanje je odr\u017eano 24. o\u017eujka u HNK-u Osijek, a nazo\u010dili su mu uz brojne zainteresirane gra\u0111ane i osje\u010dki gradona\u010delnik gospodin Ivan Vrki\u0107, \u017eupan prof. dr. sc. Vladimir \u0160i\u0161ljagi\u0107, rektor Sveu\u010dili\u0161ta J. J. Strossmayera prof. dr. sc. \u017deljko Turkalj te ministar znanosti, obrazovanja i sporta Predrag \u0160uster. Istog je dana otvorena i najavljena izlo\u017eba fotografija &#8220;Papa Franjo u Izraelu&#8221;.<\/p>\n<p><a name=\"mediji\">&nbsp;<\/a><br \/><span style=\"font-size: 12pt;\">Iz medija<\/p>\n<p><\/span><strong>&#8211; Glas Slavonije:<\/strong> <a href=\"http:\/\/www.glas-slavonije.hr\/296941\/3\/Predavanje-o-Bliskom-istoku-i-izlozba-fotografija-Papa-Franjo-u-Izraelu\">VELEPOSLANICA IZRAELA ZINA KALAY-KLEITMAN U OSIJEKU: Predavanje o Bliskom istoku i izlo\u017eba fotografija \u201ePapa Franjo u Izraelu\u201c, 24. o\u017eujka 2016.<\/a><\/p>\n<p><strong>&#8211; Glas Slavonije:<\/strong> <a href=\"http:\/\/www.glas-slavonije.hr\/297080\/1\/U-Europi-je-vec-infiltrirano-vise-od-400-terorista\">IZRAELSKA VELEPOSLANICA UPOZORAVA: U Europi je ve\u0107 infiltrirano vi\u0161e od 400 terorista, 25. o\u017eujka 2016.<\/a><\/p>\n<p><span style=\"font-size: 12pt;\">Od kada boravim u Europi do\u0161la sam do saznanja da su ovi dosada\u0161nji teroristi\u010dki napadi samo po\u010detak. Europska unija po\u010diva na nekoliko postulata i ako se oni ne promijene, s obzirom na zbivanja na Bliskom istoku i dolazak izbjeglica, bit \u0107e poljuljana op\u0107a sigurnost u EU, kao i cijela EU. Osim svih ljudskih prava, pravo na \u017eivot temeljno je i osnovno. U Izraelu se zato i branimo &#8211; da bismo opstali. Ako je to\u010dna informacija o ovih 400 terorista, a mislim da ih ima vi\u0161e koji su dobro obu\u010deni i samo \u010dekaju trenutak da stupe u akciju, i ako EU ne promijeni svoja na\u010dela i stavi \u017eivote svojih gra\u0111ana na prvo mjesto, ne\u0107e biti dobro &#8211; naglasila je Zina Kalay Kleitman.<\/span><\/p>\n<p>&gt;&gt;&gt; <a href=\"https:\/\/www.vegaintro-projekti.com\/pilar-stari\/2008\/10\/podruni-centar-osijek\/\">PODRU\u010cNI CENTAR OSIJEK<\/a><\/p>\n","protected":false},"excerpt":{"rendered":"<p>U Institutu dru\u0161tvenih znanosti Ivo Pilar u Osijeku odr\u017eana je konferencija za novinare u povodu posjeta veleposlanice Dr\u017eave Izrael u Republici Hrvatskoj Zine Kalay-Kleitman. Tom su prigodom najavljena dva doga\u0111aja koja zajedno organiziraju Veleposlanstvo Dr\u017eave Izrael u RH, Matica hrvatska &#8211; Ogranak Osijek te Institut za dru\u0161tvene djelatnosti Ivo Pilar &#8211; Podru\u010dni centar Osijek: predavanje&hellip; <a class=\"continue\" href=\"https:\/\/www.vegaintro-projekti.com\/pilar-stari\/2016\/05\/veleposlanica-izraela-zina-kalay-kleitman-u-osijeku\/\">Pro\u010ditaj vi\u0161e o<span> VELEPOSLANICA IZRAELA ZINA KALAY-KLEITMAN U OSIJEKU<\/span><\/a><\/p>\n","protected":false},"author":1,"featured_media":0,"comment_status":"open","ping_status":"open","sticky":false,"template":"","format":"standard","meta":{"inline_featured_image":false,"ngg_post_thumbnail":0,"footnotes":""},"categories":[11],"tags":[],"yoast_head":"<!-- This site is optimized with the Yoast SEO plugin v21.2 - https:\/\/yoast.com\/wordpress\/plugins\/seo\/ -->\n<title>VELEPOSLANICA IZRAELA ZINA KALAY-KLEITMAN U OSIJEKU - Institut dru&scaron;tvenih znanosti Ivo Pilar<\/title>\n<meta name=\"robots\" content=\"noindex, follow, max-snippet:-1, max-image-preview:large, max-video-preview:-1\" \/>\n<meta property=\"og:locale\" content=\"hr_HR\" \/>\n<meta property=\"og:type\" content=\"article\" \/>\n<meta property=\"og:title\" content=\"VELEPOSLANICA IZRAELA ZINA KALAY-KLEITMAN U OSIJEKU - Institut dru&scaron;tvenih znanosti Ivo Pilar\" \/>\n<meta property=\"og:description\" content=\"U Institutu dru\u0161tvenih znanosti Ivo Pilar u Osijeku odr\u017eana je konferencija za novinare u povodu posjeta veleposlanice Dr\u017eave Izrael u Republici Hrvatskoj Zine Kalay-Kleitman. Tom su prigodom najavljena dva doga\u0111aja koja zajedno organiziraju Veleposlanstvo Dr\u017eave Izrael u RH, Matica hrvatska &#8211; Ogranak Osijek te Institut za dru\u0161tvene djelatnosti Ivo Pilar &#8211; Podru\u010dni centar Osijek: predavanje&hellip; Pro\u010ditaj vi\u0161e o VELEPOSLANICA IZRAELA ZINA KALAY-KLEITMAN U OSIJEKU\" \/>\n<meta property=\"og:url\" content=\"https:\/\/www.vegaintro-projekti.com\/pilar-stari\/2016\/05\/veleposlanica-izraela-zina-kalay-kleitman-u-osijeku\/\" \/>\n<meta property=\"og:site_name\" content=\"Institut dru&scaron;tvenih znanosti Ivo Pilar\" \/>\n<meta property=\"article:published_time\" content=\"2016-05-03T10:27:07+00:00\" \/>\n<meta property=\"article:modified_time\" content=\"2017-12-08T15:00:40+00:00\" \/>\n<meta property=\"og:image\" content=\"https:\/\/www.vegaintro-projekti.com\/pilar-stari\/wp-content\/images\/stories\/fotografije\/podrucni\/osijek\/Izrael_veleposlanica\/ZKK_1_s.JPG\" \/>\n<meta name=\"author\" content=\"pilar-admin\" \/>\n<meta name=\"twitter:card\" content=\"summary_large_image\" \/>\n<meta name=\"twitter:label1\" content=\"Napisao\/la\" \/>\n\t<meta name=\"twitter:data1\" content=\"pilar-admin\" \/>\n\t<meta name=\"twitter:label2\" content=\"Procijenjeno vrijeme \u010ditanja\" \/>\n\t<meta name=\"twitter:data2\" content=\"2 minute\" \/>\n<script type=\"application\/ld+json\" class=\"yoast-schema-graph\">{\"@context\":\"https:\/\/schema.org\",\"@graph\":[{\"@type\":\"WebPage\",\"@id\":\"https:\/\/www.vegaintro-projekti.com\/pilar-stari\/2016\/05\/veleposlanica-izraela-zina-kalay-kleitman-u-osijeku\/\",\"url\":\"https:\/\/www.vegaintro-projekti.com\/pilar-stari\/2016\/05\/veleposlanica-izraela-zina-kalay-kleitman-u-osijeku\/\",\"name\":\"VELEPOSLANICA IZRAELA ZINA KALAY-KLEITMAN U OSIJEKU - Institut dru&scaron;tvenih znanosti Ivo Pilar\",\"isPartOf\":{\"@id\":\"https:\/\/www.vegaintro-projekti.com\/pilar-stari\/#website\"},\"datePublished\":\"2016-05-03T10:27:07+00:00\",\"dateModified\":\"2017-12-08T15:00:40+00:00\",\"author\":{\"@id\":\"https:\/\/www.vegaintro-projekti.com\/pilar-stari\/#\/schema\/person\/c0db50ebd77c4409e19b18044bbf10c1\"},\"breadcrumb\":{\"@id\":\"https:\/\/www.vegaintro-projekti.com\/pilar-stari\/2016\/05\/veleposlanica-izraela-zina-kalay-kleitman-u-osijeku\/#breadcrumb\"},\"inLanguage\":\"hr\",\"potentialAction\":[{\"@type\":\"ReadAction\",\"target\":[\"https:\/\/www.vegaintro-projekti.com\/pilar-stari\/2016\/05\/veleposlanica-izraela-zina-kalay-kleitman-u-osijeku\/\"]}]},{\"@type\":\"BreadcrumbList\",\"@id\":\"https:\/\/www.vegaintro-projekti.com\/pilar-stari\/2016\/05\/veleposlanica-izraela-zina-kalay-kleitman-u-osijeku\/#breadcrumb\",\"itemListElement\":[{\"@type\":\"ListItem\",\"position\":1,\"name\":\"Home\",\"item\":\"https:\/\/www.vegaintro-projekti.com\/pilar-stari\/\"},{\"@type\":\"ListItem\",\"position\":2,\"name\":\"VELEPOSLANICA IZRAELA ZINA KALAY-KLEITMAN U OSIJEKU\"}]},{\"@type\":\"WebSite\",\"@id\":\"https:\/\/www.vegaintro-projekti.com\/pilar-stari\/#website\",\"url\":\"https:\/\/www.vegaintro-projekti.com\/pilar-stari\/\",\"name\":\"Institut dru&scaron;tvenih znanosti Ivo Pilar\",\"description\":\"Pilar\",\"potentialAction\":[{\"@type\":\"SearchAction\",\"target\":{\"@type\":\"EntryPoint\",\"urlTemplate\":\"https:\/\/www.vegaintro-projekti.com\/pilar-stari\/?s={search_term_string}\"},\"query-input\":\"required name=search_term_string\"}],\"inLanguage\":\"hr\"},{\"@type\":\"Person\",\"@id\":\"https:\/\/www.vegaintro-projekti.com\/pilar-stari\/#\/schema\/person\/c0db50ebd77c4409e19b18044bbf10c1\",\"name\":\"pilar-admin\",\"image\":{\"@type\":\"ImageObject\",\"inLanguage\":\"hr\",\"@id\":\"https:\/\/www.vegaintro-projekti.com\/pilar-stari\/#\/schema\/person\/image\/\",\"url\":\"https:\/\/secure.gravatar.com\/avatar\/fac9e03c4db0011b9c1ad8b5e9c74b8c?s=96&d=mm&r=g\",\"contentUrl\":\"https:\/\/secure.gravatar.com\/avatar\/fac9e03c4db0011b9c1ad8b5e9c74b8c?s=96&d=mm&r=g\",\"caption\":\"pilar-admin\"},\"url\":\"https:\/\/www.vegaintro-projekti.com\/pilar-stari\/author\/pilar-admin\/\"}]}<\/script>\n<!-- \/ Yoast SEO plugin. -->","yoast_head_json":{"title":"VELEPOSLANICA IZRAELA ZINA KALAY-KLEITMAN U OSIJEKU - Institut dru&scaron;tvenih znanosti Ivo Pilar","robots":{"index":"noindex","follow":"follow","max-snippet":"max-snippet:-1","max-image-preview":"max-image-preview:large","max-video-preview":"max-video-preview:-1"},"og_locale":"hr_HR","og_type":"article","og_title":"VELEPOSLANICA IZRAELA ZINA KALAY-KLEITMAN U OSIJEKU - Institut dru&scaron;tvenih znanosti Ivo Pilar","og_description":"U Institutu dru\u0161tvenih znanosti Ivo Pilar u Osijeku odr\u017eana je konferencija za novinare u povodu posjeta veleposlanice Dr\u017eave Izrael u Republici Hrvatskoj Zine Kalay-Kleitman. Tom su prigodom najavljena dva doga\u0111aja koja zajedno organiziraju Veleposlanstvo Dr\u017eave Izrael u RH, Matica hrvatska &#8211; Ogranak Osijek te Institut za dru\u0161tvene djelatnosti Ivo Pilar &#8211; Podru\u010dni centar Osijek: predavanje&hellip; Pro\u010ditaj vi\u0161e o VELEPOSLANICA IZRAELA ZINA KALAY-KLEITMAN U OSIJEKU","og_url":"https:\/\/www.vegaintro-projekti.com\/pilar-stari\/2016\/05\/veleposlanica-izraela-zina-kalay-kleitman-u-osijeku\/","og_site_name":"Institut dru&scaron;tvenih znanosti Ivo Pilar","article_published_time":"2016-05-03T10:27:07+00:00","article_modified_time":"2017-12-08T15:00:40+00:00","og_image":[{"url":"https:\/\/www.vegaintro-projekti.com\/pilar-stari\/wp-content\/images\/stories\/fotografije\/podrucni\/osijek\/Izrael_veleposlanica\/ZKK_1_s.JPG"}],"author":"pilar-admin","twitter_card":"summary_large_image","twitter_misc":{"Napisao\/la":"pilar-admin","Procijenjeno vrijeme \u010ditanja":"2 minute"},"schema":{"@context":"https:\/\/schema.org","@graph":[{"@type":"WebPage","@id":"https:\/\/www.vegaintro-projekti.com\/pilar-stari\/2016\/05\/veleposlanica-izraela-zina-kalay-kleitman-u-osijeku\/","url":"https:\/\/www.vegaintro-projekti.com\/pilar-stari\/2016\/05\/veleposlanica-izraela-zina-kalay-kleitman-u-osijeku\/","name":"VELEPOSLANICA IZRAELA ZINA KALAY-KLEITMAN U OSIJEKU - Institut dru&scaron;tvenih znanosti Ivo Pilar","isPartOf":{"@id":"https:\/\/www.vegaintro-projekti.com\/pilar-stari\/#website"},"datePublished":"2016-05-03T10:27:07+00:00","dateModified":"2017-12-08T15:00:40+00:00","author":{"@id":"https:\/\/www.vegaintro-projekti.com\/pilar-stari\/#\/schema\/person\/c0db50ebd77c4409e19b18044bbf10c1"},"breadcrumb":{"@id":"https:\/\/www.vegaintro-projekti.com\/pilar-stari\/2016\/05\/veleposlanica-izraela-zina-kalay-kleitman-u-osijeku\/#breadcrumb"},"inLanguage":"hr","potentialAction":[{"@type":"ReadAction","target":["https:\/\/www.vegaintro-projekti.com\/pilar-stari\/2016\/05\/veleposlanica-izraela-zina-kalay-kleitman-u-osijeku\/"]}]},{"@type":"BreadcrumbList","@id":"https:\/\/www.vegaintro-projekti.com\/pilar-stari\/2016\/05\/veleposlanica-izraela-zina-kalay-kleitman-u-osijeku\/#breadcrumb","itemListElement":[{"@type":"ListItem","position":1,"name":"Home","item":"https:\/\/www.vegaintro-projekti.com\/pilar-stari\/"},{"@type":"ListItem","position":2,"name":"VELEPOSLANICA IZRAELA ZINA KALAY-KLEITMAN U OSIJEKU"}]},{"@type":"WebSite","@id":"https:\/\/www.vegaintro-projekti.com\/pilar-stari\/#website","url":"https:\/\/www.vegaintro-projekti.com\/pilar-stari\/","name":"Institut dru&scaron;tvenih znanosti Ivo Pilar","description":"Pilar","potentialAction":[{"@type":"SearchAction","target":{"@type":"EntryPoint","urlTemplate":"https:\/\/www.vegaintro-projekti.com\/pilar-stari\/?s={search_term_string}"},"query-input":"required name=search_term_string"}],"inLanguage":"hr"},{"@type":"Person","@id":"https:\/\/www.vegaintro-projekti.com\/pilar-stari\/#\/schema\/person\/c0db50ebd77c4409e19b18044bbf10c1","name":"pilar-admin","image":{"@type":"ImageObject","inLanguage":"hr","@id":"https:\/\/www.vegaintro-projekti.com\/pilar-stari\/#\/schema\/person\/image\/","url":"https:\/\/secure.gravatar.com\/avatar\/fac9e03c4db0011b9c1ad8b5e9c74b8c?s=96&d=mm&r=g","contentUrl":"https:\/\/secure.gravatar.com\/avatar\/fac9e03c4db0011b9c1ad8b5e9c74b8c?s=96&d=mm&r=g","caption":"pilar-admin"},"url":"https:\/\/www.vegaintro-projekti.com\/pilar-stari\/author\/pilar-admin\/"}]}},"_links":{"self":[{"href":"https:\/\/www.vegaintro-projekti.com\/pilar-stari\/wp-json\/wp\/v2\/posts\/884"}],"collection":[{"href":"https:\/\/www.vegaintro-projekti.com\/pilar-stari\/wp-json\/wp\/v2\/posts"}],"about":[{"href":"https:\/\/www.vegaintro-projekti.com\/pilar-stari\/wp-json\/wp\/v2\/types\/post"}],"author":[{"embeddable":true,"href":"https:\/\/www.vegaintro-projekti.com\/pilar-stari\/wp-json\/wp\/v2\/users\/1"}],"replies":[{"embeddable":true,"href":"https:\/\/www.vegaintro-projekti.com\/pilar-stari\/wp-json\/wp\/v2\/comments?post=884"}],"version-history":[{"count":7,"href":"https:\/\/www.vegaintro-projekti.com\/pilar-stari\/wp-json\/wp\/v2\/posts\/884\/revisions"}],"predecessor-version":[{"id":8051,"href":"https:\/\/www.vegaintro-projekti.com\/pilar-stari\/wp-json\/wp\/v2\/posts\/884\/revisions\/8051"}],"wp:attachment":[{"href":"https:\/\/www.vegaintro-projekti.com\/pilar-stari\/wp-json\/wp\/v2\/media?parent=884"}],"wp:term":[{"taxonomy":"category","embeddable":true,"href":"https:\/\/www.vegaintro-projekti.com\/pilar-stari\/wp-json\/wp\/v2\/categories?post=884"},{"taxonomy":"post_tag","embeddable":true,"href":"https:\/\/www.vegaintro-projekti.com\/pilar-stari\/wp-json\/wp\/v2\/tags?post=884"}],"curies":[{"name":"wp","href":"https:\/\/api.w.org\/{rel}","templated":true}]}}