{"id":893,"date":"2016-05-31T22:56:19","date_gmt":"2016-05-31T22:56:19","guid":{"rendered":"https:\/\/www.vegaintro-projekti.com\/pilar-stari\/2016\/05\/31\/skup-kvaliteta-zivljenja-u-sjeverozapadnoj-hrvatskoj\/"},"modified":"2017-12-08T15:01:16","modified_gmt":"2017-12-08T15:01:16","slug":"skup-kvaliteta-zivljenja-u-sjeverozapadnoj-hrvatskoj","status":"publish","type":"post","link":"https:\/\/www.vegaintro-projekti.com\/pilar-stari\/2016\/05\/skup-kvaliteta-zivljenja-u-sjeverozapadnoj-hrvatskoj\/","title":{"rendered":"Skup: KVALITETA \u017dIVLJENJA U SJEVEROZAPADNOJ HRVATSKOJ"},"content":{"rendered":"<p><strong>Hrvatska akademija znanosti i umjetnosti &#8211; Zavod za znanstveni rad u Vara\u017edinu i Institut dru\u0161tvenih znanosti Ivo Pilar &#8211; Podru\u010dni centar Vara\u017edin organizirali su <strong>2. lipnja 2016.&nbsp;<\/strong>znanstveni skup pod nazivom KVALITETA \u017dIVLJENJA U&nbsp;SJEVEROZAPADNOJ HRVATSKOJ &#8211; <a href=\"https:\/\/www.vegaintro-projekti.com\/pilar-stari\/wp-content\/images\/stories\/dokumenti\/podrucni\/varazdin\/Pozivnica_KZSZ.pdf\">Pozivnica i program<\/a>&nbsp;| <a href=\"#mediji\">Iz medija<\/a><\/strong><\/p>\n<p><\/p>\n<table border=\"0\">\n<tbody>\n<tr>\n<td><img decoding=\"async\" loading=\"lazy\" src=\"https:\/\/www.vegaintro-projekti.com\/pilar-stari\/wp-content\/images\/stories\/fotografije\/podrucni\/varazdin\/KZSH\/Va_KZ_1_s.JPG\" alt=\"Va KZ 1 s\" width=\"212\" height=\"159\" \/><\/td>\n<td><img decoding=\"async\" loading=\"lazy\" src=\"https:\/\/www.vegaintro-projekti.com\/pilar-stari\/wp-content\/images\/stories\/fotografije\/podrucni\/varazdin\/KZSH\/Va_KZ_2_s.JPG\" alt=\"Va KZ 2 s\" width=\"212\" height=\"159\" \/><\/td>\n<td><img decoding=\"async\" loading=\"lazy\" src=\"https:\/\/www.vegaintro-projekti.com\/pilar-stari\/wp-content\/images\/stories\/fotografije\/podrucni\/varazdin\/KZSH\/Va_KZ_3_s.JPG\" alt=\"Va KZ 3 s\" width=\"212\" height=\"159\" \/><\/td>\n<\/tr>\n<\/tbody>\n<\/table>\n<p><img decoding=\"async\" loading=\"lazy\" src=\"https:\/\/www.vegaintro-projekti.com\/pilar-stari\/wp-content\/images\/stories\/fotografije\/podrucni\/varazdin\/KZSH\/PC_Va.jpg\" alt=\"PC Va\" width=\"651\" height=\"367\" \/><\/p>\n<p><span style=\"font-size: 8pt;\"><strong>Znanstveni skup KVALITETA \u017dIVLJENJA U SJEVEROZAPADNOJ HRVATSKOJ; Vara\u017edin, 2. lipnja 2016.<\/strong><\/span><\/p>\n<p><a name=\"mediji\">&nbsp;<\/a><br \/><span style=\"font-size: 14pt;\">Iz medija<\/span><\/p>\n<p><strong>&#8211; Vara\u017edinske vijesti:<\/strong> <a href=\"http:\/\/www.varazdinske-vijesti.hr\/aktualno\/stanovnici-sjeverozapadne-hrvatske-zadovoljniji-kvalitetom-zivljenja-od-ostatka-rh-7659\/\">Stanovnici sjeverozapadne Hrvatske zadovoljniji kvalitetom \u017eivljenja od ostatka RH?!, 2. lipnja 2016.<\/a><\/p>\n<p><strong>&#8211; Regionalni tjednik 7 plus:<\/strong> <a href=\"http:\/\/regionalni.com\/zivotdrustvo\/stanovnici-sjevera-sretniji-od-ostatka-zemlje-20533\/\">Stanovnici sjevera sretniji od ostatka zemlje, 3. lipnja 2016.<\/a><\/p>\n<p><strong>&#8211; HRT.hr:<\/strong> <a href=\"http:\/\/www.hrt.hr\/enz\/regionalni-dnevnik\/337923\/\">Regionalni dnevnik, 4. lipnja 2016.<\/a><\/p>\n<p><strong>&#8211; VTV Televizija:<\/strong> <a href=\"http:\/\/www.vtv.hr\/vijesti\/item\/1727-odrzan-znanstveni-skup-kvaliteta-zivljenja-u-sjeverozapadnoj-hrvatskoj\">ODR\u017dAN ZNANSTVENI SKUP KVALITETA \u017dIVLJENJA U SJEVEROZAPADNOJ HRVATSKOJ, 2. lipnja 2016.<\/a><\/p>\n<p>&nbsp;<\/p>\n<p><span style=\"font-size: 12pt;\">U organizaciji Zavoda za znanstveni rad u Vara\u017edinu HAZU i Podru\u010dnog centra Vara\u017edin Instituta dru\u0161tvenih znanosti Ivo Pilar u pala\u010di Herzer odr\u017ean je znanstveni skup pod nazivom &#8220;Kvaliteta \u017eivljenja u sjeverozapadnoj Hrvatskoj&#8221;.&nbsp;<\/span><span style=\"font-size: 12pt;\">Prof. dr. sc. Ljiljana Kaliterna Lipov\u010dan i prof. dr. sc. Andreja Braj\u0161a-\u017dganec iz Instituta Ivo Pilar iznijele su podatke iz dva istra\u017eivanja prema kojima su stanovnici u sjeverozapadnoj Hrvatskoj zadovoljniji kvalitetom \u017eivljenja od onih u drugim dijelovima Hrvatske.<\/span><\/p>\n<p>&#8211; Gra\u0111ani cijele Hrvatske su relativno sretni i zadovoljni, a usporedbom rezultata sjeverozapadne i ostatka Hrvatske vidjelo se da su ovdje gra\u0111ani zadovoljniji svojim \u017eivotom, imaju vi\u0161e povjerenja u dr\u017eavne institucije i \u017eive malo kvalitetnije nego ostatak Hrvatske \u2013 rekla je Ljiljana Kaliterna Lipov\u010dan, pomo\u0107nica ravnatelja Instituta dru\u0161tvenih znanosti Ivo Pilar dodav\u0161i da je zanimljivo i to da stanovnici SZ Hrvatske izra\u017eavaju manju \u017eelju za odlaskom u inozemstvo nego stanovnici ostatka Hrvatske.<\/p>\n<p>Istra\u017eivanje je ra\u0111eno pro\u0161le godine i provedeno je na reprezentativnom uzorku od tisu\u0107u gra\u0111ana. Rije\u010d je o 200-tinjak gra\u0111ana SZ Hrvatske i 800 iz ostalih dijelova Hrvatske. Tako\u0111er u usporedbi s EU, Hrvatska je na za\u010delju, ispod 20. mjesta po svim parametrima osim po o\u010dekivanjima u budu\u0107nosti gdje smo pokazali da smo relativno optimisti\u010dni i na 10. smo mjestu.<\/p>\n<p>Prof. dr.sc. Andreja Braj\u0161a-\u017dganec izlo\u017eila je istra\u017eivanje o kvaliteti \u017eivljenja gra\u0111ana grada Vara\u017edina te rezultate usporedila s Europskom unijom koji su se pokazali pozitivnima.<\/p>\n<p>&#8211; Stanovnici Vara\u017edina i okolnih naselja kvalitetu \u017eivota procjenjuju vi\u0161om nego \u0161to je to prosjek stanovnika Hrvatske, a na razini Europske unije \u2013 rekla je \u017dganec-Braj\u0161a dodav\u0161i kako oni koji tako nisu mislili naveli su da treba pobolj\u0161ati zapo\u0161ljavanje, zdravstvene usluge i obrazovanje.<\/p>\n<p>Anketno istra\u017eivanje je provedeno 2011. godine na 500 ispitanika te je vi\u0161e od 90 % stanovnika izjavilo da je najbolje mjesto za \u017eivot grad Vara\u017edin.<\/p>\n<p>Na znanstvenom skupu uz prof. dr.sc. Ljiljanu Kaliternu Lipov\u010dan i prof. dr. sc. Andreju Braj\u0161a-\u017dganec, sudjelovali su i prof. dr. sc. Nenad Pokos, dr. sc. Sa\u0161a Poljanec-Bori\u0107 te dr. sc. Anka Mi\u0161eti\u0107 dok je moderator znanstvenog skupa uz prof. dr. sc. Braj\u0161a-\u017dganec bio i Vladimir Huzjan, upravitelj Zavoda za znanstveni rad Hrvatske akademije znanosti i umjetnosti u Vara\u017edinu.<\/p>\n<p>&#8211;&nbsp;<a href=\"https:\/\/www.vegaintro-projekti.com\/pilar-stari\/wp-content\/images\/stories\/dokumenti\/podrucni\/varazdin\/Pozivnica_KZSZ.pdf\">Pozivnica i program znanstvenog skupa KVALITETA \u017dIVLJENJA U SJEVEROZAPADNOJ HRVATSKOJ; Vara\u017edin, 2. lipnja 2016.<\/a><\/p>\n<p><a href=\"https:\/\/www.vegaintro-projekti.com\/pilar-stari\/wp-content\/images\/stories\/dokumenti\/podrucni\/varazdin\/Pozivnica_KZSZ.pdf\"><img decoding=\"async\" loading=\"lazy\" src=\"https:\/\/www.vegaintro-projekti.com\/pilar-stari\/wp-content\/images\/stories\/fotografije\/podrucni\/varazdin\/KZSH\/Pozivnica_KZSZ_1.jpg\" alt=\"Pozivnica KZSZ 1\" width=\"637\" height=\"893\" \/><\/a><\/p>\n<p>&gt;&gt;&gt; <a href=\"https:\/\/www.vegaintro-projekti.com\/pilar-stari\/2011\/04\/podruni-centar-varadin\/\">PODRU\u010cNI CENTAR VARA\u017dDIN<\/a><\/p>\n<p><\/p>\n","protected":false},"excerpt":{"rendered":"<p>Hrvatska akademija znanosti i umjetnosti &#8211; Zavod za znanstveni rad u Vara\u017edinu i Institut dru\u0161tvenih znanosti Ivo Pilar &#8211; Podru\u010dni centar Vara\u017edin organizirali su 2. lipnja 2016.&nbsp;znanstveni skup pod nazivom KVALITETA \u017dIVLJENJA U&nbsp;SJEVEROZAPADNOJ HRVATSKOJ &#8211; Pozivnica i program&nbsp;| Iz medija Znanstveni skup KVALITETA \u017dIVLJENJA U SJEVEROZAPADNOJ HRVATSKOJ; Vara\u017edin, 2. lipnja 2016. &nbsp;Iz medija &#8211; Vara\u017edinske&hellip; <a class=\"continue\" href=\"https:\/\/www.vegaintro-projekti.com\/pilar-stari\/2016\/05\/skup-kvaliteta-zivljenja-u-sjeverozapadnoj-hrvatskoj\/\">Pro\u010ditaj vi\u0161e o<span> Skup: KVALITETA \u017dIVLJENJA U SJEVEROZAPADNOJ HRVATSKOJ<\/span><\/a><\/p>\n","protected":false},"author":1,"featured_media":0,"comment_status":"open","ping_status":"open","sticky":false,"template":"","format":"standard","meta":{"inline_featured_image":false,"ngg_post_thumbnail":0,"footnotes":""},"categories":[11],"tags":[],"yoast_head":"<!-- This site is optimized with the Yoast SEO plugin v21.2 - https:\/\/yoast.com\/wordpress\/plugins\/seo\/ -->\n<title>Skup: KVALITETA \u017dIVLJENJA U SJEVEROZAPADNOJ HRVATSKOJ - Institut dru&scaron;tvenih znanosti Ivo Pilar<\/title>\n<meta name=\"robots\" content=\"noindex, follow, max-snippet:-1, max-image-preview:large, max-video-preview:-1\" \/>\n<meta property=\"og:locale\" content=\"hr_HR\" \/>\n<meta property=\"og:type\" content=\"article\" \/>\n<meta property=\"og:title\" content=\"Skup: KVALITETA \u017dIVLJENJA U SJEVEROZAPADNOJ HRVATSKOJ - Institut dru&scaron;tvenih znanosti Ivo Pilar\" \/>\n<meta property=\"og:description\" content=\"Hrvatska akademija znanosti i umjetnosti &#8211; Zavod za znanstveni rad u Vara\u017edinu i Institut dru\u0161tvenih znanosti Ivo Pilar &#8211; Podru\u010dni centar Vara\u017edin organizirali su 2. lipnja 2016.&nbsp;znanstveni skup pod nazivom KVALITETA \u017dIVLJENJA U&nbsp;SJEVEROZAPADNOJ HRVATSKOJ &#8211; Pozivnica i program&nbsp;| Iz medija Znanstveni skup KVALITETA \u017dIVLJENJA U SJEVEROZAPADNOJ HRVATSKOJ; Vara\u017edin, 2. lipnja 2016. &nbsp;Iz medija &#8211; Vara\u017edinske&hellip; Pro\u010ditaj vi\u0161e o Skup: KVALITETA \u017dIVLJENJA U SJEVEROZAPADNOJ HRVATSKOJ\" \/>\n<meta property=\"og:url\" content=\"https:\/\/www.vegaintro-projekti.com\/pilar-stari\/2016\/05\/skup-kvaliteta-zivljenja-u-sjeverozapadnoj-hrvatskoj\/\" \/>\n<meta property=\"og:site_name\" content=\"Institut dru&scaron;tvenih znanosti Ivo Pilar\" \/>\n<meta property=\"article:published_time\" content=\"2016-05-31T22:56:19+00:00\" \/>\n<meta property=\"article:modified_time\" content=\"2017-12-08T15:01:16+00:00\" \/>\n<meta property=\"og:image\" content=\"https:\/\/www.vegaintro-projekti.com\/pilar-stari\/wp-content\/images\/stories\/fotografije\/podrucni\/varazdin\/KZSH\/Va_KZ_1_s.JPG\" \/>\n<meta name=\"author\" content=\"pilar-admin\" \/>\n<meta name=\"twitter:card\" content=\"summary_large_image\" \/>\n<meta name=\"twitter:label1\" content=\"Napisao\/la\" \/>\n\t<meta name=\"twitter:data1\" content=\"pilar-admin\" \/>\n\t<meta name=\"twitter:label2\" content=\"Procijenjeno vrijeme \u010ditanja\" \/>\n\t<meta name=\"twitter:data2\" content=\"3 minute\" \/>\n<script type=\"application\/ld+json\" class=\"yoast-schema-graph\">{\"@context\":\"https:\/\/schema.org\",\"@graph\":[{\"@type\":\"WebPage\",\"@id\":\"https:\/\/www.vegaintro-projekti.com\/pilar-stari\/2016\/05\/skup-kvaliteta-zivljenja-u-sjeverozapadnoj-hrvatskoj\/\",\"url\":\"https:\/\/www.vegaintro-projekti.com\/pilar-stari\/2016\/05\/skup-kvaliteta-zivljenja-u-sjeverozapadnoj-hrvatskoj\/\",\"name\":\"Skup: KVALITETA \u017dIVLJENJA U SJEVEROZAPADNOJ HRVATSKOJ - Institut dru&scaron;tvenih znanosti Ivo Pilar\",\"isPartOf\":{\"@id\":\"https:\/\/www.vegaintro-projekti.com\/pilar-stari\/#website\"},\"datePublished\":\"2016-05-31T22:56:19+00:00\",\"dateModified\":\"2017-12-08T15:01:16+00:00\",\"author\":{\"@id\":\"https:\/\/www.vegaintro-projekti.com\/pilar-stari\/#\/schema\/person\/c0db50ebd77c4409e19b18044bbf10c1\"},\"breadcrumb\":{\"@id\":\"https:\/\/www.vegaintro-projekti.com\/pilar-stari\/2016\/05\/skup-kvaliteta-zivljenja-u-sjeverozapadnoj-hrvatskoj\/#breadcrumb\"},\"inLanguage\":\"hr\",\"potentialAction\":[{\"@type\":\"ReadAction\",\"target\":[\"https:\/\/www.vegaintro-projekti.com\/pilar-stari\/2016\/05\/skup-kvaliteta-zivljenja-u-sjeverozapadnoj-hrvatskoj\/\"]}]},{\"@type\":\"BreadcrumbList\",\"@id\":\"https:\/\/www.vegaintro-projekti.com\/pilar-stari\/2016\/05\/skup-kvaliteta-zivljenja-u-sjeverozapadnoj-hrvatskoj\/#breadcrumb\",\"itemListElement\":[{\"@type\":\"ListItem\",\"position\":1,\"name\":\"Home\",\"item\":\"https:\/\/www.vegaintro-projekti.com\/pilar-stari\/\"},{\"@type\":\"ListItem\",\"position\":2,\"name\":\"Skup: KVALITETA \u017dIVLJENJA U SJEVEROZAPADNOJ HRVATSKOJ\"}]},{\"@type\":\"WebSite\",\"@id\":\"https:\/\/www.vegaintro-projekti.com\/pilar-stari\/#website\",\"url\":\"https:\/\/www.vegaintro-projekti.com\/pilar-stari\/\",\"name\":\"Institut dru&scaron;tvenih znanosti Ivo Pilar\",\"description\":\"Pilar\",\"potentialAction\":[{\"@type\":\"SearchAction\",\"target\":{\"@type\":\"EntryPoint\",\"urlTemplate\":\"https:\/\/www.vegaintro-projekti.com\/pilar-stari\/?s={search_term_string}\"},\"query-input\":\"required name=search_term_string\"}],\"inLanguage\":\"hr\"},{\"@type\":\"Person\",\"@id\":\"https:\/\/www.vegaintro-projekti.com\/pilar-stari\/#\/schema\/person\/c0db50ebd77c4409e19b18044bbf10c1\",\"name\":\"pilar-admin\",\"image\":{\"@type\":\"ImageObject\",\"inLanguage\":\"hr\",\"@id\":\"https:\/\/www.vegaintro-projekti.com\/pilar-stari\/#\/schema\/person\/image\/\",\"url\":\"https:\/\/secure.gravatar.com\/avatar\/fac9e03c4db0011b9c1ad8b5e9c74b8c?s=96&d=mm&r=g\",\"contentUrl\":\"https:\/\/secure.gravatar.com\/avatar\/fac9e03c4db0011b9c1ad8b5e9c74b8c?s=96&d=mm&r=g\",\"caption\":\"pilar-admin\"},\"url\":\"https:\/\/www.vegaintro-projekti.com\/pilar-stari\/author\/pilar-admin\/\"}]}<\/script>\n<!-- \/ Yoast SEO plugin. -->","yoast_head_json":{"title":"Skup: KVALITETA \u017dIVLJENJA U SJEVEROZAPADNOJ HRVATSKOJ - Institut dru&scaron;tvenih znanosti Ivo Pilar","robots":{"index":"noindex","follow":"follow","max-snippet":"max-snippet:-1","max-image-preview":"max-image-preview:large","max-video-preview":"max-video-preview:-1"},"og_locale":"hr_HR","og_type":"article","og_title":"Skup: KVALITETA \u017dIVLJENJA U SJEVEROZAPADNOJ HRVATSKOJ - Institut dru&scaron;tvenih znanosti Ivo Pilar","og_description":"Hrvatska akademija znanosti i umjetnosti &#8211; Zavod za znanstveni rad u Vara\u017edinu i Institut dru\u0161tvenih znanosti Ivo Pilar &#8211; Podru\u010dni centar Vara\u017edin organizirali su 2. lipnja 2016.&nbsp;znanstveni skup pod nazivom KVALITETA \u017dIVLJENJA U&nbsp;SJEVEROZAPADNOJ HRVATSKOJ &#8211; Pozivnica i program&nbsp;| Iz medija Znanstveni skup KVALITETA \u017dIVLJENJA U SJEVEROZAPADNOJ HRVATSKOJ; Vara\u017edin, 2. lipnja 2016. &nbsp;Iz medija &#8211; Vara\u017edinske&hellip; Pro\u010ditaj vi\u0161e o Skup: KVALITETA \u017dIVLJENJA U SJEVEROZAPADNOJ HRVATSKOJ","og_url":"https:\/\/www.vegaintro-projekti.com\/pilar-stari\/2016\/05\/skup-kvaliteta-zivljenja-u-sjeverozapadnoj-hrvatskoj\/","og_site_name":"Institut dru&scaron;tvenih znanosti Ivo Pilar","article_published_time":"2016-05-31T22:56:19+00:00","article_modified_time":"2017-12-08T15:01:16+00:00","og_image":[{"url":"https:\/\/www.vegaintro-projekti.com\/pilar-stari\/wp-content\/images\/stories\/fotografije\/podrucni\/varazdin\/KZSH\/Va_KZ_1_s.JPG"}],"author":"pilar-admin","twitter_card":"summary_large_image","twitter_misc":{"Napisao\/la":"pilar-admin","Procijenjeno vrijeme \u010ditanja":"3 minute"},"schema":{"@context":"https:\/\/schema.org","@graph":[{"@type":"WebPage","@id":"https:\/\/www.vegaintro-projekti.com\/pilar-stari\/2016\/05\/skup-kvaliteta-zivljenja-u-sjeverozapadnoj-hrvatskoj\/","url":"https:\/\/www.vegaintro-projekti.com\/pilar-stari\/2016\/05\/skup-kvaliteta-zivljenja-u-sjeverozapadnoj-hrvatskoj\/","name":"Skup: KVALITETA \u017dIVLJENJA U SJEVEROZAPADNOJ HRVATSKOJ - Institut dru&scaron;tvenih znanosti Ivo Pilar","isPartOf":{"@id":"https:\/\/www.vegaintro-projekti.com\/pilar-stari\/#website"},"datePublished":"2016-05-31T22:56:19+00:00","dateModified":"2017-12-08T15:01:16+00:00","author":{"@id":"https:\/\/www.vegaintro-projekti.com\/pilar-stari\/#\/schema\/person\/c0db50ebd77c4409e19b18044bbf10c1"},"breadcrumb":{"@id":"https:\/\/www.vegaintro-projekti.com\/pilar-stari\/2016\/05\/skup-kvaliteta-zivljenja-u-sjeverozapadnoj-hrvatskoj\/#breadcrumb"},"inLanguage":"hr","potentialAction":[{"@type":"ReadAction","target":["https:\/\/www.vegaintro-projekti.com\/pilar-stari\/2016\/05\/skup-kvaliteta-zivljenja-u-sjeverozapadnoj-hrvatskoj\/"]}]},{"@type":"BreadcrumbList","@id":"https:\/\/www.vegaintro-projekti.com\/pilar-stari\/2016\/05\/skup-kvaliteta-zivljenja-u-sjeverozapadnoj-hrvatskoj\/#breadcrumb","itemListElement":[{"@type":"ListItem","position":1,"name":"Home","item":"https:\/\/www.vegaintro-projekti.com\/pilar-stari\/"},{"@type":"ListItem","position":2,"name":"Skup: KVALITETA \u017dIVLJENJA U SJEVEROZAPADNOJ HRVATSKOJ"}]},{"@type":"WebSite","@id":"https:\/\/www.vegaintro-projekti.com\/pilar-stari\/#website","url":"https:\/\/www.vegaintro-projekti.com\/pilar-stari\/","name":"Institut dru&scaron;tvenih znanosti Ivo Pilar","description":"Pilar","potentialAction":[{"@type":"SearchAction","target":{"@type":"EntryPoint","urlTemplate":"https:\/\/www.vegaintro-projekti.com\/pilar-stari\/?s={search_term_string}"},"query-input":"required name=search_term_string"}],"inLanguage":"hr"},{"@type":"Person","@id":"https:\/\/www.vegaintro-projekti.com\/pilar-stari\/#\/schema\/person\/c0db50ebd77c4409e19b18044bbf10c1","name":"pilar-admin","image":{"@type":"ImageObject","inLanguage":"hr","@id":"https:\/\/www.vegaintro-projekti.com\/pilar-stari\/#\/schema\/person\/image\/","url":"https:\/\/secure.gravatar.com\/avatar\/fac9e03c4db0011b9c1ad8b5e9c74b8c?s=96&d=mm&r=g","contentUrl":"https:\/\/secure.gravatar.com\/avatar\/fac9e03c4db0011b9c1ad8b5e9c74b8c?s=96&d=mm&r=g","caption":"pilar-admin"},"url":"https:\/\/www.vegaintro-projekti.com\/pilar-stari\/author\/pilar-admin\/"}]}},"_links":{"self":[{"href":"https:\/\/www.vegaintro-projekti.com\/pilar-stari\/wp-json\/wp\/v2\/posts\/893"}],"collection":[{"href":"https:\/\/www.vegaintro-projekti.com\/pilar-stari\/wp-json\/wp\/v2\/posts"}],"about":[{"href":"https:\/\/www.vegaintro-projekti.com\/pilar-stari\/wp-json\/wp\/v2\/types\/post"}],"author":[{"embeddable":true,"href":"https:\/\/www.vegaintro-projekti.com\/pilar-stari\/wp-json\/wp\/v2\/users\/1"}],"replies":[{"embeddable":true,"href":"https:\/\/www.vegaintro-projekti.com\/pilar-stari\/wp-json\/wp\/v2\/comments?post=893"}],"version-history":[{"count":6,"href":"https:\/\/www.vegaintro-projekti.com\/pilar-stari\/wp-json\/wp\/v2\/posts\/893\/revisions"}],"predecessor-version":[{"id":8062,"href":"https:\/\/www.vegaintro-projekti.com\/pilar-stari\/wp-json\/wp\/v2\/posts\/893\/revisions\/8062"}],"wp:attachment":[{"href":"https:\/\/www.vegaintro-projekti.com\/pilar-stari\/wp-json\/wp\/v2\/media?parent=893"}],"wp:term":[{"taxonomy":"category","embeddable":true,"href":"https:\/\/www.vegaintro-projekti.com\/pilar-stari\/wp-json\/wp\/v2\/categories?post=893"},{"taxonomy":"post_tag","embeddable":true,"href":"https:\/\/www.vegaintro-projekti.com\/pilar-stari\/wp-json\/wp\/v2\/tags?post=893"}],"curies":[{"name":"wp","href":"https:\/\/api.w.org\/{rel}","templated":true}]}}