{"id":898,"date":"2016-06-10T07:40:53","date_gmt":"2016-06-10T07:40:53","guid":{"rendered":"https:\/\/www.vegaintro-projekti.com\/pilar-stari\/2016\/06\/10\/objavljen-zbornik-sto-je-vukovar-hrvatskoj-i-europi\/"},"modified":"2017-12-07T13:33:29","modified_gmt":"2017-12-07T13:33:29","slug":"objavljen-zbornik-sto-je-vukovar-hrvatskoj-i-europi","status":"publish","type":"post","link":"https:\/\/www.vegaintro-projekti.com\/pilar-stari\/2016\/06\/objavljen-zbornik-sto-je-vukovar-hrvatskoj-i-europi\/","title":{"rendered":"Objavljen zbornik \u0160TO JE VUKOVAR HRVATSKOJ I EUROPI?"},"content":{"rendered":"<p><strong>Zbornik \u0160TO JE VUKOVAR HRVATSKOJ I EUROPI? objavljen je kao 49. knjiga Biblioteke Zbornici Instituta dru\u0161tvenih znanosti Ivo Pilar. Zbornik su uredili Dra\u017een \u017divi\u0107, Sanja \u0160poljar Vr\u017eina, Ivana \u017debec \u0160ilj i Vine Mihaljevi\u0107 a donosi radove sa 17. znanstveno-stru\u010dnog skupa &#8220;Vukovar &#8217;91. \u2013 dvadeset i tre\u0107a godina poslije&#8221; odr\u017eanog u Vukovaru 13. i 14. studenoga 2014. na temu &#8220;\u0160to je Vukovar Hrvatskoj i Europi?&#8221; u organizaciji Podru\u010dnog centra Instituta Pilar u Vukovaru. \u2013 <a href=\"#rijec\">Iz Rije\u010di urednika<\/a> | <a href=\"#sadrzaj\">Sadr\u017eaj<\/a><\/strong><\/p>\n<p><\/p>\n<table border=\"0\">\n<tbody>\n<tr>\n<td><img decoding=\"async\" loading=\"lazy\" src=\"https:\/\/www.vegaintro-projekti.com\/pilar-stari\/wp-content\/images\/stories\/fotografije\/publikacije\/naslovnice\/small\/Vukovar-nasl.jpg\" alt=\"Vukovar-nasl\" width=\"223\" height=\"314\" \/><\/td>\n<td valign=\"bottom\">\n<p><span style=\"font-size: 12pt;\">Dvadeset tri godine od velikosrpske agresije na Vukovar i Hrvatsku, \u010dini se kako Europa i svijet nisu puno nau\u010dili na \u0161to upu\u0107uju kumulativna doga\u0111anja koja i sam papa Franjo u svojim govorima smje\u0161ta u kontekst po\u010detka tre\u0107eg svjetskog rata\u2026 &#8211; Iz Rije\u010di urednika<\/span><\/p>\n<p><strong><span style=\"font-size: 8pt;\">\u0160TO JE VUKOVAR HRVATSKOJ I EUROPI?<\/span><\/strong><br \/><strong><span style=\"font-size: 8pt;\">Uredili: Dra\u017een \u017divi\u0107, Sanja \u0160poljar Vr\u017eina, Ivana \u017debec \u0160ilj i Vine Mihaljevi\u0107<\/span><\/strong><br \/><strong><span style=\"font-size: 8pt;\">Biblioteka ZBORNICI. \u2013 Knjiga 49.<\/span><\/strong><br \/><strong><span style=\"font-size: 8pt;\">Institut dru\u0161tvenih znanosti Ivo Pilar &#8211; Ogranak Matice hrvatske u Vukovaru<\/span><\/strong><br \/><strong><span style=\"font-size: 8pt;\">Zagreb \u2013 Vukovar, 2016. \u2013 Str. 236.<\/span><\/strong><br \/><strong><span style=\"font-size: 8pt;\">ISBN 978-953-7964-23-8<\/span><\/strong><\/p>\n<p><span>&#8211; <a href=\"https:\/\/www.vegaintro-projekti.com\/pilar-stari\/wp-content\/images\/stories\/dokumenti\/zbornici\/50\/Vukovar-omot.pdf\">Omot<\/a> | <a href=\"https:\/\/www.vegaintro-projekti.com\/pilar-stari\/wp-content\/images\/stories\/dokumenti\/zbornici\/50\/VU_knj50-impresum.pdf\">Impresum<\/a> | <a href=\"https:\/\/www.vegaintro-projekti.com\/pilar-stari\/wp-content\/images\/stories\/dokumenti\/zbornici\/50\/VU_knj50_sadrzaj.pdf\">Sadr\u017eaj<\/a> | <a href=\"https:\/\/www.vegaintro-projekti.com\/pilar-stari\/wp-content\/images\/stories\/dokumenti\/zbornici\/50\/VU_knj50_rijec.pdf\">Rije\u010d urednika<\/a> | <a href=\"https:\/\/www.vegaintro-projekti.com\/pilar-stari\/wp-content\/images\/stories\/dokumenti\/zbornici\/50\/VU_knj50_autori.pdf\">O autorima<\/a><\/span><\/p>\n<\/td>\n<\/tr>\n<\/tbody>\n<\/table>\n<p>&gt;&gt;&gt;&nbsp;<a href=\"https:\/\/www.vegaintro-projekti.com\/pilar-stari\/2016\/09\/predstavljanje-sto-je-vukovar-hrvatskoj-i-europi-26-9-2016\/\">Predstavljanje zbornika: \u0160TO JE VUKOVAR HRVATSKOJ I EUROPI?; Vukovar, 26. rujna 2016.<\/a><\/p>\n<p><a name=\"sadrzaj\">&nbsp;<\/a><br \/><span style=\"font-size: 12pt;\">Sadr\u017eaj<\/span><\/p>\n<p>&#8211; <a href=\"https:\/\/www.vegaintro-projekti.com\/pilar-stari\/wp-content\/images\/stories\/dokumenti\/zbornici\/50\/Vukovar-omot.pdf\">Omot<\/a> | <a href=\"https:\/\/www.vegaintro-projekti.com\/pilar-stari\/wp-content\/images\/stories\/dokumenti\/zbornici\/50\/VU_knj50-impresum.pdf\">Impresum<\/a> | <a href=\"https:\/\/www.vegaintro-projekti.com\/pilar-stari\/wp-content\/images\/stories\/dokumenti\/zbornici\/50\/VU_knj50_sadrzaj.pdf\">Sadr\u017eaj<\/a><\/p>\n<p><a href=\"https:\/\/www.vegaintro-projekti.com\/pilar-stari\/wp-content\/images\/stories\/dokumenti\/zbornici\/50\/VU_knj50_rijec.pdf\">RIJE\u010c UREDNIKA<\/a><br \/>Heinrich Badura: Vukovar 2014: Hat der Friede eine Zukunftschance?<br \/>Sanja \u0160poljar Vr\u017eina: Between the Anthropology of Vukovar and Anthropology of Law: Answering Finkielkraut\u2019s Question About Being a Croat<br \/>Renato Mati\u0107: Vukovar i Hrvatska izme\u0111u ratnog i politi\u010dkog razaranja<br \/>Andrija Platu\u017ei\u0107 i Ozren \u017dunec: Inverzna geometrija i Bitka za Vukovar<br \/>Ante Nazor i Ana Holjevac Tukovi\u0107: Vukovar \u2013 hrvatski i europski grad 21. stolje\u0107a \u2013 pod cenzurom<br \/>Petar Elez i Henrik Ivan Damjanovi\u0107: Za\u0161to se 1918. mo\u017ee smatrati prekretnicom u razvoju europskog identiteta Vukovara?<br \/>Vine Mihaljevi\u0107 i Ivana Bendra: Obvezuju\u0107e vukovarsko mirotvorstvo<br \/>Kre\u0161imir Kufrin i Mateo \u017dani\u0107: Obilje\u017eavanje i sje\u0107anje. Zna\u010denje 18. 11. u godinama progonstva i vremenu nakon povratka<br \/>Mirjana Semeni\u0107 Rutko, Sandra Cviki\u0107, Dra\u017een \u017divi\u0107 i Sanja \u0160poljar Vr\u017eina: Vukovarska ratna i poratna pobolna zbilja \u2013 apel na moralnu obavezu djelovanja<br \/>Vlado Iljki\u0107, Neva Mihali\u0107, Dra\u017een \u017divi\u0107 i Josipa Iljki\u0107: Projekt &#8220;Vukovar \u2013 mjesto posebnog pijeteta&#8221;<br \/>Dra\u017een \u017divi\u0107: Ratne slike Vukovara \u2013 dokumenti zlo\u010dina i \u010duvari sje\u0107anja<br \/><a href=\"https:\/\/www.vegaintro-projekti.com\/pilar-stari\/wp-content\/images\/stories\/dokumenti\/zbornici\/50\/VU_knj50_sazetak.pdf\">SA\u017dETAK<\/a><br \/><a href=\"https:\/\/www.vegaintro-projekti.com\/pilar-stari\/wp-content\/images\/stories\/dokumenti\/zbornici\/50\/VU_knj50_summary.pdf\">SUMMARY<\/a><br \/><a href=\"https:\/\/www.vegaintro-projekti.com\/pilar-stari\/wp-content\/images\/stories\/dokumenti\/zbornici\/50\/VU_knj50_autori.pdf\">O AUTORIMA<\/a><\/p>\n<p><a name=\"rijec\">&nbsp;<\/a><br \/><span style=\"font-size: 12pt;\">Iz Rije\u010di urednika<\/span><\/p>\n<p>Kako bismo barem dijelom odgovorili na va\u017eno i slo\u017eeno pitanje &#8220;\u0160to je Vukovar Hrvatskoj i Europi?&#8221;, akademskoj i \u0161iroj javnosti predajemo Zbornik radova koji sadr\u017ei priloge sa skupa s intencijom da&nbsp;se istina ne pre\u0161u\u0107uje, da se pro\u0161lost ispravno prosu\u0111uje te da &#8220;vukovarska pri\u010da&#8221; i dalje bude predmetom znanstvenoga interesa i propitivanja, svjesni kako je ona biljeg i smjerokaz novije hrvatske povijesti. Jer, Vukovar je mjesto po\u010dinjenja brojnih ratnih zlo\u010dina i zlo\u010dina protiv \u010dovje\u010dnosti s vi\u0161e nego vidljivim obrisima genocida i genocidnih praksi. Mjesto je to i pada savjesti internacionalne zajednice, u trajanju sve do dana\u0161njih dana, u kojem se \u0161utke prepu\u0161ta briga za neke &#8220;nove&#8221; izbjeglice, ponovno Vukovaru, okolici i Republici Hrvatskoj. Stoga, Vukovar &#8217;91. je mjesto nezaobilaznog pam\u0107enja pro\u0161losti, upravljanja sada\u0161njo\u0161\u0107u, ali i osiguravanja opstanka hrvatske budu\u0107nosti. Koliko opominje, toliko se tu i nadahnjuje kroz autenti\u010dan etos, sebedarje, humanost i neosvetoljubivost. Samo pravda, temeljena na ovim vrijednostima, mo\u017ee biti temelj mira i povjerenja u budu\u0107nosti\u2026<\/p>\n<p>Dvadeset tri godine od velikosrpske agresije na Vukovar i Hrvatsku, \u010dini se kako Europa i svijet nisu puno nau\u010dili na \u0161to upu\u0107uju kumulativna doga\u0111anja koja i sam papa Franjo u svojim govorima smje\u0161ta u kontekst po\u010detka tre\u0107eg svjetskog rata. Istodobno, imaju\u0107i u vidu me\u0111uodnos i suodnos vukovarskog ratnog i poratnog iskustva i europskih perspektiva Hrvatske kao mlade \u010dlanice Europske unije, va\u017eno je i dalje promi\u0161ljati hrvatsko iskustvo genocida, kulturocida i memoricida, te ponajvi\u0161e vukovarskog mirotvorstva.<\/p>\n<p>Na\u0161 skup okupio je petnaest sudionika, znanstvenika i stru\u010dnjaka koji su tematizirali ulogu, polo\u017eaj i dalekose\u017eno zna\u010denje Vukovara &#8217;91. u hrvatskom, ali i u europskom kontekstu. U ovom Zborniku objavljujemo jedanaest priop\u0107enja sa skupa\u2026<\/p>\n<p>Nadamo se da smo i ovom publikacijom produbili znanje o dru\u0161tvenim, politi\u010dkim, demografskim, me\u0111unarodnim, pravnim, teorijskim i drugim aspektima va\u017enim za cjelovito i objektivno vrednovanje Vukovara &#8217;91.<\/p>\n<p><em>Urednici<\/em><\/p>\n<p>&gt;&gt;&gt; <a href=\"https:\/\/www.vegaintro-projekti.com\/pilar-stari\/2014\/10\/17-znanstveno-strucni-skup-vukovar-91-23-godina-poslije-13-14-11-2014\/\">17. &#8220;VUKOVAR \u201891. \u2013 23. godina poslije&#8221;, 13.-14. 11. 2014.<\/a><\/p>\n<p>&gt;&gt;&gt;&nbsp;<a href=\"https:\/\/www.vegaintro-projekti.com\/pilar-stari\/2016\/09\/predstavljanje-sto-je-vukovar-hrvatskoj-i-europi-26-9-2016\/\">Predstavljanje zbornika: \u0160TO JE VUKOVAR HRVATSKOJ I EUROPI?; Vukovar, 26. rujna 2016.<\/a><\/p>\n<p>&gt;&gt;&gt; <a href=\"https:\/\/www.vegaintro-projekti.com\/pilar-stari\/2008\/10\/podruni-centar-vukovar\/\">PODRU\u010cNI CENTAR VUKOVAR<\/a><\/p>\n","protected":false},"excerpt":{"rendered":"<p>Zbornik \u0160TO JE VUKOVAR HRVATSKOJ I EUROPI? objavljen je kao 49. knjiga Biblioteke Zbornici Instituta dru\u0161tvenih znanosti Ivo Pilar. Zbornik su uredili Dra\u017een \u017divi\u0107, Sanja \u0160poljar Vr\u017eina, Ivana \u017debec \u0160ilj i Vine Mihaljevi\u0107 a donosi radove sa 17. znanstveno-stru\u010dnog skupa &#8220;Vukovar &#8217;91. \u2013 dvadeset i tre\u0107a godina poslije&#8221; odr\u017eanog u Vukovaru 13. i 14. studenoga&hellip; <a class=\"continue\" href=\"https:\/\/www.vegaintro-projekti.com\/pilar-stari\/2016\/06\/objavljen-zbornik-sto-je-vukovar-hrvatskoj-i-europi\/\">Pro\u010ditaj vi\u0161e o<span> Objavljen zbornik \u0160TO JE VUKOVAR HRVATSKOJ I EUROPI?<\/span><\/a><\/p>\n","protected":false},"author":1,"featured_media":0,"comment_status":"open","ping_status":"open","sticky":false,"template":"","format":"standard","meta":{"inline_featured_image":false,"ngg_post_thumbnail":0,"footnotes":""},"categories":[21],"tags":[],"yoast_head":"<!-- This site is optimized with the Yoast SEO plugin v21.2 - https:\/\/yoast.com\/wordpress\/plugins\/seo\/ -->\n<title>Objavljen zbornik \u0160TO JE VUKOVAR HRVATSKOJ I EUROPI? - Institut dru&scaron;tvenih znanosti Ivo Pilar<\/title>\n<meta name=\"robots\" content=\"noindex, follow, max-snippet:-1, max-image-preview:large, max-video-preview:-1\" \/>\n<meta property=\"og:locale\" content=\"hr_HR\" \/>\n<meta property=\"og:type\" content=\"article\" \/>\n<meta property=\"og:title\" content=\"Objavljen zbornik \u0160TO JE VUKOVAR HRVATSKOJ I EUROPI? - Institut dru&scaron;tvenih znanosti Ivo Pilar\" \/>\n<meta property=\"og:description\" content=\"Zbornik \u0160TO JE VUKOVAR HRVATSKOJ I EUROPI? objavljen je kao 49. knjiga Biblioteke Zbornici Instituta dru\u0161tvenih znanosti Ivo Pilar. Zbornik su uredili Dra\u017een \u017divi\u0107, Sanja \u0160poljar Vr\u017eina, Ivana \u017debec \u0160ilj i Vine Mihaljevi\u0107 a donosi radove sa 17. znanstveno-stru\u010dnog skupa &#8220;Vukovar &#8217;91. \u2013 dvadeset i tre\u0107a godina poslije&#8221; odr\u017eanog u Vukovaru 13. i 14. studenoga&hellip; Pro\u010ditaj vi\u0161e o Objavljen zbornik \u0160TO JE VUKOVAR HRVATSKOJ I EUROPI?\" \/>\n<meta property=\"og:url\" content=\"https:\/\/www.vegaintro-projekti.com\/pilar-stari\/2016\/06\/objavljen-zbornik-sto-je-vukovar-hrvatskoj-i-europi\/\" \/>\n<meta property=\"og:site_name\" content=\"Institut dru&scaron;tvenih znanosti Ivo Pilar\" \/>\n<meta property=\"article:published_time\" content=\"2016-06-10T07:40:53+00:00\" \/>\n<meta property=\"article:modified_time\" content=\"2017-12-07T13:33:29+00:00\" \/>\n<meta property=\"og:image\" content=\"https:\/\/www.vegaintro-projekti.com\/pilar-stari\/wp-content\/images\/stories\/fotografije\/publikacije\/naslovnice\/small\/Vukovar-nasl.jpg\" \/>\n<meta name=\"author\" content=\"pilar-admin\" \/>\n<meta name=\"twitter:card\" content=\"summary_large_image\" \/>\n<meta name=\"twitter:label1\" content=\"Napisao\/la\" \/>\n\t<meta name=\"twitter:data1\" content=\"pilar-admin\" \/>\n\t<meta name=\"twitter:label2\" content=\"Procijenjeno vrijeme \u010ditanja\" \/>\n\t<meta name=\"twitter:data2\" content=\"4 minute\" \/>\n<script type=\"application\/ld+json\" class=\"yoast-schema-graph\">{\"@context\":\"https:\/\/schema.org\",\"@graph\":[{\"@type\":\"WebPage\",\"@id\":\"https:\/\/www.vegaintro-projekti.com\/pilar-stari\/2016\/06\/objavljen-zbornik-sto-je-vukovar-hrvatskoj-i-europi\/\",\"url\":\"https:\/\/www.vegaintro-projekti.com\/pilar-stari\/2016\/06\/objavljen-zbornik-sto-je-vukovar-hrvatskoj-i-europi\/\",\"name\":\"Objavljen zbornik \u0160TO JE VUKOVAR HRVATSKOJ I EUROPI? - Institut dru&scaron;tvenih znanosti Ivo Pilar\",\"isPartOf\":{\"@id\":\"https:\/\/www.vegaintro-projekti.com\/pilar-stari\/#website\"},\"datePublished\":\"2016-06-10T07:40:53+00:00\",\"dateModified\":\"2017-12-07T13:33:29+00:00\",\"author\":{\"@id\":\"https:\/\/www.vegaintro-projekti.com\/pilar-stari\/#\/schema\/person\/c0db50ebd77c4409e19b18044bbf10c1\"},\"breadcrumb\":{\"@id\":\"https:\/\/www.vegaintro-projekti.com\/pilar-stari\/2016\/06\/objavljen-zbornik-sto-je-vukovar-hrvatskoj-i-europi\/#breadcrumb\"},\"inLanguage\":\"hr\",\"potentialAction\":[{\"@type\":\"ReadAction\",\"target\":[\"https:\/\/www.vegaintro-projekti.com\/pilar-stari\/2016\/06\/objavljen-zbornik-sto-je-vukovar-hrvatskoj-i-europi\/\"]}]},{\"@type\":\"BreadcrumbList\",\"@id\":\"https:\/\/www.vegaintro-projekti.com\/pilar-stari\/2016\/06\/objavljen-zbornik-sto-je-vukovar-hrvatskoj-i-europi\/#breadcrumb\",\"itemListElement\":[{\"@type\":\"ListItem\",\"position\":1,\"name\":\"Home\",\"item\":\"https:\/\/www.vegaintro-projekti.com\/pilar-stari\/\"},{\"@type\":\"ListItem\",\"position\":2,\"name\":\"Objavljen zbornik \u0160TO JE VUKOVAR HRVATSKOJ I EUROPI?\"}]},{\"@type\":\"WebSite\",\"@id\":\"https:\/\/www.vegaintro-projekti.com\/pilar-stari\/#website\",\"url\":\"https:\/\/www.vegaintro-projekti.com\/pilar-stari\/\",\"name\":\"Institut dru&scaron;tvenih znanosti Ivo Pilar\",\"description\":\"Pilar\",\"potentialAction\":[{\"@type\":\"SearchAction\",\"target\":{\"@type\":\"EntryPoint\",\"urlTemplate\":\"https:\/\/www.vegaintro-projekti.com\/pilar-stari\/?s={search_term_string}\"},\"query-input\":\"required name=search_term_string\"}],\"inLanguage\":\"hr\"},{\"@type\":\"Person\",\"@id\":\"https:\/\/www.vegaintro-projekti.com\/pilar-stari\/#\/schema\/person\/c0db50ebd77c4409e19b18044bbf10c1\",\"name\":\"pilar-admin\",\"image\":{\"@type\":\"ImageObject\",\"inLanguage\":\"hr\",\"@id\":\"https:\/\/www.vegaintro-projekti.com\/pilar-stari\/#\/schema\/person\/image\/\",\"url\":\"https:\/\/secure.gravatar.com\/avatar\/fac9e03c4db0011b9c1ad8b5e9c74b8c?s=96&d=mm&r=g\",\"contentUrl\":\"https:\/\/secure.gravatar.com\/avatar\/fac9e03c4db0011b9c1ad8b5e9c74b8c?s=96&d=mm&r=g\",\"caption\":\"pilar-admin\"},\"url\":\"https:\/\/www.vegaintro-projekti.com\/pilar-stari\/author\/pilar-admin\/\"}]}<\/script>\n<!-- \/ Yoast SEO plugin. -->","yoast_head_json":{"title":"Objavljen zbornik \u0160TO JE VUKOVAR HRVATSKOJ I EUROPI? - Institut dru&scaron;tvenih znanosti Ivo Pilar","robots":{"index":"noindex","follow":"follow","max-snippet":"max-snippet:-1","max-image-preview":"max-image-preview:large","max-video-preview":"max-video-preview:-1"},"og_locale":"hr_HR","og_type":"article","og_title":"Objavljen zbornik \u0160TO JE VUKOVAR HRVATSKOJ I EUROPI? - Institut dru&scaron;tvenih znanosti Ivo Pilar","og_description":"Zbornik \u0160TO JE VUKOVAR HRVATSKOJ I EUROPI? objavljen je kao 49. knjiga Biblioteke Zbornici Instituta dru\u0161tvenih znanosti Ivo Pilar. Zbornik su uredili Dra\u017een \u017divi\u0107, Sanja \u0160poljar Vr\u017eina, Ivana \u017debec \u0160ilj i Vine Mihaljevi\u0107 a donosi radove sa 17. znanstveno-stru\u010dnog skupa &#8220;Vukovar &#8217;91. \u2013 dvadeset i tre\u0107a godina poslije&#8221; odr\u017eanog u Vukovaru 13. i 14. studenoga&hellip; Pro\u010ditaj vi\u0161e o Objavljen zbornik \u0160TO JE VUKOVAR HRVATSKOJ I EUROPI?","og_url":"https:\/\/www.vegaintro-projekti.com\/pilar-stari\/2016\/06\/objavljen-zbornik-sto-je-vukovar-hrvatskoj-i-europi\/","og_site_name":"Institut dru&scaron;tvenih znanosti Ivo Pilar","article_published_time":"2016-06-10T07:40:53+00:00","article_modified_time":"2017-12-07T13:33:29+00:00","og_image":[{"url":"https:\/\/www.vegaintro-projekti.com\/pilar-stari\/wp-content\/images\/stories\/fotografije\/publikacije\/naslovnice\/small\/Vukovar-nasl.jpg"}],"author":"pilar-admin","twitter_card":"summary_large_image","twitter_misc":{"Napisao\/la":"pilar-admin","Procijenjeno vrijeme \u010ditanja":"4 minute"},"schema":{"@context":"https:\/\/schema.org","@graph":[{"@type":"WebPage","@id":"https:\/\/www.vegaintro-projekti.com\/pilar-stari\/2016\/06\/objavljen-zbornik-sto-je-vukovar-hrvatskoj-i-europi\/","url":"https:\/\/www.vegaintro-projekti.com\/pilar-stari\/2016\/06\/objavljen-zbornik-sto-je-vukovar-hrvatskoj-i-europi\/","name":"Objavljen zbornik \u0160TO JE VUKOVAR HRVATSKOJ I EUROPI? - Institut dru&scaron;tvenih znanosti Ivo Pilar","isPartOf":{"@id":"https:\/\/www.vegaintro-projekti.com\/pilar-stari\/#website"},"datePublished":"2016-06-10T07:40:53+00:00","dateModified":"2017-12-07T13:33:29+00:00","author":{"@id":"https:\/\/www.vegaintro-projekti.com\/pilar-stari\/#\/schema\/person\/c0db50ebd77c4409e19b18044bbf10c1"},"breadcrumb":{"@id":"https:\/\/www.vegaintro-projekti.com\/pilar-stari\/2016\/06\/objavljen-zbornik-sto-je-vukovar-hrvatskoj-i-europi\/#breadcrumb"},"inLanguage":"hr","potentialAction":[{"@type":"ReadAction","target":["https:\/\/www.vegaintro-projekti.com\/pilar-stari\/2016\/06\/objavljen-zbornik-sto-je-vukovar-hrvatskoj-i-europi\/"]}]},{"@type":"BreadcrumbList","@id":"https:\/\/www.vegaintro-projekti.com\/pilar-stari\/2016\/06\/objavljen-zbornik-sto-je-vukovar-hrvatskoj-i-europi\/#breadcrumb","itemListElement":[{"@type":"ListItem","position":1,"name":"Home","item":"https:\/\/www.vegaintro-projekti.com\/pilar-stari\/"},{"@type":"ListItem","position":2,"name":"Objavljen zbornik \u0160TO JE VUKOVAR HRVATSKOJ I EUROPI?"}]},{"@type":"WebSite","@id":"https:\/\/www.vegaintro-projekti.com\/pilar-stari\/#website","url":"https:\/\/www.vegaintro-projekti.com\/pilar-stari\/","name":"Institut dru&scaron;tvenih znanosti Ivo Pilar","description":"Pilar","potentialAction":[{"@type":"SearchAction","target":{"@type":"EntryPoint","urlTemplate":"https:\/\/www.vegaintro-projekti.com\/pilar-stari\/?s={search_term_string}"},"query-input":"required name=search_term_string"}],"inLanguage":"hr"},{"@type":"Person","@id":"https:\/\/www.vegaintro-projekti.com\/pilar-stari\/#\/schema\/person\/c0db50ebd77c4409e19b18044bbf10c1","name":"pilar-admin","image":{"@type":"ImageObject","inLanguage":"hr","@id":"https:\/\/www.vegaintro-projekti.com\/pilar-stari\/#\/schema\/person\/image\/","url":"https:\/\/secure.gravatar.com\/avatar\/fac9e03c4db0011b9c1ad8b5e9c74b8c?s=96&d=mm&r=g","contentUrl":"https:\/\/secure.gravatar.com\/avatar\/fac9e03c4db0011b9c1ad8b5e9c74b8c?s=96&d=mm&r=g","caption":"pilar-admin"},"url":"https:\/\/www.vegaintro-projekti.com\/pilar-stari\/author\/pilar-admin\/"}]}},"_links":{"self":[{"href":"https:\/\/www.vegaintro-projekti.com\/pilar-stari\/wp-json\/wp\/v2\/posts\/898"}],"collection":[{"href":"https:\/\/www.vegaintro-projekti.com\/pilar-stari\/wp-json\/wp\/v2\/posts"}],"about":[{"href":"https:\/\/www.vegaintro-projekti.com\/pilar-stari\/wp-json\/wp\/v2\/types\/post"}],"author":[{"embeddable":true,"href":"https:\/\/www.vegaintro-projekti.com\/pilar-stari\/wp-json\/wp\/v2\/users\/1"}],"replies":[{"embeddable":true,"href":"https:\/\/www.vegaintro-projekti.com\/pilar-stari\/wp-json\/wp\/v2\/comments?post=898"}],"version-history":[{"count":5,"href":"https:\/\/www.vegaintro-projekti.com\/pilar-stari\/wp-json\/wp\/v2\/posts\/898\/revisions"}],"predecessor-version":[{"id":6924,"href":"https:\/\/www.vegaintro-projekti.com\/pilar-stari\/wp-json\/wp\/v2\/posts\/898\/revisions\/6924"}],"wp:attachment":[{"href":"https:\/\/www.vegaintro-projekti.com\/pilar-stari\/wp-json\/wp\/v2\/media?parent=898"}],"wp:term":[{"taxonomy":"category","embeddable":true,"href":"https:\/\/www.vegaintro-projekti.com\/pilar-stari\/wp-json\/wp\/v2\/categories?post=898"},{"taxonomy":"post_tag","embeddable":true,"href":"https:\/\/www.vegaintro-projekti.com\/pilar-stari\/wp-json\/wp\/v2\/tags?post=898"}],"curies":[{"name":"wp","href":"https:\/\/api.w.org\/{rel}","templated":true}]}}