{"id":908,"date":"2016-08-25T09:44:01","date_gmt":"2016-08-25T09:44:01","guid":{"rendered":"https:\/\/www.vegaintro-projekti.com\/pilar-stari\/2016\/08\/25\/dr-sc-vinicije-b-lupis-odlikovan-redom-danice-hrvatske-s-likom-m-marulica\/"},"modified":"2017-12-08T08:25:47","modified_gmt":"2017-12-08T08:25:47","slug":"dr-sc-vinicije-b-lupis-odlikovan-redom-danice-hrvatske-s-likom-m-marulica","status":"publish","type":"post","link":"https:\/\/www.vegaintro-projekti.com\/pilar-stari\/2016\/08\/dr-sc-vinicije-b-lupis-odlikovan-redom-danice-hrvatske-s-likom-m-marulica\/","title":{"rendered":"Dr. sc. Vinicije B. Lupis odlikovan Redom Danice hrvatske s likom M. Maruli\u0107a"},"content":{"rendered":"<p><strong>Vi\u0161i znanstveni suradnik Instituta dru\u0161tvenih znanosti Ivo Pilar i voditelj Podru\u010dnog centra Dubrovnik dr. sc. Vinicije B. Lupis odlikovan Redom Danice hrvatske s likom Marka Maruli\u0107a za osobite zasluge za kulturu i njeno promicanje u Republici Hrvatskoj i u svijetu. &#8211;<a href=\"#mediji\"> Iz medija<\/a><\/strong><\/p>\n<p><\/p>\n<table border=\"0\">\n<tbody>\n<tr>\n<td><img decoding=\"async\" loading=\"lazy\" src=\"https:\/\/www.vegaintro-projekti.com\/pilar-stari\/wp-content\/images\/stories\/fotografije\/podrucni\/dubrovnik\/Nagrada\/pc_du_2.jpg\" alt=\"pc du 2\" width=\"160\" height=\"237\" \/><\/td>\n<td><img decoding=\"async\" loading=\"lazy\" src=\"https:\/\/www.vegaintro-projekti.com\/pilar-stari\/wp-content\/images\/stories\/fotografije\/podrucni\/dubrovnik\/Odlikovanje\/Odlikovanje.jpg\" alt=\"Odlikovanje\" width=\"476\" height=\"237\" \/><\/td>\n<\/tr>\n<\/tbody>\n<\/table>\n<p>&#8211;<a href=\"http:\/\/narodne-novine.nn.hr\/clanci\/sluzbeni\/2016_08_73_1737.html\">&nbsp;<\/a><a href=\"http:\/\/narodne-novine.nn.hr\/clanci\/sluzbeni\/2016_08_73_1737.html\">Odluka o dodjeli odlikovanja Reda Danice hrvatske s likom Marka Maruli\u0107a za osobite zasluge za kulturu i njeno promicanje u Republici Hrvatskoj i u svijetu, Narodne novine br. 73, 10. kolovoza 2016.<\/a><\/p>\n<p><a name=\"mediji\">&nbsp;<\/a><br \/><span style=\"font-size: 12pt;\">Iz medija<\/span><\/p>\n<p><strong>&#8211; Dalmatinski portal:<\/strong> <a href=\"http:\/\/dalmatinskiportal.hr\/vijesti\/predsjednica-odlikovala-redom-danice-hrvatske-s-likom-marka-marulica-cak-sest-splicana\/14747\">Predsjednica odlikovala Redom Danice hrvatske s likom Marka Maruli\u0107a \u010dak \u0161est Spli\u0107ana, 16. kolovoza 2016.<\/a><\/p>\n<p>&gt;&gt;&gt; <a href=\"https:\/\/www.vegaintro-projekti.com\/pilar-stari\/2008\/11\/podruni-centar-dubrovnik\/\">PODRU\u010cNI CENTAR DUBROVNIK<\/a><\/p>\n","protected":false},"excerpt":{"rendered":"<p>Vi\u0161i znanstveni suradnik Instituta dru\u0161tvenih znanosti Ivo Pilar i voditelj Podru\u010dnog centra Dubrovnik dr. sc. Vinicije B. Lupis odlikovan Redom Danice hrvatske s likom Marka Maruli\u0107a za osobite zasluge za kulturu i njeno promicanje u Republici Hrvatskoj i u svijetu. &#8211; Iz medija &#8211;&nbsp;Odluka o dodjeli odlikovanja Reda Danice hrvatske s likom Marka Maruli\u0107a za&hellip; <a class=\"continue\" href=\"https:\/\/www.vegaintro-projekti.com\/pilar-stari\/2016\/08\/dr-sc-vinicije-b-lupis-odlikovan-redom-danice-hrvatske-s-likom-m-marulica\/\">Pro\u010ditaj vi\u0161e o<span> Dr. sc. Vinicije B. Lupis odlikovan Redom Danice hrvatske s likom M. Maruli\u0107a<\/span><\/a><\/p>\n","protected":false},"author":1,"featured_media":0,"comment_status":"open","ping_status":"open","sticky":false,"template":"","format":"standard","meta":{"inline_featured_image":false,"ngg_post_thumbnail":0,"footnotes":""},"categories":[9],"tags":[],"yoast_head":"<!-- This site is optimized with the Yoast SEO plugin v21.2 - https:\/\/yoast.com\/wordpress\/plugins\/seo\/ -->\n<title>Dr. sc. Vinicije B. Lupis odlikovan Redom Danice hrvatske s likom M. Maruli\u0107a - Institut dru&scaron;tvenih znanosti Ivo Pilar<\/title>\n<meta name=\"robots\" content=\"noindex, follow, max-snippet:-1, max-image-preview:large, max-video-preview:-1\" \/>\n<meta property=\"og:locale\" content=\"hr_HR\" \/>\n<meta property=\"og:type\" content=\"article\" \/>\n<meta property=\"og:title\" content=\"Dr. sc. Vinicije B. Lupis odlikovan Redom Danice hrvatske s likom M. Maruli\u0107a - Institut dru&scaron;tvenih znanosti Ivo Pilar\" \/>\n<meta property=\"og:description\" content=\"Vi\u0161i znanstveni suradnik Instituta dru\u0161tvenih znanosti Ivo Pilar i voditelj Podru\u010dnog centra Dubrovnik dr. sc. Vinicije B. Lupis odlikovan Redom Danice hrvatske s likom Marka Maruli\u0107a za osobite zasluge za kulturu i njeno promicanje u Republici Hrvatskoj i u svijetu. &#8211; Iz medija &#8211;&nbsp;Odluka o dodjeli odlikovanja Reda Danice hrvatske s likom Marka Maruli\u0107a za&hellip; Pro\u010ditaj vi\u0161e o Dr. sc. Vinicije B. Lupis odlikovan Redom Danice hrvatske s likom M. Maruli\u0107a\" \/>\n<meta property=\"og:url\" content=\"https:\/\/www.vegaintro-projekti.com\/pilar-stari\/2016\/08\/dr-sc-vinicije-b-lupis-odlikovan-redom-danice-hrvatske-s-likom-m-marulica\/\" \/>\n<meta property=\"og:site_name\" content=\"Institut dru&scaron;tvenih znanosti Ivo Pilar\" \/>\n<meta property=\"article:published_time\" content=\"2016-08-25T09:44:01+00:00\" \/>\n<meta property=\"article:modified_time\" content=\"2017-12-08T08:25:47+00:00\" \/>\n<meta property=\"og:image\" content=\"https:\/\/www.vegaintro-projekti.com\/pilar-stari\/wp-content\/images\/stories\/fotografije\/podrucni\/dubrovnik\/Nagrada\/pc_du_2.jpg\" \/>\n<meta name=\"author\" content=\"pilar-admin\" \/>\n<meta name=\"twitter:card\" content=\"summary_large_image\" \/>\n<meta name=\"twitter:label1\" content=\"Napisao\/la\" \/>\n\t<meta name=\"twitter:data1\" content=\"pilar-admin\" \/>\n\t<meta name=\"twitter:label2\" content=\"Procijenjeno vrijeme \u010ditanja\" \/>\n\t<meta name=\"twitter:data2\" content=\"1 minuta\" \/>\n<script type=\"application\/ld+json\" class=\"yoast-schema-graph\">{\"@context\":\"https:\/\/schema.org\",\"@graph\":[{\"@type\":\"WebPage\",\"@id\":\"https:\/\/www.vegaintro-projekti.com\/pilar-stari\/2016\/08\/dr-sc-vinicije-b-lupis-odlikovan-redom-danice-hrvatske-s-likom-m-marulica\/\",\"url\":\"https:\/\/www.vegaintro-projekti.com\/pilar-stari\/2016\/08\/dr-sc-vinicije-b-lupis-odlikovan-redom-danice-hrvatske-s-likom-m-marulica\/\",\"name\":\"Dr. sc. Vinicije B. Lupis odlikovan Redom Danice hrvatske s likom M. Maruli\u0107a - Institut dru&scaron;tvenih znanosti Ivo Pilar\",\"isPartOf\":{\"@id\":\"https:\/\/www.vegaintro-projekti.com\/pilar-stari\/#website\"},\"datePublished\":\"2016-08-25T09:44:01+00:00\",\"dateModified\":\"2017-12-08T08:25:47+00:00\",\"author\":{\"@id\":\"https:\/\/www.vegaintro-projekti.com\/pilar-stari\/#\/schema\/person\/c0db50ebd77c4409e19b18044bbf10c1\"},\"breadcrumb\":{\"@id\":\"https:\/\/www.vegaintro-projekti.com\/pilar-stari\/2016\/08\/dr-sc-vinicije-b-lupis-odlikovan-redom-danice-hrvatske-s-likom-m-marulica\/#breadcrumb\"},\"inLanguage\":\"hr\",\"potentialAction\":[{\"@type\":\"ReadAction\",\"target\":[\"https:\/\/www.vegaintro-projekti.com\/pilar-stari\/2016\/08\/dr-sc-vinicije-b-lupis-odlikovan-redom-danice-hrvatske-s-likom-m-marulica\/\"]}]},{\"@type\":\"BreadcrumbList\",\"@id\":\"https:\/\/www.vegaintro-projekti.com\/pilar-stari\/2016\/08\/dr-sc-vinicije-b-lupis-odlikovan-redom-danice-hrvatske-s-likom-m-marulica\/#breadcrumb\",\"itemListElement\":[{\"@type\":\"ListItem\",\"position\":1,\"name\":\"Home\",\"item\":\"https:\/\/www.vegaintro-projekti.com\/pilar-stari\/\"},{\"@type\":\"ListItem\",\"position\":2,\"name\":\"Dr. sc. Vinicije B. Lupis odlikovan Redom Danice hrvatske s likom M. Maruli\u0107a\"}]},{\"@type\":\"WebSite\",\"@id\":\"https:\/\/www.vegaintro-projekti.com\/pilar-stari\/#website\",\"url\":\"https:\/\/www.vegaintro-projekti.com\/pilar-stari\/\",\"name\":\"Institut dru&scaron;tvenih znanosti Ivo Pilar\",\"description\":\"Pilar\",\"potentialAction\":[{\"@type\":\"SearchAction\",\"target\":{\"@type\":\"EntryPoint\",\"urlTemplate\":\"https:\/\/www.vegaintro-projekti.com\/pilar-stari\/?s={search_term_string}\"},\"query-input\":\"required name=search_term_string\"}],\"inLanguage\":\"hr\"},{\"@type\":\"Person\",\"@id\":\"https:\/\/www.vegaintro-projekti.com\/pilar-stari\/#\/schema\/person\/c0db50ebd77c4409e19b18044bbf10c1\",\"name\":\"pilar-admin\",\"image\":{\"@type\":\"ImageObject\",\"inLanguage\":\"hr\",\"@id\":\"https:\/\/www.vegaintro-projekti.com\/pilar-stari\/#\/schema\/person\/image\/\",\"url\":\"https:\/\/secure.gravatar.com\/avatar\/fac9e03c4db0011b9c1ad8b5e9c74b8c?s=96&d=mm&r=g\",\"contentUrl\":\"https:\/\/secure.gravatar.com\/avatar\/fac9e03c4db0011b9c1ad8b5e9c74b8c?s=96&d=mm&r=g\",\"caption\":\"pilar-admin\"},\"url\":\"https:\/\/www.vegaintro-projekti.com\/pilar-stari\/author\/pilar-admin\/\"}]}<\/script>\n<!-- \/ Yoast SEO plugin. -->","yoast_head_json":{"title":"Dr. sc. Vinicije B. Lupis odlikovan Redom Danice hrvatske s likom M. Maruli\u0107a - Institut dru&scaron;tvenih znanosti Ivo Pilar","robots":{"index":"noindex","follow":"follow","max-snippet":"max-snippet:-1","max-image-preview":"max-image-preview:large","max-video-preview":"max-video-preview:-1"},"og_locale":"hr_HR","og_type":"article","og_title":"Dr. sc. Vinicije B. Lupis odlikovan Redom Danice hrvatske s likom M. Maruli\u0107a - Institut dru&scaron;tvenih znanosti Ivo Pilar","og_description":"Vi\u0161i znanstveni suradnik Instituta dru\u0161tvenih znanosti Ivo Pilar i voditelj Podru\u010dnog centra Dubrovnik dr. sc. Vinicije B. Lupis odlikovan Redom Danice hrvatske s likom Marka Maruli\u0107a za osobite zasluge za kulturu i njeno promicanje u Republici Hrvatskoj i u svijetu. &#8211; Iz medija &#8211;&nbsp;Odluka o dodjeli odlikovanja Reda Danice hrvatske s likom Marka Maruli\u0107a za&hellip; Pro\u010ditaj vi\u0161e o Dr. sc. Vinicije B. Lupis odlikovan Redom Danice hrvatske s likom M. Maruli\u0107a","og_url":"https:\/\/www.vegaintro-projekti.com\/pilar-stari\/2016\/08\/dr-sc-vinicije-b-lupis-odlikovan-redom-danice-hrvatske-s-likom-m-marulica\/","og_site_name":"Institut dru&scaron;tvenih znanosti Ivo Pilar","article_published_time":"2016-08-25T09:44:01+00:00","article_modified_time":"2017-12-08T08:25:47+00:00","og_image":[{"url":"https:\/\/www.vegaintro-projekti.com\/pilar-stari\/wp-content\/images\/stories\/fotografije\/podrucni\/dubrovnik\/Nagrada\/pc_du_2.jpg"}],"author":"pilar-admin","twitter_card":"summary_large_image","twitter_misc":{"Napisao\/la":"pilar-admin","Procijenjeno vrijeme \u010ditanja":"1 minuta"},"schema":{"@context":"https:\/\/schema.org","@graph":[{"@type":"WebPage","@id":"https:\/\/www.vegaintro-projekti.com\/pilar-stari\/2016\/08\/dr-sc-vinicije-b-lupis-odlikovan-redom-danice-hrvatske-s-likom-m-marulica\/","url":"https:\/\/www.vegaintro-projekti.com\/pilar-stari\/2016\/08\/dr-sc-vinicije-b-lupis-odlikovan-redom-danice-hrvatske-s-likom-m-marulica\/","name":"Dr. sc. Vinicije B. Lupis odlikovan Redom Danice hrvatske s likom M. Maruli\u0107a - Institut dru&scaron;tvenih znanosti Ivo Pilar","isPartOf":{"@id":"https:\/\/www.vegaintro-projekti.com\/pilar-stari\/#website"},"datePublished":"2016-08-25T09:44:01+00:00","dateModified":"2017-12-08T08:25:47+00:00","author":{"@id":"https:\/\/www.vegaintro-projekti.com\/pilar-stari\/#\/schema\/person\/c0db50ebd77c4409e19b18044bbf10c1"},"breadcrumb":{"@id":"https:\/\/www.vegaintro-projekti.com\/pilar-stari\/2016\/08\/dr-sc-vinicije-b-lupis-odlikovan-redom-danice-hrvatske-s-likom-m-marulica\/#breadcrumb"},"inLanguage":"hr","potentialAction":[{"@type":"ReadAction","target":["https:\/\/www.vegaintro-projekti.com\/pilar-stari\/2016\/08\/dr-sc-vinicije-b-lupis-odlikovan-redom-danice-hrvatske-s-likom-m-marulica\/"]}]},{"@type":"BreadcrumbList","@id":"https:\/\/www.vegaintro-projekti.com\/pilar-stari\/2016\/08\/dr-sc-vinicije-b-lupis-odlikovan-redom-danice-hrvatske-s-likom-m-marulica\/#breadcrumb","itemListElement":[{"@type":"ListItem","position":1,"name":"Home","item":"https:\/\/www.vegaintro-projekti.com\/pilar-stari\/"},{"@type":"ListItem","position":2,"name":"Dr. sc. Vinicije B. Lupis odlikovan Redom Danice hrvatske s likom M. Maruli\u0107a"}]},{"@type":"WebSite","@id":"https:\/\/www.vegaintro-projekti.com\/pilar-stari\/#website","url":"https:\/\/www.vegaintro-projekti.com\/pilar-stari\/","name":"Institut dru&scaron;tvenih znanosti Ivo Pilar","description":"Pilar","potentialAction":[{"@type":"SearchAction","target":{"@type":"EntryPoint","urlTemplate":"https:\/\/www.vegaintro-projekti.com\/pilar-stari\/?s={search_term_string}"},"query-input":"required name=search_term_string"}],"inLanguage":"hr"},{"@type":"Person","@id":"https:\/\/www.vegaintro-projekti.com\/pilar-stari\/#\/schema\/person\/c0db50ebd77c4409e19b18044bbf10c1","name":"pilar-admin","image":{"@type":"ImageObject","inLanguage":"hr","@id":"https:\/\/www.vegaintro-projekti.com\/pilar-stari\/#\/schema\/person\/image\/","url":"https:\/\/secure.gravatar.com\/avatar\/fac9e03c4db0011b9c1ad8b5e9c74b8c?s=96&d=mm&r=g","contentUrl":"https:\/\/secure.gravatar.com\/avatar\/fac9e03c4db0011b9c1ad8b5e9c74b8c?s=96&d=mm&r=g","caption":"pilar-admin"},"url":"https:\/\/www.vegaintro-projekti.com\/pilar-stari\/author\/pilar-admin\/"}]}},"_links":{"self":[{"href":"https:\/\/www.vegaintro-projekti.com\/pilar-stari\/wp-json\/wp\/v2\/posts\/908"}],"collection":[{"href":"https:\/\/www.vegaintro-projekti.com\/pilar-stari\/wp-json\/wp\/v2\/posts"}],"about":[{"href":"https:\/\/www.vegaintro-projekti.com\/pilar-stari\/wp-json\/wp\/v2\/types\/post"}],"author":[{"embeddable":true,"href":"https:\/\/www.vegaintro-projekti.com\/pilar-stari\/wp-json\/wp\/v2\/users\/1"}],"replies":[{"embeddable":true,"href":"https:\/\/www.vegaintro-projekti.com\/pilar-stari\/wp-json\/wp\/v2\/comments?post=908"}],"version-history":[{"count":3,"href":"https:\/\/www.vegaintro-projekti.com\/pilar-stari\/wp-json\/wp\/v2\/posts\/908\/revisions"}],"predecessor-version":[{"id":7352,"href":"https:\/\/www.vegaintro-projekti.com\/pilar-stari\/wp-json\/wp\/v2\/posts\/908\/revisions\/7352"}],"wp:attachment":[{"href":"https:\/\/www.vegaintro-projekti.com\/pilar-stari\/wp-json\/wp\/v2\/media?parent=908"}],"wp:term":[{"taxonomy":"category","embeddable":true,"href":"https:\/\/www.vegaintro-projekti.com\/pilar-stari\/wp-json\/wp\/v2\/categories?post=908"},{"taxonomy":"post_tag","embeddable":true,"href":"https:\/\/www.vegaintro-projekti.com\/pilar-stari\/wp-json\/wp\/v2\/tags?post=908"}],"curies":[{"name":"wp","href":"https:\/\/api.w.org\/{rel}","templated":true}]}}