{"id":918,"date":"2016-09-20T12:22:40","date_gmt":"2016-09-20T12:22:40","guid":{"rendered":"https:\/\/www.vegaintro-projekti.com\/pilar-stari\/2016\/09\/20\/predstavljanje-sto-je-vukovar-hrvatskoj-i-europi-26-9-2016\/"},"modified":"2017-12-08T15:13:38","modified_gmt":"2017-12-08T15:13:38","slug":"predstavljanje-sto-je-vukovar-hrvatskoj-i-europi-26-9-2016","status":"publish","type":"post","link":"https:\/\/www.vegaintro-projekti.com\/pilar-stari\/2016\/09\/predstavljanje-sto-je-vukovar-hrvatskoj-i-europi-26-9-2016\/","title":{"rendered":"Predstavljanje: \u0160TO JE VUKOVAR HRVATSKOJ I EUROPI?, 26. 9. 2016."},"content":{"rendered":"<p><strong>Obilje\u017eavaju\u0107i 10. godi\u0161njicu rada Podru\u010dni centar Instituta Pilar u Vukovaru organizirao je 26. rujna 2016. sve\u010dano predstavljanje znanstvene publikacije &#8220;\u0160to je Vukovar Hrvatskoj i Europi?&#8221;. Rije\u010d je o zborniku radova sa istoimenog tradicionalnog znanstvenoga skupa odr\u017eanog u Vukovaru u studenom 2014. godine. Zbornik radova zajedni\u010dki je izdava\u010dki projekt Instituta Pilar i Ogranka Matice hrvatske u Vukovaru<\/strong><\/p>\n<table border=\"0\">\n<tbody>\n<tr>\n<td><img decoding=\"async\" loading=\"lazy\" src=\"https:\/\/www.vegaintro-projekti.com\/pilar-stari\/wp-content\/images\/stories\/fotografije\/podrucni\/vukovar\/Vu_Eu\/IMG_0336_1s.JPG\" alt=\"IMG 0336 1s\" width=\"318\" height=\"239\" \/><\/td>\n<td><img decoding=\"async\" loading=\"lazy\" src=\"https:\/\/www.vegaintro-projekti.com\/pilar-stari\/wp-content\/images\/stories\/fotografije\/podrucni\/vukovar\/Vu_Eu\/IMG_0333_2s.JPG\" alt=\"IMG 0333 2s\" width=\"318\" height=\"239\" \/><\/td>\n<\/tr>\n<\/tbody>\n<\/table>\n<table border=\"0\">\n<tbody>\n<tr>\n<td><img decoding=\"async\" loading=\"lazy\" src=\"https:\/\/www.vegaintro-projekti.com\/pilar-stari\/wp-content\/images\/stories\/fotografije\/podrucni\/vukovar\/Vu_Eu\/IMG_0343_0s.JPG\" alt=\"IMG 0343 0s\" width=\"640\" height=\"307\" \/><\/td>\n<\/tr>\n<\/tbody>\n<\/table>\n<p><span style=\"font-size: 8pt;\"><strong>Predstavljanje zbornika \u0160TO JE VUKOVAR HRVATSKOJ I EUROPI?; Vukovar, 26. rujna 2016.<\/strong><\/span><\/p>\n<p>Predstavljanje je odr\u017eano u vlastelinskoj dvorani Gradskog muzeja Vukovar u dvorcu Eltz, u nazo\u010dnosti ve\u0107eg broja prijatelja, podupiratelja i suradnika Instituta Pilar. Zbornik su biranim rije\u010dima predstavili prof. dr. sc. Nenad Pokos, predsjednik Znanstvenoga vije\u0107a Instituta Pilar, prof. dr. sc. \u017deljko Tanji\u0107, rektor Hrvatskoga katoli\u010dkog sveu\u010dili\u0161ta, dr. sc. Petar Macut, vi\u0161i asistent u Podru\u010dnom centru Instituta Pilar u Vukovaru i prof. dr. sc. Dra\u017een \u017divi\u0107, voditelj Podru\u010dnoga centra i jedan od urednika Zbornika. Dojmljivim nastupom predstavljanje je uveli\u010dao Tomislav Kova\u010di\u0107, u\u010denik 5. razreda gitare glazbenih odjela O\u0160 Dragutina Tadijanovi\u0107a u Vukovaru.<\/p>\n<p>&#8211;&nbsp;<a href=\"https:\/\/www.vegaintro-projekti.com\/pilar-stari\/wp-content\/images\/stories\/dokumenti\/podrucni\/vukovar\/Pozivnica_Vu-Eu.pdf\">Pozivnica za predstavljanje zbornika \u0160TO JE VUKOVAR HRVATSKOJ I EUROPI?; Vukovar, 26. rujna 2016.<\/a><\/p>\n<p><a href=\"https:\/\/www.vegaintro-projekti.com\/pilar-stari\/wp-content\/images\/stories\/dokumenti\/podrucni\/vukovar\/Pozivnica_Vu-Eu.pdf\"><img decoding=\"async\" loading=\"lazy\" src=\"https:\/\/www.vegaintro-projekti.com\/pilar-stari\/wp-content\/images\/stories\/fotografije\/podrucni\/vukovar\/Vu_Eu\/Pozivnica.jpg\" alt=\"Pozivnica\" width=\"640\" height=\"828\" \/><\/a><\/p>\n<p><span style=\"font-size: 12pt;\">&gt;&gt;&gt; <a href=\"https:\/\/www.vegaintro-projekti.com\/pilar-stari\/2016\/06\/objavljen-zbornik-sto-je-vukovar-hrvatskoj-i-europi\/\">Zbornik \u0160TO JE VUKOVAR HRVATSKOJ I EUROPI?<\/a><\/span><\/p>\n<\/p>\n<p><span style=\"font-size: 12pt;\">Iz Rije\u010di urednika<\/span><\/p>\n<p>(\u2026) Vukovar je mjesto po\u010dinjenja brojnih ratnih zlo\u010dina i zlo\u010dina protiv \u010dovje\u010dnosti s vi\u0161e nego vidljivim obrisima genocida i genocidnih praksi. Mjesto je to i pada savjesti internacionalne zajednice, u trajanju sve do dana\u0161njih dana, u kojima se \u0161utke prepu\u0161ta briga za neke &#8216;nove&#8217; izbjeglice, ponovno Vukovaru, okolici i Republici Hrvatskoj. Stoga, Vukovar &#8217;91 je mjesto nezaobilaznog pam\u0107enja pro\u0161losti, upravljanja sada\u0161njo\u0161\u0107u, ali i osiguravanja opstanka hrvatske budu\u0107nosti. Koliko opominje, toliko se tu i nadahnjuje kroz autenti\u010dni ethos, sebedarje, humanost i neosvetoljubivost. Samo pravda, temeljena na ovim vrijednostima mo\u017ee biti temelj mira i povjerenja u budu\u0107nosti. (\u2026) Nakon 23 godine od velikosrpske agresije na Vukovar i Hrvatsku, izgleda kako Europa i svijet, nisu puno nau\u010dili na \u0161to upu\u0107uju kumulativna doga\u0111anja koja i sam papa Franjo u svojim govorima smje\u0161ta u kontekst po\u010detka tre\u0107eg svjetskog rata. Istovremeno, imaju\u0107i u vidu me\u0111uodnos i suodnos vukovarskog ratnog i poratnog iskustva i europskih perspektiva Hrvatske kao mlade \u010dlanice Europske Unije, va\u017eno je i dalje promi\u0161ljati hrvatsko iskustvo&nbsp;genocida, kulturocida i memoricida, te ponajvi\u0161e vukovarskog mirotvorstva.<\/p>\n<p><span style=\"font-size: 12pt;\">Sadr\u017eaj Zbornika<\/span><\/p>\n<p>Rije\u010d urednika<\/p>\n<p>Heinrich Badura: Vukovar 2014: Hat der Friede eine Zukunftschance?<br \/>Sanja \u0160poljar Vr\u017eina: Between the Anthropology of Vukovar and Anthropology of Law: Answering Finkielkraut&#8217;s Question About Being a Croat<br \/>Renato Mati\u0107: Vukovar i Hrvatska izme\u0111u ratnog i politi\u010dkog razaranja<br \/>Andrija Platu\u017ei\u0107 i Ozren \u017dunec: Inverzna geometrija i Bitka za Vukovar<br \/>Ante Nazor i Ana Holjevac Tukovi\u0107: Vukovar \u2013 hrvatski i europski grad 21. stolje\u0107a \u2013 pod cenzurom<br \/>Petar Elez i Henrik Ivan Damjanovi\u0107: Za\u0161to se 1918. godina mo\u017ee smatrati prekretnicom u razvoju europskog identiteta Vukovara?<br \/>Vine Mihaljevi\u0107 i Ivana Bendra: Obvezuju\u0107e vukovarsko mirotvorstvo<br \/>Kre\u0161imir Kufrin i Mateo \u017dani\u0107: Obilje\u017eavanje i sje\u0107anje. Zna\u010denje 18. 11. u godinama progonstva i vremenu nakon povratka<br \/>Mirjana Semeni\u0107 Rutko, Sandra Cviki\u0107, Dra\u017een \u017divi\u0107, Sanja \u0160poljar Vr\u017eina: Vukovarska ratna i poslijeratna pobolna zbilja \u2013 apel na moralnu obavezu djelovanja<br \/>Vlado Iljki\u0107, Neva Mihali\u0107, Dra\u017een \u017divi\u0107, Josipa Iljki\u0107: Projekt \u201eVukovar \u2013 mjesto posebnog pijeteta\u201c<br \/>Dra\u017een \u017divi\u0107: Ratne slike Vukovara \u2013 dokumenti zlo\u010dina i \u010duvari sje\u0107anja<\/p>\n<p>Sa\u017eetak i Summary<br \/>O autorima<\/p>\n<p>&nbsp;<\/p>\n<p>&gt;&gt;&gt; <a href=\"https:\/\/www.vegaintro-projekti.com\/pilar-stari\/2016\/06\/objavljen-zbornik-sto-je-vukovar-hrvatskoj-i-europi\/\">Zbornik \u0160TO JE VUKOVAR HRVATSKOJ I EUROPI?<\/a><\/p>\n<p>&gt;&gt;&gt; <a href=\"https:\/\/www.vegaintro-projekti.com\/pilar-stari\/2008\/10\/podruni-centar-vukovar\/\">PODRU\u010cNI CENTAR VUKOVAR<\/a><\/p>\n<p><\/p>\n","protected":false},"excerpt":{"rendered":"<p>Obilje\u017eavaju\u0107i 10. godi\u0161njicu rada Podru\u010dni centar Instituta Pilar u Vukovaru organizirao je 26. rujna 2016. sve\u010dano predstavljanje znanstvene publikacije &#8220;\u0160to je Vukovar Hrvatskoj i Europi?&#8221;. Rije\u010d je o zborniku radova sa istoimenog tradicionalnog znanstvenoga skupa odr\u017eanog u Vukovaru u studenom 2014. godine. Zbornik radova zajedni\u010dki je izdava\u010dki projekt Instituta Pilar i Ogranka Matice hrvatske u&hellip; <a class=\"continue\" href=\"https:\/\/www.vegaintro-projekti.com\/pilar-stari\/2016\/09\/predstavljanje-sto-je-vukovar-hrvatskoj-i-europi-26-9-2016\/\">Pro\u010ditaj vi\u0161e o<span> Predstavljanje: \u0160TO JE VUKOVAR HRVATSKOJ I EUROPI?, 26. 9. 2016.<\/span><\/a><\/p>\n","protected":false},"author":1,"featured_media":0,"comment_status":"open","ping_status":"open","sticky":false,"template":"","format":"standard","meta":{"inline_featured_image":false,"ngg_post_thumbnail":0,"footnotes":""},"categories":[11],"tags":[],"yoast_head":"<!-- This site is optimized with the Yoast SEO plugin v21.2 - https:\/\/yoast.com\/wordpress\/plugins\/seo\/ -->\n<title>Predstavljanje: \u0160TO JE VUKOVAR HRVATSKOJ I EUROPI?, 26. 9. 2016. - Institut dru&scaron;tvenih znanosti Ivo Pilar<\/title>\n<meta name=\"robots\" content=\"noindex, follow, max-snippet:-1, max-image-preview:large, max-video-preview:-1\" \/>\n<meta property=\"og:locale\" content=\"hr_HR\" \/>\n<meta property=\"og:type\" content=\"article\" \/>\n<meta property=\"og:title\" content=\"Predstavljanje: \u0160TO JE VUKOVAR HRVATSKOJ I EUROPI?, 26. 9. 2016. - Institut dru&scaron;tvenih znanosti Ivo Pilar\" \/>\n<meta property=\"og:description\" content=\"Obilje\u017eavaju\u0107i 10. godi\u0161njicu rada Podru\u010dni centar Instituta Pilar u Vukovaru organizirao je 26. rujna 2016. sve\u010dano predstavljanje znanstvene publikacije &#8220;\u0160to je Vukovar Hrvatskoj i Europi?&#8221;. Rije\u010d je o zborniku radova sa istoimenog tradicionalnog znanstvenoga skupa odr\u017eanog u Vukovaru u studenom 2014. godine. Zbornik radova zajedni\u010dki je izdava\u010dki projekt Instituta Pilar i Ogranka Matice hrvatske u&hellip; Pro\u010ditaj vi\u0161e o Predstavljanje: \u0160TO JE VUKOVAR HRVATSKOJ I EUROPI?, 26. 9. 2016.\" \/>\n<meta property=\"og:url\" content=\"https:\/\/www.vegaintro-projekti.com\/pilar-stari\/2016\/09\/predstavljanje-sto-je-vukovar-hrvatskoj-i-europi-26-9-2016\/\" \/>\n<meta property=\"og:site_name\" content=\"Institut dru&scaron;tvenih znanosti Ivo Pilar\" \/>\n<meta property=\"article:published_time\" content=\"2016-09-20T12:22:40+00:00\" \/>\n<meta property=\"article:modified_time\" content=\"2017-12-08T15:13:38+00:00\" \/>\n<meta property=\"og:image\" content=\"https:\/\/www.vegaintro-projekti.com\/pilar-stari\/wp-content\/images\/stories\/fotografije\/podrucni\/vukovar\/Vu_Eu\/IMG_0336_1s.JPG\" \/>\n<meta name=\"author\" content=\"pilar-admin\" \/>\n<meta name=\"twitter:card\" content=\"summary_large_image\" \/>\n<meta name=\"twitter:label1\" content=\"Napisao\/la\" \/>\n\t<meta name=\"twitter:data1\" content=\"pilar-admin\" \/>\n\t<meta name=\"twitter:label2\" content=\"Procijenjeno vrijeme \u010ditanja\" \/>\n\t<meta name=\"twitter:data2\" content=\"3 minute\" \/>\n<script type=\"application\/ld+json\" class=\"yoast-schema-graph\">{\"@context\":\"https:\/\/schema.org\",\"@graph\":[{\"@type\":\"WebPage\",\"@id\":\"https:\/\/www.vegaintro-projekti.com\/pilar-stari\/2016\/09\/predstavljanje-sto-je-vukovar-hrvatskoj-i-europi-26-9-2016\/\",\"url\":\"https:\/\/www.vegaintro-projekti.com\/pilar-stari\/2016\/09\/predstavljanje-sto-je-vukovar-hrvatskoj-i-europi-26-9-2016\/\",\"name\":\"Predstavljanje: \u0160TO JE VUKOVAR HRVATSKOJ I EUROPI?, 26. 9. 2016. - Institut dru&scaron;tvenih znanosti Ivo Pilar\",\"isPartOf\":{\"@id\":\"https:\/\/www.vegaintro-projekti.com\/pilar-stari\/#website\"},\"datePublished\":\"2016-09-20T12:22:40+00:00\",\"dateModified\":\"2017-12-08T15:13:38+00:00\",\"author\":{\"@id\":\"https:\/\/www.vegaintro-projekti.com\/pilar-stari\/#\/schema\/person\/c0db50ebd77c4409e19b18044bbf10c1\"},\"breadcrumb\":{\"@id\":\"https:\/\/www.vegaintro-projekti.com\/pilar-stari\/2016\/09\/predstavljanje-sto-je-vukovar-hrvatskoj-i-europi-26-9-2016\/#breadcrumb\"},\"inLanguage\":\"hr\",\"potentialAction\":[{\"@type\":\"ReadAction\",\"target\":[\"https:\/\/www.vegaintro-projekti.com\/pilar-stari\/2016\/09\/predstavljanje-sto-je-vukovar-hrvatskoj-i-europi-26-9-2016\/\"]}]},{\"@type\":\"BreadcrumbList\",\"@id\":\"https:\/\/www.vegaintro-projekti.com\/pilar-stari\/2016\/09\/predstavljanje-sto-je-vukovar-hrvatskoj-i-europi-26-9-2016\/#breadcrumb\",\"itemListElement\":[{\"@type\":\"ListItem\",\"position\":1,\"name\":\"Home\",\"item\":\"https:\/\/www.vegaintro-projekti.com\/pilar-stari\/\"},{\"@type\":\"ListItem\",\"position\":2,\"name\":\"Predstavljanje: \u0160TO JE VUKOVAR HRVATSKOJ I EUROPI?, 26. 9. 2016.\"}]},{\"@type\":\"WebSite\",\"@id\":\"https:\/\/www.vegaintro-projekti.com\/pilar-stari\/#website\",\"url\":\"https:\/\/www.vegaintro-projekti.com\/pilar-stari\/\",\"name\":\"Institut dru&scaron;tvenih znanosti Ivo Pilar\",\"description\":\"Pilar\",\"potentialAction\":[{\"@type\":\"SearchAction\",\"target\":{\"@type\":\"EntryPoint\",\"urlTemplate\":\"https:\/\/www.vegaintro-projekti.com\/pilar-stari\/?s={search_term_string}\"},\"query-input\":\"required name=search_term_string\"}],\"inLanguage\":\"hr\"},{\"@type\":\"Person\",\"@id\":\"https:\/\/www.vegaintro-projekti.com\/pilar-stari\/#\/schema\/person\/c0db50ebd77c4409e19b18044bbf10c1\",\"name\":\"pilar-admin\",\"image\":{\"@type\":\"ImageObject\",\"inLanguage\":\"hr\",\"@id\":\"https:\/\/www.vegaintro-projekti.com\/pilar-stari\/#\/schema\/person\/image\/\",\"url\":\"https:\/\/secure.gravatar.com\/avatar\/fac9e03c4db0011b9c1ad8b5e9c74b8c?s=96&d=mm&r=g\",\"contentUrl\":\"https:\/\/secure.gravatar.com\/avatar\/fac9e03c4db0011b9c1ad8b5e9c74b8c?s=96&d=mm&r=g\",\"caption\":\"pilar-admin\"},\"url\":\"https:\/\/www.vegaintro-projekti.com\/pilar-stari\/author\/pilar-admin\/\"}]}<\/script>\n<!-- \/ Yoast SEO plugin. -->","yoast_head_json":{"title":"Predstavljanje: \u0160TO JE VUKOVAR HRVATSKOJ I EUROPI?, 26. 9. 2016. - Institut dru&scaron;tvenih znanosti Ivo Pilar","robots":{"index":"noindex","follow":"follow","max-snippet":"max-snippet:-1","max-image-preview":"max-image-preview:large","max-video-preview":"max-video-preview:-1"},"og_locale":"hr_HR","og_type":"article","og_title":"Predstavljanje: \u0160TO JE VUKOVAR HRVATSKOJ I EUROPI?, 26. 9. 2016. - Institut dru&scaron;tvenih znanosti Ivo Pilar","og_description":"Obilje\u017eavaju\u0107i 10. godi\u0161njicu rada Podru\u010dni centar Instituta Pilar u Vukovaru organizirao je 26. rujna 2016. sve\u010dano predstavljanje znanstvene publikacije &#8220;\u0160to je Vukovar Hrvatskoj i Europi?&#8221;. Rije\u010d je o zborniku radova sa istoimenog tradicionalnog znanstvenoga skupa odr\u017eanog u Vukovaru u studenom 2014. godine. Zbornik radova zajedni\u010dki je izdava\u010dki projekt Instituta Pilar i Ogranka Matice hrvatske u&hellip; Pro\u010ditaj vi\u0161e o Predstavljanje: \u0160TO JE VUKOVAR HRVATSKOJ I EUROPI?, 26. 9. 2016.","og_url":"https:\/\/www.vegaintro-projekti.com\/pilar-stari\/2016\/09\/predstavljanje-sto-je-vukovar-hrvatskoj-i-europi-26-9-2016\/","og_site_name":"Institut dru&scaron;tvenih znanosti Ivo Pilar","article_published_time":"2016-09-20T12:22:40+00:00","article_modified_time":"2017-12-08T15:13:38+00:00","og_image":[{"url":"https:\/\/www.vegaintro-projekti.com\/pilar-stari\/wp-content\/images\/stories\/fotografije\/podrucni\/vukovar\/Vu_Eu\/IMG_0336_1s.JPG"}],"author":"pilar-admin","twitter_card":"summary_large_image","twitter_misc":{"Napisao\/la":"pilar-admin","Procijenjeno vrijeme \u010ditanja":"3 minute"},"schema":{"@context":"https:\/\/schema.org","@graph":[{"@type":"WebPage","@id":"https:\/\/www.vegaintro-projekti.com\/pilar-stari\/2016\/09\/predstavljanje-sto-je-vukovar-hrvatskoj-i-europi-26-9-2016\/","url":"https:\/\/www.vegaintro-projekti.com\/pilar-stari\/2016\/09\/predstavljanje-sto-je-vukovar-hrvatskoj-i-europi-26-9-2016\/","name":"Predstavljanje: \u0160TO JE VUKOVAR HRVATSKOJ I EUROPI?, 26. 9. 2016. - Institut dru&scaron;tvenih znanosti Ivo Pilar","isPartOf":{"@id":"https:\/\/www.vegaintro-projekti.com\/pilar-stari\/#website"},"datePublished":"2016-09-20T12:22:40+00:00","dateModified":"2017-12-08T15:13:38+00:00","author":{"@id":"https:\/\/www.vegaintro-projekti.com\/pilar-stari\/#\/schema\/person\/c0db50ebd77c4409e19b18044bbf10c1"},"breadcrumb":{"@id":"https:\/\/www.vegaintro-projekti.com\/pilar-stari\/2016\/09\/predstavljanje-sto-je-vukovar-hrvatskoj-i-europi-26-9-2016\/#breadcrumb"},"inLanguage":"hr","potentialAction":[{"@type":"ReadAction","target":["https:\/\/www.vegaintro-projekti.com\/pilar-stari\/2016\/09\/predstavljanje-sto-je-vukovar-hrvatskoj-i-europi-26-9-2016\/"]}]},{"@type":"BreadcrumbList","@id":"https:\/\/www.vegaintro-projekti.com\/pilar-stari\/2016\/09\/predstavljanje-sto-je-vukovar-hrvatskoj-i-europi-26-9-2016\/#breadcrumb","itemListElement":[{"@type":"ListItem","position":1,"name":"Home","item":"https:\/\/www.vegaintro-projekti.com\/pilar-stari\/"},{"@type":"ListItem","position":2,"name":"Predstavljanje: \u0160TO JE VUKOVAR HRVATSKOJ I EUROPI?, 26. 9. 2016."}]},{"@type":"WebSite","@id":"https:\/\/www.vegaintro-projekti.com\/pilar-stari\/#website","url":"https:\/\/www.vegaintro-projekti.com\/pilar-stari\/","name":"Institut dru&scaron;tvenih znanosti Ivo Pilar","description":"Pilar","potentialAction":[{"@type":"SearchAction","target":{"@type":"EntryPoint","urlTemplate":"https:\/\/www.vegaintro-projekti.com\/pilar-stari\/?s={search_term_string}"},"query-input":"required name=search_term_string"}],"inLanguage":"hr"},{"@type":"Person","@id":"https:\/\/www.vegaintro-projekti.com\/pilar-stari\/#\/schema\/person\/c0db50ebd77c4409e19b18044bbf10c1","name":"pilar-admin","image":{"@type":"ImageObject","inLanguage":"hr","@id":"https:\/\/www.vegaintro-projekti.com\/pilar-stari\/#\/schema\/person\/image\/","url":"https:\/\/secure.gravatar.com\/avatar\/fac9e03c4db0011b9c1ad8b5e9c74b8c?s=96&d=mm&r=g","contentUrl":"https:\/\/secure.gravatar.com\/avatar\/fac9e03c4db0011b9c1ad8b5e9c74b8c?s=96&d=mm&r=g","caption":"pilar-admin"},"url":"https:\/\/www.vegaintro-projekti.com\/pilar-stari\/author\/pilar-admin\/"}]}},"_links":{"self":[{"href":"https:\/\/www.vegaintro-projekti.com\/pilar-stari\/wp-json\/wp\/v2\/posts\/918"}],"collection":[{"href":"https:\/\/www.vegaintro-projekti.com\/pilar-stari\/wp-json\/wp\/v2\/posts"}],"about":[{"href":"https:\/\/www.vegaintro-projekti.com\/pilar-stari\/wp-json\/wp\/v2\/types\/post"}],"author":[{"embeddable":true,"href":"https:\/\/www.vegaintro-projekti.com\/pilar-stari\/wp-json\/wp\/v2\/users\/1"}],"replies":[{"embeddable":true,"href":"https:\/\/www.vegaintro-projekti.com\/pilar-stari\/wp-json\/wp\/v2\/comments?post=918"}],"version-history":[{"count":6,"href":"https:\/\/www.vegaintro-projekti.com\/pilar-stari\/wp-json\/wp\/v2\/posts\/918\/revisions"}],"predecessor-version":[{"id":8079,"href":"https:\/\/www.vegaintro-projekti.com\/pilar-stari\/wp-json\/wp\/v2\/posts\/918\/revisions\/8079"}],"wp:attachment":[{"href":"https:\/\/www.vegaintro-projekti.com\/pilar-stari\/wp-json\/wp\/v2\/media?parent=918"}],"wp:term":[{"taxonomy":"category","embeddable":true,"href":"https:\/\/www.vegaintro-projekti.com\/pilar-stari\/wp-json\/wp\/v2\/categories?post=918"},{"taxonomy":"post_tag","embeddable":true,"href":"https:\/\/www.vegaintro-projekti.com\/pilar-stari\/wp-json\/wp\/v2\/tags?post=918"}],"curies":[{"name":"wp","href":"https:\/\/api.w.org\/{rel}","templated":true}]}}