{"id":920,"date":"2016-09-21T13:37:39","date_gmt":"2016-09-21T13:37:39","guid":{"rendered":"https:\/\/www.vegaintro-projekti.com\/pilar-stari\/2016\/09\/21\/otkrivanje-spomen-ploce-ivi-pilaru-zmaju-tuzlanskom-28-9-2016\/"},"modified":"2017-12-08T15:46:50","modified_gmt":"2017-12-08T15:46:50","slug":"otkrivanje-spomen-ploce-ivi-pilaru-zmaju-tuzlanskom-28-9-2016","status":"publish","type":"post","link":"https:\/\/www.vegaintro-projekti.com\/pilar-stari\/2016\/09\/otkrivanje-spomen-ploce-ivi-pilaru-zmaju-tuzlanskom-28-9-2016\/","title":{"rendered":"Otkrivanje spomen-plo\u010de IVI PILARU, Zmaju Tuzlanskom; 28. 9. 2016."},"content":{"rendered":"<p><strong>Dru\u017eba &#8220;Bra\u0107a Hrvatskog Zmaja&#8221; i Institut dru\u0161tvenih znanosti Ivo Pilar u prigodnoj su sve\u010danosti otkrili spomen-plo\u010du dr. Ivi Pilaru, Zmaju Tuzlanskom, u srijedu 28. rujna 2016. na adresi Berislavi\u0107eva 6, Zagreb. Spomen-plo\u010da postavljena je na pro\u010delju zgrade u kojoj se svojedobno nalazio odvjetni\u010dki ured dr. Ive Pilara.&nbsp;&#8211; <a href=\"https:\/\/www.vegaintro-projekti.com\/pilar-stari\/fotogalerija\/otkrivanje-spomen-ploce-ivi-pilaru-zmaju-tuzlanskom\/\">Fotogalerija<\/a><\/strong><\/p>\n<table border=\"0\">\n<tbody>\n<tr>\n<td><img decoding=\"async\" loading=\"lazy\" src=\"https:\/\/www.vegaintro-projekti.com\/pilar-stari\/wp-content\/images\/stories\/fotografije\/25_Pilar\/DSC_0046_s.JPG\" alt=\"DSC 0046 s\" width=\"212\" height=\"141\" \/><\/td>\n<td><img decoding=\"async\" loading=\"lazy\" src=\"https:\/\/www.vegaintro-projekti.com\/pilar-stari\/wp-content\/images\/stories\/fotografije\/25_Pilar\/DSC_0047_s.JPG\" alt=\"DSC 0047 s\" width=\"212\" height=\"141\" \/><\/td>\n<td><img decoding=\"async\" loading=\"lazy\" src=\"https:\/\/www.vegaintro-projekti.com\/pilar-stari\/wp-content\/images\/stories\/fotografije\/25_Pilar\/DSC_0048_s.JPG\" alt=\"DSC 0048 s\" width=\"212\" height=\"141\" \/><\/td>\n<\/tr>\n<\/tbody>\n<\/table>\n<table border=\"0\">\n<tbody>\n<tr>\n<td><img decoding=\"async\" loading=\"lazy\" src=\"https:\/\/www.vegaintro-projekti.com\/pilar-stari\/wp-content\/images\/stories\/fotografije\/25_Pilar\/DSC_0057_s.JPG\" alt=\"DSC 0057 s\" width=\"645\" height=\"425\" \/><\/td>\n<\/tr>\n<\/tbody>\n<\/table>\n<table border=\"0\">\n<tbody>\n<tr>\n<td><img decoding=\"async\" loading=\"lazy\" src=\"https:\/\/www.vegaintro-projekti.com\/pilar-stari\/wp-content\/images\/stories\/fotografije\/25_Pilar\/DSC_0016_s.JPG\" alt=\"DSC 0016 s\" width=\"212\" height=\"141\" \/><\/td>\n<td><img decoding=\"async\" loading=\"lazy\" src=\"https:\/\/www.vegaintro-projekti.com\/pilar-stari\/wp-content\/images\/stories\/fotografije\/25_Pilar\/DSC_0023_s.JPG\" alt=\"DSC 0023 s\" width=\"212\" height=\"141\" \/><\/td>\n<td><img decoding=\"async\" loading=\"lazy\" src=\"https:\/\/www.vegaintro-projekti.com\/pilar-stari\/wp-content\/images\/stories\/fotografije\/25_Pilar\/DSC_0024_s.JPG\" alt=\"DSC 0024 s\" width=\"212\" height=\"141\" \/><\/td>\n<\/tr>\n<\/tbody>\n<\/table>\n<table border=\"0\">\n<tbody>\n<tr>\n<td><img decoding=\"async\" loading=\"lazy\" src=\"https:\/\/www.vegaintro-projekti.com\/pilar-stari\/wp-content\/images\/stories\/fotografije\/25_Pilar\/DSC_0104_s.JPG\" alt=\"DSC 0104 s\" width=\"318\" height=\"211\" \/><\/td>\n<td><img decoding=\"async\" loading=\"lazy\" src=\"https:\/\/www.vegaintro-projekti.com\/pilar-stari\/wp-content\/images\/stories\/fotografije\/25_Pilar\/DSC_0107_s.JPG\" alt=\"DSC 0107 s\" width=\"321\" height=\"211\" \/><\/td>\n<\/tr>\n<\/tbody>\n<\/table>\n<p><span style=\"font-size: 8pt;\"><strong>Otkrivanje spomen-plo\u010de IVI PILARU, Zmaju Tuzlanskom; Zagreb, 28. rujna 2016.<\/strong><\/span><\/p>\n<p>Prigodno slovo o dr. Ivi Pilaru u povodu otkrivanja spomen-plo\u010de odr\u017eali su veliki me\u0161tar Dru\u017ebe &#8220;Bra\u0107a Hrvatskoga Zmaja&#8221; Zmaj od Istre prof. dr. sc. Nevio \u0160eti\u0107 i ravnatelj Instituta dru\u0161tvenih znanosti Ivo Pilar, Zmaj od Modrog jezera prof. dr. sc. Vlado \u0160aki\u0107. U sve\u010danoj prigodi govornici su uzvanike i predstavnike medija upoznali s potankostima inicijative za postavljanje spomen-plo\u010de te ocrtali dru\u0161tveni i povijesni kontekst u kojemu je dr. Ivo Pilar djelovao kao publicist, odvjetnik i anga\u017eirani intelektualac.<\/p>\n<p>Institut dru\u0161tvenih znanosti Ivo Pilar od samog osnutka prije \u010detvrt stolje\u0107a sustavno istra\u017euje i znanstveno-kriti\u010dki prou\u010dava ostav\u0161tinu dr. Ive Pilara koja je dobrotom obitelji darovana Institutu Ivo Pilar. Danas je rukopisna ostav\u0161tina dr. Ive Pilara trajno pohranjena u Nacionalnoj i sveu\u010dili\u0161noj knji\u017enici u Zagrebu. O tome svjedo\u010di niz kriti\u010dkih izdanja njegovih djela, tematskih brojeva godi\u0161njaka i \u010dasopisa &#8220;Pilar&#8221; u izdanju Instituta te znanstvenih radova iz razli\u010ditih podru\u010dja u kojima se tematiziraju prilozi koje je dr. Ivo Pilar dao svojim bogatim opusom i javnim djelovanjem.<\/p>\n<p>Nakon sve\u010danosti otkrivanja spomen-plo\u010de, u sjedi\u0161tu Dru\u017ebe &#8220;Bra\u0107a Hrvatskoga Zmaja&#8221;, u Kamenitoj 3, u sve\u010danoj dvorani Kule nad Kamenitim vratima s po\u010detkom u 19 sati odr\u017eano je prigodno predavanje dr. sc. Tomislava Jonji\u0107a <strong>Ivo Pilar \u2013 Lik i djelo<\/strong>.<\/p>\n<p><span style=\"font-size: 12pt;\">&gt;&gt;&gt;&nbsp;<a href=\"https:\/\/www.vegaintro-projekti.com\/pilar-stari\/fotogalerija\/otkrivanje-spomen-ploce-ivi-pilaru-zmaju-tuzlanskom\/\">Fotogalerija s otkrivanja spomen-plo\u010de Ivi Pilaru; Zagreb, 28. rujna 2016.<\/a><\/span><\/p>\n<p>&#8211;&nbsp;<a href=\"https:\/\/www.vegaintro-projekti.com\/pilar-stari\/wp-content\/images\/stories\/dokumenti\/razno\/25godina\/Spomen-ploca_PILAR.pdf\">Pozivnica za sve\u010danost otkrivanja spomen-plo\u010de IVI PILARU, Zmaju Tuzlanskom; Zagreb, 28. rujna 2016.<\/a><\/p>\n<p><a href=\"https:\/\/www.vegaintro-projekti.com\/pilar-stari\/wp-content\/images\/stories\/dokumenti\/razno\/25godina\/Spomen-ploca_PILAR.pdf\"><img decoding=\"async\" loading=\"lazy\" src=\"https:\/\/www.vegaintro-projekti.com\/pilar-stari\/wp-content\/images\/stories\/fotografije\/25_Pilar\/Spomen-ploca_PILAR1.jpg\" alt=\"Spomen-ploca PILAR1\" width=\"640\" height=\"293\" \/><\/a><\/p>\n<p>&nbsp;<\/p>\n<p><span style=\"font-size: 12pt;\">&gt;&gt;&gt; <a href=\"https:\/\/www.vegaintro-projekti.com\/pilar-stari\/2008\/11\/ivotopis-dr-ive-pilara\/\">\u017divotopis dr. Ive Pilara<\/a><\/span><br \/><span style=\"font-size: 12pt;\">&gt;&gt;&gt; <a href=\"https:\/\/www.vegaintro-projekti.com\/pilar-stari\/2008\/11\/bibliografija-radova-i-neobjavljena-graa\/#neobjavljeno\">Bibliografija radova i neobjavljena gra\u0111a<br \/><\/a>&gt;&gt;&gt; <a href=\"https:\/\/www.vegaintro-projekti.com\/pilar-stari\/2008\/11\/literatura-o-ivi-pilaru\/\">Literatura o Ivi Pilaru<br \/><\/a><\/span><span style=\"font-size: 12pt;\">&gt;&gt;&gt;&nbsp;<a href=\"https:\/\/www.vegaintro-projekti.com\/pilar-stari\/2011\/02\/zahvalnica-nsk-institutu-ivo-pilar\/\">Sporazum o suradnji Nacionalne i sveu\u010dili\u0161ne knji\u017enice i Instituta Ivo Pilar<\/a><\/span><\/p>\n<p>&nbsp;<\/p>\n<p><\/p>\n<p>&nbsp;<\/p>\n<p>&nbsp;<\/p>\n","protected":false},"excerpt":{"rendered":"<p>Dru\u017eba &#8220;Bra\u0107a Hrvatskog Zmaja&#8221; i Institut dru\u0161tvenih znanosti Ivo Pilar u prigodnoj su sve\u010danosti otkrili spomen-plo\u010du dr. Ivi Pilaru, Zmaju Tuzlanskom, u srijedu 28. rujna 2016. na adresi Berislavi\u0107eva 6, Zagreb. Spomen-plo\u010da postavljena je na pro\u010delju zgrade u kojoj se svojedobno nalazio odvjetni\u010dki ured dr. Ive Pilara.&nbsp;&#8211; Fotogalerija Otkrivanje spomen-plo\u010de IVI PILARU, Zmaju Tuzlanskom; Zagreb,&hellip; <a class=\"continue\" href=\"https:\/\/www.vegaintro-projekti.com\/pilar-stari\/2016\/09\/otkrivanje-spomen-ploce-ivi-pilaru-zmaju-tuzlanskom-28-9-2016\/\">Pro\u010ditaj vi\u0161e o<span> Otkrivanje spomen-plo\u010de IVI PILARU, Zmaju Tuzlanskom; 28. 9. 2016.<\/span><\/a><\/p>\n","protected":false},"author":1,"featured_media":0,"comment_status":"open","ping_status":"open","sticky":false,"template":"","format":"standard","meta":{"inline_featured_image":false,"ngg_post_thumbnail":0,"footnotes":""},"categories":[9],"tags":[],"yoast_head":"<!-- This site is optimized with the Yoast SEO plugin v21.2 - https:\/\/yoast.com\/wordpress\/plugins\/seo\/ -->\n<title>Otkrivanje spomen-plo\u010de IVI PILARU, Zmaju Tuzlanskom; 28. 9. 2016. - Institut dru&scaron;tvenih znanosti Ivo Pilar<\/title>\n<meta name=\"robots\" content=\"noindex, follow, max-snippet:-1, max-image-preview:large, max-video-preview:-1\" \/>\n<meta property=\"og:locale\" content=\"hr_HR\" \/>\n<meta property=\"og:type\" content=\"article\" \/>\n<meta property=\"og:title\" content=\"Otkrivanje spomen-plo\u010de IVI PILARU, Zmaju Tuzlanskom; 28. 9. 2016. - Institut dru&scaron;tvenih znanosti Ivo Pilar\" \/>\n<meta property=\"og:description\" content=\"Dru\u017eba &#8220;Bra\u0107a Hrvatskog Zmaja&#8221; i Institut dru\u0161tvenih znanosti Ivo Pilar u prigodnoj su sve\u010danosti otkrili spomen-plo\u010du dr. Ivi Pilaru, Zmaju Tuzlanskom, u srijedu 28. rujna 2016. na adresi Berislavi\u0107eva 6, Zagreb. Spomen-plo\u010da postavljena je na pro\u010delju zgrade u kojoj se svojedobno nalazio odvjetni\u010dki ured dr. Ive Pilara.&nbsp;&#8211; Fotogalerija Otkrivanje spomen-plo\u010de IVI PILARU, Zmaju Tuzlanskom; Zagreb,&hellip; Pro\u010ditaj vi\u0161e o Otkrivanje spomen-plo\u010de IVI PILARU, Zmaju Tuzlanskom; 28. 9. 2016.\" \/>\n<meta property=\"og:url\" content=\"https:\/\/www.vegaintro-projekti.com\/pilar-stari\/2016\/09\/otkrivanje-spomen-ploce-ivi-pilaru-zmaju-tuzlanskom-28-9-2016\/\" \/>\n<meta property=\"og:site_name\" content=\"Institut dru&scaron;tvenih znanosti Ivo Pilar\" \/>\n<meta property=\"article:published_time\" content=\"2016-09-21T13:37:39+00:00\" \/>\n<meta property=\"article:modified_time\" content=\"2017-12-08T15:46:50+00:00\" \/>\n<meta property=\"og:image\" content=\"https:\/\/www.vegaintro-projekti.com\/pilar-stari\/wp-content\/images\/stories\/fotografije\/25_Pilar\/DSC_0046_s.JPG\" \/>\n<meta name=\"author\" content=\"pilar-admin\" \/>\n<meta name=\"twitter:card\" content=\"summary_large_image\" \/>\n<meta name=\"twitter:label1\" content=\"Napisao\/la\" \/>\n\t<meta name=\"twitter:data1\" content=\"pilar-admin\" \/>\n\t<meta name=\"twitter:label2\" content=\"Procijenjeno vrijeme \u010ditanja\" \/>\n\t<meta name=\"twitter:data2\" content=\"2 minute\" \/>\n<script type=\"application\/ld+json\" class=\"yoast-schema-graph\">{\"@context\":\"https:\/\/schema.org\",\"@graph\":[{\"@type\":\"WebPage\",\"@id\":\"https:\/\/www.vegaintro-projekti.com\/pilar-stari\/2016\/09\/otkrivanje-spomen-ploce-ivi-pilaru-zmaju-tuzlanskom-28-9-2016\/\",\"url\":\"https:\/\/www.vegaintro-projekti.com\/pilar-stari\/2016\/09\/otkrivanje-spomen-ploce-ivi-pilaru-zmaju-tuzlanskom-28-9-2016\/\",\"name\":\"Otkrivanje spomen-plo\u010de IVI PILARU, Zmaju Tuzlanskom; 28. 9. 2016. - Institut dru&scaron;tvenih znanosti Ivo Pilar\",\"isPartOf\":{\"@id\":\"https:\/\/www.vegaintro-projekti.com\/pilar-stari\/#website\"},\"datePublished\":\"2016-09-21T13:37:39+00:00\",\"dateModified\":\"2017-12-08T15:46:50+00:00\",\"author\":{\"@id\":\"https:\/\/www.vegaintro-projekti.com\/pilar-stari\/#\/schema\/person\/c0db50ebd77c4409e19b18044bbf10c1\"},\"breadcrumb\":{\"@id\":\"https:\/\/www.vegaintro-projekti.com\/pilar-stari\/2016\/09\/otkrivanje-spomen-ploce-ivi-pilaru-zmaju-tuzlanskom-28-9-2016\/#breadcrumb\"},\"inLanguage\":\"hr\",\"potentialAction\":[{\"@type\":\"ReadAction\",\"target\":[\"https:\/\/www.vegaintro-projekti.com\/pilar-stari\/2016\/09\/otkrivanje-spomen-ploce-ivi-pilaru-zmaju-tuzlanskom-28-9-2016\/\"]}]},{\"@type\":\"BreadcrumbList\",\"@id\":\"https:\/\/www.vegaintro-projekti.com\/pilar-stari\/2016\/09\/otkrivanje-spomen-ploce-ivi-pilaru-zmaju-tuzlanskom-28-9-2016\/#breadcrumb\",\"itemListElement\":[{\"@type\":\"ListItem\",\"position\":1,\"name\":\"Home\",\"item\":\"https:\/\/www.vegaintro-projekti.com\/pilar-stari\/\"},{\"@type\":\"ListItem\",\"position\":2,\"name\":\"Otkrivanje spomen-plo\u010de IVI PILARU, Zmaju Tuzlanskom; 28. 9. 2016.\"}]},{\"@type\":\"WebSite\",\"@id\":\"https:\/\/www.vegaintro-projekti.com\/pilar-stari\/#website\",\"url\":\"https:\/\/www.vegaintro-projekti.com\/pilar-stari\/\",\"name\":\"Institut dru&scaron;tvenih znanosti Ivo Pilar\",\"description\":\"Pilar\",\"potentialAction\":[{\"@type\":\"SearchAction\",\"target\":{\"@type\":\"EntryPoint\",\"urlTemplate\":\"https:\/\/www.vegaintro-projekti.com\/pilar-stari\/?s={search_term_string}\"},\"query-input\":\"required name=search_term_string\"}],\"inLanguage\":\"hr\"},{\"@type\":\"Person\",\"@id\":\"https:\/\/www.vegaintro-projekti.com\/pilar-stari\/#\/schema\/person\/c0db50ebd77c4409e19b18044bbf10c1\",\"name\":\"pilar-admin\",\"image\":{\"@type\":\"ImageObject\",\"inLanguage\":\"hr\",\"@id\":\"https:\/\/www.vegaintro-projekti.com\/pilar-stari\/#\/schema\/person\/image\/\",\"url\":\"https:\/\/secure.gravatar.com\/avatar\/fac9e03c4db0011b9c1ad8b5e9c74b8c?s=96&d=mm&r=g\",\"contentUrl\":\"https:\/\/secure.gravatar.com\/avatar\/fac9e03c4db0011b9c1ad8b5e9c74b8c?s=96&d=mm&r=g\",\"caption\":\"pilar-admin\"},\"url\":\"https:\/\/www.vegaintro-projekti.com\/pilar-stari\/author\/pilar-admin\/\"}]}<\/script>\n<!-- \/ Yoast SEO plugin. -->","yoast_head_json":{"title":"Otkrivanje spomen-plo\u010de IVI PILARU, Zmaju Tuzlanskom; 28. 9. 2016. - Institut dru&scaron;tvenih znanosti Ivo Pilar","robots":{"index":"noindex","follow":"follow","max-snippet":"max-snippet:-1","max-image-preview":"max-image-preview:large","max-video-preview":"max-video-preview:-1"},"og_locale":"hr_HR","og_type":"article","og_title":"Otkrivanje spomen-plo\u010de IVI PILARU, Zmaju Tuzlanskom; 28. 9. 2016. - Institut dru&scaron;tvenih znanosti Ivo Pilar","og_description":"Dru\u017eba &#8220;Bra\u0107a Hrvatskog Zmaja&#8221; i Institut dru\u0161tvenih znanosti Ivo Pilar u prigodnoj su sve\u010danosti otkrili spomen-plo\u010du dr. Ivi Pilaru, Zmaju Tuzlanskom, u srijedu 28. rujna 2016. na adresi Berislavi\u0107eva 6, Zagreb. Spomen-plo\u010da postavljena je na pro\u010delju zgrade u kojoj se svojedobno nalazio odvjetni\u010dki ured dr. Ive Pilara.&nbsp;&#8211; Fotogalerija Otkrivanje spomen-plo\u010de IVI PILARU, Zmaju Tuzlanskom; Zagreb,&hellip; Pro\u010ditaj vi\u0161e o Otkrivanje spomen-plo\u010de IVI PILARU, Zmaju Tuzlanskom; 28. 9. 2016.","og_url":"https:\/\/www.vegaintro-projekti.com\/pilar-stari\/2016\/09\/otkrivanje-spomen-ploce-ivi-pilaru-zmaju-tuzlanskom-28-9-2016\/","og_site_name":"Institut dru&scaron;tvenih znanosti Ivo Pilar","article_published_time":"2016-09-21T13:37:39+00:00","article_modified_time":"2017-12-08T15:46:50+00:00","og_image":[{"url":"https:\/\/www.vegaintro-projekti.com\/pilar-stari\/wp-content\/images\/stories\/fotografije\/25_Pilar\/DSC_0046_s.JPG"}],"author":"pilar-admin","twitter_card":"summary_large_image","twitter_misc":{"Napisao\/la":"pilar-admin","Procijenjeno vrijeme \u010ditanja":"2 minute"},"schema":{"@context":"https:\/\/schema.org","@graph":[{"@type":"WebPage","@id":"https:\/\/www.vegaintro-projekti.com\/pilar-stari\/2016\/09\/otkrivanje-spomen-ploce-ivi-pilaru-zmaju-tuzlanskom-28-9-2016\/","url":"https:\/\/www.vegaintro-projekti.com\/pilar-stari\/2016\/09\/otkrivanje-spomen-ploce-ivi-pilaru-zmaju-tuzlanskom-28-9-2016\/","name":"Otkrivanje spomen-plo\u010de IVI PILARU, Zmaju Tuzlanskom; 28. 9. 2016. - Institut dru&scaron;tvenih znanosti Ivo Pilar","isPartOf":{"@id":"https:\/\/www.vegaintro-projekti.com\/pilar-stari\/#website"},"datePublished":"2016-09-21T13:37:39+00:00","dateModified":"2017-12-08T15:46:50+00:00","author":{"@id":"https:\/\/www.vegaintro-projekti.com\/pilar-stari\/#\/schema\/person\/c0db50ebd77c4409e19b18044bbf10c1"},"breadcrumb":{"@id":"https:\/\/www.vegaintro-projekti.com\/pilar-stari\/2016\/09\/otkrivanje-spomen-ploce-ivi-pilaru-zmaju-tuzlanskom-28-9-2016\/#breadcrumb"},"inLanguage":"hr","potentialAction":[{"@type":"ReadAction","target":["https:\/\/www.vegaintro-projekti.com\/pilar-stari\/2016\/09\/otkrivanje-spomen-ploce-ivi-pilaru-zmaju-tuzlanskom-28-9-2016\/"]}]},{"@type":"BreadcrumbList","@id":"https:\/\/www.vegaintro-projekti.com\/pilar-stari\/2016\/09\/otkrivanje-spomen-ploce-ivi-pilaru-zmaju-tuzlanskom-28-9-2016\/#breadcrumb","itemListElement":[{"@type":"ListItem","position":1,"name":"Home","item":"https:\/\/www.vegaintro-projekti.com\/pilar-stari\/"},{"@type":"ListItem","position":2,"name":"Otkrivanje spomen-plo\u010de IVI PILARU, Zmaju Tuzlanskom; 28. 9. 2016."}]},{"@type":"WebSite","@id":"https:\/\/www.vegaintro-projekti.com\/pilar-stari\/#website","url":"https:\/\/www.vegaintro-projekti.com\/pilar-stari\/","name":"Institut dru&scaron;tvenih znanosti Ivo Pilar","description":"Pilar","potentialAction":[{"@type":"SearchAction","target":{"@type":"EntryPoint","urlTemplate":"https:\/\/www.vegaintro-projekti.com\/pilar-stari\/?s={search_term_string}"},"query-input":"required name=search_term_string"}],"inLanguage":"hr"},{"@type":"Person","@id":"https:\/\/www.vegaintro-projekti.com\/pilar-stari\/#\/schema\/person\/c0db50ebd77c4409e19b18044bbf10c1","name":"pilar-admin","image":{"@type":"ImageObject","inLanguage":"hr","@id":"https:\/\/www.vegaintro-projekti.com\/pilar-stari\/#\/schema\/person\/image\/","url":"https:\/\/secure.gravatar.com\/avatar\/fac9e03c4db0011b9c1ad8b5e9c74b8c?s=96&d=mm&r=g","contentUrl":"https:\/\/secure.gravatar.com\/avatar\/fac9e03c4db0011b9c1ad8b5e9c74b8c?s=96&d=mm&r=g","caption":"pilar-admin"},"url":"https:\/\/www.vegaintro-projekti.com\/pilar-stari\/author\/pilar-admin\/"}]}},"_links":{"self":[{"href":"https:\/\/www.vegaintro-projekti.com\/pilar-stari\/wp-json\/wp\/v2\/posts\/920"}],"collection":[{"href":"https:\/\/www.vegaintro-projekti.com\/pilar-stari\/wp-json\/wp\/v2\/posts"}],"about":[{"href":"https:\/\/www.vegaintro-projekti.com\/pilar-stari\/wp-json\/wp\/v2\/types\/post"}],"author":[{"embeddable":true,"href":"https:\/\/www.vegaintro-projekti.com\/pilar-stari\/wp-json\/wp\/v2\/users\/1"}],"replies":[{"embeddable":true,"href":"https:\/\/www.vegaintro-projekti.com\/pilar-stari\/wp-json\/wp\/v2\/comments?post=920"}],"version-history":[{"count":15,"href":"https:\/\/www.vegaintro-projekti.com\/pilar-stari\/wp-json\/wp\/v2\/posts\/920\/revisions"}],"predecessor-version":[{"id":8170,"href":"https:\/\/www.vegaintro-projekti.com\/pilar-stari\/wp-json\/wp\/v2\/posts\/920\/revisions\/8170"}],"wp:attachment":[{"href":"https:\/\/www.vegaintro-projekti.com\/pilar-stari\/wp-json\/wp\/v2\/media?parent=920"}],"wp:term":[{"taxonomy":"category","embeddable":true,"href":"https:\/\/www.vegaintro-projekti.com\/pilar-stari\/wp-json\/wp\/v2\/categories?post=920"},{"taxonomy":"post_tag","embeddable":true,"href":"https:\/\/www.vegaintro-projekti.com\/pilar-stari\/wp-json\/wp\/v2\/tags?post=920"}],"curies":[{"name":"wp","href":"https:\/\/api.w.org\/{rel}","templated":true}]}}