{"id":924,"date":"2016-09-27T10:38:07","date_gmt":"2016-09-27T10:38:07","guid":{"rendered":"https:\/\/www.vegaintro-projekti.com\/pilar-stari\/2016\/09\/27\/okrugli-stol-uloga-policije-u-domovinskom-ratu-vukovar-3-10-2016\/"},"modified":"2017-12-08T15:15:48","modified_gmt":"2017-12-08T15:15:48","slug":"okrugli-stol-uloga-policije-u-domovinskom-ratu-vukovar-3-10-2016","status":"publish","type":"post","link":"https:\/\/www.vegaintro-projekti.com\/pilar-stari\/2016\/09\/okrugli-stol-uloga-policije-u-domovinskom-ratu-vukovar-3-10-2016\/","title":{"rendered":"OKRUGLI STOL: Uloga policije u Domovinskom ratu; Vukovar, 3. 10. 2016."},"content":{"rendered":"<p><strong>U povodu Dana hrvatske policije, Udruga policije vukovarskih branitelja Domovinskog rata, Podru\u010dni centar Instituta Pilar u Vukovaru i Memorijalni centar Domovinskog rata Vukovar organizirali su 3. listopada 2016. u prostorijama Memorijalnog centra okrugli stol pod nazivom &#8220;Uloga policije u Domovinskom ratu u obrani Vukovara i pora\u0107u&#8221;. Okrugli je stol odr\u017ean pod pokroviteljstvom Ministarstva branitelja i uz potporu Ministarstva unutarnjih poslova Republike Hrvatske&#8230; &#8211; <a href=\"#mediji\">Iz medija<\/a><\/strong><\/p>\n<table border=\"0\">\n<tbody>\n<tr>\n<td><img decoding=\"async\" loading=\"lazy\" src=\"https:\/\/www.vegaintro-projekti.com\/pilar-stari\/wp-content\/images\/stories\/fotografije\/podrucni\/vukovar\/policija\/DSC_0954_1_s.JPG\" alt=\"DSC 0954 1 s\" width=\"212\" height=\"119\" \/><\/td>\n<td><img decoding=\"async\" loading=\"lazy\" src=\"https:\/\/www.vegaintro-projekti.com\/pilar-stari\/wp-content\/images\/stories\/fotografije\/podrucni\/vukovar\/policija\/DSC_0957_2_s.JPG\" alt=\"DSC 0957 2 s\" width=\"212\" height=\"119\" \/><\/td>\n<td><img decoding=\"async\" loading=\"lazy\" src=\"https:\/\/www.vegaintro-projekti.com\/pilar-stari\/wp-content\/images\/stories\/fotografije\/podrucni\/vukovar\/policija\/DSC_0950_3_s.JPG\" alt=\"DSC 0950 3 s\" width=\"212\" height=\"119\" \/><\/td>\n<\/tr>\n<\/tbody>\n<\/table>\n<table style=\"height: 248px; width: 647px;\" border=\"0\">\n<tbody>\n<tr>\n<td><img decoding=\"async\" loading=\"lazy\" src=\"https:\/\/www.vegaintro-projekti.com\/pilar-stari\/wp-content\/images\/stories\/fotografije\/podrucni\/vukovar\/policija\/DSC_0949_0_s.JPG\" alt=\"DSC 0949 0 s\" width=\"643\" height=\"244\" \/><\/td>\n<\/tr>\n<\/tbody>\n<\/table>\n<p><strong><span style=\"font-size: 8pt;\">OKRUGLI STOL: Uloga policije u Domovinskom ratu; Vukovar, 3. listopada 2016.<\/span><\/strong><\/p>\n<p>Na okruglom je stolu, u nazo\u010dnosti ve\u0107eg broja vukovarskih branitelja, umirovljenih pripadnika MUP-a i obitelji poginulih branitelja i policajaca, me\u0111u kojima su bili glavni ravnatelj policije Z. Vnu\u010dec, zamjenik vukovarskog gradona\u010delnika M. Pavli\u010dek i v.d. na\u010delnika Policijske uprave Vukovarsko-srijemske i izaslanik ministra unutarnjih poslova M. Bradi\u0107, sudjelovalo dvadesetak uglednika iz znanstvene zajednice, biv\u0161ih zapovjednika policijskih postrojbi na podru\u010dju Vukovara, zapovjednika posebnih postrojbi MUP-a iz policijskih uprava u Slavonskom Brodu i Vara\u017edinu koji su u Vukovaru boravili od prolje\u0107a do kasne jeseni 1991. godine, zapovjednika postrojbi 204. vukovarske brigade, sudionika procesa mirne reintegracije i dr. Uvodnim izlaganjima nazo\u010dnima su se obratili prof. dr. sc. Dra\u017een \u017divi\u0107, voditelj Podru\u010dnoga centra Instituta Pilar u Vukovaru, doc. dr. sc. Ivica Mi\u0161kulin s Hrvatskoga katoli\u010dkog sveu\u010dili\u0161ta i dr. sc. Natko Martini\u0107 Jer\u010di\u0107 iz Hrvatskog memorijalno-dokumentacijskog centra Domovinskog rata.<\/p>\n<p><a name=\"mediji\">&nbsp;<\/a><br \/><span style=\"font-size: 12pt;\">Iz medija<\/span><\/p>\n<p><strong>&#8211; Hrvatski radio Vukovar:<\/strong> <a href=\"http:\/\/hrv.hr\/vijesti\/aktualnosti\/item\/10240-okrugli-stol-uloga-policije-u-domovinskom-ratu-u-obrani-vukovara-i-porace\">OKRUGLI STOL: ULOGA POLICIJE U DOMOVINSKOM RATU U OBRANI VUKOVARA I PORA\u0106E, 3. listopada 2016.<\/a><\/p>\n<p>&#8211;&nbsp;<a href=\"https:\/\/www.vegaintro-projekti.com\/pilar-stari\/wp-content\/images\/stories\/dokumenti\/podrucni\/vukovar\/Pozivnica_Policija.pdf\">Pozivnica za okrugli stol &#8220;Uloga policije u Domovinskom ratu u obrani Vukovara i pora\u0107u&#8221;; Vukovar, 3. listopada 2016.<\/a><\/p>\n<p><a href=\"https:\/\/www.vegaintro-projekti.com\/pilar-stari\/wp-content\/images\/stories\/dokumenti\/podrucni\/vukovar\/Pozivnica_Policija.pdf\"><img decoding=\"async\" loading=\"lazy\" src=\"https:\/\/www.vegaintro-projekti.com\/pilar-stari\/wp-content\/images\/stories\/fotografije\/podrucni\/vukovar\/policija\/Pozivnica1.jpg\" alt=\"Pozivnica1\" width=\"640\" height=\"905\" \/><\/a><\/p>\n<p>&gt;&gt;&gt; <a href=\"https:\/\/www.vegaintro-projekti.com\/pilar-stari\/2008\/10\/podruni-centar-vukovar\/\">PODRU\u010cNI CENTAR VUKOVAR<\/a><\/p>\n<p><\/p>\n","protected":false},"excerpt":{"rendered":"<p>U povodu Dana hrvatske policije, Udruga policije vukovarskih branitelja Domovinskog rata, Podru\u010dni centar Instituta Pilar u Vukovaru i Memorijalni centar Domovinskog rata Vukovar organizirali su 3. listopada 2016. u prostorijama Memorijalnog centra okrugli stol pod nazivom &#8220;Uloga policije u Domovinskom ratu u obrani Vukovara i pora\u0107u&#8221;. Okrugli je stol odr\u017ean pod pokroviteljstvom Ministarstva branitelja i&hellip; <a class=\"continue\" href=\"https:\/\/www.vegaintro-projekti.com\/pilar-stari\/2016\/09\/okrugli-stol-uloga-policije-u-domovinskom-ratu-vukovar-3-10-2016\/\">Pro\u010ditaj vi\u0161e o<span> OKRUGLI STOL: Uloga policije u Domovinskom ratu; Vukovar, 3. 10. 2016.<\/span><\/a><\/p>\n","protected":false},"author":1,"featured_media":0,"comment_status":"open","ping_status":"open","sticky":false,"template":"","format":"standard","meta":{"inline_featured_image":false,"ngg_post_thumbnail":0,"footnotes":""},"categories":[11],"tags":[],"yoast_head":"<!-- This site is optimized with the Yoast SEO plugin v21.2 - https:\/\/yoast.com\/wordpress\/plugins\/seo\/ -->\n<title>OKRUGLI STOL: Uloga policije u Domovinskom ratu; Vukovar, 3. 10. 2016. - Institut dru&scaron;tvenih znanosti Ivo Pilar<\/title>\n<meta name=\"robots\" content=\"noindex, follow, max-snippet:-1, max-image-preview:large, max-video-preview:-1\" \/>\n<meta property=\"og:locale\" content=\"hr_HR\" \/>\n<meta property=\"og:type\" content=\"article\" \/>\n<meta property=\"og:title\" content=\"OKRUGLI STOL: Uloga policije u Domovinskom ratu; Vukovar, 3. 10. 2016. - Institut dru&scaron;tvenih znanosti Ivo Pilar\" \/>\n<meta property=\"og:description\" content=\"U povodu Dana hrvatske policije, Udruga policije vukovarskih branitelja Domovinskog rata, Podru\u010dni centar Instituta Pilar u Vukovaru i Memorijalni centar Domovinskog rata Vukovar organizirali su 3. listopada 2016. u prostorijama Memorijalnog centra okrugli stol pod nazivom &#8220;Uloga policije u Domovinskom ratu u obrani Vukovara i pora\u0107u&#8221;. Okrugli je stol odr\u017ean pod pokroviteljstvom Ministarstva branitelja i&hellip; Pro\u010ditaj vi\u0161e o OKRUGLI STOL: Uloga policije u Domovinskom ratu; Vukovar, 3. 10. 2016.\" \/>\n<meta property=\"og:url\" content=\"https:\/\/www.vegaintro-projekti.com\/pilar-stari\/2016\/09\/okrugli-stol-uloga-policije-u-domovinskom-ratu-vukovar-3-10-2016\/\" \/>\n<meta property=\"og:site_name\" content=\"Institut dru&scaron;tvenih znanosti Ivo Pilar\" \/>\n<meta property=\"article:published_time\" content=\"2016-09-27T10:38:07+00:00\" \/>\n<meta property=\"article:modified_time\" content=\"2017-12-08T15:15:48+00:00\" \/>\n<meta property=\"og:image\" content=\"https:\/\/www.vegaintro-projekti.com\/pilar-stari\/wp-content\/images\/stories\/fotografije\/podrucni\/vukovar\/policija\/DSC_0954_1_s.JPG\" \/>\n<meta name=\"author\" content=\"pilar-admin\" \/>\n<meta name=\"twitter:card\" content=\"summary_large_image\" \/>\n<meta name=\"twitter:label1\" content=\"Napisao\/la\" \/>\n\t<meta name=\"twitter:data1\" content=\"pilar-admin\" \/>\n\t<meta name=\"twitter:label2\" content=\"Procijenjeno vrijeme \u010ditanja\" \/>\n\t<meta name=\"twitter:data2\" content=\"1 minuta\" \/>\n<script type=\"application\/ld+json\" class=\"yoast-schema-graph\">{\"@context\":\"https:\/\/schema.org\",\"@graph\":[{\"@type\":\"WebPage\",\"@id\":\"https:\/\/www.vegaintro-projekti.com\/pilar-stari\/2016\/09\/okrugli-stol-uloga-policije-u-domovinskom-ratu-vukovar-3-10-2016\/\",\"url\":\"https:\/\/www.vegaintro-projekti.com\/pilar-stari\/2016\/09\/okrugli-stol-uloga-policije-u-domovinskom-ratu-vukovar-3-10-2016\/\",\"name\":\"OKRUGLI STOL: Uloga policije u Domovinskom ratu; Vukovar, 3. 10. 2016. - Institut dru&scaron;tvenih znanosti Ivo Pilar\",\"isPartOf\":{\"@id\":\"https:\/\/www.vegaintro-projekti.com\/pilar-stari\/#website\"},\"datePublished\":\"2016-09-27T10:38:07+00:00\",\"dateModified\":\"2017-12-08T15:15:48+00:00\",\"author\":{\"@id\":\"https:\/\/www.vegaintro-projekti.com\/pilar-stari\/#\/schema\/person\/c0db50ebd77c4409e19b18044bbf10c1\"},\"breadcrumb\":{\"@id\":\"https:\/\/www.vegaintro-projekti.com\/pilar-stari\/2016\/09\/okrugli-stol-uloga-policije-u-domovinskom-ratu-vukovar-3-10-2016\/#breadcrumb\"},\"inLanguage\":\"hr\",\"potentialAction\":[{\"@type\":\"ReadAction\",\"target\":[\"https:\/\/www.vegaintro-projekti.com\/pilar-stari\/2016\/09\/okrugli-stol-uloga-policije-u-domovinskom-ratu-vukovar-3-10-2016\/\"]}]},{\"@type\":\"BreadcrumbList\",\"@id\":\"https:\/\/www.vegaintro-projekti.com\/pilar-stari\/2016\/09\/okrugli-stol-uloga-policije-u-domovinskom-ratu-vukovar-3-10-2016\/#breadcrumb\",\"itemListElement\":[{\"@type\":\"ListItem\",\"position\":1,\"name\":\"Home\",\"item\":\"https:\/\/www.vegaintro-projekti.com\/pilar-stari\/\"},{\"@type\":\"ListItem\",\"position\":2,\"name\":\"OKRUGLI STOL: Uloga policije u Domovinskom ratu; Vukovar, 3. 10. 2016.\"}]},{\"@type\":\"WebSite\",\"@id\":\"https:\/\/www.vegaintro-projekti.com\/pilar-stari\/#website\",\"url\":\"https:\/\/www.vegaintro-projekti.com\/pilar-stari\/\",\"name\":\"Institut dru&scaron;tvenih znanosti Ivo Pilar\",\"description\":\"Pilar\",\"potentialAction\":[{\"@type\":\"SearchAction\",\"target\":{\"@type\":\"EntryPoint\",\"urlTemplate\":\"https:\/\/www.vegaintro-projekti.com\/pilar-stari\/?s={search_term_string}\"},\"query-input\":\"required name=search_term_string\"}],\"inLanguage\":\"hr\"},{\"@type\":\"Person\",\"@id\":\"https:\/\/www.vegaintro-projekti.com\/pilar-stari\/#\/schema\/person\/c0db50ebd77c4409e19b18044bbf10c1\",\"name\":\"pilar-admin\",\"image\":{\"@type\":\"ImageObject\",\"inLanguage\":\"hr\",\"@id\":\"https:\/\/www.vegaintro-projekti.com\/pilar-stari\/#\/schema\/person\/image\/\",\"url\":\"https:\/\/secure.gravatar.com\/avatar\/fac9e03c4db0011b9c1ad8b5e9c74b8c?s=96&d=mm&r=g\",\"contentUrl\":\"https:\/\/secure.gravatar.com\/avatar\/fac9e03c4db0011b9c1ad8b5e9c74b8c?s=96&d=mm&r=g\",\"caption\":\"pilar-admin\"},\"url\":\"https:\/\/www.vegaintro-projekti.com\/pilar-stari\/author\/pilar-admin\/\"}]}<\/script>\n<!-- \/ Yoast SEO plugin. -->","yoast_head_json":{"title":"OKRUGLI STOL: Uloga policije u Domovinskom ratu; Vukovar, 3. 10. 2016. - Institut dru&scaron;tvenih znanosti Ivo Pilar","robots":{"index":"noindex","follow":"follow","max-snippet":"max-snippet:-1","max-image-preview":"max-image-preview:large","max-video-preview":"max-video-preview:-1"},"og_locale":"hr_HR","og_type":"article","og_title":"OKRUGLI STOL: Uloga policije u Domovinskom ratu; Vukovar, 3. 10. 2016. - Institut dru&scaron;tvenih znanosti Ivo Pilar","og_description":"U povodu Dana hrvatske policije, Udruga policije vukovarskih branitelja Domovinskog rata, Podru\u010dni centar Instituta Pilar u Vukovaru i Memorijalni centar Domovinskog rata Vukovar organizirali su 3. listopada 2016. u prostorijama Memorijalnog centra okrugli stol pod nazivom &#8220;Uloga policije u Domovinskom ratu u obrani Vukovara i pora\u0107u&#8221;. Okrugli je stol odr\u017ean pod pokroviteljstvom Ministarstva branitelja i&hellip; Pro\u010ditaj vi\u0161e o OKRUGLI STOL: Uloga policije u Domovinskom ratu; Vukovar, 3. 10. 2016.","og_url":"https:\/\/www.vegaintro-projekti.com\/pilar-stari\/2016\/09\/okrugli-stol-uloga-policije-u-domovinskom-ratu-vukovar-3-10-2016\/","og_site_name":"Institut dru&scaron;tvenih znanosti Ivo Pilar","article_published_time":"2016-09-27T10:38:07+00:00","article_modified_time":"2017-12-08T15:15:48+00:00","og_image":[{"url":"https:\/\/www.vegaintro-projekti.com\/pilar-stari\/wp-content\/images\/stories\/fotografije\/podrucni\/vukovar\/policija\/DSC_0954_1_s.JPG"}],"author":"pilar-admin","twitter_card":"summary_large_image","twitter_misc":{"Napisao\/la":"pilar-admin","Procijenjeno vrijeme \u010ditanja":"1 minuta"},"schema":{"@context":"https:\/\/schema.org","@graph":[{"@type":"WebPage","@id":"https:\/\/www.vegaintro-projekti.com\/pilar-stari\/2016\/09\/okrugli-stol-uloga-policije-u-domovinskom-ratu-vukovar-3-10-2016\/","url":"https:\/\/www.vegaintro-projekti.com\/pilar-stari\/2016\/09\/okrugli-stol-uloga-policije-u-domovinskom-ratu-vukovar-3-10-2016\/","name":"OKRUGLI STOL: Uloga policije u Domovinskom ratu; Vukovar, 3. 10. 2016. - Institut dru&scaron;tvenih znanosti Ivo Pilar","isPartOf":{"@id":"https:\/\/www.vegaintro-projekti.com\/pilar-stari\/#website"},"datePublished":"2016-09-27T10:38:07+00:00","dateModified":"2017-12-08T15:15:48+00:00","author":{"@id":"https:\/\/www.vegaintro-projekti.com\/pilar-stari\/#\/schema\/person\/c0db50ebd77c4409e19b18044bbf10c1"},"breadcrumb":{"@id":"https:\/\/www.vegaintro-projekti.com\/pilar-stari\/2016\/09\/okrugli-stol-uloga-policije-u-domovinskom-ratu-vukovar-3-10-2016\/#breadcrumb"},"inLanguage":"hr","potentialAction":[{"@type":"ReadAction","target":["https:\/\/www.vegaintro-projekti.com\/pilar-stari\/2016\/09\/okrugli-stol-uloga-policije-u-domovinskom-ratu-vukovar-3-10-2016\/"]}]},{"@type":"BreadcrumbList","@id":"https:\/\/www.vegaintro-projekti.com\/pilar-stari\/2016\/09\/okrugli-stol-uloga-policije-u-domovinskom-ratu-vukovar-3-10-2016\/#breadcrumb","itemListElement":[{"@type":"ListItem","position":1,"name":"Home","item":"https:\/\/www.vegaintro-projekti.com\/pilar-stari\/"},{"@type":"ListItem","position":2,"name":"OKRUGLI STOL: Uloga policije u Domovinskom ratu; Vukovar, 3. 10. 2016."}]},{"@type":"WebSite","@id":"https:\/\/www.vegaintro-projekti.com\/pilar-stari\/#website","url":"https:\/\/www.vegaintro-projekti.com\/pilar-stari\/","name":"Institut dru&scaron;tvenih znanosti Ivo Pilar","description":"Pilar","potentialAction":[{"@type":"SearchAction","target":{"@type":"EntryPoint","urlTemplate":"https:\/\/www.vegaintro-projekti.com\/pilar-stari\/?s={search_term_string}"},"query-input":"required name=search_term_string"}],"inLanguage":"hr"},{"@type":"Person","@id":"https:\/\/www.vegaintro-projekti.com\/pilar-stari\/#\/schema\/person\/c0db50ebd77c4409e19b18044bbf10c1","name":"pilar-admin","image":{"@type":"ImageObject","inLanguage":"hr","@id":"https:\/\/www.vegaintro-projekti.com\/pilar-stari\/#\/schema\/person\/image\/","url":"https:\/\/secure.gravatar.com\/avatar\/fac9e03c4db0011b9c1ad8b5e9c74b8c?s=96&d=mm&r=g","contentUrl":"https:\/\/secure.gravatar.com\/avatar\/fac9e03c4db0011b9c1ad8b5e9c74b8c?s=96&d=mm&r=g","caption":"pilar-admin"},"url":"https:\/\/www.vegaintro-projekti.com\/pilar-stari\/author\/pilar-admin\/"}]}},"_links":{"self":[{"href":"https:\/\/www.vegaintro-projekti.com\/pilar-stari\/wp-json\/wp\/v2\/posts\/924"}],"collection":[{"href":"https:\/\/www.vegaintro-projekti.com\/pilar-stari\/wp-json\/wp\/v2\/posts"}],"about":[{"href":"https:\/\/www.vegaintro-projekti.com\/pilar-stari\/wp-json\/wp\/v2\/types\/post"}],"author":[{"embeddable":true,"href":"https:\/\/www.vegaintro-projekti.com\/pilar-stari\/wp-json\/wp\/v2\/users\/1"}],"replies":[{"embeddable":true,"href":"https:\/\/www.vegaintro-projekti.com\/pilar-stari\/wp-json\/wp\/v2\/comments?post=924"}],"version-history":[{"count":7,"href":"https:\/\/www.vegaintro-projekti.com\/pilar-stari\/wp-json\/wp\/v2\/posts\/924\/revisions"}],"predecessor-version":[{"id":8108,"href":"https:\/\/www.vegaintro-projekti.com\/pilar-stari\/wp-json\/wp\/v2\/posts\/924\/revisions\/8108"}],"wp:attachment":[{"href":"https:\/\/www.vegaintro-projekti.com\/pilar-stari\/wp-json\/wp\/v2\/media?parent=924"}],"wp:term":[{"taxonomy":"category","embeddable":true,"href":"https:\/\/www.vegaintro-projekti.com\/pilar-stari\/wp-json\/wp\/v2\/categories?post=924"},{"taxonomy":"post_tag","embeddable":true,"href":"https:\/\/www.vegaintro-projekti.com\/pilar-stari\/wp-json\/wp\/v2\/tags?post=924"}],"curies":[{"name":"wp","href":"https:\/\/api.w.org\/{rel}","templated":true}]}}