{"id":931,"date":"2017-12-19T15:31:22","date_gmt":"2017-12-19T15:31:22","guid":{"rendered":"https:\/\/www.vegaintro-projekti.com\/pilar-stari\/2016\/10\/26\/mostariensia\/"},"modified":"2025-10-19T22:10:59","modified_gmt":"2025-10-19T22:10:59","slug":"mostariensia","status":"publish","type":"post","link":"https:\/\/www.vegaintro-projekti.com\/pilar-stari\/2017\/12\/mostariensia\/","title":{"rendered":"MOSTARIENSIA \u2013 \u010dasopis za dru\u0161tvene i humanisti\u010dke znanosti"},"content":{"rendered":"<p><strong>\u010casopis Sveu\u010dili\u0161ta u Mostaru za humanisti\u010dke znanosti MOSTARIENSIA pokrenut 1994. godine pod novim uredni\u0161tvom i u sunakladni\u0161tvu Instituta Ivo Pilar od 2014. nastavlja s izla\u017eenjem kao \u010dasopis za dru\u0161tvene i humanisti\u010dke znanosti. \u2212 <a href=\"#uvod\">Iz Uvodne rije\u010di br. 1-2\/2014.<\/a><\/strong><strong>&nbsp;<\/strong><\/p>\n<table border=\"0\">\n<tbody>\n<tr>\n<td>\n<div class=\"wp-block-image\">\n<div class=\"wp-block-image\">\n<div class=\"wp-block-image\">\n<div class=\"wp-block-image\">\n<div class=\"wp-block-image\"><a href=\"https:\/\/hrcak.srce.hr\/broj\/25702\"><img decoding=\"async\" loading=\"lazy\" class=\"alignnone wp-image-36083 size-full\" src=\"https:\/\/www.vegaintro-projekti.com\/pilar-stari\/wp-content\/uploads\/2025\/10\/M_2-2024.jpg\" alt=\"i10\" width=\"216\" height=\"314\" srcset=\"https:\/\/www.vegaintro-projekti.com\/pilar-stari\/wp-content\/uploads\/2025\/10\/M_2-2024.jpg 216w, https:\/\/www.vegaintro-projekti.com\/pilar-stari\/wp-content\/uploads\/2025\/10\/M_2-2024-206x300.jpg 206w\" sizes=\"(max-width: 216px) 100vw, 216px\" \/><\/a><\/div>\n<\/div>\n<\/div>\n<\/div>\n<\/div>\n<\/td>\n<td>\n<div class=\"wp-block-image\">\n<div class=\"wp-block-image\">\n<div class=\"wp-block-image\">\n<div class=\"wp-block-image\">\n<div class=\"wp-block-image\">&nbsp;<\/div>\n<\/div>\n<\/div>\n<\/div>\n<\/div>\n<\/td>\n<\/tr>\n<tr>\n<td>\n<div class=\"wp-block-image\">\n<div class=\"wp-block-image\">\n<div class=\"wp-block-image\">\n<div class=\"wp-block-image\">&#8211; <a href=\"https:\/\/hrcak.srce.hr\/broj\/25702\">God. 28, br. 2\/2024: Sadr\u017eaj broja<\/a><\/div>\n<\/div>\n<\/div>\n<\/div>\n<\/td>\n<td>\n<div class=\"wp-block-image\">\n<div class=\"wp-block-image\">\n<div class=\"wp-block-image\">\n<div class=\"wp-block-image\">\n<div class=\"wp-block-image\">&nbsp;<\/div>\n<\/div>\n<\/div>\n<\/div>\n<\/div>\n<\/td>\n<\/tr>\n<tr>\n<td>\n<div class=\"wp-block-image\">\n<div class=\"wp-block-image\">\n<div class=\"wp-block-image\">\n<div class=\"wp-block-image\"><a href=\"https:\/\/hrcak.srce.hr\/broj\/24129\"><img decoding=\"async\" loading=\"lazy\" class=\"alignnone wp-image-36082 size-full\" src=\"https:\/\/www.vegaintro-projekti.com\/pilar-stari\/wp-content\/uploads\/2025\/10\/M_2-2023.jpg\" alt=\"i8\" width=\"216\" height=\"314\" srcset=\"https:\/\/www.vegaintro-projekti.com\/pilar-stari\/wp-content\/uploads\/2025\/10\/M_2-2023.jpg 216w, https:\/\/www.vegaintro-projekti.com\/pilar-stari\/wp-content\/uploads\/2025\/10\/M_2-2023-206x300.jpg 206w\" sizes=\"(max-width: 216px) 100vw, 216px\" \/><\/a><\/div>\n<\/div>\n<\/div>\n<\/div>\n<\/td>\n<td>\n<div class=\"wp-block-image\">\n<div class=\"wp-block-image\">\n<div class=\"wp-block-image\">\n<div class=\"wp-block-image\">\n<div class=\"wp-block-image\"><a href=\"https:\/\/hrcak.srce.hr\/broj\/24933\"><img decoding=\"async\" loading=\"lazy\" class=\"alignnone wp-image-36080 size-full\" src=\"https:\/\/www.vegaintro-projekti.com\/pilar-stari\/wp-content\/uploads\/2025\/10\/M_1-2024.jpg\" alt=\"i9\" width=\"219\" height=\"314\" srcset=\"https:\/\/www.vegaintro-projekti.com\/pilar-stari\/wp-content\/uploads\/2025\/10\/M_1-2024.jpg 219w, https:\/\/www.vegaintro-projekti.com\/pilar-stari\/wp-content\/uploads\/2025\/10\/M_1-2024-209x300.jpg 209w\" sizes=\"(max-width: 219px) 100vw, 219px\" \/><\/a><\/div>\n<\/div>\n<\/div>\n<\/div>\n<\/div>\n<\/td>\n<\/tr>\n<tr>\n<td>\n<div class=\"wp-block-image\">\n<div class=\"wp-block-image\">\n<div class=\"wp-block-image\">&#8211; <a href=\"https:\/\/hrcak.srce.hr\/broj\/24129\">God. 27, br. 2\/2023: Sadr\u017eaj broja<\/a><\/div>\n<\/div>\n<\/div>\n<\/td>\n<td>\n<div class=\"wp-block-image\">\n<div class=\"wp-block-image\">\n<div class=\"wp-block-image\">\n<div class=\"wp-block-image\">&#8211; <a href=\"https:\/\/hrcak.srce.hr\/broj\/24933\">God. 28, br. 1\/2024: Sadr\u017eaj broja<\/a><\/div>\n<\/div>\n<\/div>\n<\/div>\n<\/td>\n<\/tr>\n<tr>\n<td>\n<div class=\"wp-block-image\">\n<div class=\"wp-block-image\">\n<div class=\"wp-block-image\"><a href=\"https:\/\/hrcak.srce.hr\/broj\/22637\"><img decoding=\"async\" loading=\"lazy\" class=\"alignnone wp-image-36076 size-full\" src=\"https:\/\/www.vegaintro-projekti.com\/pilar-stari\/wp-content\/uploads\/2025\/10\/M_2-2017.jpg\" alt=\"i7\" width=\"215\" height=\"314\" srcset=\"https:\/\/www.vegaintro-projekti.com\/pilar-stari\/wp-content\/uploads\/2025\/10\/M_2-2017.jpg 215w, https:\/\/www.vegaintro-projekti.com\/pilar-stari\/wp-content\/uploads\/2025\/10\/M_2-2017-205x300.jpg 205w\" sizes=\"(max-width: 215px) 100vw, 215px\" \/><\/a><\/div>\n<\/div>\n<\/div>\n<\/td>\n<td>\n<div class=\"wp-block-image\">\n<div class=\"wp-block-image\">\n<div class=\"wp-block-image\">\n<div class=\"wp-block-image\"><a href=\"https:\/\/hrcak.srce.hr\/broj\/23678\"><img decoding=\"async\" loading=\"lazy\" class=\"alignnone wp-image-36104 size-full\" src=\"https:\/\/www.vegaintro-projekti.com\/pilar-stari\/wp-content\/uploads\/2025\/10\/M_1-23.jpg\" alt=\"ix\" width=\"219\" height=\"314\" srcset=\"https:\/\/www.vegaintro-projekti.com\/pilar-stari\/wp-content\/uploads\/2025\/10\/M_1-23.jpg 219w, https:\/\/www.vegaintro-projekti.com\/pilar-stari\/wp-content\/uploads\/2025\/10\/M_1-23-209x300.jpg 209w\" sizes=\"(max-width: 219px) 100vw, 219px\" \/><\/a><\/div>\n<\/div>\n<\/div>\n<\/div>\n<\/td>\n<\/tr>\n<tr>\n<td>\n<div class=\"wp-block-image\">\n<div class=\"wp-block-image\">&#8211; <a href=\"https:\/\/hrcak.srce.hr\/broj\/22637\">God. 26, br. 2\/2022: Sadr\u017eaj broja<\/a><\/div>\n<\/div>\n<\/td>\n<td>\n<div class=\"wp-block-image\">\n<div class=\"wp-block-image\">\n<div class=\"wp-block-image\">&#8211; <a href=\"https:\/\/hrcak.srce.hr\/broj\/23678\">God. 27, br. 1\/2023: Sadr\u017eaj broja<\/a><\/div>\n<\/div>\n<\/div>\n<\/td>\n<\/tr>\n<tr>\n<td>\n<div class=\"wp-block-image\">\n<div class=\"wp-block-image\"><a href=\"https:\/\/hrcak.srce.hr\/broj\/21748\"><img decoding=\"async\" loading=\"lazy\" class=\"alignnone wp-image-36077 size-full\" src=\"https:\/\/www.vegaintro-projekti.com\/pilar-stari\/wp-content\/uploads\/2025\/10\/M_1-2-2021.jpg\" alt=\"i5\" width=\"222\" height=\"314\" srcset=\"https:\/\/www.vegaintro-projekti.com\/pilar-stari\/wp-content\/uploads\/2025\/10\/M_1-2-2021.jpg 222w, https:\/\/www.vegaintro-projekti.com\/pilar-stari\/wp-content\/uploads\/2025\/10\/M_1-2-2021-212x300.jpg 212w\" sizes=\"(max-width: 222px) 100vw, 222px\" \/><\/a><\/div>\n<\/div>\n<\/td>\n<td>\n<div class=\"wp-block-image\">\n<div class=\"wp-block-image\">\n<div class=\"wp-block-image\"><a href=\"https:\/\/hrcak.srce.hr\/broj\/22082\"><img decoding=\"async\" loading=\"lazy\" class=\"alignnone wp-image-36076 size-full\" src=\"https:\/\/www.vegaintro-projekti.com\/pilar-stari\/wp-content\/uploads\/2025\/10\/M_2-2017.jpg\" alt=\"i6\" width=\"215\" height=\"314\" srcset=\"https:\/\/www.vegaintro-projekti.com\/pilar-stari\/wp-content\/uploads\/2025\/10\/M_2-2017.jpg 215w, https:\/\/www.vegaintro-projekti.com\/pilar-stari\/wp-content\/uploads\/2025\/10\/M_2-2017-205x300.jpg 205w\" sizes=\"(max-width: 215px) 100vw, 215px\" \/><\/a><\/div>\n<\/div>\n<\/div>\n<\/td>\n<\/tr>\n<tr>\n<td>\n<div class=\"wp-block-image\">&#8211; <a href=\"https:\/\/hrcak.srce.hr\/broj\/21748\">God. 25, br. 1-2\/2021: Sadr\u017eaj broja<\/a><\/div>\n<\/td>\n<td>\n<div class=\"wp-block-image\">\n<div class=\"wp-block-image\">&#8211; <a href=\"https:\/\/hrcak.srce.hr\/broj\/22082\">God. 26, br. 1\/2022: Sadr\u017eaj broja<\/a><\/div>\n<\/div>\n<\/td>\n<\/tr>\n<tr>\n<td>\n<div class=\"wp-block-image\"><a href=\"https:\/\/hrcak.srce.hr\/broj\/19937\"><img decoding=\"async\" loading=\"lazy\" class=\"alignnone wp-image-36078 size-full\" src=\"https:\/\/www.vegaintro-projekti.com\/pilar-stari\/wp-content\/uploads\/2025\/10\/M_1-2020.jpg\" alt=\"i3\" width=\"218\" height=\"314\" srcset=\"https:\/\/www.vegaintro-projekti.com\/pilar-stari\/wp-content\/uploads\/2025\/10\/M_1-2020.jpg 218w, https:\/\/www.vegaintro-projekti.com\/pilar-stari\/wp-content\/uploads\/2025\/10\/M_1-2020-208x300.jpg 208w\" sizes=\"(max-width: 218px) 100vw, 218px\" \/><\/a><\/div>\n<\/td>\n<td>\n<div class=\"wp-block-image\">\n<div class=\"wp-block-image\"><a href=\"https:\/\/hrcak.srce.hr\/broj\/20686\"><img decoding=\"async\" loading=\"lazy\" class=\"alignnone wp-image-36081 size-full\" src=\"https:\/\/www.vegaintro-projekti.com\/pilar-stari\/wp-content\/uploads\/2025\/10\/M_2-2020.jpg\" alt=\"i4\" width=\"216\" height=\"314\" srcset=\"https:\/\/www.vegaintro-projekti.com\/pilar-stari\/wp-content\/uploads\/2025\/10\/M_2-2020.jpg 216w, https:\/\/www.vegaintro-projekti.com\/pilar-stari\/wp-content\/uploads\/2025\/10\/M_2-2020-206x300.jpg 206w\" sizes=\"(max-width: 216px) 100vw, 216px\" \/><\/a><\/div>\n<\/div>\n<\/td>\n<\/tr>\n<tr>\n<td>&#8211; <a href=\"https:\/\/hrcak.srce.hr\/broj\/19937\">God. 24, br. 1\/2020: Sadr\u017eaj broja<\/a><\/td>\n<td>\n<div class=\"wp-block-image\">&#8211; <a href=\"https:\/\/hrcak.srce.hr\/broj\/20686\">God. 24, br. 2\/2020: Sadr\u017eaj broja<\/a><\/div>\n<\/td>\n<\/tr>\n<tr>\n<td><a href=\"https:\/\/hrcak.srce.hr\/broj\/18631\"><img decoding=\"async\" loading=\"lazy\" class=\"alignnone size-medium wp-image-15529\" src=\"https:\/\/www.vegaintro-projekti.com\/pilar-stari\/wp-content\/uploads\/2020\/01\/Mostariensia_23_n-206x300.jpg\" alt=\"\" width=\"206\" height=\"300\"><\/a><\/td>\n<td>\n<div class=\"wp-block-image\"><a href=\"https:\/\/hrcak.srce.hr\/broj\/19358\"><img decoding=\"async\" loading=\"lazy\" class=\"alignnone wp-image-36076 size-full\" src=\"https:\/\/www.vegaintro-projekti.com\/pilar-stari\/wp-content\/uploads\/2025\/10\/M_2-2017.jpg\" alt=\"i2\" width=\"215\" height=\"314\" srcset=\"https:\/\/www.vegaintro-projekti.com\/pilar-stari\/wp-content\/uploads\/2025\/10\/M_2-2017.jpg 215w, https:\/\/www.vegaintro-projekti.com\/pilar-stari\/wp-content\/uploads\/2025\/10\/M_2-2017-205x300.jpg 205w\" sizes=\"(max-width: 215px) 100vw, 215px\" \/><\/a><\/div>\n<\/td>\n<\/tr>\n<tr>\n<td>&#8211; <a href=\"https:\/\/hrcak.srce.hr\/broj\/18631\">God. 23, br. 1\/2019: Sadr\u017eaj broja<\/a><\/td>\n<td>&#8211; <a href=\"https:\/\/hrcak.srce.hr\/broj\/19358\">God. 23, br. 2\/2019: Sadr\u017eaj broja<\/a><\/td>\n<\/tr>\n<tr>\n<td>\n<div class=\"wp-block-image\"><a href=\"https:\/\/hrcak.srce.hr\/broj\/22082\"><img decoding=\"async\" loading=\"lazy\" class=\"alignnone wp-image-36076 size-full\" src=\"https:\/\/www.vegaintro-projekti.com\/pilar-stari\/wp-content\/uploads\/2025\/10\/M_2-2017.jpg\" alt=\"ix\" width=\"215\" height=\"314\" srcset=\"https:\/\/www.vegaintro-projekti.com\/pilar-stari\/wp-content\/uploads\/2025\/10\/M_2-2017.jpg 215w, https:\/\/www.vegaintro-projekti.com\/pilar-stari\/wp-content\/uploads\/2025\/10\/M_2-2017-205x300.jpg 205w\" sizes=\"(max-width: 215px) 100vw, 215px\" \/><\/a><\/div>\n<\/td>\n<td>\n<div class=\"wp-block-image\">\n<div class=\"wp-block-image\"><a href=\"https:\/\/hrcak.srce.hr\/broj\/22637\"><img decoding=\"async\" loading=\"lazy\" class=\"alignnone wp-image-36076 size-full\" src=\"https:\/\/www.vegaintro-projekti.com\/pilar-stari\/wp-content\/uploads\/2025\/10\/M_2-2017.jpg\" alt=\"i11\" width=\"215\" height=\"314\" srcset=\"https:\/\/www.vegaintro-projekti.com\/pilar-stari\/wp-content\/uploads\/2025\/10\/M_2-2017.jpg 215w, https:\/\/www.vegaintro-projekti.com\/pilar-stari\/wp-content\/uploads\/2025\/10\/M_2-2017-205x300.jpg 205w\" sizes=\"(max-width: 215px) 100vw, 215px\" \/><\/a><\/div>\n<\/div>\n<\/td>\n<\/tr>\n<tr>\n<td>&#8211; <a href=\"https:\/\/hrcak.srce.hr\/broj\/22082\">God. 22, br. 1\/2018: Sadr\u017eaj broja<\/a><\/td>\n<td>\n<div class=\"wp-block-image\">&#8211; <a href=\"https:\/\/hrcak.srce.hr\/broj\/22637\">God. 22, br. 2\/2018: Sadr\u017eaj broja<\/a><\/div>\n<\/td>\n<\/tr>\n<tr>\n<td><a href=\"https:\/\/hrcak.srce.hr\/index.php?show=toc&amp;id_broj=15370\"><img decoding=\"async\" loading=\"lazy\" class=\"alignnone size-medium wp-image-12599\" src=\"https:\/\/www.vegaintro-projekti.com\/pilar-stari\/wp-content\/uploads\/2019\/04\/Mo_2_2017-205x300.jpg\" alt=\"\" width=\"205\" height=\"300\" srcset=\"https:\/\/www.vegaintro-projekti.com\/pilar-stari\/wp-content\/uploads\/2019\/04\/Mo_2_2017-205x300.jpg 205w, https:\/\/www.vegaintro-projekti.com\/pilar-stari\/wp-content\/uploads\/2019\/04\/Mo_2_2017.jpg 215w\" sizes=\"(max-width: 205px) 100vw, 205px\" \/><\/a><\/td>\n<td valign=\"bottom\">\n<div class=\"wp-block-image\"><a href=\"https:\/\/hrcak.srce.hr\/broj\/16539\"><img decoding=\"async\" loading=\"lazy\" class=\"alignnone wp-image-36076 size-full\" src=\"https:\/\/www.vegaintro-projekti.com\/pilar-stari\/wp-content\/uploads\/2025\/10\/M_2-2017.jpg\" alt=\"i1\" width=\"215\" height=\"314\" srcset=\"https:\/\/www.vegaintro-projekti.com\/pilar-stari\/wp-content\/uploads\/2025\/10\/M_2-2017.jpg 215w, https:\/\/www.vegaintro-projekti.com\/pilar-stari\/wp-content\/uploads\/2025\/10\/M_2-2017-205x300.jpg 205w\" sizes=\"(max-width: 215px) 100vw, 215px\" \/><\/a><\/div>\n<\/td>\n<\/tr>\n<tr>\n<td>&#8211;&nbsp;<a href=\"https:\/\/hrcak.srce.hr\/index.php?show=toc&amp;id_broj=15370\">God. 21, br. 1\/2017: Sadr\u017eaj broja<\/a><\/td>\n<td valign=\"bottom\">&#8211;&nbsp;<a href=\"https:\/\/hrcak.srce.hr\/index.php?show=toc&amp;id_broj=16539\">God. 21, br. 2\/2017: Sadr\u017eaj broja<\/a><\/td>\n<\/tr>\n<tr>\n<td><a href=\"http:\/\/hrcak.srce.hr\/index.php?show=toc&amp;id_broj=12432\"><img decoding=\"async\" loading=\"lazy\" src=\"https:\/\/www.vegaintro-projekti.com\/pilar-stari\/wp-content\/images\/stories\/fotografije\/publikacije\/mostariensia\/2_2015.jpg\" alt=\"2 2015\" width=\"215\" height=\"314\"><\/a><\/td>\n<td valign=\"bottom\"><a href=\"http:\/\/hrcak.srce.hr\/index.php?show=toc&amp;id_broj=13782\"><img decoding=\"async\" loading=\"lazy\" src=\"https:\/\/www.vegaintro-projekti.com\/pilar-stari\/wp-content\/images\/stories\/fotografije\/publikacije\/mostariensia\/1-2_2016.jpg\" alt=\"1-2 2016\" width=\"215\" height=\"314\"><\/a><\/td>\n<\/tr>\n<tr>\n<td>&#8211; <a href=\"http:\/\/hrcak.srce.hr\/index.php?show=toc&amp;id_broj=12432\">God. 19, br. 2\/2015: Sadr\u017eaj broja<\/a><\/td>\n<td valign=\"bottom\">&#8211; <a href=\"http:\/\/hrcak.srce.hr\/index.php?show=toc&amp;id_broj=13782\">God. 20, br. 1-2\/2016: Sadr\u017eaj broja<\/a><\/td>\n<\/tr>\n<tr>\n<td><a href=\"http:\/\/hrcak.srce.hr\/index.php?show=toc&amp;id_broj=10825\"><img decoding=\"async\" loading=\"lazy\" src=\"https:\/\/www.vegaintro-projekti.com\/pilar-stari\/wp-content\/images\/stories\/fotografije\/publikacije\/mostariensia\/18_1-2.jpg\" alt=\"18 1-2\" width=\"215\" height=\"314\"><\/a><\/td>\n<td valign=\"bottom\"><strong><span style=\"font-size: 8pt;\"><a href=\"http:\/\/hrcak.srce.hr\/index.php?show=toc&amp;id_broj=11461\"><img decoding=\"async\" loading=\"lazy\" src=\"https:\/\/www.vegaintro-projekti.com\/pilar-stari\/wp-content\/images\/stories\/fotografije\/publikacije\/mostariensia\/1_2015.jpg\" alt=\"1 2015\" width=\"215\" height=\"314\"><\/a>&nbsp;<\/span><\/strong><\/td>\n<\/tr>\n<tr>\n<td>&#8211; <a href=\"http:\/\/hrcak.srce.hr\/index.php?show=toc&amp;id_broj=10825\">God. 18, br. 1-2\/2014: Sadr\u017eaj broja<\/a><\/td>\n<td valign=\"bottom\">&#8211; <a href=\"http:\/\/hrcak.srce.hr\/index.php?show=toc&amp;id_broj=11461\">God. 19, br. 1\/2015: Sadr\u017eaj broja<\/a><\/td>\n<\/tr>\n<\/tbody>\n<\/table>\n<p>Mostariensia, \u010dasopis za dru\u0161tvene i humanisti\u010dke znanosti znanstvena je publikacija \u010diji je izdava\u010d Sveu\u010dili\u0161te u Mostaru, a suizdava\u010d Institut dru\u0161tvenih znanosti Ivo Pilar. Izlazi dva&nbsp;puta godi\u0161nje. Objavljuje priloge iz razli\u010ditih dru\u0161tvenih i humanisti\u010dkih disciplina, ali i one&nbsp;koji imaju interdisciplinaran i multidisciplinaran karakter. Podru\u010dja pokrivanja: Dru\u0161tvene znanosti; Ekonomija; Pravo; Politologija; Informacijske i komunikacijske znanosti; Sociologija; Psihologija; Pedagogija; Edukacijsko-rehabilitacijske znanosti; Demografija; Socijalne djelatnosti; Humanisti\u010dke znanosti; Filozofija; Teologija; Filologija; Povijest; Povijest umjetnosti; Znanost o umjetnosti; Arheologija; Etnologija i antropologija; Knji\u017eevnost. &#8211; Primaju se isklju\u010divo neobjavljeni&nbsp;radovi i oni koji nisu u recenzijskome postupku pri nekome drugom \u010dasopisu. Radovi mogu&nbsp;biti napisani na hrvatskome, engleskome ili njema\u010dkome jeziku.<\/p>\n<p><span style=\"font-size: 12pt;\"><strong>MOSTARIENSIA \u2013 \u010dasopis za dru\u0161tvene i humanisti\u010dke znanosti<\/strong><\/span><\/p>\n<p><strong>Osniva\u010d i nakladnik: Sveu\u010dili\u0161te u Mostaru<\/strong><br \/>\n<strong>Sunakladnik: Institut dru\u0161tvenih znanosti Ivo Pilar<\/strong><br \/>\n<strong>Za nakladnika: Ljerka Ostoji\u0107<\/strong><br \/>\n<strong>Glavni urednik: Ivica Musi\u0107<\/strong><br \/>\n<strong>Uredni\u0161tvo: Sanja Bijak\u0161i\u0107 (Mostar), Miljenko Brekalo (Osijek), Vesna Kazazi\u0107 (Mostar), Pavao Knezovi\u0107 (Zagreb), Stipe Kutle\u0161a (Zagreb), Ante Pavlovi\u0107 (Mostar), Ivan Sivri\u0107 (Mostar), Vlado \u0160aki\u0107 (Zagreb), Mario Vasilj (Mostar)<\/strong><br \/>\n<strong>Adresa uredni\u0161tva: Sveu\u010dili\u0161te u Mostaru, Trg hrvatskih velikana 1, 88000 Mostar, BiH;<\/strong><br \/>\n<strong>tel: +387 36 310778; faks: +387 36 320885; e-mail: <a href=\"mailto:mostariensia@sve-mo.ba\">mostariensia@sve-mo.ba<\/a><\/strong><br \/>\n<strong>\u010casopis izlazi dva puta godi\u0161nje.<\/strong><br \/>\n<strong>ISSN 1023-8638<\/strong><\/p>\n<p><strong>Prava kori\u0161tenja:<\/strong> Puni tekstovi radova ovih publikacija besplatno se smiju koristiti za osobnu ili edukacijsku svrhu uz po\u0161tivanje autorskih prava autora i izdava\u010da.<\/p>\n<blockquote><p><span style=\"font-size: 12pt;\"><a href=\"https:\/\/www.vegaintro-projekti.com\/pilar-stari\/2017\/11\/mostariensia-pregled-sadrzaja\/\">Pregled sadr\u017eaja<\/a><\/span><\/p>\n<p><span style=\"font-size: 12pt;\"><a href=\"http:\/\/hrcak.srce.hr\/mostariensia\">\u010casopis Mostariensia na portalu HR\u010cAK: Sadr\u017eaj, sa\u017eeci, klju\u010dne rije\u010di i puni tekstovi<\/a><\/span><\/p><\/blockquote>\n<p><a name=\"uvod\"><\/a>&nbsp;<br \/>\n<span style=\"font-size: 12pt;\">Iz Uvodne rije\u010di br. 1-2\/2014.<\/span><\/p>\n<p>Sredinom 2014. godine imenovano je novo uredni\u0161tvo \u010diji je prvotni cilj o\u017eivjeti \u010dasopis koji je obilje\u017eio najturbulentnije razdoblje u povijesti Sveu\u010dili\u0161ta u Mostaru te ga, slu\u017ee\u0107i se najnovijim tehni\u010dko-civilizacijskim mogu\u0107nostima, \u0161to sna\u017enije potvrditi kao me\u0111unarodno prepoznatljiv znanstveni i stru\u010dni forum koji \u0107e imati udjela u globalnome znanstvenom procesu. Cilj je to koji iziskuje silan napor i dugoro\u010dno obvezuje, ali zasigurno nije nedosti\u017ean!<\/p>\n<p>Do\u0161lo se i do zamisli da bi se podru\u010dje \u0161to ga <em>Mostariensia<\/em> pokriva moglo pro\u0161iriti i na dru\u0161tvene znanosti. Vi\u0161e je razloga za to. Ponajprije, ve\u0107 su i za prethodnoga uredni\u0161tva objavljivani prilozi koji su prelazili granice humanistike. K tomu, bez obzira na me\u0111usobnu razli\u010ditost i konzistentnost vlastitih metodolo\u0161kih zahvata te istra\u017eiva\u010dkih pregnu\u0107a, neprijeporna je povijesna i suvremena povezanost humanisti\u010dkih i dru\u0161tvenih znanstvenih interesa koji ba\u0161tine zajedni\u010dku antropolo\u0161ku osnovicu. To poglavito dolazi do izra\u017eaja u doba kada se sve sna\u017enije osje\u0107a nesnala\u017eenje u vrijednosnim orijentacijama, odnosno kada prevagu odnosi noeti\u010dka (fakti\u010dka) nad eti\u010dkom (vrijednosnom) dimenzijom. A \u0161to je dru\u0161tvo bez vrijednosti, bez toga vreli\u0161ta krep\u010dine i jamstva zdrave budu\u0107nosti?<\/p>\n<p>U tome smislu uredni\u0161tvo \u0107e biti otvoreno za sve priloge koji pro\u0111u kompetentno vrjednovanje, ali \u0107e voditi ra\u010duna i o promicanju eti\u010dnosti, op\u0107eljudskih vrijednosti, kriti\u010dnosti, slobode izra\u017eavanja te stvarala\u0161tva, \u0161to je jedino istinsko jamstvo akademskoga i civilizacijskog napretka. Svojim snagama i snagama svojih suradnika tako\u0111er \u0107e nastojati oko njegovanja hrvatske kulture i njezina promicanja u svijetu. U tome \u0107e mu zasigurno nemalu pomo\u0107 pru\u017eiti i Institut dru\u0161tvenih znanosti &#8220;Ivo Pilar&#8221; koji je sunakladnik \u010dasopisa i \u010dije je vodstvo izrazilo i ve\u0107 u dvobroju za 2014. odjelotvorilo bezrezervnu spremnost na svekoliku suradnju. Uvjereni smo da \u0107e ta sinergija uroditi obilatim plodovima.<\/p>\n<p>Osim novoga uredni\u0161tva, <em>Mostariensia<\/em> je do\u017eivjela i jo\u0161 neke zna\u010dajne promjene. Uz uredni\u0161tvo oformljen je i (me\u0111unarodni) znanstveni savjet \u010diji su \u010dlanovi mahom priznati i dokazani stru\u010dnjaci na podru\u010dju svoga djelovanja. Ovo \u0107e tijelo biti recenzentska baza koja \u0107e iz broja u broj biti osna\u017eivana kompetentnim stru\u010dnjacima iz zemlje i inozemstva. Novost je i vizualni identitet. Promijenjen je format, kao i naslovnica. Nadamo se da smo time i u estetskome smislu napravili korak naprijed.<\/p>\n<p>Pozivamo stoga sve kolege sa Sveu\u010dili\u0161ta u Mostaru, kao i one s drugih visokih u\u010dili\u0161ta i instituta iz Bosne i Hercegovine te zemalja regije na suradnju u na\u0161emu \u010dasopisu. Uvjereni da \u0107e ta suradnja biti na obostranu korist, veselimo se va\u0161im prilozima.<\/p>\n<p><em>Ivica Musi\u0107, glavni urednik<\/em><\/p>\n","protected":false},"excerpt":{"rendered":"<p>\u010casopis Sveu\u010dili\u0161ta u Mostaru za humanisti\u010dke znanosti MOSTARIENSIA pokrenut 1994. godine pod novim uredni\u0161tvom i u sunakladni\u0161tvu Instituta Ivo Pilar od 2014. nastavlja s izla\u017eenjem kao \u010dasopis za dru\u0161tvene i humanisti\u010dke znanosti. \u2212 Iz Uvodne rije\u010di br. 1-2\/2014.&nbsp; &nbsp; &#8211; God. 28, br. 2\/2024: Sadr\u017eaj broja &nbsp; &#8211; God. 27, br. 2\/2023: Sadr\u017eaj broja &#8211;&hellip; <a class=\"continue\" href=\"https:\/\/www.vegaintro-projekti.com\/pilar-stari\/2017\/12\/mostariensia\/\">Pro\u010ditaj vi\u0161e o<span> MOSTARIENSIA \u2013 \u010dasopis za dru\u0161tvene i humanisti\u010dke znanosti<\/span><\/a><\/p>\n","protected":false},"author":1,"featured_media":0,"comment_status":"closed","ping_status":"closed","sticky":false,"template":"","format":"standard","meta":{"inline_featured_image":false,"ngg_post_thumbnail":0,"footnotes":""},"categories":[8],"tags":[],"yoast_head":"<!-- This site is optimized with the Yoast SEO plugin v21.2 - https:\/\/yoast.com\/wordpress\/plugins\/seo\/ -->\n<title>MOSTARIENSIA \u2013 \u010dasopis za dru\u0161tvene i humanisti\u010dke znanosti - Institut dru&scaron;tvenih znanosti Ivo Pilar<\/title>\n<meta name=\"robots\" content=\"noindex, follow, max-snippet:-1, max-image-preview:large, max-video-preview:-1\" \/>\n<meta property=\"og:locale\" content=\"hr_HR\" \/>\n<meta property=\"og:type\" content=\"article\" \/>\n<meta property=\"og:title\" content=\"MOSTARIENSIA \u2013 \u010dasopis za dru\u0161tvene i humanisti\u010dke znanosti - Institut dru&scaron;tvenih znanosti Ivo Pilar\" \/>\n<meta property=\"og:description\" content=\"\u010casopis Sveu\u010dili\u0161ta u Mostaru za humanisti\u010dke znanosti MOSTARIENSIA pokrenut 1994. godine pod novim uredni\u0161tvom i u sunakladni\u0161tvu Instituta Ivo Pilar od 2014. nastavlja s izla\u017eenjem kao \u010dasopis za dru\u0161tvene i humanisti\u010dke znanosti. \u2212 Iz Uvodne rije\u010di br. 1-2\/2014.&nbsp; &nbsp; &#8211; God. 28, br. 2\/2024: Sadr\u017eaj broja &nbsp; &#8211; God. 27, br. 2\/2023: Sadr\u017eaj broja &#8211;&hellip; Pro\u010ditaj vi\u0161e o MOSTARIENSIA \u2013 \u010dasopis za dru\u0161tvene i humanisti\u010dke znanosti\" \/>\n<meta property=\"og:url\" content=\"https:\/\/www.vegaintro-projekti.com\/pilar-stari\/2017\/12\/mostariensia\/\" \/>\n<meta property=\"og:site_name\" content=\"Institut dru&scaron;tvenih znanosti Ivo Pilar\" \/>\n<meta property=\"article:published_time\" content=\"2017-12-19T15:31:22+00:00\" \/>\n<meta property=\"article:modified_time\" content=\"2025-10-19T22:10:59+00:00\" \/>\n<meta property=\"og:image\" content=\"https:\/\/www.vegaintro-projekti.com\/pilar-stari\/wp-content\/uploads\/2025\/10\/M_2-2024.jpg\" \/>\n<meta name=\"author\" content=\"pilar-admin\" \/>\n<meta name=\"twitter:card\" content=\"summary_large_image\" \/>\n<meta name=\"twitter:label1\" content=\"Napisao\/la\" \/>\n\t<meta name=\"twitter:data1\" content=\"pilar-admin\" \/>\n\t<meta name=\"twitter:label2\" content=\"Procijenjeno vrijeme \u010ditanja\" \/>\n\t<meta name=\"twitter:data2\" content=\"8 minuta\" \/>\n<script type=\"application\/ld+json\" class=\"yoast-schema-graph\">{\"@context\":\"https:\/\/schema.org\",\"@graph\":[{\"@type\":\"WebPage\",\"@id\":\"https:\/\/www.vegaintro-projekti.com\/pilar-stari\/2017\/12\/mostariensia\/\",\"url\":\"https:\/\/www.vegaintro-projekti.com\/pilar-stari\/2017\/12\/mostariensia\/\",\"name\":\"MOSTARIENSIA \u2013 \u010dasopis za dru\u0161tvene i humanisti\u010dke znanosti - Institut dru&scaron;tvenih znanosti Ivo Pilar\",\"isPartOf\":{\"@id\":\"https:\/\/www.vegaintro-projekti.com\/pilar-stari\/#website\"},\"datePublished\":\"2017-12-19T15:31:22+00:00\",\"dateModified\":\"2025-10-19T22:10:59+00:00\",\"author\":{\"@id\":\"https:\/\/www.vegaintro-projekti.com\/pilar-stari\/#\/schema\/person\/c0db50ebd77c4409e19b18044bbf10c1\"},\"breadcrumb\":{\"@id\":\"https:\/\/www.vegaintro-projekti.com\/pilar-stari\/2017\/12\/mostariensia\/#breadcrumb\"},\"inLanguage\":\"hr\",\"potentialAction\":[{\"@type\":\"ReadAction\",\"target\":[\"https:\/\/www.vegaintro-projekti.com\/pilar-stari\/2017\/12\/mostariensia\/\"]}]},{\"@type\":\"BreadcrumbList\",\"@id\":\"https:\/\/www.vegaintro-projekti.com\/pilar-stari\/2017\/12\/mostariensia\/#breadcrumb\",\"itemListElement\":[{\"@type\":\"ListItem\",\"position\":1,\"name\":\"Home\",\"item\":\"https:\/\/www.vegaintro-projekti.com\/pilar-stari\/\"},{\"@type\":\"ListItem\",\"position\":2,\"name\":\"MOSTARIENSIA \u2013 \u010dasopis za dru\u0161tvene i humanisti\u010dke znanosti\"}]},{\"@type\":\"WebSite\",\"@id\":\"https:\/\/www.vegaintro-projekti.com\/pilar-stari\/#website\",\"url\":\"https:\/\/www.vegaintro-projekti.com\/pilar-stari\/\",\"name\":\"Institut dru&scaron;tvenih znanosti Ivo Pilar\",\"description\":\"Pilar\",\"potentialAction\":[{\"@type\":\"SearchAction\",\"target\":{\"@type\":\"EntryPoint\",\"urlTemplate\":\"https:\/\/www.vegaintro-projekti.com\/pilar-stari\/?s={search_term_string}\"},\"query-input\":\"required name=search_term_string\"}],\"inLanguage\":\"hr\"},{\"@type\":\"Person\",\"@id\":\"https:\/\/www.vegaintro-projekti.com\/pilar-stari\/#\/schema\/person\/c0db50ebd77c4409e19b18044bbf10c1\",\"name\":\"pilar-admin\",\"image\":{\"@type\":\"ImageObject\",\"inLanguage\":\"hr\",\"@id\":\"https:\/\/www.vegaintro-projekti.com\/pilar-stari\/#\/schema\/person\/image\/\",\"url\":\"https:\/\/secure.gravatar.com\/avatar\/fac9e03c4db0011b9c1ad8b5e9c74b8c?s=96&d=mm&r=g\",\"contentUrl\":\"https:\/\/secure.gravatar.com\/avatar\/fac9e03c4db0011b9c1ad8b5e9c74b8c?s=96&d=mm&r=g\",\"caption\":\"pilar-admin\"},\"url\":\"https:\/\/www.vegaintro-projekti.com\/pilar-stari\/author\/pilar-admin\/\"}]}<\/script>\n<!-- \/ Yoast SEO plugin. -->","yoast_head_json":{"title":"MOSTARIENSIA \u2013 \u010dasopis za dru\u0161tvene i humanisti\u010dke znanosti - Institut dru&scaron;tvenih znanosti Ivo Pilar","robots":{"index":"noindex","follow":"follow","max-snippet":"max-snippet:-1","max-image-preview":"max-image-preview:large","max-video-preview":"max-video-preview:-1"},"og_locale":"hr_HR","og_type":"article","og_title":"MOSTARIENSIA \u2013 \u010dasopis za dru\u0161tvene i humanisti\u010dke znanosti - Institut dru&scaron;tvenih znanosti Ivo Pilar","og_description":"\u010casopis Sveu\u010dili\u0161ta u Mostaru za humanisti\u010dke znanosti MOSTARIENSIA pokrenut 1994. godine pod novim uredni\u0161tvom i u sunakladni\u0161tvu Instituta Ivo Pilar od 2014. nastavlja s izla\u017eenjem kao \u010dasopis za dru\u0161tvene i humanisti\u010dke znanosti. \u2212 Iz Uvodne rije\u010di br. 1-2\/2014.&nbsp; &nbsp; &#8211; God. 28, br. 2\/2024: Sadr\u017eaj broja &nbsp; &#8211; God. 27, br. 2\/2023: Sadr\u017eaj broja &#8211;&hellip; Pro\u010ditaj vi\u0161e o MOSTARIENSIA \u2013 \u010dasopis za dru\u0161tvene i humanisti\u010dke znanosti","og_url":"https:\/\/www.vegaintro-projekti.com\/pilar-stari\/2017\/12\/mostariensia\/","og_site_name":"Institut dru&scaron;tvenih znanosti Ivo Pilar","article_published_time":"2017-12-19T15:31:22+00:00","article_modified_time":"2025-10-19T22:10:59+00:00","og_image":[{"url":"https:\/\/www.vegaintro-projekti.com\/pilar-stari\/wp-content\/uploads\/2025\/10\/M_2-2024.jpg"}],"author":"pilar-admin","twitter_card":"summary_large_image","twitter_misc":{"Napisao\/la":"pilar-admin","Procijenjeno vrijeme \u010ditanja":"8 minuta"},"schema":{"@context":"https:\/\/schema.org","@graph":[{"@type":"WebPage","@id":"https:\/\/www.vegaintro-projekti.com\/pilar-stari\/2017\/12\/mostariensia\/","url":"https:\/\/www.vegaintro-projekti.com\/pilar-stari\/2017\/12\/mostariensia\/","name":"MOSTARIENSIA \u2013 \u010dasopis za dru\u0161tvene i humanisti\u010dke znanosti - Institut dru&scaron;tvenih znanosti Ivo Pilar","isPartOf":{"@id":"https:\/\/www.vegaintro-projekti.com\/pilar-stari\/#website"},"datePublished":"2017-12-19T15:31:22+00:00","dateModified":"2025-10-19T22:10:59+00:00","author":{"@id":"https:\/\/www.vegaintro-projekti.com\/pilar-stari\/#\/schema\/person\/c0db50ebd77c4409e19b18044bbf10c1"},"breadcrumb":{"@id":"https:\/\/www.vegaintro-projekti.com\/pilar-stari\/2017\/12\/mostariensia\/#breadcrumb"},"inLanguage":"hr","potentialAction":[{"@type":"ReadAction","target":["https:\/\/www.vegaintro-projekti.com\/pilar-stari\/2017\/12\/mostariensia\/"]}]},{"@type":"BreadcrumbList","@id":"https:\/\/www.vegaintro-projekti.com\/pilar-stari\/2017\/12\/mostariensia\/#breadcrumb","itemListElement":[{"@type":"ListItem","position":1,"name":"Home","item":"https:\/\/www.vegaintro-projekti.com\/pilar-stari\/"},{"@type":"ListItem","position":2,"name":"MOSTARIENSIA \u2013 \u010dasopis za dru\u0161tvene i humanisti\u010dke znanosti"}]},{"@type":"WebSite","@id":"https:\/\/www.vegaintro-projekti.com\/pilar-stari\/#website","url":"https:\/\/www.vegaintro-projekti.com\/pilar-stari\/","name":"Institut dru&scaron;tvenih znanosti Ivo Pilar","description":"Pilar","potentialAction":[{"@type":"SearchAction","target":{"@type":"EntryPoint","urlTemplate":"https:\/\/www.vegaintro-projekti.com\/pilar-stari\/?s={search_term_string}"},"query-input":"required name=search_term_string"}],"inLanguage":"hr"},{"@type":"Person","@id":"https:\/\/www.vegaintro-projekti.com\/pilar-stari\/#\/schema\/person\/c0db50ebd77c4409e19b18044bbf10c1","name":"pilar-admin","image":{"@type":"ImageObject","inLanguage":"hr","@id":"https:\/\/www.vegaintro-projekti.com\/pilar-stari\/#\/schema\/person\/image\/","url":"https:\/\/secure.gravatar.com\/avatar\/fac9e03c4db0011b9c1ad8b5e9c74b8c?s=96&d=mm&r=g","contentUrl":"https:\/\/secure.gravatar.com\/avatar\/fac9e03c4db0011b9c1ad8b5e9c74b8c?s=96&d=mm&r=g","caption":"pilar-admin"},"url":"https:\/\/www.vegaintro-projekti.com\/pilar-stari\/author\/pilar-admin\/"}]}},"_links":{"self":[{"href":"https:\/\/www.vegaintro-projekti.com\/pilar-stari\/wp-json\/wp\/v2\/posts\/931"}],"collection":[{"href":"https:\/\/www.vegaintro-projekti.com\/pilar-stari\/wp-json\/wp\/v2\/posts"}],"about":[{"href":"https:\/\/www.vegaintro-projekti.com\/pilar-stari\/wp-json\/wp\/v2\/types\/post"}],"author":[{"embeddable":true,"href":"https:\/\/www.vegaintro-projekti.com\/pilar-stari\/wp-json\/wp\/v2\/users\/1"}],"replies":[{"embeddable":true,"href":"https:\/\/www.vegaintro-projekti.com\/pilar-stari\/wp-json\/wp\/v2\/comments?post=931"}],"version-history":[{"count":25,"href":"https:\/\/www.vegaintro-projekti.com\/pilar-stari\/wp-json\/wp\/v2\/posts\/931\/revisions"}],"predecessor-version":[{"id":36109,"href":"https:\/\/www.vegaintro-projekti.com\/pilar-stari\/wp-json\/wp\/v2\/posts\/931\/revisions\/36109"}],"wp:attachment":[{"href":"https:\/\/www.vegaintro-projekti.com\/pilar-stari\/wp-json\/wp\/v2\/media?parent=931"}],"wp:term":[{"taxonomy":"category","embeddable":true,"href":"https:\/\/www.vegaintro-projekti.com\/pilar-stari\/wp-json\/wp\/v2\/categories?post=931"},{"taxonomy":"post_tag","embeddable":true,"href":"https:\/\/www.vegaintro-projekti.com\/pilar-stari\/wp-json\/wp\/v2\/tags?post=931"}],"curies":[{"name":"wp","href":"https:\/\/api.w.org\/{rel}","templated":true}]}}