{"id":933,"date":"2016-10-28T12:38:57","date_gmt":"2016-10-28T12:38:57","guid":{"rendered":"https:\/\/www.vegaintro-projekti.com\/pilar-stari\/2016\/10\/28\/kolokvij-cetiri-lika-ive-pilara-zagreb-8-11-2016\/"},"modified":"2017-12-08T15:14:28","modified_gmt":"2017-12-08T15:14:28","slug":"kolokvij-cetiri-lika-ive-pilara-zagreb-8-11-2016","status":"publish","type":"post","link":"https:\/\/www.vegaintro-projekti.com\/pilar-stari\/2016\/10\/kolokvij-cetiri-lika-ive-pilara-zagreb-8-11-2016\/","title":{"rendered":"Kolokvij: \u010cETIRI LIKA IVE PILARA; Zagreb, 8. 11. 2016."},"content":{"rendered":"<p><strong>U povodu 25. obljetnice osnutka Institut dru\u0161tvenih znanosti Ivo Pilar organiziran je Kolokvij \u010cETIRI LIKA IVE PILARA koji se odr\u017eao 8. studenoga 2016. u <strong>Multimedijskoj dvorani Instituta Pilar<\/strong>, Maruli\u0107ev trg 19\/I, Zagreb.<\/strong> &#8211; <a href=\"https:\/\/www.vegaintro-projekti.com\/pilar-stari\/wp-content\/images\/stories\/dokumenti\/25_Pilar\/Kolokvij_4lika_Pilara.pdf\">Pozivnica<\/a><\/p>\n<p><img decoding=\"async\" loading=\"lazy\" src=\"https:\/\/www.vegaintro-projekti.com\/pilar-stari\/wp-content\/images\/stories\/fotografije\/25_Pilar\/4_lika_IP\/Foto_Kolokvij_s.JPG\" alt=\"Foto Kolokvij s\" width=\"658\" height=\"323\" \/><\/p>\n<p><span style=\"font-size: 8pt;\"><strong>Kolokvij: \u010cETIRI LIKA IVE PILARA; Zagreb, 8. studenoga 2016.<\/strong><\/span><\/p>\n<p>&#8211;&nbsp;<a href=\"https:\/\/www.vegaintro-projekti.com\/pilar-stari\/wp-content\/images\/stories\/dokumenti\/25_Pilar\/Kolokvij_4lika_Pilara.pdf\">Pozivnica za Kolokvij \u010cETIRI LIKA IVE PILARA; Zagreb, 8. studenoga 2016.<\/a><\/p>\n<p><a href=\"https:\/\/www.vegaintro-projekti.com\/pilar-stari\/wp-content\/images\/stories\/dokumenti\/25_Pilar\/Kolokvij_4lika_Pilara.pdf\"><img decoding=\"async\" loading=\"lazy\" src=\"https:\/\/www.vegaintro-projekti.com\/pilar-stari\/wp-content\/images\/stories\/fotografije\/25_Pilar\/4_lika_IP\/Kolokvij_4lika_Pilara1.jpg\" alt=\"Kolokvij 4lika Pilara1\" width=\"640\" height=\"905\" \/><\/a><\/p>\n<p><span style=\"font-size: 12pt;\">&gt;&gt;&gt;&nbsp;<a href=\"https:\/\/www.vegaintro-projekti.com\/pilar-stari\/2008\/11\/ivotopis-dr-ive-pilara\/\">\u017divotopis dr. Ive Pilara<\/a><\/span><br \/><span style=\"font-size: 12pt;\">&gt;&gt;&gt;&nbsp;<a href=\"https:\/\/www.vegaintro-projekti.com\/pilar-stari\/2008\/11\/bibliografija-radova-i-neobjavljena-graa\/\">Bibliografija radova i neobjavljena gra\u0111a<br \/><\/a>&gt;&gt;&gt;&nbsp;<a href=\"https:\/\/www.vegaintro-projekti.com\/pilar-stari\/2008\/11\/literatura-o-ivi-pilaru\/\">Literatura o Ivi Pilaru<br \/><\/a><\/span><span style=\"font-size: 12pt;\">&gt;&gt;&gt;&nbsp;<a href=\"https:\/\/www.vegaintro-projekti.com\/pilar-stari\/2011\/02\/zahvalnica-nsk-institutu-ivo-pilar\/\">Sporazum o suradnji Nacionalne i sveu\u010dili\u0161ne knji\u017enice i Instituta Ivo Pilar<\/a><\/span><\/p>\n<p><\/p>\n","protected":false},"excerpt":{"rendered":"<p>U povodu 25. obljetnice osnutka Institut dru\u0161tvenih znanosti Ivo Pilar organiziran je Kolokvij \u010cETIRI LIKA IVE PILARA koji se odr\u017eao 8. studenoga 2016. u Multimedijskoj dvorani Instituta Pilar, Maruli\u0107ev trg 19\/I, Zagreb. &#8211; Pozivnica Kolokvij: \u010cETIRI LIKA IVE PILARA; Zagreb, 8. studenoga 2016. &#8211;&nbsp;Pozivnica za Kolokvij \u010cETIRI LIKA IVE PILARA; Zagreb, 8. studenoga 2016. &gt;&gt;&gt;&nbsp;\u017divotopis&hellip; <a class=\"continue\" href=\"https:\/\/www.vegaintro-projekti.com\/pilar-stari\/2016\/10\/kolokvij-cetiri-lika-ive-pilara-zagreb-8-11-2016\/\">Pro\u010ditaj vi\u0161e o<span> Kolokvij: \u010cETIRI LIKA IVE PILARA; Zagreb, 8. 11. 2016.<\/span><\/a><\/p>\n","protected":false},"author":1,"featured_media":0,"comment_status":"open","ping_status":"open","sticky":false,"template":"","format":"standard","meta":{"inline_featured_image":false,"ngg_post_thumbnail":0,"footnotes":""},"categories":[11],"tags":[],"yoast_head":"<!-- This site is optimized with the Yoast SEO plugin v21.2 - https:\/\/yoast.com\/wordpress\/plugins\/seo\/ -->\n<title>Kolokvij: \u010cETIRI LIKA IVE PILARA; Zagreb, 8. 11. 2016. - Institut dru&scaron;tvenih znanosti Ivo Pilar<\/title>\n<meta name=\"robots\" content=\"noindex, follow, max-snippet:-1, max-image-preview:large, max-video-preview:-1\" \/>\n<meta property=\"og:locale\" content=\"hr_HR\" \/>\n<meta property=\"og:type\" content=\"article\" \/>\n<meta property=\"og:title\" content=\"Kolokvij: \u010cETIRI LIKA IVE PILARA; Zagreb, 8. 11. 2016. - Institut dru&scaron;tvenih znanosti Ivo Pilar\" \/>\n<meta property=\"og:description\" content=\"U povodu 25. obljetnice osnutka Institut dru\u0161tvenih znanosti Ivo Pilar organiziran je Kolokvij \u010cETIRI LIKA IVE PILARA koji se odr\u017eao 8. studenoga 2016. u Multimedijskoj dvorani Instituta Pilar, Maruli\u0107ev trg 19\/I, Zagreb. &#8211; Pozivnica Kolokvij: \u010cETIRI LIKA IVE PILARA; Zagreb, 8. studenoga 2016. &#8211;&nbsp;Pozivnica za Kolokvij \u010cETIRI LIKA IVE PILARA; Zagreb, 8. studenoga 2016. &gt;&gt;&gt;&nbsp;\u017divotopis&hellip; Pro\u010ditaj vi\u0161e o Kolokvij: \u010cETIRI LIKA IVE PILARA; Zagreb, 8. 11. 2016.\" \/>\n<meta property=\"og:url\" content=\"https:\/\/www.vegaintro-projekti.com\/pilar-stari\/2016\/10\/kolokvij-cetiri-lika-ive-pilara-zagreb-8-11-2016\/\" \/>\n<meta property=\"og:site_name\" content=\"Institut dru&scaron;tvenih znanosti Ivo Pilar\" \/>\n<meta property=\"article:published_time\" content=\"2016-10-28T12:38:57+00:00\" \/>\n<meta property=\"article:modified_time\" content=\"2017-12-08T15:14:28+00:00\" \/>\n<meta property=\"og:image\" content=\"https:\/\/www.vegaintro-projekti.com\/pilar-stari\/wp-content\/images\/stories\/fotografije\/25_Pilar\/4_lika_IP\/Foto_Kolokvij_s.JPG\" \/>\n<meta name=\"author\" content=\"pilar-admin\" \/>\n<meta name=\"twitter:card\" content=\"summary_large_image\" \/>\n<meta name=\"twitter:label1\" content=\"Napisao\/la\" \/>\n\t<meta name=\"twitter:data1\" content=\"pilar-admin\" \/>\n<script type=\"application\/ld+json\" class=\"yoast-schema-graph\">{\"@context\":\"https:\/\/schema.org\",\"@graph\":[{\"@type\":\"WebPage\",\"@id\":\"https:\/\/www.vegaintro-projekti.com\/pilar-stari\/2016\/10\/kolokvij-cetiri-lika-ive-pilara-zagreb-8-11-2016\/\",\"url\":\"https:\/\/www.vegaintro-projekti.com\/pilar-stari\/2016\/10\/kolokvij-cetiri-lika-ive-pilara-zagreb-8-11-2016\/\",\"name\":\"Kolokvij: \u010cETIRI LIKA IVE PILARA; Zagreb, 8. 11. 2016. - Institut dru&scaron;tvenih znanosti Ivo Pilar\",\"isPartOf\":{\"@id\":\"https:\/\/www.vegaintro-projekti.com\/pilar-stari\/#website\"},\"datePublished\":\"2016-10-28T12:38:57+00:00\",\"dateModified\":\"2017-12-08T15:14:28+00:00\",\"author\":{\"@id\":\"https:\/\/www.vegaintro-projekti.com\/pilar-stari\/#\/schema\/person\/c0db50ebd77c4409e19b18044bbf10c1\"},\"breadcrumb\":{\"@id\":\"https:\/\/www.vegaintro-projekti.com\/pilar-stari\/2016\/10\/kolokvij-cetiri-lika-ive-pilara-zagreb-8-11-2016\/#breadcrumb\"},\"inLanguage\":\"hr\",\"potentialAction\":[{\"@type\":\"ReadAction\",\"target\":[\"https:\/\/www.vegaintro-projekti.com\/pilar-stari\/2016\/10\/kolokvij-cetiri-lika-ive-pilara-zagreb-8-11-2016\/\"]}]},{\"@type\":\"BreadcrumbList\",\"@id\":\"https:\/\/www.vegaintro-projekti.com\/pilar-stari\/2016\/10\/kolokvij-cetiri-lika-ive-pilara-zagreb-8-11-2016\/#breadcrumb\",\"itemListElement\":[{\"@type\":\"ListItem\",\"position\":1,\"name\":\"Home\",\"item\":\"https:\/\/www.vegaintro-projekti.com\/pilar-stari\/\"},{\"@type\":\"ListItem\",\"position\":2,\"name\":\"Kolokvij: \u010cETIRI LIKA IVE PILARA; Zagreb, 8. 11. 2016.\"}]},{\"@type\":\"WebSite\",\"@id\":\"https:\/\/www.vegaintro-projekti.com\/pilar-stari\/#website\",\"url\":\"https:\/\/www.vegaintro-projekti.com\/pilar-stari\/\",\"name\":\"Institut dru&scaron;tvenih znanosti Ivo Pilar\",\"description\":\"Pilar\",\"potentialAction\":[{\"@type\":\"SearchAction\",\"target\":{\"@type\":\"EntryPoint\",\"urlTemplate\":\"https:\/\/www.vegaintro-projekti.com\/pilar-stari\/?s={search_term_string}\"},\"query-input\":\"required name=search_term_string\"}],\"inLanguage\":\"hr\"},{\"@type\":\"Person\",\"@id\":\"https:\/\/www.vegaintro-projekti.com\/pilar-stari\/#\/schema\/person\/c0db50ebd77c4409e19b18044bbf10c1\",\"name\":\"pilar-admin\",\"image\":{\"@type\":\"ImageObject\",\"inLanguage\":\"hr\",\"@id\":\"https:\/\/www.vegaintro-projekti.com\/pilar-stari\/#\/schema\/person\/image\/\",\"url\":\"https:\/\/secure.gravatar.com\/avatar\/fac9e03c4db0011b9c1ad8b5e9c74b8c?s=96&d=mm&r=g\",\"contentUrl\":\"https:\/\/secure.gravatar.com\/avatar\/fac9e03c4db0011b9c1ad8b5e9c74b8c?s=96&d=mm&r=g\",\"caption\":\"pilar-admin\"},\"url\":\"https:\/\/www.vegaintro-projekti.com\/pilar-stari\/author\/pilar-admin\/\"}]}<\/script>\n<!-- \/ Yoast SEO plugin. -->","yoast_head_json":{"title":"Kolokvij: \u010cETIRI LIKA IVE PILARA; Zagreb, 8. 11. 2016. - Institut dru&scaron;tvenih znanosti Ivo Pilar","robots":{"index":"noindex","follow":"follow","max-snippet":"max-snippet:-1","max-image-preview":"max-image-preview:large","max-video-preview":"max-video-preview:-1"},"og_locale":"hr_HR","og_type":"article","og_title":"Kolokvij: \u010cETIRI LIKA IVE PILARA; Zagreb, 8. 11. 2016. - Institut dru&scaron;tvenih znanosti Ivo Pilar","og_description":"U povodu 25. obljetnice osnutka Institut dru\u0161tvenih znanosti Ivo Pilar organiziran je Kolokvij \u010cETIRI LIKA IVE PILARA koji se odr\u017eao 8. studenoga 2016. u Multimedijskoj dvorani Instituta Pilar, Maruli\u0107ev trg 19\/I, Zagreb. &#8211; Pozivnica Kolokvij: \u010cETIRI LIKA IVE PILARA; Zagreb, 8. studenoga 2016. &#8211;&nbsp;Pozivnica za Kolokvij \u010cETIRI LIKA IVE PILARA; Zagreb, 8. studenoga 2016. &gt;&gt;&gt;&nbsp;\u017divotopis&hellip; Pro\u010ditaj vi\u0161e o Kolokvij: \u010cETIRI LIKA IVE PILARA; Zagreb, 8. 11. 2016.","og_url":"https:\/\/www.vegaintro-projekti.com\/pilar-stari\/2016\/10\/kolokvij-cetiri-lika-ive-pilara-zagreb-8-11-2016\/","og_site_name":"Institut dru&scaron;tvenih znanosti Ivo Pilar","article_published_time":"2016-10-28T12:38:57+00:00","article_modified_time":"2017-12-08T15:14:28+00:00","og_image":[{"url":"https:\/\/www.vegaintro-projekti.com\/pilar-stari\/wp-content\/images\/stories\/fotografije\/25_Pilar\/4_lika_IP\/Foto_Kolokvij_s.JPG"}],"author":"pilar-admin","twitter_card":"summary_large_image","twitter_misc":{"Napisao\/la":"pilar-admin"},"schema":{"@context":"https:\/\/schema.org","@graph":[{"@type":"WebPage","@id":"https:\/\/www.vegaintro-projekti.com\/pilar-stari\/2016\/10\/kolokvij-cetiri-lika-ive-pilara-zagreb-8-11-2016\/","url":"https:\/\/www.vegaintro-projekti.com\/pilar-stari\/2016\/10\/kolokvij-cetiri-lika-ive-pilara-zagreb-8-11-2016\/","name":"Kolokvij: \u010cETIRI LIKA IVE PILARA; Zagreb, 8. 11. 2016. - Institut dru&scaron;tvenih znanosti Ivo Pilar","isPartOf":{"@id":"https:\/\/www.vegaintro-projekti.com\/pilar-stari\/#website"},"datePublished":"2016-10-28T12:38:57+00:00","dateModified":"2017-12-08T15:14:28+00:00","author":{"@id":"https:\/\/www.vegaintro-projekti.com\/pilar-stari\/#\/schema\/person\/c0db50ebd77c4409e19b18044bbf10c1"},"breadcrumb":{"@id":"https:\/\/www.vegaintro-projekti.com\/pilar-stari\/2016\/10\/kolokvij-cetiri-lika-ive-pilara-zagreb-8-11-2016\/#breadcrumb"},"inLanguage":"hr","potentialAction":[{"@type":"ReadAction","target":["https:\/\/www.vegaintro-projekti.com\/pilar-stari\/2016\/10\/kolokvij-cetiri-lika-ive-pilara-zagreb-8-11-2016\/"]}]},{"@type":"BreadcrumbList","@id":"https:\/\/www.vegaintro-projekti.com\/pilar-stari\/2016\/10\/kolokvij-cetiri-lika-ive-pilara-zagreb-8-11-2016\/#breadcrumb","itemListElement":[{"@type":"ListItem","position":1,"name":"Home","item":"https:\/\/www.vegaintro-projekti.com\/pilar-stari\/"},{"@type":"ListItem","position":2,"name":"Kolokvij: \u010cETIRI LIKA IVE PILARA; Zagreb, 8. 11. 2016."}]},{"@type":"WebSite","@id":"https:\/\/www.vegaintro-projekti.com\/pilar-stari\/#website","url":"https:\/\/www.vegaintro-projekti.com\/pilar-stari\/","name":"Institut dru&scaron;tvenih znanosti Ivo Pilar","description":"Pilar","potentialAction":[{"@type":"SearchAction","target":{"@type":"EntryPoint","urlTemplate":"https:\/\/www.vegaintro-projekti.com\/pilar-stari\/?s={search_term_string}"},"query-input":"required name=search_term_string"}],"inLanguage":"hr"},{"@type":"Person","@id":"https:\/\/www.vegaintro-projekti.com\/pilar-stari\/#\/schema\/person\/c0db50ebd77c4409e19b18044bbf10c1","name":"pilar-admin","image":{"@type":"ImageObject","inLanguage":"hr","@id":"https:\/\/www.vegaintro-projekti.com\/pilar-stari\/#\/schema\/person\/image\/","url":"https:\/\/secure.gravatar.com\/avatar\/fac9e03c4db0011b9c1ad8b5e9c74b8c?s=96&d=mm&r=g","contentUrl":"https:\/\/secure.gravatar.com\/avatar\/fac9e03c4db0011b9c1ad8b5e9c74b8c?s=96&d=mm&r=g","caption":"pilar-admin"},"url":"https:\/\/www.vegaintro-projekti.com\/pilar-stari\/author\/pilar-admin\/"}]}},"_links":{"self":[{"href":"https:\/\/www.vegaintro-projekti.com\/pilar-stari\/wp-json\/wp\/v2\/posts\/933"}],"collection":[{"href":"https:\/\/www.vegaintro-projekti.com\/pilar-stari\/wp-json\/wp\/v2\/posts"}],"about":[{"href":"https:\/\/www.vegaintro-projekti.com\/pilar-stari\/wp-json\/wp\/v2\/types\/post"}],"author":[{"embeddable":true,"href":"https:\/\/www.vegaintro-projekti.com\/pilar-stari\/wp-json\/wp\/v2\/users\/1"}],"replies":[{"embeddable":true,"href":"https:\/\/www.vegaintro-projekti.com\/pilar-stari\/wp-json\/wp\/v2\/comments?post=933"}],"version-history":[{"count":6,"href":"https:\/\/www.vegaintro-projekti.com\/pilar-stari\/wp-json\/wp\/v2\/posts\/933\/revisions"}],"predecessor-version":[{"id":8090,"href":"https:\/\/www.vegaintro-projekti.com\/pilar-stari\/wp-json\/wp\/v2\/posts\/933\/revisions\/8090"}],"wp:attachment":[{"href":"https:\/\/www.vegaintro-projekti.com\/pilar-stari\/wp-json\/wp\/v2\/media?parent=933"}],"wp:term":[{"taxonomy":"category","embeddable":true,"href":"https:\/\/www.vegaintro-projekti.com\/pilar-stari\/wp-json\/wp\/v2\/categories?post=933"},{"taxonomy":"post_tag","embeddable":true,"href":"https:\/\/www.vegaintro-projekti.com\/pilar-stari\/wp-json\/wp\/v2\/tags?post=933"}],"curies":[{"name":"wp","href":"https:\/\/api.w.org\/{rel}","templated":true}]}}