{"id":935,"date":"2016-11-14T12:24:52","date_gmt":"2016-11-14T12:24:52","guid":{"rendered":"https:\/\/www.vegaintro-projekti.com\/pilar-stari\/2016\/11\/14\/dr-sc-marija-geiger-zeman-i-dr-sc-zdenko-zeman-na-konferenciji-siforage\/"},"modified":"2017-12-08T15:17:44","modified_gmt":"2017-12-08T15:17:44","slug":"dr-sc-marija-geiger-zeman-i-dr-sc-zdenko-zeman-na-konferenciji-siforage","status":"publish","type":"post","link":"https:\/\/www.vegaintro-projekti.com\/pilar-stari\/2016\/11\/dr-sc-marija-geiger-zeman-i-dr-sc-zdenko-zeman-na-konferenciji-siforage\/","title":{"rendered":"Dr. sc. Marija Geiger Zeman i dr. sc. Zdenko Zeman na konferenciji SIforAGE"},"content":{"rendered":"<p><strong>Dr. sc. Zdenko Zeman i dr. sc. Marija Geiger Zeman sudjelovali su sa izlaganjem na me\u0111unarodnoj znanstvenoj konferenciji The SIforAGE&nbsp;\u2013 Social Innovation for Active and Healthy Ageing odr\u017eanoj od 19.-21. listopada 2016. godine u Barceloni.&nbsp;Rije\u010d je o zavr\u0161noj konferenciji FP7 projekta SIfor AGE \u2013 Social Innovation&nbsp;for Active and Healthy Ageing for Sustainable Economic Growth. Detaljnije informacije o konferenciji:&nbsp;<\/strong><strong>http:\/\/siforageconference2016.eu&nbsp;&#8211; <a href=\"#summ\">Sa\u017eetak izlaganja<\/a><br \/><\/strong><\/p>\n<p><img decoding=\"async\" loading=\"lazy\" src=\"https:\/\/www.vegaintro-projekti.com\/pilar-stari\/wp-content\/images\/stories\/fotografije\/skupovi\/ageing\/barcelona\/logo.jpg\" alt=\"logo\" width=\"646\" height=\"111\" \/><\/p>\n<table border=\"0\">\n<tbody>\n<tr>\n<td><img decoding=\"async\" loading=\"lazy\" src=\"https:\/\/www.vegaintro-projekti.com\/pilar-stari\/wp-content\/images\/stories\/fotografije\/skupovi\/ageing\/barcelona\/4_s.jpg\" alt=\"4 s\" width=\"318\" height=\"238\" \/><\/td>\n<td><img decoding=\"async\" loading=\"lazy\" src=\"https:\/\/www.vegaintro-projekti.com\/pilar-stari\/wp-content\/images\/stories\/fotografije\/skupovi\/ageing\/barcelona\/5_s.jpg\" alt=\"5 s\" width=\"318\" height=\"238\" \/><\/td>\n<\/tr>\n<\/tbody>\n<\/table>\n<table border=\"0\">\n<tbody>\n<tr>\n<td><img decoding=\"async\" loading=\"lazy\" src=\"https:\/\/www.vegaintro-projekti.com\/pilar-stari\/wp-content\/images\/stories\/fotografije\/skupovi\/ageing\/barcelona\/7.jpg\" alt=\"7\" width=\"640\" height=\"479\" \/><\/td>\n<\/tr>\n<\/tbody>\n<\/table>\n<p>&#8211;&nbsp;Me\u0111unarodna znanstvena konferencija The SIforAGE&nbsp;\u2013 Social Innovation for Active and Healthy Ageing; Barcelona,&nbsp;19.-21. listopada 2016.<br \/>&#8211;&nbsp;BOOK OF ABSTRACTS &#8211; SIforAGE<br \/>&#8211;&nbsp;PANEL DETAILS &#8211; SIforAGE<br \/>&#8211;&nbsp;FULL PROGRAMME &#8211; SIforAGE<\/p>\n<p><a name=\"summ\">&nbsp;<\/a><br \/><span style=\"font-size: 12pt;\">Sa\u017eetak izlaganja<\/span><\/p>\n<p><span style=\"font-size: 14pt;\"><strong>Culture or Nature? Who Gives Care? Gender Aspects of Professional Care for&nbsp;Older Persons<\/strong><\/span><\/p>\n<p><strong>Zdenko Zeman, and Marija Geiger-Zeman<\/strong><br \/><strong>Institute of Social Sciences Ivo Pilar<\/strong><br \/><strong>(Zagreb, Croatia)<\/strong><\/p>\n<p>According to official statistics in Croatia in domain of health and social care, noticeable gender misbalance is evident and it repeatedly raises questions about gendered aspects of care work, gender roles, and gender identities in general. Care-work is a socio-cultural construct and gendered activity dominantly perceived as women\u2019s work (Harrington Meyer, et al., 2000). Many studies have confirmed the existence of multiple and complex relations between the traditional household division of labour and the gender division in occupational areas in the labour market. Care-work is physically and emotionally very demanding, but mainly devalued and a less-respected job.<\/p>\n<p>Significant gender asymmetry is visible in the structure of employees in four homes for older and infirm persons that participated in a research project that looked into socio-cultural and gender aspects of ageing in Croatia. This presentation is based on an analysis of experiences and interpretations of gender aspects of care for older persons from the perspectives of professionals (physiotherapists and, mainly, social workers) and older persons in four homes for elderly and infirm persons in two Croatian cities, Zagreb and Split. Meanings and interpretations are developed from two basic lines of argumentation:<\/p>\n<p>1. The traditional (or essentialist) argument that gendered aspects of care-work are perceived as a \u2018natural\u2019 fact.<\/p>\n<p>2. The cultural interpretation that gender differences derive from the traditional and asymmetrical patriarchal relations in society.<\/p>\n<p>Comparison between care professionals\u2019 and older persons\u2019 perspectives and interpretations displays dominant presence of traditional gender conceptions, gender expectations, and gender roles.<\/p>\n<p><strong>Keywords: care-work; gendered division of labour; old people\u2019s homes, Croatia, gender roles<\/strong><\/p>\n<\/p>\n<p><span style=\"font-size: 12pt;\">&gt;&gt;&gt;&nbsp;<\/span><a style=\"font-size: 12pt;\" href=\"https:\/\/www.vegaintro-projekti.com\/pilar-stari\/2015\/02\/34-cost-isch-action-is1402\/\">Projekt: Ageism &#8211; a multi-national, interdisciplinary perspective (COST-ISCH Action IS1402)<\/a><\/p>\n<p><span style=\"font-size: 12pt;\">&gt;&gt;&gt;&nbsp;<a href=\"https:\/\/www.vegaintro-projekti.com\/pilar-stari\/2016\/03\/cost-action-ca15122-reducing-old-age-social-exclusion-rosenet\/\">Projekt: Reducing old-age social exclusion: collaborations in research and policy (ROSEnet) (COST ACTION CA 15122)<\/a><\/span><\/p>\n<p><\/p>\n","protected":false},"excerpt":{"rendered":"<p>Dr. sc. Zdenko Zeman i dr. sc. Marija Geiger Zeman sudjelovali su sa izlaganjem na me\u0111unarodnoj znanstvenoj konferenciji The SIforAGE&nbsp;\u2013 Social Innovation for Active and Healthy Ageing odr\u017eanoj od 19.-21. listopada 2016. godine u Barceloni.&nbsp;Rije\u010d je o zavr\u0161noj konferenciji FP7 projekta SIfor AGE \u2013 Social Innovation&nbsp;for Active and Healthy Ageing for Sustainable Economic Growth. Detaljnije&hellip; <a class=\"continue\" href=\"https:\/\/www.vegaintro-projekti.com\/pilar-stari\/2016\/11\/dr-sc-marija-geiger-zeman-i-dr-sc-zdenko-zeman-na-konferenciji-siforage\/\">Pro\u010ditaj vi\u0161e o<span> Dr. sc. Marija Geiger Zeman i dr. sc. Zdenko Zeman na konferenciji SIforAGE<\/span><\/a><\/p>\n","protected":false},"author":1,"featured_media":0,"comment_status":"open","ping_status":"open","sticky":false,"template":"","format":"standard","meta":{"inline_featured_image":false,"ngg_post_thumbnail":0,"footnotes":""},"categories":[11],"tags":[],"yoast_head":"<!-- This site is optimized with the Yoast SEO plugin v21.2 - https:\/\/yoast.com\/wordpress\/plugins\/seo\/ -->\n<title>Dr. sc. Marija Geiger Zeman i dr. sc. Zdenko Zeman na konferenciji SIforAGE - Institut dru&scaron;tvenih znanosti Ivo Pilar<\/title>\n<meta name=\"robots\" content=\"noindex, follow, max-snippet:-1, max-image-preview:large, max-video-preview:-1\" \/>\n<meta property=\"og:locale\" content=\"hr_HR\" \/>\n<meta property=\"og:type\" content=\"article\" \/>\n<meta property=\"og:title\" content=\"Dr. sc. Marija Geiger Zeman i dr. sc. Zdenko Zeman na konferenciji SIforAGE - Institut dru&scaron;tvenih znanosti Ivo Pilar\" \/>\n<meta property=\"og:description\" content=\"Dr. sc. Zdenko Zeman i dr. sc. Marija Geiger Zeman sudjelovali su sa izlaganjem na me\u0111unarodnoj znanstvenoj konferenciji The SIforAGE&nbsp;\u2013 Social Innovation for Active and Healthy Ageing odr\u017eanoj od 19.-21. listopada 2016. godine u Barceloni.&nbsp;Rije\u010d je o zavr\u0161noj konferenciji FP7 projekta SIfor AGE \u2013 Social Innovation&nbsp;for Active and Healthy Ageing for Sustainable Economic Growth. Detaljnije&hellip; Pro\u010ditaj vi\u0161e o Dr. sc. Marija Geiger Zeman i dr. sc. Zdenko Zeman na konferenciji SIforAGE\" \/>\n<meta property=\"og:url\" content=\"https:\/\/www.vegaintro-projekti.com\/pilar-stari\/2016\/11\/dr-sc-marija-geiger-zeman-i-dr-sc-zdenko-zeman-na-konferenciji-siforage\/\" \/>\n<meta property=\"og:site_name\" content=\"Institut dru&scaron;tvenih znanosti Ivo Pilar\" \/>\n<meta property=\"article:published_time\" content=\"2016-11-14T12:24:52+00:00\" \/>\n<meta property=\"article:modified_time\" content=\"2017-12-08T15:17:44+00:00\" \/>\n<meta property=\"og:image\" content=\"https:\/\/www.vegaintro-projekti.com\/pilar-stari\/wp-content\/images\/stories\/fotografije\/skupovi\/ageing\/barcelona\/logo.jpg\" \/>\n<meta name=\"author\" content=\"pilar-admin\" \/>\n<meta name=\"twitter:card\" content=\"summary_large_image\" \/>\n<meta name=\"twitter:label1\" content=\"Napisao\/la\" \/>\n\t<meta name=\"twitter:data1\" content=\"pilar-admin\" \/>\n\t<meta name=\"twitter:label2\" content=\"Procijenjeno vrijeme \u010ditanja\" \/>\n\t<meta name=\"twitter:data2\" content=\"2 minute\" \/>\n<script type=\"application\/ld+json\" class=\"yoast-schema-graph\">{\"@context\":\"https:\/\/schema.org\",\"@graph\":[{\"@type\":\"WebPage\",\"@id\":\"https:\/\/www.vegaintro-projekti.com\/pilar-stari\/2016\/11\/dr-sc-marija-geiger-zeman-i-dr-sc-zdenko-zeman-na-konferenciji-siforage\/\",\"url\":\"https:\/\/www.vegaintro-projekti.com\/pilar-stari\/2016\/11\/dr-sc-marija-geiger-zeman-i-dr-sc-zdenko-zeman-na-konferenciji-siforage\/\",\"name\":\"Dr. sc. Marija Geiger Zeman i dr. sc. Zdenko Zeman na konferenciji SIforAGE - Institut dru&scaron;tvenih znanosti Ivo Pilar\",\"isPartOf\":{\"@id\":\"https:\/\/www.vegaintro-projekti.com\/pilar-stari\/#website\"},\"datePublished\":\"2016-11-14T12:24:52+00:00\",\"dateModified\":\"2017-12-08T15:17:44+00:00\",\"author\":{\"@id\":\"https:\/\/www.vegaintro-projekti.com\/pilar-stari\/#\/schema\/person\/c0db50ebd77c4409e19b18044bbf10c1\"},\"breadcrumb\":{\"@id\":\"https:\/\/www.vegaintro-projekti.com\/pilar-stari\/2016\/11\/dr-sc-marija-geiger-zeman-i-dr-sc-zdenko-zeman-na-konferenciji-siforage\/#breadcrumb\"},\"inLanguage\":\"hr\",\"potentialAction\":[{\"@type\":\"ReadAction\",\"target\":[\"https:\/\/www.vegaintro-projekti.com\/pilar-stari\/2016\/11\/dr-sc-marija-geiger-zeman-i-dr-sc-zdenko-zeman-na-konferenciji-siforage\/\"]}]},{\"@type\":\"BreadcrumbList\",\"@id\":\"https:\/\/www.vegaintro-projekti.com\/pilar-stari\/2016\/11\/dr-sc-marija-geiger-zeman-i-dr-sc-zdenko-zeman-na-konferenciji-siforage\/#breadcrumb\",\"itemListElement\":[{\"@type\":\"ListItem\",\"position\":1,\"name\":\"Home\",\"item\":\"https:\/\/www.vegaintro-projekti.com\/pilar-stari\/\"},{\"@type\":\"ListItem\",\"position\":2,\"name\":\"Dr. sc. Marija Geiger Zeman i dr. sc. Zdenko Zeman na konferenciji SIforAGE\"}]},{\"@type\":\"WebSite\",\"@id\":\"https:\/\/www.vegaintro-projekti.com\/pilar-stari\/#website\",\"url\":\"https:\/\/www.vegaintro-projekti.com\/pilar-stari\/\",\"name\":\"Institut dru&scaron;tvenih znanosti Ivo Pilar\",\"description\":\"Pilar\",\"potentialAction\":[{\"@type\":\"SearchAction\",\"target\":{\"@type\":\"EntryPoint\",\"urlTemplate\":\"https:\/\/www.vegaintro-projekti.com\/pilar-stari\/?s={search_term_string}\"},\"query-input\":\"required name=search_term_string\"}],\"inLanguage\":\"hr\"},{\"@type\":\"Person\",\"@id\":\"https:\/\/www.vegaintro-projekti.com\/pilar-stari\/#\/schema\/person\/c0db50ebd77c4409e19b18044bbf10c1\",\"name\":\"pilar-admin\",\"image\":{\"@type\":\"ImageObject\",\"inLanguage\":\"hr\",\"@id\":\"https:\/\/www.vegaintro-projekti.com\/pilar-stari\/#\/schema\/person\/image\/\",\"url\":\"https:\/\/secure.gravatar.com\/avatar\/fac9e03c4db0011b9c1ad8b5e9c74b8c?s=96&d=mm&r=g\",\"contentUrl\":\"https:\/\/secure.gravatar.com\/avatar\/fac9e03c4db0011b9c1ad8b5e9c74b8c?s=96&d=mm&r=g\",\"caption\":\"pilar-admin\"},\"url\":\"https:\/\/www.vegaintro-projekti.com\/pilar-stari\/author\/pilar-admin\/\"}]}<\/script>\n<!-- \/ Yoast SEO plugin. -->","yoast_head_json":{"title":"Dr. sc. Marija Geiger Zeman i dr. sc. Zdenko Zeman na konferenciji SIforAGE - Institut dru&scaron;tvenih znanosti Ivo Pilar","robots":{"index":"noindex","follow":"follow","max-snippet":"max-snippet:-1","max-image-preview":"max-image-preview:large","max-video-preview":"max-video-preview:-1"},"og_locale":"hr_HR","og_type":"article","og_title":"Dr. sc. Marija Geiger Zeman i dr. sc. Zdenko Zeman na konferenciji SIforAGE - Institut dru&scaron;tvenih znanosti Ivo Pilar","og_description":"Dr. sc. Zdenko Zeman i dr. sc. Marija Geiger Zeman sudjelovali su sa izlaganjem na me\u0111unarodnoj znanstvenoj konferenciji The SIforAGE&nbsp;\u2013 Social Innovation for Active and Healthy Ageing odr\u017eanoj od 19.-21. listopada 2016. godine u Barceloni.&nbsp;Rije\u010d je o zavr\u0161noj konferenciji FP7 projekta SIfor AGE \u2013 Social Innovation&nbsp;for Active and Healthy Ageing for Sustainable Economic Growth. Detaljnije&hellip; Pro\u010ditaj vi\u0161e o Dr. sc. Marija Geiger Zeman i dr. sc. Zdenko Zeman na konferenciji SIforAGE","og_url":"https:\/\/www.vegaintro-projekti.com\/pilar-stari\/2016\/11\/dr-sc-marija-geiger-zeman-i-dr-sc-zdenko-zeman-na-konferenciji-siforage\/","og_site_name":"Institut dru&scaron;tvenih znanosti Ivo Pilar","article_published_time":"2016-11-14T12:24:52+00:00","article_modified_time":"2017-12-08T15:17:44+00:00","og_image":[{"url":"https:\/\/www.vegaintro-projekti.com\/pilar-stari\/wp-content\/images\/stories\/fotografije\/skupovi\/ageing\/barcelona\/logo.jpg"}],"author":"pilar-admin","twitter_card":"summary_large_image","twitter_misc":{"Napisao\/la":"pilar-admin","Procijenjeno vrijeme \u010ditanja":"2 minute"},"schema":{"@context":"https:\/\/schema.org","@graph":[{"@type":"WebPage","@id":"https:\/\/www.vegaintro-projekti.com\/pilar-stari\/2016\/11\/dr-sc-marija-geiger-zeman-i-dr-sc-zdenko-zeman-na-konferenciji-siforage\/","url":"https:\/\/www.vegaintro-projekti.com\/pilar-stari\/2016\/11\/dr-sc-marija-geiger-zeman-i-dr-sc-zdenko-zeman-na-konferenciji-siforage\/","name":"Dr. sc. Marija Geiger Zeman i dr. sc. Zdenko Zeman na konferenciji SIforAGE - Institut dru&scaron;tvenih znanosti Ivo Pilar","isPartOf":{"@id":"https:\/\/www.vegaintro-projekti.com\/pilar-stari\/#website"},"datePublished":"2016-11-14T12:24:52+00:00","dateModified":"2017-12-08T15:17:44+00:00","author":{"@id":"https:\/\/www.vegaintro-projekti.com\/pilar-stari\/#\/schema\/person\/c0db50ebd77c4409e19b18044bbf10c1"},"breadcrumb":{"@id":"https:\/\/www.vegaintro-projekti.com\/pilar-stari\/2016\/11\/dr-sc-marija-geiger-zeman-i-dr-sc-zdenko-zeman-na-konferenciji-siforage\/#breadcrumb"},"inLanguage":"hr","potentialAction":[{"@type":"ReadAction","target":["https:\/\/www.vegaintro-projekti.com\/pilar-stari\/2016\/11\/dr-sc-marija-geiger-zeman-i-dr-sc-zdenko-zeman-na-konferenciji-siforage\/"]}]},{"@type":"BreadcrumbList","@id":"https:\/\/www.vegaintro-projekti.com\/pilar-stari\/2016\/11\/dr-sc-marija-geiger-zeman-i-dr-sc-zdenko-zeman-na-konferenciji-siforage\/#breadcrumb","itemListElement":[{"@type":"ListItem","position":1,"name":"Home","item":"https:\/\/www.vegaintro-projekti.com\/pilar-stari\/"},{"@type":"ListItem","position":2,"name":"Dr. sc. Marija Geiger Zeman i dr. sc. Zdenko Zeman na konferenciji SIforAGE"}]},{"@type":"WebSite","@id":"https:\/\/www.vegaintro-projekti.com\/pilar-stari\/#website","url":"https:\/\/www.vegaintro-projekti.com\/pilar-stari\/","name":"Institut dru&scaron;tvenih znanosti Ivo Pilar","description":"Pilar","potentialAction":[{"@type":"SearchAction","target":{"@type":"EntryPoint","urlTemplate":"https:\/\/www.vegaintro-projekti.com\/pilar-stari\/?s={search_term_string}"},"query-input":"required name=search_term_string"}],"inLanguage":"hr"},{"@type":"Person","@id":"https:\/\/www.vegaintro-projekti.com\/pilar-stari\/#\/schema\/person\/c0db50ebd77c4409e19b18044bbf10c1","name":"pilar-admin","image":{"@type":"ImageObject","inLanguage":"hr","@id":"https:\/\/www.vegaintro-projekti.com\/pilar-stari\/#\/schema\/person\/image\/","url":"https:\/\/secure.gravatar.com\/avatar\/fac9e03c4db0011b9c1ad8b5e9c74b8c?s=96&d=mm&r=g","contentUrl":"https:\/\/secure.gravatar.com\/avatar\/fac9e03c4db0011b9c1ad8b5e9c74b8c?s=96&d=mm&r=g","caption":"pilar-admin"},"url":"https:\/\/www.vegaintro-projekti.com\/pilar-stari\/author\/pilar-admin\/"}]}},"_links":{"self":[{"href":"https:\/\/www.vegaintro-projekti.com\/pilar-stari\/wp-json\/wp\/v2\/posts\/935"}],"collection":[{"href":"https:\/\/www.vegaintro-projekti.com\/pilar-stari\/wp-json\/wp\/v2\/posts"}],"about":[{"href":"https:\/\/www.vegaintro-projekti.com\/pilar-stari\/wp-json\/wp\/v2\/types\/post"}],"author":[{"embeddable":true,"href":"https:\/\/www.vegaintro-projekti.com\/pilar-stari\/wp-json\/wp\/v2\/users\/1"}],"replies":[{"embeddable":true,"href":"https:\/\/www.vegaintro-projekti.com\/pilar-stari\/wp-json\/wp\/v2\/comments?post=935"}],"version-history":[{"count":11,"href":"https:\/\/www.vegaintro-projekti.com\/pilar-stari\/wp-json\/wp\/v2\/posts\/935\/revisions"}],"predecessor-version":[{"id":8128,"href":"https:\/\/www.vegaintro-projekti.com\/pilar-stari\/wp-json\/wp\/v2\/posts\/935\/revisions\/8128"}],"wp:attachment":[{"href":"https:\/\/www.vegaintro-projekti.com\/pilar-stari\/wp-json\/wp\/v2\/media?parent=935"}],"wp:term":[{"taxonomy":"category","embeddable":true,"href":"https:\/\/www.vegaintro-projekti.com\/pilar-stari\/wp-json\/wp\/v2\/categories?post=935"},{"taxonomy":"post_tag","embeddable":true,"href":"https:\/\/www.vegaintro-projekti.com\/pilar-stari\/wp-json\/wp\/v2\/tags?post=935"}],"curies":[{"name":"wp","href":"https:\/\/api.w.org\/{rel}","templated":true}]}}